{"id":161449,"date":"2017-10-03T12:41:01","date_gmt":"2017-10-03T12:41:01","guid":{"rendered":"https:\/\/www.welovecycling.com\/wide\/?p=161449"},"modified":"2017-10-03T12:44:23","modified_gmt":"2017-10-03T12:44:23","slug":"thermal-camera-disqualifies-italian-cyclist-mechanical-doping","status":"publish","type":"post","link":"https:\/\/www.welovecycling.com\/wide\/2017\/10\/03\/thermal-camera-disqualifies-italian-cyclist-mechanical-doping\/","title":{"rendered":"Thermal Camera Disqualifies Italian Cyclist for Mechanical Doping"},"content":{"rendered":"<p><strong>Since Femke Van den Driessche was caught in the 2016 Cyclocross World Championships in the notorious first confirmed case of mechanical doping, fined and banned from the UCI for six years, this issue has been the talk of the cycling town for a while. Another instant emerged just recently at an amateur race in Bedizzole, Italy, on July 29th\u00a02017. Alessandro Andreoli, a 53-year-old Italian amateur cyclist, attended the event organized by Centro Sportivo Italiano, which is an amateur sports body affiliated to the Italian Olympic Committee, and ended placed third in the race. After he crossed the finish line, his bike and Andreoli himself was brought in for questioning by the race commissaries.<\/strong><!--more--><\/p>\n<p>The vice-president of the CSI for the province of Brescia, Emiliano Scalfi, told <a href=\"http:\/\/www.gazzetta.it\/Ciclismo\/\">La Gazzetta dello Sport<\/a>, an Italian sports newspaper, that he received a sound tip and decided to act on it. &#8220;We had some precise information and we proceeded accordingly.&#8221; They deployed a heat gun to measure the temperature of Andreoli\u2019s bicycle during the race and what they found looked like his seat tube was set \u201con fire\u201d. The committee then asked for the bike, an alleged Argon 18 used by the Astana team, to be brought in for inspection.<\/p>\n<div class=\"shortcode-ys-post-pinup\"><article class=\"loop-simple post-133400 post type-post status-publish format-standard has-post-thumbnail hentry category-outdoor-mountain category-road-cycling category-socialising-and-culture\" data-postid=\"133400\" role=\"article\" data-post-id=\"133400\" data-word-count=\"257\" data-headline-length=\"52\" data-category=\"Outdoor\/Mountain\" data-author=\"Martin Mrazek\" data-published=\"2016-02-04T20:29:47+00:00\" data-published-day=\"Thursday\">\n    <div class=\"entry-thumbnail article-thumbnail\" content=\"https:\/\/d2p6e6u75xmxt8.cloudfront.net\/2\/2016\/02\/profi13414-150x150.webp\"><a href=\"https:\/\/www.welovecycling.com\/wide\/2016\/02\/04\/wiggins-mechanical-doping-been-going-on-for-years\/\" class=\"image-holder\" target=\"_self\"><img decoding=\"async\" loading=\"lazy\" class=\"\" src=\"https:\/\/d2p6e6u75xmxt8.cloudfront.net\/2\/2016\/02\/profi13414.webp\" srcset=\"https:\/\/d2p6e6u75xmxt8.cloudfront.net\/2\/2016\/02\/profi13414.webp 525w, https:\/\/d2p6e6u75xmxt8.cloudfront.net\/2\/2016\/02\/profi13414-300x200.webp 300w, https:\/\/d2p6e6u75xmxt8.cloudfront.net\/2\/2016\/02\/profi13414-272x182.webp 272w\" width=\"525\" height=\"350\" sizes=\"auto, (min-width: 1200px) 300px, (min-width: 768px) 25vw, 100vw\" alt=\"wiggins-mechanical-doping-been-going-on-for-years\"\/><\/a><\/div>    <div class=\"entry-meta\">\n        <a class=\"label label-secondary post-category\" href=\"https:\/\/www.welovecycling.com\/wide\/category\/outdoor-mountain\/\" title=\"Outdoor\/Mountain\">Outdoor\/Mountain<\/a>\n    <\/div>\n    <div class=\"entry-details\">\n        <a href=\"https:\/\/www.welovecycling.com\/wide\/2016\/02\/04\/wiggins-mechanical-doping-been-going-on-for-years\/\" class='entry-title-wrapper'>\n            <h3 class=\"entry-title\"><span>Wiggins: Mechanical Doping? Been Going on for Years!<\/span><\/h3>\n        <\/a>\n    <\/div>\n    <\/article>\n<\/div>\n<p>Naturally, the rider wasn\u2019t too excited about this development and proceeded to claim that he wasn\u2019t using any mechanical boost and that he was simply training hard and keeping an eye on his nutrition, which resulted into him placing third. He then continued to claim that the anonymous tipper was just jealous of his lifestyle and salary. Only when pressed with disassembling the bike, he budged. &#8220;We invited the rider to go with two commissaries to an authorised centre to check the bike, but at that point, he admitted his guilt,&#8221; Scalfi said. &#8220;Inside the bike, he had a motor.&#8221;<\/p>\n<p>La Gazzetta dello Sport then asked Andreoli to comment on the accusations and denied confessing to using mechanical doping. &#8220;I had to go to a wedding and it was getting late. I didn&#8217;t admit anything. They looked for the buttons but didn&#8217;t find anything, the only buttons I have are to change gears.&#8221; He claimed that he bought the bike on the road from a stranger in Tuscany and that he no longer has any way to contact him and accused the committee for twisting his words.<\/p>\n<div class=\"embed-controller-wrapper\">\n<blockquote class=\"twitter-tweet\" data-width=\"500\" data-dnt=\"true\">\n<p lang=\"it\" dir=\"ltr\">Andreoli e la bici truccata &quot;Presa da uno sconosciuto&quot; <a href=\"https:\/\/t.co\/uajPkCiG7r\">https:\/\/t.co\/uajPkCiG7r<\/a> <a href=\"https:\/\/twitter.com\/hashtag\/ciclismo?src=hash&amp;ref_src=twsrc%5Etfw\">#ciclismo<\/a> <a href=\"https:\/\/t.co\/Ql5J2CFItx\">pic.twitter.com\/Ql5J2CFItx<\/a><\/p>\n<p>&mdash; La Gazzetta dello Sport (@Gazzetta_it) <a href=\"https:\/\/twitter.com\/Gazzetta_it\/status\/892010418486611968?ref_src=twsrc%5Etfw\">July 31, 2017<\/a><\/p><\/blockquote>\n<p><script async data-src=\"https:\/\/platform.twitter.com\/widgets.js\" charset=\"utf-8\"><\/script><\/div>\n<p>While Andreoli is facing a disciplinary hearing and a long ban from racing, it\u2019s not the only inconvenience that might be coming his way. It was later revealed that his supposed Argon 18 was studied by the brand\u2019s Canadian manufacturer and confirmed to be a counterfeit, fitted with Argon 18 decals. There\u2019s still no direct proof that Andreoli was behind producing the rip-off or that he knew what he\u2019s buying but Argon 18 disclosed that it would take legal action. To top things off, Andreoli&#8217;s local team has denied any involvement and has suggested it will also take legal action.<\/p>\n<div class=\"shortcode-ys-post-pinup\"><article class=\"loop-simple post-137572 post type-post status-publish format-standard has-post-thumbnail hentry category-road-cycling tag-alberto-contador tag-mechanical-doping\" data-postid=\"137572\" role=\"article\" data-post-id=\"137572\" data-word-count=\"219\" data-headline-length=\"56\" data-category=\"Road cycling\" data-published=\"2016-04-21T10:23:01+00:00\" data-published-day=\"Thursday\">\n    <div class=\"entry-thumbnail article-thumbnail\" content=\"https:\/\/d2p6e6u75xmxt8.cloudfront.net\/2\/2016\/04\/5335422442_2424424224-2-150x150.webp\"><a href=\"https:\/\/www.welovecycling.com\/wide\/2016\/04\/21\/contador-talks-lifetime-bans-mechanical-doping\/\" class=\"image-holder\" target=\"_self\"><img decoding=\"async\" loading=\"lazy\" class=\"\" src=\"https:\/\/d2p6e6u75xmxt8.cloudfront.net\/2\/2016\/04\/5335422442_2424424224-2.webp\" srcset=\"https:\/\/d2p6e6u75xmxt8.cloudfront.net\/2\/2016\/04\/5335422442_2424424224-2.webp 525w, https:\/\/d2p6e6u75xmxt8.cloudfront.net\/2\/2016\/04\/5335422442_2424424224-2-300x200.webp 300w, https:\/\/d2p6e6u75xmxt8.cloudfront.net\/2\/2016\/04\/5335422442_2424424224-2-272x182.webp 272w\" width=\"525\" height=\"350\" sizes=\"auto, (min-width: 1200px) 300px, (min-width: 768px) 25vw, 100vw\" alt=\"contador-talks-lifetime-bans-mechanical-doping\"\/><\/a><\/div>    <div class=\"entry-meta\">\n        <a class=\"label label-secondary post-category\" href=\"https:\/\/www.welovecycling.com\/wide\/category\/road-cycling\/\" title=\"Road cycling\">Road cycling<\/a>\n    <\/div>\n    <div class=\"entry-details\">\n        <a href=\"https:\/\/www.welovecycling.com\/wide\/2016\/04\/21\/contador-talks-lifetime-bans-mechanical-doping\/\" class='entry-title-wrapper'>\n            <h3 class=\"entry-title\"><span>Contador Talks About Lifetime Bans for Mechanical Doping<\/span><\/h3>\n        <\/a>\n    <\/div>\n    <\/article>\n<\/div>\n<p>While mechanical doping is still rare, some sources suggest that the method of checking for hidden motors is not thorough and efficient enough yet so there already might be some cases, even in the professional environment, that have slipped under the radar.<\/p>\n","protected":false},"excerpt":{"rendered":"<p>Since Femke Van den Driessche was caught in the 2016 Cyclocross World Championships in the notorious first confirmed case of [&hellip;]<\/p>\n","protected":false},"author":12,"featured_media":161450,"comment_status":"open","ping_status":"open","sticky":false,"template":"","format":"standard","meta":{"footnotes":""},"categories":[329],"tags":[1360,340],"global-categories":[],"class_list":["post-161449","post","type-post","status-publish","format-standard","has-post-thumbnail","hentry","category-road-cycling","tag-alessandro-andreoli","tag-mechanical-doping"],"yoast_head":"<!-- This site is optimized with the Yoast SEO Premium plugin v25.3 (Yoast SEO v25.9) - https:\/\/yoast.com\/wordpress\/plugins\/seo\/ -->\n<title>Thermal Camera Disqualifies Italian Cyclist for Mechanical Doping - \u0160koda We Love Cycling<\/title>\n<meta name=\"description\" content=\"Since Femke Van den Driessche was caught in the 2016 Cyclocross World Championships in the notorious first confirmed case of mechanical doping, fined and\" \/>\n<meta name=\"robots\" content=\"index, follow, max-snippet:-1, max-image-preview:large, max-video-preview:-1\" \/>\n<link rel=\"canonical\" href=\"https:\/\/www.welovecycling.com\/wide\/2017\/10\/03\/thermal-camera-disqualifies-italian-cyclist-mechanical-doping\/\" \/>\n<meta property=\"og:locale\" content=\"en_US\" \/>\n<meta property=\"og:type\" content=\"article\" \/>\n<meta property=\"og:title\" content=\"Thermal Camera Disqualifies Italian Cyclist for Mechanical Doping\" \/>\n<meta property=\"og:description\" content=\"Since Femke Van den Driessche was caught in the 2016 Cyclocross World Championships in the notorious first confirmed case of mechanical doping, fined and\" \/>\n<meta property=\"og:url\" content=\"https:\/\/www.welovecycling.com\/wide\/2017\/10\/03\/thermal-camera-disqualifies-italian-cyclist-mechanical-doping\/\" \/>\n<meta property=\"og:site_name\" content=\"\u0160koda We Love Cycling\" \/>\n<meta property=\"article:published_time\" content=\"2017-10-03T12:41:01+00:00\" \/>\n<meta property=\"article:modified_time\" content=\"2017-10-03T12:44:23+00:00\" \/>\n<meta property=\"og:image\" content=\"https:\/\/d2p6e6u75xmxt8.cloudfront.net\/2\/2017\/10\/mechdop.webp\" \/>\n\t<meta property=\"og:image:width\" content=\"900\" \/>\n\t<meta property=\"og:image:height\" content=\"600\" \/>\n\t<meta property=\"og:image:type\" content=\"image\/webp\" \/>\n<meta name=\"twitter:card\" content=\"summary_large_image\" \/>\n<meta name=\"twitter:label1\" content=\"Written by\" \/>\n\t<meta name=\"twitter:data1\" content=\"\" \/>\n\t<meta name=\"twitter:label2\" content=\"Est. reading time\" \/>\n\t<meta name=\"twitter:data2\" content=\"3 minutes\" \/>\n<script type=\"application\/ld+json\" class=\"yoast-schema-graph\">{\"@context\":\"https:\/\/schema.org\",\"@graph\":[{\"@type\":\"WebPage\",\"@id\":\"https:\/\/www.welovecycling.com\/wide\/2017\/10\/03\/thermal-camera-disqualifies-italian-cyclist-mechanical-doping\/\",\"url\":\"https:\/\/www.welovecycling.com\/wide\/2017\/10\/03\/thermal-camera-disqualifies-italian-cyclist-mechanical-doping\/\",\"name\":\"Thermal Camera Disqualifies Italian Cyclist for Mechanical Doping - \u0160koda We Love Cycling\",\"isPartOf\":{\"@id\":\"https:\/\/www.welovecycling.com\/wide\/#website\"},\"primaryImageOfPage\":{\"@id\":\"https:\/\/www.welovecycling.com\/wide\/2017\/10\/03\/thermal-camera-disqualifies-italian-cyclist-mechanical-doping\/#primaryimage\"},\"image\":{\"@id\":\"https:\/\/www.welovecycling.com\/wide\/2017\/10\/03\/thermal-camera-disqualifies-italian-cyclist-mechanical-doping\/#primaryimage\"},\"thumbnailUrl\":\"https:\/\/d2p6e6u75xmxt8.cloudfront.net\/2\/2017\/10\/mechdop.webp\",\"datePublished\":\"2017-10-03T12:41:01+00:00\",\"dateModified\":\"2017-10-03T12:44:23+00:00\",\"author\":{\"@id\":\"\"},\"description\":\"Since Femke Van den Driessche was caught in the 2016 Cyclocross World Championships in the notorious first confirmed case of mechanical doping, fined and\",\"breadcrumb\":{\"@id\":\"https:\/\/www.welovecycling.com\/wide\/2017\/10\/03\/thermal-camera-disqualifies-italian-cyclist-mechanical-doping\/#breadcrumb\"},\"inLanguage\":\"en-US\",\"potentialAction\":[{\"@type\":\"ReadAction\",\"target\":[\"https:\/\/www.welovecycling.com\/wide\/2017\/10\/03\/thermal-camera-disqualifies-italian-cyclist-mechanical-doping\/\"]}]},{\"@type\":\"ImageObject\",\"inLanguage\":\"en-US\",\"@id\":\"https:\/\/www.welovecycling.com\/wide\/2017\/10\/03\/thermal-camera-disqualifies-italian-cyclist-mechanical-doping\/#primaryimage\",\"url\":\"https:\/\/d2p6e6u75xmxt8.cloudfront.net\/2\/2017\/10\/mechdop.webp\",\"contentUrl\":\"https:\/\/d2p6e6u75xmxt8.cloudfront.net\/2\/2017\/10\/mechdop.webp\",\"width\":900,\"height\":600},{\"@type\":\"BreadcrumbList\",\"@id\":\"https:\/\/www.welovecycling.com\/wide\/2017\/10\/03\/thermal-camera-disqualifies-italian-cyclist-mechanical-doping\/#breadcrumb\",\"itemListElement\":[{\"@type\":\"ListItem\",\"position\":1,\"name\":\"Home\",\"item\":\"https:\/\/www.welovecycling.com\/wide\/\"},{\"@type\":\"ListItem\",\"position\":2,\"name\":\"Thermal Camera Disqualifies Italian Cyclist for Mechanical Doping\"}]},{\"@type\":\"WebSite\",\"@id\":\"https:\/\/www.welovecycling.com\/wide\/#website\",\"url\":\"https:\/\/www.welovecycling.com\/wide\/\",\"name\":\"\u0160koda We Love Cycling\",\"description\":\"\u0160koda We Love Cycling magazine\",\"alternateName\":\"\u0160koda WLC\",\"potentialAction\":[{\"@type\":\"SearchAction\",\"target\":{\"@type\":\"EntryPoint\",\"urlTemplate\":\"https:\/\/www.welovecycling.com\/wide\/?s={search_term_string}\"},\"query-input\":{\"@type\":\"PropertyValueSpecification\",\"valueRequired\":true,\"valueName\":\"search_term_string\"}}],\"inLanguage\":\"en-US\"},{\"@type\":\"Person\",\"@id\":\"\",\"url\":\"https:\/\/www.welovecycling.com\/wide\/author\/\"}]}<\/script>\n<!-- \/ Yoast SEO Premium plugin. -->","yoast_head_json":{"title":"Thermal Camera Disqualifies Italian Cyclist for Mechanical Doping - \u0160koda We Love Cycling","description":"Since Femke Van den Driessche was caught in the 2016 Cyclocross World Championships in the notorious first confirmed case of mechanical doping, fined and","robots":{"index":"index","follow":"follow","max-snippet":"max-snippet:-1","max-image-preview":"max-image-preview:large","max-video-preview":"max-video-preview:-1"},"canonical":"https:\/\/www.welovecycling.com\/wide\/2017\/10\/03\/thermal-camera-disqualifies-italian-cyclist-mechanical-doping\/","og_locale":"en_US","og_type":"article","og_title":"Thermal Camera Disqualifies Italian Cyclist for Mechanical Doping","og_description":"Since Femke Van den Driessche was caught in the 2016 Cyclocross World Championships in the notorious first confirmed case of mechanical doping, fined and","og_url":"https:\/\/www.welovecycling.com\/wide\/2017\/10\/03\/thermal-camera-disqualifies-italian-cyclist-mechanical-doping\/","og_site_name":"\u0160koda We Love Cycling","article_published_time":"2017-10-03T12:41:01+00:00","article_modified_time":"2017-10-03T12:44:23+00:00","og_image":[{"width":900,"height":600,"url":"https:\/\/d2p6e6u75xmxt8.cloudfront.net\/2\/2017\/10\/mechdop.webp","type":"image\/webp"}],"twitter_card":"summary_large_image","twitter_misc":{"Written by":"","Est. reading time":"3 minutes"},"schema":{"@context":"https:\/\/schema.org","@graph":[{"@type":"WebPage","@id":"https:\/\/www.welovecycling.com\/wide\/2017\/10\/03\/thermal-camera-disqualifies-italian-cyclist-mechanical-doping\/","url":"https:\/\/www.welovecycling.com\/wide\/2017\/10\/03\/thermal-camera-disqualifies-italian-cyclist-mechanical-doping\/","name":"Thermal Camera Disqualifies Italian Cyclist for Mechanical Doping - \u0160koda We Love Cycling","isPartOf":{"@id":"https:\/\/www.welovecycling.com\/wide\/#website"},"primaryImageOfPage":{"@id":"https:\/\/www.welovecycling.com\/wide\/2017\/10\/03\/thermal-camera-disqualifies-italian-cyclist-mechanical-doping\/#primaryimage"},"image":{"@id":"https:\/\/www.welovecycling.com\/wide\/2017\/10\/03\/thermal-camera-disqualifies-italian-cyclist-mechanical-doping\/#primaryimage"},"thumbnailUrl":"https:\/\/d2p6e6u75xmxt8.cloudfront.net\/2\/2017\/10\/mechdop.webp","datePublished":"2017-10-03T12:41:01+00:00","dateModified":"2017-10-03T12:44:23+00:00","author":{"@id":""},"description":"Since Femke Van den Driessche was caught in the 2016 Cyclocross World Championships in the notorious first confirmed case of mechanical doping, fined and","breadcrumb":{"@id":"https:\/\/www.welovecycling.com\/wide\/2017\/10\/03\/thermal-camera-disqualifies-italian-cyclist-mechanical-doping\/#breadcrumb"},"inLanguage":"en-US","potentialAction":[{"@type":"ReadAction","target":["https:\/\/www.welovecycling.com\/wide\/2017\/10\/03\/thermal-camera-disqualifies-italian-cyclist-mechanical-doping\/"]}]},{"@type":"ImageObject","inLanguage":"en-US","@id":"https:\/\/www.welovecycling.com\/wide\/2017\/10\/03\/thermal-camera-disqualifies-italian-cyclist-mechanical-doping\/#primaryimage","url":"https:\/\/d2p6e6u75xmxt8.cloudfront.net\/2\/2017\/10\/mechdop.webp","contentUrl":"https:\/\/d2p6e6u75xmxt8.cloudfront.net\/2\/2017\/10\/mechdop.webp","width":900,"height":600},{"@type":"BreadcrumbList","@id":"https:\/\/www.welovecycling.com\/wide\/2017\/10\/03\/thermal-camera-disqualifies-italian-cyclist-mechanical-doping\/#breadcrumb","itemListElement":[{"@type":"ListItem","position":1,"name":"Home","item":"https:\/\/www.welovecycling.com\/wide\/"},{"@type":"ListItem","position":2,"name":"Thermal Camera Disqualifies Italian Cyclist for Mechanical Doping"}]},{"@type":"WebSite","@id":"https:\/\/www.welovecycling.com\/wide\/#website","url":"https:\/\/www.welovecycling.com\/wide\/","name":"\u0160koda We Love Cycling","description":"\u0160koda We Love Cycling magazine","alternateName":"\u0160koda WLC","potentialAction":[{"@type":"SearchAction","target":{"@type":"EntryPoint","urlTemplate":"https:\/\/www.welovecycling.com\/wide\/?s={search_term_string}"},"query-input":{"@type":"PropertyValueSpecification","valueRequired":true,"valueName":"search_term_string"}}],"inLanguage":"en-US"},{"@type":"Person","@id":"","url":"https:\/\/www.welovecycling.com\/wide\/author\/"}]}},"_links":{"self":[{"href":"https:\/\/www.welovecycling.com\/wide\/wp-json\/wp\/v2\/posts\/161449","targetHints":{"allow":["GET"]}}],"collection":[{"href":"https:\/\/www.welovecycling.com\/wide\/wp-json\/wp\/v2\/posts"}],"about":[{"href":"https:\/\/www.welovecycling.com\/wide\/wp-json\/wp\/v2\/types\/post"}],"author":[{"embeddable":true,"href":"https:\/\/www.welovecycling.com\/wide\/wp-json\/wp\/v2\/users\/12"}],"replies":[{"embeddable":true,"href":"https:\/\/www.welovecycling.com\/wide\/wp-json\/wp\/v2\/comments?post=161449"}],"version-history":[{"count":2,"href":"https:\/\/www.welovecycling.com\/wide\/wp-json\/wp\/v2\/posts\/161449\/revisions"}],"predecessor-version":[{"id":161453,"href":"https:\/\/www.welovecycling.com\/wide\/wp-json\/wp\/v2\/posts\/161449\/revisions\/161453"}],"wp:featuredmedia":[{"embeddable":true,"href":"https:\/\/www.welovecycling.com\/wide\/wp-json\/wp\/v2\/media\/161450"}],"wp:attachment":[{"href":"https:\/\/www.welovecycling.com\/wide\/wp-json\/wp\/v2\/media?parent=161449"}],"wp:term":[{"taxonomy":"category","embeddable":true,"href":"https:\/\/www.welovecycling.com\/wide\/wp-json\/wp\/v2\/categories?post=161449"},{"taxonomy":"post_tag","embeddable":true,"href":"https:\/\/www.welovecycling.com\/wide\/wp-json\/wp\/v2\/tags?post=161449"},{"taxonomy":"global-categories","embeddable":true,"href":"https:\/\/www.welovecycling.com\/wide\/wp-json\/wp\/v2\/global-categories?post=161449"}],"curies":[{"name":"wp","href":"https:\/\/api.w.org\/{rel}","templated":true}]}}