{"id":161138,"date":"2017-09-07T14:13:16","date_gmt":"2017-09-07T14:13:16","guid":{"rendered":"https:\/\/www.welovecycling.com\/wide\/?p=161138"},"modified":"2017-09-07T14:13:16","modified_gmt":"2017-09-07T14:13:16","slug":"gino-bartali-cycling-champion-helped-jews-escape-nazis","status":"publish","type":"post","link":"https:\/\/www.welovecycling.com\/wide\/2017\/09\/07\/gino-bartali-cycling-champion-helped-jews-escape-nazis\/","title":{"rendered":"Gino Bartali: The Cycling Champion Who Helped the Jews Escape from the Nazis"},"content":{"rendered":"<p><strong>Born in Florence in 1914, Gino went from simple bike mechanic to one of the most esteemed riders in the history of our beloved sport. He won the Giro d\u2019Italia in 1936, 1937 and 1946, he triumphed in the 1938 and 1948 Tour de France as well. Unfortunately, World War II robbed him of the peak of his career, but as unlikely as it sounds, that was the time he did the riding he will be forever remembered for.<\/strong><br \/>\n<!--more--><\/p>\n<p>It was no secret that Gino wasn\u2019t thrilled about the rise of fascism in Italy. After all, he refused to dedicate his 1938 Tour victory to Mussolini, even though the fascists insisted on it. He chose to gravely insult il duce instead, taking the flowers for the winner of the Tour to a church. He had everything to lose, yet when asked by the Cardinal of Florence, Archbishop Elia Dalla Costa, to join a secret network offering safe passage to Jews and other people in danger, he didn\u2019t hesitate for a second.<\/p>\n<figure id=\"attachment_161141\" aria-describedby=\"caption-attachment-161141\" style=\"width: 1250px\" class=\"wp-caption alignnone\"><a href=\"https:\/\/d2p6e6u75xmxt8.cloudfront.net\/2\/2017\/09\/profimedia-0067995198.jpg\"><img loading=\"lazy\" decoding=\"async\" class=\"size-full wp-image-161141\" src=\"https:\/\/d2p6e6u75xmxt8.cloudfront.net\/2\/2017\/09\/profimedia-0067995198.jpg\" alt=\"\" width=\"1250\" height=\"1233\" \/><\/a><figcaption id=\"caption-attachment-161141\" class=\"wp-caption-text\">Gino Bartali (1914-2000)<\/figcaption><\/figure>\n<p>The resistance movement found a perfect role for him. He became a courier, and pretending to train, Bartali was in fact carrying photographs and counterfeit identity documents to and from a secret printing press. When he was stopped by the authorities, he always cooperated but made sure to tell the soldiers not to touch his bicycle, because it was \u201cset up to achieve the maximum speed possible\u201d. In truth, he always said that because the documents were hidden in the frame and handlebars of his bicycle.<\/p>\n<p>But that wasn\u2019t enough for Gino. It is also reported that he showed up in the Italian Alps once with a trailer behind his bicycle, claiming it was there to add some weight. But it contained a hidden compartment where there were people Gino was smuggling across the checkpoints. He also hid a Jewish family, the Goldenbergs, in his cellar despite the fact that Germans were killing everybody who was hiding Jews.<\/p>\n<div class=\"shortcode-ys-post-pinup\"><article class=\"loop-simple post-143384 post type-post status-publish format-standard has-post-thumbnail hentry category-road-cycling tag-giro-ditalia tag-road-cycling\" data-postid=\"143384\" role=\"article\" data-post-id=\"143384\" data-word-count=\"306\" data-headline-length=\"48\" data-category=\"Road cycling\" data-author=\"Monica Buck\" data-published=\"2016-10-28T06:35:45+00:00\" data-published-day=\"Friday\">\n    <div class=\"entry-thumbnail article-thumbnail\" content=\"https:\/\/d2p6e6u75xmxt8.cloudfront.net\/2\/2016\/10\/cov-150x150.webp\"><a href=\"https:\/\/www.welovecycling.com\/wide\/2016\/10\/28\/15-spectacular-vintage-photos-giro-ditalia\/\" class=\"image-holder\" target=\"_self\"><img decoding=\"async\" loading=\"lazy\" class=\"\" src=\"https:\/\/d2p6e6u75xmxt8.cloudfront.net\/2\/2016\/10\/cov.webp\" srcset=\"https:\/\/d2p6e6u75xmxt8.cloudfront.net\/2\/2016\/10\/cov.webp 900w, https:\/\/d2p6e6u75xmxt8.cloudfront.net\/2\/2016\/10\/cov-300x200.webp 300w, https:\/\/d2p6e6u75xmxt8.cloudfront.net\/2\/2016\/10\/cov-768x512.webp 768w, https:\/\/d2p6e6u75xmxt8.cloudfront.net\/2\/2016\/10\/cov-272x182.webp 272w\" width=\"900\" height=\"600\" sizes=\"auto, (min-width: 1200px) 300px, (min-width: 768px) 25vw, 100vw\" alt=\"15-spectacular-vintage-photos-giro-ditalia\"\/><\/a><\/div>    <div class=\"entry-meta\">\n        <a class=\"label label-secondary post-category\" href=\"https:\/\/www.welovecycling.com\/wide\/category\/road-cycling\/\" title=\"Road cycling\">Road cycling<\/a>\n    <\/div>\n    <div class=\"entry-details\">\n        <a href=\"https:\/\/www.welovecycling.com\/wide\/2016\/10\/28\/15-spectacular-vintage-photos-giro-ditalia\/\" class='entry-title-wrapper'>\n            <h3 class=\"entry-title\"><span>15 Spectacular Vintage Photos of Giro d\u2018Italia<\/span><\/h3>\n        <\/a>\n    <\/div>\n    <\/article>\n<\/div>\n<p>It is estimated that his work saved hundreds of people, yet until recently the general public didn\u2019t know about it at all. Which is not surprising if you consider the fact that Gino hesitated to tell the story even to his own son Andrea. And when he did reveal some of it, he promptly ordered Andrea not to share the stories with others.<\/p>\n<p>&#8220;When I asked my father why I couldn&#8217;t tell anyone, he said, &#8216;You must do good, but you must not talk about it. If you talk about it you&#8217;re taking advantage of others\u2019 misfortunes for your own gain.&#8217;,&#8221; Andrea recalled in an interview for The Guardian.<\/p>\n<figure id=\"attachment_161142\" aria-describedby=\"caption-attachment-161142\" style=\"width: 1250px\" class=\"wp-caption alignnone\"><a href=\"https:\/\/d2p6e6u75xmxt8.cloudfront.net\/2\/2017\/09\/profimedia-0158778096.jpg\"><img loading=\"lazy\" decoding=\"async\" class=\"size-full wp-image-161142\" src=\"https:\/\/d2p6e6u75xmxt8.cloudfront.net\/2\/2017\/09\/profimedia-0158778096.jpg\" alt=\"\" width=\"1250\" height=\"918\" \/><\/a><figcaption id=\"caption-attachment-161142\" class=\"wp-caption-text\">Gino Bartali on the summit of\u00a0Col du Tourmalet<\/figcaption><\/figure>\n<p>And when Andrea pointed out to his father that his actions were undoubtedly heroic, he would reply: \u201cNo, no \u2013 I want to be remembered for my sporting achievements. Real heroes are others, those who have suffered in their soul, in their heart, in their spirit, in their mind, for their loved ones. Those are the real heroes. I&#8217;m just a cyclist.&#8221;<\/p>\n","protected":false},"excerpt":{"rendered":"<p>Born in Florence in 1914, Gino went from simple bike mechanic to one of the most esteemed riders in the [&hellip;]<\/p>\n","protected":false},"author":12,"featured_media":161140,"comment_status":"open","ping_status":"open","sticky":false,"template":"","format":"standard","meta":{"footnotes":""},"categories":[329],"tags":[1305,1303,402,1304,433],"global-categories":[],"class_list":["post-161138","post","type-post","status-publish","format-standard","has-post-thumbnail","hentry","category-road-cycling","tag-andrea-bartali","tag-gino-bartali","tag-giro-ditalia","tag-hero-cyclist","tag-tour-de-france"],"yoast_head":"<!-- This site is optimized with the Yoast SEO Premium plugin v25.3 (Yoast SEO v25.9) - https:\/\/yoast.com\/wordpress\/plugins\/seo\/ -->\n<title>Gino Bartali: The Cycling Champion Who Helped the Jews Escape from the Nazis - \u0160koda We Love Cycling<\/title>\n<meta name=\"description\" content=\"Born in Florence in 1914, Gino went from simple bike mechanic to one of the most esteemed riders in the history of our beloved sport. He won the Giro\" \/>\n<meta name=\"robots\" content=\"index, follow, max-snippet:-1, max-image-preview:large, max-video-preview:-1\" \/>\n<link rel=\"canonical\" href=\"https:\/\/www.welovecycling.com\/wide\/2017\/09\/07\/gino-bartali-cycling-champion-helped-jews-escape-nazis\/\" \/>\n<meta property=\"og:locale\" content=\"en_US\" \/>\n<meta property=\"og:type\" content=\"article\" \/>\n<meta property=\"og:title\" content=\"Gino Bartali: The Cycling Champion Who Helped the Jews Escape from the Nazis\" \/>\n<meta property=\"og:description\" content=\"Born in Florence in 1914, Gino went from simple bike mechanic to one of the most esteemed riders in the history of our beloved sport. He won the Giro\" \/>\n<meta property=\"og:url\" content=\"https:\/\/www.welovecycling.com\/wide\/2017\/09\/07\/gino-bartali-cycling-champion-helped-jews-escape-nazis\/\" \/>\n<meta property=\"og:site_name\" content=\"\u0160koda We Love Cycling\" \/>\n<meta property=\"article:published_time\" content=\"2017-09-07T14:13:16+00:00\" \/>\n<meta property=\"og:image\" content=\"https:\/\/d2p6e6u75xmxt8.cloudfront.net\/2\/2017\/09\/profimedia-0189318406-01.webp\" \/>\n\t<meta property=\"og:image:width\" content=\"900\" \/>\n\t<meta property=\"og:image:height\" content=\"600\" \/>\n\t<meta property=\"og:image:type\" content=\"image\/webp\" \/>\n<meta name=\"twitter:card\" content=\"summary_large_image\" \/>\n<meta name=\"twitter:label1\" content=\"Written by\" \/>\n\t<meta name=\"twitter:data1\" content=\"Monica Buck\" \/>\n\t<meta name=\"twitter:label2\" content=\"Est. reading time\" \/>\n\t<meta name=\"twitter:data2\" content=\"3 minutes\" \/>\n<script type=\"application\/ld+json\" class=\"yoast-schema-graph\">{\"@context\":\"https:\/\/schema.org\",\"@graph\":[{\"@type\":\"WebPage\",\"@id\":\"https:\/\/www.welovecycling.com\/wide\/2017\/09\/07\/gino-bartali-cycling-champion-helped-jews-escape-nazis\/\",\"url\":\"https:\/\/www.welovecycling.com\/wide\/2017\/09\/07\/gino-bartali-cycling-champion-helped-jews-escape-nazis\/\",\"name\":\"Gino Bartali: The Cycling Champion Who Helped the Jews Escape from the Nazis - \u0160koda We Love Cycling\",\"isPartOf\":{\"@id\":\"https:\/\/www.welovecycling.com\/wide\/#website\"},\"primaryImageOfPage\":{\"@id\":\"https:\/\/www.welovecycling.com\/wide\/2017\/09\/07\/gino-bartali-cycling-champion-helped-jews-escape-nazis\/#primaryimage\"},\"image\":{\"@id\":\"https:\/\/www.welovecycling.com\/wide\/2017\/09\/07\/gino-bartali-cycling-champion-helped-jews-escape-nazis\/#primaryimage\"},\"thumbnailUrl\":\"https:\/\/d2p6e6u75xmxt8.cloudfront.net\/2\/2017\/09\/profimedia-0189318406-01.webp\",\"datePublished\":\"2017-09-07T14:13:16+00:00\",\"author\":{\"@id\":\"\"},\"description\":\"Born in Florence in 1914, Gino went from simple bike mechanic to one of the most esteemed riders in the history of our beloved sport. He won the Giro\",\"breadcrumb\":{\"@id\":\"https:\/\/www.welovecycling.com\/wide\/2017\/09\/07\/gino-bartali-cycling-champion-helped-jews-escape-nazis\/#breadcrumb\"},\"inLanguage\":\"en-US\",\"potentialAction\":[{\"@type\":\"ReadAction\",\"target\":[\"https:\/\/www.welovecycling.com\/wide\/2017\/09\/07\/gino-bartali-cycling-champion-helped-jews-escape-nazis\/\"]}]},{\"@type\":\"ImageObject\",\"inLanguage\":\"en-US\",\"@id\":\"https:\/\/www.welovecycling.com\/wide\/2017\/09\/07\/gino-bartali-cycling-champion-helped-jews-escape-nazis\/#primaryimage\",\"url\":\"https:\/\/d2p6e6u75xmxt8.cloudfront.net\/2\/2017\/09\/profimedia-0189318406-01.webp\",\"contentUrl\":\"https:\/\/d2p6e6u75xmxt8.cloudfront.net\/2\/2017\/09\/profimedia-0189318406-01.webp\",\"width\":900,\"height\":600},{\"@type\":\"BreadcrumbList\",\"@id\":\"https:\/\/www.welovecycling.com\/wide\/2017\/09\/07\/gino-bartali-cycling-champion-helped-jews-escape-nazis\/#breadcrumb\",\"itemListElement\":[{\"@type\":\"ListItem\",\"position\":1,\"name\":\"Home\",\"item\":\"https:\/\/www.welovecycling.com\/wide\/\"},{\"@type\":\"ListItem\",\"position\":2,\"name\":\"Gino Bartali: The Cycling Champion Who Helped the Jews Escape from the Nazis\"}]},{\"@type\":\"WebSite\",\"@id\":\"https:\/\/www.welovecycling.com\/wide\/#website\",\"url\":\"https:\/\/www.welovecycling.com\/wide\/\",\"name\":\"\u0160koda We Love Cycling\",\"description\":\"\u0160koda We Love Cycling magazine\",\"alternateName\":\"\u0160koda WLC\",\"potentialAction\":[{\"@type\":\"SearchAction\",\"target\":{\"@type\":\"EntryPoint\",\"urlTemplate\":\"https:\/\/www.welovecycling.com\/wide\/?s={search_term_string}\"},\"query-input\":{\"@type\":\"PropertyValueSpecification\",\"valueRequired\":true,\"valueName\":\"search_term_string\"}}],\"inLanguage\":\"en-US\"},{\"@type\":\"Person\",\"@id\":\"\",\"url\":\"https:\/\/www.welovecycling.com\/wide\/author\/\"}]}<\/script>\n<!-- \/ Yoast SEO Premium plugin. -->","yoast_head_json":{"title":"Gino Bartali: The Cycling Champion Who Helped the Jews Escape from the Nazis - \u0160koda We Love Cycling","description":"Born in Florence in 1914, Gino went from simple bike mechanic to one of the most esteemed riders in the history of our beloved sport. He won the Giro","robots":{"index":"index","follow":"follow","max-snippet":"max-snippet:-1","max-image-preview":"max-image-preview:large","max-video-preview":"max-video-preview:-1"},"canonical":"https:\/\/www.welovecycling.com\/wide\/2017\/09\/07\/gino-bartali-cycling-champion-helped-jews-escape-nazis\/","og_locale":"en_US","og_type":"article","og_title":"Gino Bartali: The Cycling Champion Who Helped the Jews Escape from the Nazis","og_description":"Born in Florence in 1914, Gino went from simple bike mechanic to one of the most esteemed riders in the history of our beloved sport. He won the Giro","og_url":"https:\/\/www.welovecycling.com\/wide\/2017\/09\/07\/gino-bartali-cycling-champion-helped-jews-escape-nazis\/","og_site_name":"\u0160koda We Love Cycling","article_published_time":"2017-09-07T14:13:16+00:00","og_image":[{"width":900,"height":600,"url":"https:\/\/d2p6e6u75xmxt8.cloudfront.net\/2\/2017\/09\/profimedia-0189318406-01.webp","type":"image\/webp"}],"twitter_card":"summary_large_image","twitter_misc":{"Written by":"Monica Buck","Est. reading time":"3 minutes"},"schema":{"@context":"https:\/\/schema.org","@graph":[{"@type":"WebPage","@id":"https:\/\/www.welovecycling.com\/wide\/2017\/09\/07\/gino-bartali-cycling-champion-helped-jews-escape-nazis\/","url":"https:\/\/www.welovecycling.com\/wide\/2017\/09\/07\/gino-bartali-cycling-champion-helped-jews-escape-nazis\/","name":"Gino Bartali: The Cycling Champion Who Helped the Jews Escape from the Nazis - \u0160koda We Love Cycling","isPartOf":{"@id":"https:\/\/www.welovecycling.com\/wide\/#website"},"primaryImageOfPage":{"@id":"https:\/\/www.welovecycling.com\/wide\/2017\/09\/07\/gino-bartali-cycling-champion-helped-jews-escape-nazis\/#primaryimage"},"image":{"@id":"https:\/\/www.welovecycling.com\/wide\/2017\/09\/07\/gino-bartali-cycling-champion-helped-jews-escape-nazis\/#primaryimage"},"thumbnailUrl":"https:\/\/d2p6e6u75xmxt8.cloudfront.net\/2\/2017\/09\/profimedia-0189318406-01.webp","datePublished":"2017-09-07T14:13:16+00:00","author":{"@id":""},"description":"Born in Florence in 1914, Gino went from simple bike mechanic to one of the most esteemed riders in the history of our beloved sport. He won the Giro","breadcrumb":{"@id":"https:\/\/www.welovecycling.com\/wide\/2017\/09\/07\/gino-bartali-cycling-champion-helped-jews-escape-nazis\/#breadcrumb"},"inLanguage":"en-US","potentialAction":[{"@type":"ReadAction","target":["https:\/\/www.welovecycling.com\/wide\/2017\/09\/07\/gino-bartali-cycling-champion-helped-jews-escape-nazis\/"]}]},{"@type":"ImageObject","inLanguage":"en-US","@id":"https:\/\/www.welovecycling.com\/wide\/2017\/09\/07\/gino-bartali-cycling-champion-helped-jews-escape-nazis\/#primaryimage","url":"https:\/\/d2p6e6u75xmxt8.cloudfront.net\/2\/2017\/09\/profimedia-0189318406-01.webp","contentUrl":"https:\/\/d2p6e6u75xmxt8.cloudfront.net\/2\/2017\/09\/profimedia-0189318406-01.webp","width":900,"height":600},{"@type":"BreadcrumbList","@id":"https:\/\/www.welovecycling.com\/wide\/2017\/09\/07\/gino-bartali-cycling-champion-helped-jews-escape-nazis\/#breadcrumb","itemListElement":[{"@type":"ListItem","position":1,"name":"Home","item":"https:\/\/www.welovecycling.com\/wide\/"},{"@type":"ListItem","position":2,"name":"Gino Bartali: The Cycling Champion Who Helped the Jews Escape from the Nazis"}]},{"@type":"WebSite","@id":"https:\/\/www.welovecycling.com\/wide\/#website","url":"https:\/\/www.welovecycling.com\/wide\/","name":"\u0160koda We Love Cycling","description":"\u0160koda We Love Cycling magazine","alternateName":"\u0160koda WLC","potentialAction":[{"@type":"SearchAction","target":{"@type":"EntryPoint","urlTemplate":"https:\/\/www.welovecycling.com\/wide\/?s={search_term_string}"},"query-input":{"@type":"PropertyValueSpecification","valueRequired":true,"valueName":"search_term_string"}}],"inLanguage":"en-US"},{"@type":"Person","@id":"","url":"https:\/\/www.welovecycling.com\/wide\/author\/"}]}},"_links":{"self":[{"href":"https:\/\/www.welovecycling.com\/wide\/wp-json\/wp\/v2\/posts\/161138","targetHints":{"allow":["GET"]}}],"collection":[{"href":"https:\/\/www.welovecycling.com\/wide\/wp-json\/wp\/v2\/posts"}],"about":[{"href":"https:\/\/www.welovecycling.com\/wide\/wp-json\/wp\/v2\/types\/post"}],"author":[{"embeddable":true,"href":"https:\/\/www.welovecycling.com\/wide\/wp-json\/wp\/v2\/users\/12"}],"replies":[{"embeddable":true,"href":"https:\/\/www.welovecycling.com\/wide\/wp-json\/wp\/v2\/comments?post=161138"}],"version-history":[{"count":2,"href":"https:\/\/www.welovecycling.com\/wide\/wp-json\/wp\/v2\/posts\/161138\/revisions"}],"predecessor-version":[{"id":169973,"href":"https:\/\/www.welovecycling.com\/wide\/wp-json\/wp\/v2\/posts\/161138\/revisions\/169973"}],"wp:featuredmedia":[{"embeddable":true,"href":"https:\/\/www.welovecycling.com\/wide\/wp-json\/wp\/v2\/media\/161140"}],"wp:attachment":[{"href":"https:\/\/www.welovecycling.com\/wide\/wp-json\/wp\/v2\/media?parent=161138"}],"wp:term":[{"taxonomy":"category","embeddable":true,"href":"https:\/\/www.welovecycling.com\/wide\/wp-json\/wp\/v2\/categories?post=161138"},{"taxonomy":"post_tag","embeddable":true,"href":"https:\/\/www.welovecycling.com\/wide\/wp-json\/wp\/v2\/tags?post=161138"},{"taxonomy":"global-categories","embeddable":true,"href":"https:\/\/www.welovecycling.com\/wide\/wp-json\/wp\/v2\/global-categories?post=161138"}],"curies":[{"name":"wp","href":"https:\/\/api.w.org\/{rel}","templated":true}]}}