{"id":160821,"date":"2017-08-14T14:27:40","date_gmt":"2017-08-14T14:27:40","guid":{"rendered":"https:\/\/www.welovecycling.com\/wide\/?p=160821"},"modified":"2017-08-21T07:39:42","modified_gmt":"2017-08-21T07:39:42","slug":"porte-back-training-cool-news-world-cycling","status":"publish","type":"post","link":"https:\/\/www.welovecycling.com\/wide\/2017\/08\/14\/porte-back-training-cool-news-world-cycling\/","title":{"rendered":"Porte Back in Training and Other Cool News from the World of Cycling"},"content":{"rendered":"<p><strong>Another Monday is here and our news from the world of cycling with it! So, what did you miss?<\/strong><br \/>\n<!--more--><\/p>\n<h2><strong>Richie Porte returns to training after the Tour de France crash<\/strong><\/h2>\n<p>Although the Australian fractured his collarbone and pelvis on descent off Mont du Chat, he is back in the saddle now, only five weeks after the incident.<\/p>\n<p>\u201cHeading out on the road for first time since my crash, feels like first day back at school. So excited!\u201d Porte wrote on his Instagram account, and the post quickly got over the 10k likes mark.<\/p>\n<p>https:\/\/www.instagram.com\/p\/BXxBZI_lbRw\/<\/p>\n<h2><strong>We hope to see you racing soon, Richie!<\/strong><\/h2>\n<p>What a manoeuvre!<\/p>\n<div class=\"embed-controller-wrapper\">\n<blockquote class=\"twitter-tweet\" data-width=\"500\" data-dnt=\"true\">\n<p lang=\"en\" dir=\"ltr\">Thanks @RudiSelig! (that was a nice maneuver) Excellent teamwork by <a href=\"https:\/\/twitter.com\/BORAhansgrohe?ref_src=twsrc%5Etfw\">@BORAhansgrohe<\/a> yesterday! (Video by @BinckBankTour) <a href=\"https:\/\/t.co\/ODrQ2gcuw3\">pic.twitter.com\/ODrQ2gcuw3<\/a><\/p>\n<p>&mdash; Peter Sagan (@petosagan) <a href=\"https:\/\/twitter.com\/petosagan\/status\/895586093914927104?ref_src=twsrc%5Etfw\">August 10, 2017<\/a><\/p><\/blockquote>\n<p><script async data-src=\"https:\/\/platform.twitter.com\/widgets.js\" charset=\"utf-8\"><\/script><\/div>\n<h2><strong>Vuelta 31% climb<\/strong><\/h2>\n<p>The organizers of La Vuelta have really outdone themselves with climbs this year. Just check out the Alto de los Machucos that will await the riders at the end of stage 17. Located in Cantabria, this nine-kilometre climb has steep slopes with a gradient of as much as 31%.<\/p>\n<p><a href=\"https:\/\/d2p6e6u75xmxt8.cloudfront.net\/2\/2017\/08\/los-machucos-google-maps.png\"><img loading=\"lazy\" decoding=\"async\" class=\"alignnone size-full wp-image-160825\" src=\"https:\/\/d2p6e6u75xmxt8.cloudfront.net\/2\/2017\/08\/los-machucos-google-maps.png\" alt=\"\" width=\"630\" height=\"420\" \/><\/a><\/p>\n<div id='gallery-1' class='gallery galleryid-160821 gallery-columns-2 gallery-size-large'><figure class='gallery-item'>\n\t\t\t<div class='gallery-icon landscape'>\n\t\t\t\t<a href='https:\/\/d2p6e6u75xmxt8.cloudfront.net\/2\/2017\/08\/Los-Machucos-5.webp'><img loading=\"lazy\" decoding=\"async\" width=\"390\" height=\"293\" src=\"https:\/\/d2p6e6u75xmxt8.cloudfront.net\/2\/2017\/08\/Los-Machucos-5.webp\" class=\"attachment-large size-large\" alt=\"\" srcset=\"https:\/\/d2p6e6u75xmxt8.cloudfront.net\/2\/2017\/08\/Los-Machucos-5.webp 390w, https:\/\/d2p6e6u75xmxt8.cloudfront.net\/2\/2017\/08\/Los-Machucos-5-300x225.webp 300w\" sizes=\"auto, (max-width: 390px) 100vw, 390px\" \/><\/a>\n\t\t\t<\/div><\/figure><figure class='gallery-item'>\n\t\t\t<div class='gallery-icon landscape'>\n\t\t\t\t<a href='https:\/\/d2p6e6u75xmxt8.cloudfront.net\/2\/2017\/08\/Los-Machucos-6.webp'><img loading=\"lazy\" decoding=\"async\" width=\"390\" height=\"318\" src=\"https:\/\/d2p6e6u75xmxt8.cloudfront.net\/2\/2017\/08\/Los-Machucos-6.webp\" class=\"attachment-large size-large\" alt=\"\" srcset=\"https:\/\/d2p6e6u75xmxt8.cloudfront.net\/2\/2017\/08\/Los-Machucos-6.webp 390w, https:\/\/d2p6e6u75xmxt8.cloudfront.net\/2\/2017\/08\/Los-Machucos-6-300x245.webp 300w\" sizes=\"auto, (max-width: 390px) 100vw, 390px\" \/><\/a>\n\t\t\t<\/div><\/figure>\n\t\t<\/div>\n\n<h2><strong>Bike Stealing Championships in Dublin<\/strong><\/h2>\n<p>A 360 Cycles mechanic set his bike aside for just a moment in the Irish town of Clontarf, and it took less than 17 seconds for a pair of robbers to show up. The mechanic was lucky and got away with just about \u20ac200 worth of damage without losing his precious carbon racing bike, but it was pretty close. Don\u2019t give thieves a chance and always lock your bicycle!<\/p>\n<p>https:\/\/www.youtube.com\/watch?v=WQK4sb_t5Ug<\/p>\n<h2><strong>Travelling with a bike<\/strong><\/h2>\n<p>Do you fly around often and wish you could take your bike with you? Check out our infographics to find out which company will treat you best.<\/p>\n<p>https:\/\/www.instagram.com\/p\/BXkzE1kgByl\/?taken-by=wlcmagazine<\/p>\n<p>https:\/\/www.instagram.com\/p\/BXneYlugPGy\/?taken-by=wlcmagazine<\/p>\n","protected":false},"excerpt":{"rendered":"<p>Another Monday is here and our news from the world of cycling with it! So, what did you miss?<\/p>\n","protected":false},"author":12,"featured_media":160822,"comment_status":"open","ping_status":"open","sticky":false,"template":"","format":"standard","meta":{"footnotes":""},"categories":[4142],"tags":[1247,1246,479,773],"global-categories":[],"class_list":["post-160821","post","type-post","status-publish","format-standard","has-post-thumbnail","hentry","category-ride2unite","tag-alto-de-los-machucos","tag-flying-with-a-bicycle","tag-la-vuelta","tag-richie-porte"],"yoast_head":"<!-- This site is optimized with the Yoast SEO Premium plugin v25.3 (Yoast SEO v25.9) - https:\/\/yoast.com\/wordpress\/plugins\/seo\/ -->\n<title>Porte Back in Training and Other Cool News from the World of Cycling - \u0160koda We Love Cycling<\/title>\n<meta name=\"description\" content=\"Another Monday is here and our news from the world of cycling with it! So, what did you miss? Richie Porte returns to training after the Tour de France\" \/>\n<meta name=\"robots\" content=\"index, follow, max-snippet:-1, max-image-preview:large, max-video-preview:-1\" \/>\n<link rel=\"canonical\" href=\"https:\/\/www.welovecycling.com\/wide\/2017\/08\/14\/porte-back-training-cool-news-world-cycling\/\" \/>\n<meta property=\"og:locale\" content=\"en_US\" \/>\n<meta property=\"og:type\" content=\"article\" \/>\n<meta property=\"og:title\" content=\"Porte Back in Training and Other Cool News from the World of Cycling\" \/>\n<meta property=\"og:description\" content=\"Another Monday is here and our news from the world of cycling with it! So, what did you miss? Richie Porte returns to training after the Tour de France\" \/>\n<meta property=\"og:url\" content=\"https:\/\/www.welovecycling.com\/wide\/2017\/08\/14\/porte-back-training-cool-news-world-cycling\/\" \/>\n<meta property=\"og:site_name\" content=\"\u0160koda We Love Cycling\" \/>\n<meta property=\"article:published_time\" content=\"2017-08-14T14:27:40+00:00\" \/>\n<meta property=\"article:modified_time\" content=\"2017-08-21T07:39:42+00:00\" \/>\n<meta property=\"og:image\" content=\"https:\/\/d2p6e6u75xmxt8.cloudfront.net\/2\/2017\/08\/profimedia-0216465956jpg.webp\" \/>\n\t<meta property=\"og:image:width\" content=\"1178\" \/>\n\t<meta property=\"og:image:height\" content=\"785\" \/>\n\t<meta property=\"og:image:type\" content=\"image\/webp\" \/>\n<meta name=\"twitter:card\" content=\"summary_large_image\" \/>\n<meta name=\"twitter:label1\" content=\"Written by\" \/>\n\t<meta name=\"twitter:data1\" content=\"Martin Winter\" \/>\n\t<meta name=\"twitter:label2\" content=\"Est. reading time\" \/>\n\t<meta name=\"twitter:data2\" content=\"2 minutes\" \/>\n<script type=\"application\/ld+json\" class=\"yoast-schema-graph\">{\"@context\":\"https:\/\/schema.org\",\"@graph\":[{\"@type\":\"WebPage\",\"@id\":\"https:\/\/www.welovecycling.com\/wide\/2017\/08\/14\/porte-back-training-cool-news-world-cycling\/\",\"url\":\"https:\/\/www.welovecycling.com\/wide\/2017\/08\/14\/porte-back-training-cool-news-world-cycling\/\",\"name\":\"Porte Back in Training and Other Cool News from the World of Cycling - \u0160koda We Love Cycling\",\"isPartOf\":{\"@id\":\"https:\/\/www.welovecycling.com\/wide\/#website\"},\"primaryImageOfPage\":{\"@id\":\"https:\/\/www.welovecycling.com\/wide\/2017\/08\/14\/porte-back-training-cool-news-world-cycling\/#primaryimage\"},\"image\":{\"@id\":\"https:\/\/www.welovecycling.com\/wide\/2017\/08\/14\/porte-back-training-cool-news-world-cycling\/#primaryimage\"},\"thumbnailUrl\":\"https:\/\/d2p6e6u75xmxt8.cloudfront.net\/2\/2017\/08\/profimedia-0216465956jpg.webp\",\"datePublished\":\"2017-08-14T14:27:40+00:00\",\"dateModified\":\"2017-08-21T07:39:42+00:00\",\"author\":{\"@id\":\"\"},\"description\":\"Another Monday is here and our news from the world of cycling with it! So, what did you miss? Richie Porte returns to training after the Tour de France\",\"breadcrumb\":{\"@id\":\"https:\/\/www.welovecycling.com\/wide\/2017\/08\/14\/porte-back-training-cool-news-world-cycling\/#breadcrumb\"},\"inLanguage\":\"en-US\",\"potentialAction\":[{\"@type\":\"ReadAction\",\"target\":[\"https:\/\/www.welovecycling.com\/wide\/2017\/08\/14\/porte-back-training-cool-news-world-cycling\/\"]}]},{\"@type\":\"ImageObject\",\"inLanguage\":\"en-US\",\"@id\":\"https:\/\/www.welovecycling.com\/wide\/2017\/08\/14\/porte-back-training-cool-news-world-cycling\/#primaryimage\",\"url\":\"https:\/\/d2p6e6u75xmxt8.cloudfront.net\/2\/2017\/08\/profimedia-0216465956jpg.webp\",\"contentUrl\":\"https:\/\/d2p6e6u75xmxt8.cloudfront.net\/2\/2017\/08\/profimedia-0216465956jpg.webp\",\"width\":1178,\"height\":785},{\"@type\":\"BreadcrumbList\",\"@id\":\"https:\/\/www.welovecycling.com\/wide\/2017\/08\/14\/porte-back-training-cool-news-world-cycling\/#breadcrumb\",\"itemListElement\":[{\"@type\":\"ListItem\",\"position\":1,\"name\":\"Home\",\"item\":\"https:\/\/www.welovecycling.com\/wide\/\"},{\"@type\":\"ListItem\",\"position\":2,\"name\":\"Porte Back in Training and Other Cool News from the World of Cycling\"}]},{\"@type\":\"WebSite\",\"@id\":\"https:\/\/www.welovecycling.com\/wide\/#website\",\"url\":\"https:\/\/www.welovecycling.com\/wide\/\",\"name\":\"\u0160koda We Love Cycling\",\"description\":\"\u0160koda We Love Cycling magazine\",\"alternateName\":\"\u0160koda WLC\",\"potentialAction\":[{\"@type\":\"SearchAction\",\"target\":{\"@type\":\"EntryPoint\",\"urlTemplate\":\"https:\/\/www.welovecycling.com\/wide\/?s={search_term_string}\"},\"query-input\":{\"@type\":\"PropertyValueSpecification\",\"valueRequired\":true,\"valueName\":\"search_term_string\"}}],\"inLanguage\":\"en-US\"},{\"@type\":\"Person\",\"@id\":\"\",\"url\":\"https:\/\/www.welovecycling.com\/wide\/author\/\"}]}<\/script>\n<!-- \/ Yoast SEO Premium plugin. -->","yoast_head_json":{"title":"Porte Back in Training and Other Cool News from the World of Cycling - \u0160koda We Love Cycling","description":"Another Monday is here and our news from the world of cycling with it! So, what did you miss? Richie Porte returns to training after the Tour de France","robots":{"index":"index","follow":"follow","max-snippet":"max-snippet:-1","max-image-preview":"max-image-preview:large","max-video-preview":"max-video-preview:-1"},"canonical":"https:\/\/www.welovecycling.com\/wide\/2017\/08\/14\/porte-back-training-cool-news-world-cycling\/","og_locale":"en_US","og_type":"article","og_title":"Porte Back in Training and Other Cool News from the World of Cycling","og_description":"Another Monday is here and our news from the world of cycling with it! So, what did you miss? Richie Porte returns to training after the Tour de France","og_url":"https:\/\/www.welovecycling.com\/wide\/2017\/08\/14\/porte-back-training-cool-news-world-cycling\/","og_site_name":"\u0160koda We Love Cycling","article_published_time":"2017-08-14T14:27:40+00:00","article_modified_time":"2017-08-21T07:39:42+00:00","og_image":[{"width":1178,"height":785,"url":"https:\/\/d2p6e6u75xmxt8.cloudfront.net\/2\/2017\/08\/profimedia-0216465956jpg.webp","type":"image\/webp"}],"twitter_card":"summary_large_image","twitter_misc":{"Written by":"Martin Winter","Est. reading time":"2 minutes"},"schema":{"@context":"https:\/\/schema.org","@graph":[{"@type":"WebPage","@id":"https:\/\/www.welovecycling.com\/wide\/2017\/08\/14\/porte-back-training-cool-news-world-cycling\/","url":"https:\/\/www.welovecycling.com\/wide\/2017\/08\/14\/porte-back-training-cool-news-world-cycling\/","name":"Porte Back in Training and Other Cool News from the World of Cycling - \u0160koda We Love Cycling","isPartOf":{"@id":"https:\/\/www.welovecycling.com\/wide\/#website"},"primaryImageOfPage":{"@id":"https:\/\/www.welovecycling.com\/wide\/2017\/08\/14\/porte-back-training-cool-news-world-cycling\/#primaryimage"},"image":{"@id":"https:\/\/www.welovecycling.com\/wide\/2017\/08\/14\/porte-back-training-cool-news-world-cycling\/#primaryimage"},"thumbnailUrl":"https:\/\/d2p6e6u75xmxt8.cloudfront.net\/2\/2017\/08\/profimedia-0216465956jpg.webp","datePublished":"2017-08-14T14:27:40+00:00","dateModified":"2017-08-21T07:39:42+00:00","author":{"@id":""},"description":"Another Monday is here and our news from the world of cycling with it! So, what did you miss? Richie Porte returns to training after the Tour de France","breadcrumb":{"@id":"https:\/\/www.welovecycling.com\/wide\/2017\/08\/14\/porte-back-training-cool-news-world-cycling\/#breadcrumb"},"inLanguage":"en-US","potentialAction":[{"@type":"ReadAction","target":["https:\/\/www.welovecycling.com\/wide\/2017\/08\/14\/porte-back-training-cool-news-world-cycling\/"]}]},{"@type":"ImageObject","inLanguage":"en-US","@id":"https:\/\/www.welovecycling.com\/wide\/2017\/08\/14\/porte-back-training-cool-news-world-cycling\/#primaryimage","url":"https:\/\/d2p6e6u75xmxt8.cloudfront.net\/2\/2017\/08\/profimedia-0216465956jpg.webp","contentUrl":"https:\/\/d2p6e6u75xmxt8.cloudfront.net\/2\/2017\/08\/profimedia-0216465956jpg.webp","width":1178,"height":785},{"@type":"BreadcrumbList","@id":"https:\/\/www.welovecycling.com\/wide\/2017\/08\/14\/porte-back-training-cool-news-world-cycling\/#breadcrumb","itemListElement":[{"@type":"ListItem","position":1,"name":"Home","item":"https:\/\/www.welovecycling.com\/wide\/"},{"@type":"ListItem","position":2,"name":"Porte Back in Training and Other Cool News from the World of Cycling"}]},{"@type":"WebSite","@id":"https:\/\/www.welovecycling.com\/wide\/#website","url":"https:\/\/www.welovecycling.com\/wide\/","name":"\u0160koda We Love Cycling","description":"\u0160koda We Love Cycling magazine","alternateName":"\u0160koda WLC","potentialAction":[{"@type":"SearchAction","target":{"@type":"EntryPoint","urlTemplate":"https:\/\/www.welovecycling.com\/wide\/?s={search_term_string}"},"query-input":{"@type":"PropertyValueSpecification","valueRequired":true,"valueName":"search_term_string"}}],"inLanguage":"en-US"},{"@type":"Person","@id":"","url":"https:\/\/www.welovecycling.com\/wide\/author\/"}]}},"_links":{"self":[{"href":"https:\/\/www.welovecycling.com\/wide\/wp-json\/wp\/v2\/posts\/160821","targetHints":{"allow":["GET"]}}],"collection":[{"href":"https:\/\/www.welovecycling.com\/wide\/wp-json\/wp\/v2\/posts"}],"about":[{"href":"https:\/\/www.welovecycling.com\/wide\/wp-json\/wp\/v2\/types\/post"}],"author":[{"embeddable":true,"href":"https:\/\/www.welovecycling.com\/wide\/wp-json\/wp\/v2\/users\/12"}],"replies":[{"embeddable":true,"href":"https:\/\/www.welovecycling.com\/wide\/wp-json\/wp\/v2\/comments?post=160821"}],"version-history":[{"count":2,"href":"https:\/\/www.welovecycling.com\/wide\/wp-json\/wp\/v2\/posts\/160821\/revisions"}],"predecessor-version":[{"id":160871,"href":"https:\/\/www.welovecycling.com\/wide\/wp-json\/wp\/v2\/posts\/160821\/revisions\/160871"}],"wp:featuredmedia":[{"embeddable":true,"href":"https:\/\/www.welovecycling.com\/wide\/wp-json\/wp\/v2\/media\/160822"}],"wp:attachment":[{"href":"https:\/\/www.welovecycling.com\/wide\/wp-json\/wp\/v2\/media?parent=160821"}],"wp:term":[{"taxonomy":"category","embeddable":true,"href":"https:\/\/www.welovecycling.com\/wide\/wp-json\/wp\/v2\/categories?post=160821"},{"taxonomy":"post_tag","embeddable":true,"href":"https:\/\/www.welovecycling.com\/wide\/wp-json\/wp\/v2\/tags?post=160821"},{"taxonomy":"global-categories","embeddable":true,"href":"https:\/\/www.welovecycling.com\/wide\/wp-json\/wp\/v2\/global-categories?post=160821"}],"curies":[{"name":"wp","href":"https:\/\/api.w.org\/{rel}","templated":true}]}}