{"id":160809,"date":"2017-08-10T13:09:58","date_gmt":"2017-08-10T13:09:58","guid":{"rendered":"https:\/\/www.welovecycling.com\/wide\/?p=160809"},"modified":"2017-08-10T13:09:58","modified_gmt":"2017-08-10T13:09:58","slug":"creepiest-cycling-condition-shermers-neck","status":"publish","type":"post","link":"https:\/\/www.welovecycling.com\/wide\/2017\/08\/10\/creepiest-cycling-condition-shermers-neck\/","title":{"rendered":"The Creepiest Cycling Condition: Shermer\u2019s Neck"},"content":{"rendered":"<p><strong>We\u2019re all susceptible to what our bodies tell us. When there\u2019s a strange pain or sickness, our bodies are hinting at us that there should be something done about it. But what if you can\u2019t quite place the condition you\u2019re experiencing? And more importantly, what if you\u2019re in the middle of a 3,000-mile (4,828 km) nonstop journey at the very moment?<\/strong><\/p>\n<p><a href=\"https:\/\/d2p6e6u75xmxt8.cloudfront.net\/2\/2017\/08\/11.jpg\"><img loading=\"lazy\" decoding=\"async\" class=\"alignnone size-full wp-image-160811\" src=\"https:\/\/d2p6e6u75xmxt8.cloudfront.net\/2\/2017\/08\/11.jpg\" alt=\"\" width=\"1705\" height=\"1140\" \/><\/a><\/p>\n<p>Paul Danhaus was about 1,000 miles (1,610 km) into\u00a0<em>Race Across America<\/em>\u00a0(RAAM), a rigorous ultra-distance event spanning between Oceanside, California, to Annapolis, Maryland, when he felt a strange sensation. While riding the plains of Kansas in the 2009 edition of the race, his neck simply started giving up on him. &#8220;I just remember I was having trouble keeping my head up. I was thinking &#8216;Geez, I must be tired.&#8217; And then it dawned on me.&#8221; Danhaus was having a case of Shermer\u2019s Neck.<\/p>\n<p>Simply put, Shermer\u2019s Neck is a condition where the neck muscles fail from fatigue and can no longer support the head. It is not gradual either; after feeling the first symptoms, the neck will usually stop functioning within two hours. Danhaus\u2019 neck gave him one-hour notice before leaving him with a flopping head with about 2,000 more miles to go in the race.<\/p>\n<div class=\"shortcode-ys-post-pinup\"><article class=\"loop-simple post-146744 post type-post status-publish format-standard has-post-thumbnail hentry category-urban-cycling tag-bike-unfriendly tag-pollution\" data-postid=\"146744\" role=\"article\" data-post-id=\"146744\" data-word-count=\"184\" data-headline-length=\"72\" data-category=\"Urban cycling\" data-author=\"Monica Buck\" data-published=\"2017-02-16T12:55:48+00:00\" data-published-day=\"Thursday\">\n    <div class=\"entry-thumbnail article-thumbnail\" content=\"https:\/\/d2p6e6u75xmxt8.cloudfront.net\/2\/2017\/02\/23232_232332-150x150.webp\"><a href=\"https:\/\/www.welovecycling.com\/wide\/2017\/02\/16\/cycling-cities-worse-health-no-exercise\/\" class=\"image-holder\" target=\"_self\"><img decoding=\"async\" loading=\"lazy\" class=\"\" src=\"https:\/\/d2p6e6u75xmxt8.cloudfront.net\/2\/2017\/02\/23232_232332.webp\" srcset=\"https:\/\/d2p6e6u75xmxt8.cloudfront.net\/2\/2017\/02\/23232_232332.webp 900w, https:\/\/d2p6e6u75xmxt8.cloudfront.net\/2\/2017\/02\/23232_232332-300x200.webp 300w, https:\/\/d2p6e6u75xmxt8.cloudfront.net\/2\/2017\/02\/23232_232332-768x512.webp 768w, https:\/\/d2p6e6u75xmxt8.cloudfront.net\/2\/2017\/02\/23232_232332-272x182.webp 272w\" width=\"900\" height=\"600\" sizes=\"auto, (min-width: 1200px) 300px, (min-width: 768px) 25vw, 100vw\" alt=\"cycling-cities-worse-health-no-exercise\"\/><\/a><\/div>    <div class=\"entry-meta\">\n        <a class=\"label label-secondary post-category\" href=\"https:\/\/www.welovecycling.com\/wide\/category\/urban-cycling\/\" title=\"Urban cycling\">Urban cycling<\/a>\n    <\/div>\n    <div class=\"entry-details\">\n        <a href=\"https:\/\/www.welovecycling.com\/wide\/2017\/02\/16\/cycling-cities-worse-health-no-exercise\/\" class='entry-title-wrapper'>\n            <h3 class=\"entry-title\"><span>Cycling in These Cities Is Worse for Your Health Than No Exercise at All<\/span><\/h3>\n        <\/a>\n    <\/div>\n    <\/article>\n<\/div>\n<p>RAAM has quite the history of cyclists affected with this ailment. Nowadays, the winners typically finish the 3,000-mile race in about eight days while getting an average of one hour of sleep a day. What started as a journey of four men in 1982 evolved into an exclusive endurance adventure that attracts hundreds of riders. One of the first four men, who raced the inaugural event from Santa Monica to New York City, was Michael Shermer. He survived the first year without an accident but year \u201983 saw him suddenly unable to hold his head up and he had to prop his head with the palm of his hand to continue riding. And thus the Shermer\u2019s Neck condition was born.<\/p>\n<figure style=\"width: 1664px\" class=\"wp-caption alignnone\"><img loading=\"lazy\" decoding=\"async\" src=\"http:\/\/reportage.transcontinental.cc\/wp-content\/uploads\/2015\/08\/haydentape.jpg\" alt=\"\" width=\"1664\" height=\"1664\" \/><figcaption class=\"wp-caption-text\">James Hayden fashioned himself a neck support from K-tape. Photo: Camille McMillan<\/figcaption><\/figure>\n<p>It\u2019s quite the rare thing to happen but it\u2019s been proven that it affects cyclists riding between 500 and 1,000 miles in nearly a single take, so the participants of races such as RAAM or Paris-Brest-Paris, a famous 1,200K brevet (745 miles) in France, are at greater risk of being ambushed by Shermer\u2019s Neck.<\/p>\n<div class=\"shortcode-ys-post-pinup\"><article class=\"loop-simple post-132105 post type-post status-publish format-standard has-post-thumbnail hentry category-outdoor-mountain category-road-cycling\" data-postid=\"132105\" role=\"article\" data-post-id=\"132105\" data-word-count=\"503\" data-headline-length=\"40\" data-category=\"Outdoor\/Mountain\" data-author=\"Tatiana Vomackova\" data-published=\"2015-11-19T15:18:58+00:00\" data-published-day=\"Thursday\">\n    <div class=\"entry-thumbnail article-thumbnail\" content=\"https:\/\/d2p6e6u75xmxt8.cloudfront.net\/2\/2015\/11\/opener114-150x150.webp\"><a href=\"https:\/\/www.welovecycling.com\/wide\/2015\/11\/19\/health-concentration-starts-with-breath\/\" class=\"image-holder\" target=\"_self\"><img decoding=\"async\" loading=\"lazy\" class=\"\" src=\"https:\/\/d2p6e6u75xmxt8.cloudfront.net\/2\/2015\/11\/opener114.webp\" srcset=\"https:\/\/d2p6e6u75xmxt8.cloudfront.net\/2\/2015\/11\/opener114.webp 525w, https:\/\/d2p6e6u75xmxt8.cloudfront.net\/2\/2015\/11\/opener114-300x200.webp 300w, https:\/\/d2p6e6u75xmxt8.cloudfront.net\/2\/2015\/11\/opener114-272x182.webp 272w\" width=\"525\" height=\"350\" sizes=\"auto, (min-width: 1200px) 300px, (min-width: 768px) 25vw, 100vw\" alt=\"health-concentration-starts-with-breath\"\/><\/a><\/div>    <div class=\"entry-meta\">\n        <a class=\"label label-secondary post-category\" href=\"https:\/\/www.welovecycling.com\/wide\/category\/outdoor-mountain\/\" title=\"Outdoor\/Mountain\">Outdoor\/Mountain<\/a>\n    <\/div>\n    <div class=\"entry-details\">\n        <a href=\"https:\/\/www.welovecycling.com\/wide\/2015\/11\/19\/health-concentration-starts-with-breath\/\" class='entry-title-wrapper'>\n            <h3 class=\"entry-title\"><span>Health: Concentration starts with breath<\/span><\/h3>\n        <\/a>\n    <\/div>\n    <\/article>\n<\/div>\n<p>Although it caused Danhaus some inconvenience, he was determined to see the finish line. Being 60 at the time, making him the oldest 2009 participant, he managed to get his crew to shift his aero bars above his handlebars, cover the tops with toilet paper, and duct tape it into a desirable shape, so he could put his chin onto this DIY brace and keep riding. In his case, there wasn\u2019t any pain involved and he described it as more of a bizarre than crippling condition. Danhaus finished the race in 11 days, 11 hours, and 51 minutes.<\/p>\n<p><img decoding=\"async\" src=\"http:\/\/1.bp.blogspot.com\/-ceEM4Qe6uQw\/U53_BC1gyUI\/AAAAAAAAEMU\/GqG_KWvp0cI\/s1600\/neck+RAAM.jpg\" \/><\/p>\n<p>Quick Google search gives us a few more peculiar solutions to work around the condition. A brace that&#8217;s wrapped around the cyclist&#8217;s torso, with a metal pole that goes up the cyclist&#8217;s back and attaches to the bike helmet. Duct tape braided into hair of a female rider, then attached to her bra or heart-rate monitor. Drug store whiplash neck collars. PVC piping construction strapped to head and back. And many more.<\/p>\n","protected":false},"excerpt":{"rendered":"<p>We\u2019re all susceptible to what our bodies tell us. When there\u2019s a strange pain or sickness, our bodies are hinting [&hellip;]<\/p>\n","protected":false},"author":11,"featured_media":160814,"comment_status":"open","ping_status":"open","sticky":false,"template":"","format":"standard","meta":{"footnotes":""},"categories":[332,328,335],"tags":[1241,583,1242,355],"global-categories":[],"class_list":["post-160809","post","type-post","status-publish","format-standard","has-post-thumbnail","hentry","category-health-and-training","category-outdoor-mountain","category-safety","tag-health","tag-road-cycling","tag-shermers-neck","tag-training"],"yoast_head":"<!-- This site is optimized with the Yoast SEO Premium plugin v25.3 (Yoast SEO v25.9) - https:\/\/yoast.com\/wordpress\/plugins\/seo\/ -->\n<title>The Creepiest Cycling Condition: Shermer\u2019s Neck - \u0160koda We Love Cycling<\/title>\n<meta name=\"description\" content=\"We\u2019re all susceptible to what our bodies tell us. When there\u2019s a strange pain or sickness, our bodies are hinting at us that there should be something\" \/>\n<meta name=\"robots\" content=\"index, follow, max-snippet:-1, max-image-preview:large, max-video-preview:-1\" \/>\n<link rel=\"canonical\" href=\"https:\/\/www.welovecycling.com\/wide\/2017\/08\/10\/creepiest-cycling-condition-shermers-neck\/\" \/>\n<meta property=\"og:locale\" content=\"en_US\" \/>\n<meta property=\"og:type\" content=\"article\" \/>\n<meta property=\"og:title\" content=\"The Creepiest Cycling Condition: Shermer\u2019s Neck\" \/>\n<meta property=\"og:description\" content=\"We\u2019re all susceptible to what our bodies tell us. When there\u2019s a strange pain or sickness, our bodies are hinting at us that there should be something\" \/>\n<meta property=\"og:url\" content=\"https:\/\/www.welovecycling.com\/wide\/2017\/08\/10\/creepiest-cycling-condition-shermers-neck\/\" \/>\n<meta property=\"og:site_name\" content=\"\u0160koda We Love Cycling\" \/>\n<meta property=\"article:published_time\" content=\"2017-08-10T13:09:58+00:00\" \/>\n<meta property=\"og:image\" content=\"https:\/\/d2p6e6u75xmxt8.cloudfront.net\/2\/2017\/08\/qqq-1.webp\" \/>\n\t<meta property=\"og:image:width\" content=\"900\" \/>\n\t<meta property=\"og:image:height\" content=\"600\" \/>\n\t<meta property=\"og:image:type\" content=\"image\/webp\" \/>\n<meta name=\"author\" content=\"ondrejfilgas\" \/>\n<meta name=\"twitter:card\" content=\"summary_large_image\" \/>\n<meta name=\"twitter:label1\" content=\"Written by\" \/>\n\t<meta name=\"twitter:data1\" content=\"Tatiana Vomackova\" \/>\n\t<meta name=\"twitter:label2\" content=\"Est. reading time\" \/>\n\t<meta name=\"twitter:data2\" content=\"3 minutes\" \/>\n<script type=\"application\/ld+json\" class=\"yoast-schema-graph\">{\"@context\":\"https:\/\/schema.org\",\"@graph\":[{\"@type\":\"WebPage\",\"@id\":\"https:\/\/www.welovecycling.com\/wide\/2017\/08\/10\/creepiest-cycling-condition-shermers-neck\/\",\"url\":\"https:\/\/www.welovecycling.com\/wide\/2017\/08\/10\/creepiest-cycling-condition-shermers-neck\/\",\"name\":\"The Creepiest Cycling Condition: Shermer\u2019s Neck - \u0160koda We Love Cycling\",\"isPartOf\":{\"@id\":\"https:\/\/www.welovecycling.com\/wide\/#website\"},\"primaryImageOfPage\":{\"@id\":\"https:\/\/www.welovecycling.com\/wide\/2017\/08\/10\/creepiest-cycling-condition-shermers-neck\/#primaryimage\"},\"image\":{\"@id\":\"https:\/\/www.welovecycling.com\/wide\/2017\/08\/10\/creepiest-cycling-condition-shermers-neck\/#primaryimage\"},\"thumbnailUrl\":\"https:\/\/d2p6e6u75xmxt8.cloudfront.net\/2\/2017\/08\/qqq-1.webp\",\"datePublished\":\"2017-08-10T13:09:58+00:00\",\"author\":{\"@id\":\"https:\/\/www.welovecycling.com\/wide\/#\/schema\/person\/9e2e86835e0bb27fb0d57ed5a91e76af\"},\"description\":\"We\u2019re all susceptible to what our bodies tell us. When there\u2019s a strange pain or sickness, our bodies are hinting at us that there should be something\",\"breadcrumb\":{\"@id\":\"https:\/\/www.welovecycling.com\/wide\/2017\/08\/10\/creepiest-cycling-condition-shermers-neck\/#breadcrumb\"},\"inLanguage\":\"en-US\",\"potentialAction\":[{\"@type\":\"ReadAction\",\"target\":[\"https:\/\/www.welovecycling.com\/wide\/2017\/08\/10\/creepiest-cycling-condition-shermers-neck\/\"]}]},{\"@type\":\"ImageObject\",\"inLanguage\":\"en-US\",\"@id\":\"https:\/\/www.welovecycling.com\/wide\/2017\/08\/10\/creepiest-cycling-condition-shermers-neck\/#primaryimage\",\"url\":\"https:\/\/d2p6e6u75xmxt8.cloudfront.net\/2\/2017\/08\/qqq-1.webp\",\"contentUrl\":\"https:\/\/d2p6e6u75xmxt8.cloudfront.net\/2\/2017\/08\/qqq-1.webp\",\"width\":900,\"height\":600},{\"@type\":\"BreadcrumbList\",\"@id\":\"https:\/\/www.welovecycling.com\/wide\/2017\/08\/10\/creepiest-cycling-condition-shermers-neck\/#breadcrumb\",\"itemListElement\":[{\"@type\":\"ListItem\",\"position\":1,\"name\":\"Home\",\"item\":\"https:\/\/www.welovecycling.com\/wide\/\"},{\"@type\":\"ListItem\",\"position\":2,\"name\":\"The Creepiest Cycling Condition: Shermer\u2019s Neck\"}]},{\"@type\":\"WebSite\",\"@id\":\"https:\/\/www.welovecycling.com\/wide\/#website\",\"url\":\"https:\/\/www.welovecycling.com\/wide\/\",\"name\":\"\u0160koda We Love Cycling\",\"description\":\"\u0160koda We Love Cycling magazine\",\"alternateName\":\"\u0160koda WLC\",\"potentialAction\":[{\"@type\":\"SearchAction\",\"target\":{\"@type\":\"EntryPoint\",\"urlTemplate\":\"https:\/\/www.welovecycling.com\/wide\/?s={search_term_string}\"},\"query-input\":{\"@type\":\"PropertyValueSpecification\",\"valueRequired\":true,\"valueName\":\"search_term_string\"}}],\"inLanguage\":\"en-US\"},{\"@type\":\"Person\",\"@id\":\"https:\/\/www.welovecycling.com\/wide\/#\/schema\/person\/9e2e86835e0bb27fb0d57ed5a91e76af\",\"name\":\"ondrejfilgas\",\"image\":{\"@type\":\"ImageObject\",\"inLanguage\":\"en-US\",\"@id\":\"https:\/\/www.welovecycling.com\/wide\/#\/schema\/person\/image\/\",\"url\":\"https:\/\/secure.gravatar.com\/avatar\/02fc81aabb3935fbbc0730be0dad75bfa59dd0ad02d2945f9121c307ebd1bace?s=96&d=mm&r=g\",\"contentUrl\":\"https:\/\/secure.gravatar.com\/avatar\/02fc81aabb3935fbbc0730be0dad75bfa59dd0ad02d2945f9121c307ebd1bace?s=96&d=mm&r=g\",\"caption\":\"ondrejfilgas\"},\"url\":\"https:\/\/www.welovecycling.com\/wide\/author\/ondrejfilgas\/\"}]}<\/script>\n<!-- \/ Yoast SEO Premium plugin. -->","yoast_head_json":{"title":"The Creepiest Cycling Condition: Shermer\u2019s Neck - \u0160koda We Love Cycling","description":"We\u2019re all susceptible to what our bodies tell us. When there\u2019s a strange pain or sickness, our bodies are hinting at us that there should be something","robots":{"index":"index","follow":"follow","max-snippet":"max-snippet:-1","max-image-preview":"max-image-preview:large","max-video-preview":"max-video-preview:-1"},"canonical":"https:\/\/www.welovecycling.com\/wide\/2017\/08\/10\/creepiest-cycling-condition-shermers-neck\/","og_locale":"en_US","og_type":"article","og_title":"The Creepiest Cycling Condition: Shermer\u2019s Neck","og_description":"We\u2019re all susceptible to what our bodies tell us. When there\u2019s a strange pain or sickness, our bodies are hinting at us that there should be something","og_url":"https:\/\/www.welovecycling.com\/wide\/2017\/08\/10\/creepiest-cycling-condition-shermers-neck\/","og_site_name":"\u0160koda We Love Cycling","article_published_time":"2017-08-10T13:09:58+00:00","og_image":[{"width":900,"height":600,"url":"https:\/\/d2p6e6u75xmxt8.cloudfront.net\/2\/2017\/08\/qqq-1.webp","type":"image\/webp"}],"author":"ondrejfilgas","twitter_card":"summary_large_image","twitter_misc":{"Written by":"Tatiana Vomackova","Est. reading time":"3 minutes"},"schema":{"@context":"https:\/\/schema.org","@graph":[{"@type":"WebPage","@id":"https:\/\/www.welovecycling.com\/wide\/2017\/08\/10\/creepiest-cycling-condition-shermers-neck\/","url":"https:\/\/www.welovecycling.com\/wide\/2017\/08\/10\/creepiest-cycling-condition-shermers-neck\/","name":"The Creepiest Cycling Condition: Shermer\u2019s Neck - \u0160koda We Love Cycling","isPartOf":{"@id":"https:\/\/www.welovecycling.com\/wide\/#website"},"primaryImageOfPage":{"@id":"https:\/\/www.welovecycling.com\/wide\/2017\/08\/10\/creepiest-cycling-condition-shermers-neck\/#primaryimage"},"image":{"@id":"https:\/\/www.welovecycling.com\/wide\/2017\/08\/10\/creepiest-cycling-condition-shermers-neck\/#primaryimage"},"thumbnailUrl":"https:\/\/d2p6e6u75xmxt8.cloudfront.net\/2\/2017\/08\/qqq-1.webp","datePublished":"2017-08-10T13:09:58+00:00","author":{"@id":"https:\/\/www.welovecycling.com\/wide\/#\/schema\/person\/9e2e86835e0bb27fb0d57ed5a91e76af"},"description":"We\u2019re all susceptible to what our bodies tell us. When there\u2019s a strange pain or sickness, our bodies are hinting at us that there should be something","breadcrumb":{"@id":"https:\/\/www.welovecycling.com\/wide\/2017\/08\/10\/creepiest-cycling-condition-shermers-neck\/#breadcrumb"},"inLanguage":"en-US","potentialAction":[{"@type":"ReadAction","target":["https:\/\/www.welovecycling.com\/wide\/2017\/08\/10\/creepiest-cycling-condition-shermers-neck\/"]}]},{"@type":"ImageObject","inLanguage":"en-US","@id":"https:\/\/www.welovecycling.com\/wide\/2017\/08\/10\/creepiest-cycling-condition-shermers-neck\/#primaryimage","url":"https:\/\/d2p6e6u75xmxt8.cloudfront.net\/2\/2017\/08\/qqq-1.webp","contentUrl":"https:\/\/d2p6e6u75xmxt8.cloudfront.net\/2\/2017\/08\/qqq-1.webp","width":900,"height":600},{"@type":"BreadcrumbList","@id":"https:\/\/www.welovecycling.com\/wide\/2017\/08\/10\/creepiest-cycling-condition-shermers-neck\/#breadcrumb","itemListElement":[{"@type":"ListItem","position":1,"name":"Home","item":"https:\/\/www.welovecycling.com\/wide\/"},{"@type":"ListItem","position":2,"name":"The Creepiest Cycling Condition: Shermer\u2019s Neck"}]},{"@type":"WebSite","@id":"https:\/\/www.welovecycling.com\/wide\/#website","url":"https:\/\/www.welovecycling.com\/wide\/","name":"\u0160koda We Love Cycling","description":"\u0160koda We Love Cycling magazine","alternateName":"\u0160koda WLC","potentialAction":[{"@type":"SearchAction","target":{"@type":"EntryPoint","urlTemplate":"https:\/\/www.welovecycling.com\/wide\/?s={search_term_string}"},"query-input":{"@type":"PropertyValueSpecification","valueRequired":true,"valueName":"search_term_string"}}],"inLanguage":"en-US"},{"@type":"Person","@id":"https:\/\/www.welovecycling.com\/wide\/#\/schema\/person\/9e2e86835e0bb27fb0d57ed5a91e76af","name":"ondrejfilgas","image":{"@type":"ImageObject","inLanguage":"en-US","@id":"https:\/\/www.welovecycling.com\/wide\/#\/schema\/person\/image\/","url":"https:\/\/secure.gravatar.com\/avatar\/02fc81aabb3935fbbc0730be0dad75bfa59dd0ad02d2945f9121c307ebd1bace?s=96&d=mm&r=g","contentUrl":"https:\/\/secure.gravatar.com\/avatar\/02fc81aabb3935fbbc0730be0dad75bfa59dd0ad02d2945f9121c307ebd1bace?s=96&d=mm&r=g","caption":"ondrejfilgas"},"url":"https:\/\/www.welovecycling.com\/wide\/author\/ondrejfilgas\/"}]}},"_links":{"self":[{"href":"https:\/\/www.welovecycling.com\/wide\/wp-json\/wp\/v2\/posts\/160809","targetHints":{"allow":["GET"]}}],"collection":[{"href":"https:\/\/www.welovecycling.com\/wide\/wp-json\/wp\/v2\/posts"}],"about":[{"href":"https:\/\/www.welovecycling.com\/wide\/wp-json\/wp\/v2\/types\/post"}],"author":[{"embeddable":true,"href":"https:\/\/www.welovecycling.com\/wide\/wp-json\/wp\/v2\/users\/11"}],"replies":[{"embeddable":true,"href":"https:\/\/www.welovecycling.com\/wide\/wp-json\/wp\/v2\/comments?post=160809"}],"version-history":[{"count":2,"href":"https:\/\/www.welovecycling.com\/wide\/wp-json\/wp\/v2\/posts\/160809\/revisions"}],"predecessor-version":[{"id":160815,"href":"https:\/\/www.welovecycling.com\/wide\/wp-json\/wp\/v2\/posts\/160809\/revisions\/160815"}],"wp:featuredmedia":[{"embeddable":true,"href":"https:\/\/www.welovecycling.com\/wide\/wp-json\/wp\/v2\/media\/160814"}],"wp:attachment":[{"href":"https:\/\/www.welovecycling.com\/wide\/wp-json\/wp\/v2\/media?parent=160809"}],"wp:term":[{"taxonomy":"category","embeddable":true,"href":"https:\/\/www.welovecycling.com\/wide\/wp-json\/wp\/v2\/categories?post=160809"},{"taxonomy":"post_tag","embeddable":true,"href":"https:\/\/www.welovecycling.com\/wide\/wp-json\/wp\/v2\/tags?post=160809"},{"taxonomy":"global-categories","embeddable":true,"href":"https:\/\/www.welovecycling.com\/wide\/wp-json\/wp\/v2\/global-categories?post=160809"}],"curies":[{"name":"wp","href":"https:\/\/api.w.org\/{rel}","templated":true}]}}