{"id":160703,"date":"2017-08-01T09:13:41","date_gmt":"2017-08-01T09:13:41","guid":{"rendered":"https:\/\/www.welovecycling.com\/wide\/?p=160703"},"modified":"2017-08-01T12:21:29","modified_gmt":"2017-08-01T12:21:29","slug":"can-amateurs-hang-tour-de-france-pro-peloton","status":"publish","type":"post","link":"https:\/\/www.welovecycling.com\/wide\/2017\/08\/01\/can-amateurs-hang-tour-de-france-pro-peloton\/","title":{"rendered":"Can Amateurs Hang with the Tour de France Pro Peloton?"},"content":{"rendered":"<p><strong>Do you think a really good amateur cycling enthusiast could win a stage at the Tour de France? How many watts do the best of best maintain over a hard hilly stage? What is their average ascent speed at those big climbs? Thanks to l&#8217;\u00c9tape du Tour, we can compare pros and amateurs racing on the same road. Let\u2019s see who wins.<\/strong><br \/>\n<!--more--><\/p>\n<p>l&#8217;\u00c9tape du Tour is a unique race where amateur riders from all over the world get a chance to experience how it feels to compete at the Tour de France. They get the same treatment as the professionals &#8211; support cars, feeding stations, and closed roads included. This year\u2019s l\u2019\u00c9tape replicated stage 18 of the Tour that tested all participants on 181 km and two big climbs to Col de Vars and Col d\u2019Izoard. Around 15,000 amateur riders representing 72 nationalities took part and raced just 4 days before the pros took to the same roads. Among this gigantic peloton were also the seven members of our We Love Cycling team who won their tickets in the yearly contest on our website. Now, let\u2019s see how the best amateurs fare against the best pros on this demanding stage.<\/p>\n<div class=\"shortcode-ys-post-pinup\"><article class=\"loop-simple post-160570 post type-post status-publish format-standard has-post-thumbnail hentry category-road-cycling tag-letape tag-letape-du-tour tag-tdf tag-tour-de-france-2017 global-categories-kodiaq\" data-postid=\"160570\" role=\"article\" data-post-id=\"160570\" data-word-count=\"523\" data-headline-length=\"77\" data-category=\"Road cycling\" data-global-category=\"Kodiaq\" data-author=\"WeLoveCycling\" data-published=\"2017-07-21T12:17:09+00:00\" data-published-day=\"Friday\">\n    <div class=\"entry-thumbnail article-thumbnail\" content=\"https:\/\/d2p6e6u75xmxt8.cloudfront.net\/2\/2017\/07\/cover2-150x150.webp\"><a href=\"https:\/\/www.welovecycling.com\/wide\/2017\/07\/21\/sweat-exhaustion-joy-contest-winners-experienced-letape-du-tour\/\" class=\"image-holder\" target=\"_self\"><img decoding=\"async\" loading=\"lazy\" class=\"\" src=\"https:\/\/d2p6e6u75xmxt8.cloudfront.net\/2\/2017\/07\/cover2.webp\" srcset=\"https:\/\/d2p6e6u75xmxt8.cloudfront.net\/2\/2017\/07\/cover2.webp 900w, https:\/\/d2p6e6u75xmxt8.cloudfront.net\/2\/2017\/07\/cover2-300x200.webp 300w, https:\/\/d2p6e6u75xmxt8.cloudfront.net\/2\/2017\/07\/cover2-768x512.webp 768w, https:\/\/d2p6e6u75xmxt8.cloudfront.net\/2\/2017\/07\/cover2-272x182.webp 272w\" width=\"900\" height=\"600\" sizes=\"auto, (min-width: 1200px) 300px, (min-width: 768px) 25vw, 100vw\" alt=\"sweat-exhaustion-joy-contest-winners-experienced-letape-du-tour\"\/><\/a><\/div>    <div class=\"entry-meta\">\n        <a class=\"label label-secondary post-category\" href=\"https:\/\/www.welovecycling.com\/wide\/category\/road-cycling\/\" title=\"Road cycling\">Road cycling<\/a>\n    <\/div>\n    <div class=\"entry-details\">\n        <a href=\"https:\/\/www.welovecycling.com\/wide\/2017\/07\/21\/sweat-exhaustion-joy-contest-winners-experienced-letape-du-tour\/\" class='entry-title-wrapper'>\n            <h3 class=\"entry-title\"><span>Sweat, Exhaustion and Joy: Our Contest Winners Experienced l\u2019\u00c9tape du Tour<\/span><\/h3>\n        <\/a>\n    <\/div>\n    <\/article>\n<\/div>\n<h2><strong>What do watts and VAM mean in cycling?<\/strong><\/h2>\n<p>Watt is a unit of power and in cycling it\u2019s used to quantify the rate of energy transferred from a rider to the bike. In other words, it describes how hard the cyclist is pedalling. The average guy can put out maybe about 600W in the max effort for a few seconds whereas the best sprinters like, Peter Sagan, can go beyond 1500W when they\u2019re close to the finish line. For reference, that\u2019s equal to about 2 horsepower units (746W) and could easily power two households. VAM is the abbreviation for the Italian term \u201cvelocit\u00e0 ascensionale media\u201d which means \u201caverage ascent speed\u201d. VAM is calculated the following way: VAM = (metres ascended x 60) \/ Minutes it took to ascend. Basically, the higher VAM you have the more impressive of a climber you are.<\/p>\n<h2><strong>The pros set an incredibly high bar<\/strong><\/h2>\n<p>The breakaway lead by Thomas De Gendt formed quite quickly after the start of stage 18 and the pack of about 47 riders maintained normalized power of 300W for the first 3,5 hours of the stage. For comparison, riders in the main peloton behind had it a bit easier needing only about 284 W. As a side note, for example Roman Kreuziger, riding in the main peloton put out an average power of 242W which resulted in 284W of normalized power. That\u2019s because normalized power is calculated using an algorithm that takes into consideration all possible fluctuations and it tries to better describe the perceived effort. For example, maintaining steady 242W on an indoor bike trainer will hurt way less than reaching an average of 242W in a peloton where you have to sprint to close gaps, deal with wind, changing road quality, etc. That\u2019s why the normalized power was measured at 284W.<\/p>\n<p><a href=\"https:\/\/d2p6e6u75xmxt8.cloudfront.net\/2\/2017\/07\/IMG_0041.jpg\"><img loading=\"lazy\" decoding=\"async\" class=\"alignnone size-full wp-image-160573\" src=\"https:\/\/d2p6e6u75xmxt8.cloudfront.net\/2\/2017\/07\/IMG_0041.jpg\" alt=\"\" width=\"1000\" height=\"667\" \/><\/a><\/p>\n<p>The second climb of the stage to Col d\u2019Izoard changed everything. Warren Barguil, coming from the peloton behind, put out an effort of his life and with an impressive 1800 VAM caught up with the breakaway, defended the attacks by Froome, and secured first place in the last kilometres.<\/p>\n<h2><strong>The amateurs were impressive too!<\/strong><\/h2>\n<p>Ji\u0159\u00ed Je\u017eek, the Paralympic cycling superstar wearing the \u0160koda WeLoveCycling team jersey, reached a noteworthy 1342 VAM during the 12% segment of the Izoard climb which allowed him to get to the top at 59:51 and finish among the first hundred riders of the whole l&#8217;\u00c9tape du Tour. The overall winner of l&#8217;\u00c9tape, Jonas Abrahamsen, finished the climb at 46:15, only 8 minutes behind the Tour de France stage winner, Warren Barguil, who did the same at 38:02.<\/p>\n<div class=\"shortcode-ys-post-pinup\"><article class=\"loop-simple post-152350 post type-post status-publish format-standard has-post-thumbnail hentry category-road-cycling tag-jiri-jezek tag-tdf tag-tdf-2017 tag-tour-de-france-2017\" data-postid=\"152350\" role=\"article\" data-post-id=\"152350\" data-word-count=\"655\" data-headline-length=\"47\" data-category=\"Road cycling\" data-author=\"WeLoveCycling\" data-published=\"2017-06-26T09:28:21+00:00\" data-published-day=\"Monday\">\n    <div class=\"entry-thumbnail article-thumbnail\" content=\"https:\/\/d2p6e6u75xmxt8.cloudfront.net\/2\/2017\/06\/Untitled-collage-5-150x150.webp\"><a href=\"https:\/\/www.welovecycling.com\/wide\/2017\/06\/26\/jiri-jezek-story-unbreakable-spirit\/\" class=\"image-holder\" target=\"_self\"><img decoding=\"async\" loading=\"lazy\" class=\"\" src=\"https:\/\/d2p6e6u75xmxt8.cloudfront.net\/2\/2017\/06\/Untitled-collage-5-1024x682.webp\" srcset=\"https:\/\/d2p6e6u75xmxt8.cloudfront.net\/2\/2017\/06\/Untitled-collage-5.webp 1178w, https:\/\/d2p6e6u75xmxt8.cloudfront.net\/2\/2017\/06\/Untitled-collage-5-300x200.webp 300w, https:\/\/d2p6e6u75xmxt8.cloudfront.net\/2\/2017\/06\/Untitled-collage-5-1024x682.webp 1024w, https:\/\/d2p6e6u75xmxt8.cloudfront.net\/2\/2017\/06\/Untitled-collage-5-768x512.webp 768w, https:\/\/d2p6e6u75xmxt8.cloudfront.net\/2\/2017\/06\/Untitled-collage-5-272x182.webp 272w\" width=\"1024\" height=\"682\" sizes=\"auto, (min-width: 1200px) 300px, (min-width: 768px) 25vw, 100vw\" alt=\"jiri-jezek-story-unbreakable-spirit\"\/><\/a><\/div>    <div class=\"entry-meta\">\n        <a class=\"label label-secondary post-category\" href=\"https:\/\/www.welovecycling.com\/wide\/category\/road-cycling\/\" title=\"Road cycling\">Road cycling<\/a>\n    <\/div>\n    <div class=\"entry-details\">\n        <a href=\"https:\/\/www.welovecycling.com\/wide\/2017\/06\/26\/jiri-jezek-story-unbreakable-spirit\/\" class='entry-title-wrapper'>\n            <h3 class=\"entry-title\"><span>Ji\u0159\u00ed Je\u017eek \u2013 A Story of Unbreakable Spirit<\/span><\/h3>\n        <\/a>\n    <\/div>\n    <\/article>\n<\/div>\n<p>It\u2019s important to note that the pros were closing in on a third week of daily racing while the amateurs had just one stage to worry about. On the other hand, the amateurs didn\u2019t have coordinated teams of riders shielding them from wind, supplying with fluids, and keeping them fresh for the final climb of the day. All things considered, we take our hats off to both. There\u2019s a lot of talent out there both in the Tour de France and l&#8217;\u00c9tape du Tour.<\/p>\n<p><em>Robert Kleiner &#8211; Watt Center <a href=\"http:\/\/www.s1w.cz\/watty-intro.html\">SPEEDweaponry<\/a><\/em><\/p>\n","protected":false},"excerpt":{"rendered":"<p>Do you think a really good amateur cycling enthusiast could win a stage at the Tour de France? How many [&hellip;]<\/p>\n","protected":false},"author":12,"featured_media":160707,"comment_status":"open","ping_status":"open","sticky":false,"template":"","format":"standard","meta":{"footnotes":""},"categories":[329],"tags":[413,410,845,433],"global-categories":[],"class_list":["post-160703","post","type-post","status-publish","format-standard","has-post-thumbnail","hentry","category-road-cycling","tag-letape","tag-letape-du-tour","tag-tdf","tag-tour-de-france"],"yoast_head":"<!-- This site is optimized with the Yoast SEO Premium plugin v25.3 (Yoast SEO v25.9) - https:\/\/yoast.com\/wordpress\/plugins\/seo\/ -->\n<title>Can Amateurs Hang with the Tour de France Pro Peloton? - \u0160koda We Love Cycling<\/title>\n<meta name=\"description\" content=\"Do you think a really good amateur cycling enthusiast could win a stage at the Tour de France? How many watts do the best of best maintain over a hard\" \/>\n<meta name=\"robots\" content=\"index, follow, max-snippet:-1, max-image-preview:large, max-video-preview:-1\" \/>\n<link rel=\"canonical\" href=\"https:\/\/www.welovecycling.com\/wide\/2017\/08\/01\/can-amateurs-hang-tour-de-france-pro-peloton\/\" \/>\n<meta property=\"og:locale\" content=\"en_US\" \/>\n<meta property=\"og:type\" content=\"article\" \/>\n<meta property=\"og:title\" content=\"Can Amateurs Hang with the Tour de France Pro Peloton?\" \/>\n<meta property=\"og:description\" content=\"Do you think a really good amateur cycling enthusiast could win a stage at the Tour de France? How many watts do the best of best maintain over a hard\" \/>\n<meta property=\"og:url\" content=\"https:\/\/www.welovecycling.com\/wide\/2017\/08\/01\/can-amateurs-hang-tour-de-france-pro-peloton\/\" \/>\n<meta property=\"og:site_name\" content=\"\u0160koda We Love Cycling\" \/>\n<meta property=\"article:published_time\" content=\"2017-08-01T09:13:41+00:00\" \/>\n<meta property=\"article:modified_time\" content=\"2017-08-01T12:21:29+00:00\" \/>\n<meta name=\"twitter:card\" content=\"summary_large_image\" \/>\n<meta name=\"twitter:image\" content=\"https:\/\/d2p6e6u75xmxt8.cloudfront.net\/2\/2017\/07\/profimedia-0342846405jpg.webp\" \/>\n<meta name=\"twitter:label1\" content=\"Written by\" \/>\n\t<meta name=\"twitter:data1\" content=\"WeLoveCycling\" \/>\n\t<meta name=\"twitter:label2\" content=\"Est. reading time\" \/>\n\t<meta name=\"twitter:data2\" content=\"4 minutes\" \/>\n<script type=\"application\/ld+json\" class=\"yoast-schema-graph\">{\"@context\":\"https:\/\/schema.org\",\"@graph\":[{\"@type\":\"WebPage\",\"@id\":\"https:\/\/www.welovecycling.com\/wide\/2017\/08\/01\/can-amateurs-hang-tour-de-france-pro-peloton\/\",\"url\":\"https:\/\/www.welovecycling.com\/wide\/2017\/08\/01\/can-amateurs-hang-tour-de-france-pro-peloton\/\",\"name\":\"Can Amateurs Hang with the Tour de France Pro Peloton? - \u0160koda We Love Cycling\",\"isPartOf\":{\"@id\":\"https:\/\/www.welovecycling.com\/wide\/#website\"},\"primaryImageOfPage\":{\"@id\":\"https:\/\/www.welovecycling.com\/wide\/2017\/08\/01\/can-amateurs-hang-tour-de-france-pro-peloton\/#primaryimage\"},\"image\":{\"@id\":\"https:\/\/www.welovecycling.com\/wide\/2017\/08\/01\/can-amateurs-hang-tour-de-france-pro-peloton\/#primaryimage\"},\"thumbnailUrl\":\"https:\/\/d2p6e6u75xmxt8.cloudfront.net\/2\/2017\/07\/profimedia-0342846405jpg.webp\",\"datePublished\":\"2017-08-01T09:13:41+00:00\",\"dateModified\":\"2017-08-01T12:21:29+00:00\",\"author\":{\"@id\":\"\"},\"description\":\"Do you think a really good amateur cycling enthusiast could win a stage at the Tour de France? How many watts do the best of best maintain over a hard\",\"breadcrumb\":{\"@id\":\"https:\/\/www.welovecycling.com\/wide\/2017\/08\/01\/can-amateurs-hang-tour-de-france-pro-peloton\/#breadcrumb\"},\"inLanguage\":\"en-US\",\"potentialAction\":[{\"@type\":\"ReadAction\",\"target\":[\"https:\/\/www.welovecycling.com\/wide\/2017\/08\/01\/can-amateurs-hang-tour-de-france-pro-peloton\/\"]}]},{\"@type\":\"ImageObject\",\"inLanguage\":\"en-US\",\"@id\":\"https:\/\/www.welovecycling.com\/wide\/2017\/08\/01\/can-amateurs-hang-tour-de-france-pro-peloton\/#primaryimage\",\"url\":\"https:\/\/d2p6e6u75xmxt8.cloudfront.net\/2\/2017\/07\/profimedia-0342846405jpg.webp\",\"contentUrl\":\"https:\/\/d2p6e6u75xmxt8.cloudfront.net\/2\/2017\/07\/profimedia-0342846405jpg.webp\",\"width\":1178,\"height\":785},{\"@type\":\"BreadcrumbList\",\"@id\":\"https:\/\/www.welovecycling.com\/wide\/2017\/08\/01\/can-amateurs-hang-tour-de-france-pro-peloton\/#breadcrumb\",\"itemListElement\":[{\"@type\":\"ListItem\",\"position\":1,\"name\":\"Home\",\"item\":\"https:\/\/www.welovecycling.com\/wide\/\"},{\"@type\":\"ListItem\",\"position\":2,\"name\":\"Can Amateurs Hang with the Tour de France Pro Peloton?\"}]},{\"@type\":\"WebSite\",\"@id\":\"https:\/\/www.welovecycling.com\/wide\/#website\",\"url\":\"https:\/\/www.welovecycling.com\/wide\/\",\"name\":\"\u0160koda We Love Cycling\",\"description\":\"\u0160koda We Love Cycling magazine\",\"alternateName\":\"\u0160koda WLC\",\"potentialAction\":[{\"@type\":\"SearchAction\",\"target\":{\"@type\":\"EntryPoint\",\"urlTemplate\":\"https:\/\/www.welovecycling.com\/wide\/?s={search_term_string}\"},\"query-input\":{\"@type\":\"PropertyValueSpecification\",\"valueRequired\":true,\"valueName\":\"search_term_string\"}}],\"inLanguage\":\"en-US\"},{\"@type\":\"Person\",\"@id\":\"\",\"url\":\"https:\/\/www.welovecycling.com\/wide\/author\/\"}]}<\/script>\n<!-- \/ Yoast SEO Premium plugin. -->","yoast_head_json":{"title":"Can Amateurs Hang with the Tour de France Pro Peloton? - \u0160koda We Love Cycling","description":"Do you think a really good amateur cycling enthusiast could win a stage at the Tour de France? How many watts do the best of best maintain over a hard","robots":{"index":"index","follow":"follow","max-snippet":"max-snippet:-1","max-image-preview":"max-image-preview:large","max-video-preview":"max-video-preview:-1"},"canonical":"https:\/\/www.welovecycling.com\/wide\/2017\/08\/01\/can-amateurs-hang-tour-de-france-pro-peloton\/","og_locale":"en_US","og_type":"article","og_title":"Can Amateurs Hang with the Tour de France Pro Peloton?","og_description":"Do you think a really good amateur cycling enthusiast could win a stage at the Tour de France? How many watts do the best of best maintain over a hard","og_url":"https:\/\/www.welovecycling.com\/wide\/2017\/08\/01\/can-amateurs-hang-tour-de-france-pro-peloton\/","og_site_name":"\u0160koda We Love Cycling","article_published_time":"2017-08-01T09:13:41+00:00","article_modified_time":"2017-08-01T12:21:29+00:00","twitter_card":"summary_large_image","twitter_image":"https:\/\/d2p6e6u75xmxt8.cloudfront.net\/2\/2017\/07\/profimedia-0342846405jpg.webp","twitter_misc":{"Written by":"WeLoveCycling","Est. reading time":"4 minutes"},"schema":{"@context":"https:\/\/schema.org","@graph":[{"@type":"WebPage","@id":"https:\/\/www.welovecycling.com\/wide\/2017\/08\/01\/can-amateurs-hang-tour-de-france-pro-peloton\/","url":"https:\/\/www.welovecycling.com\/wide\/2017\/08\/01\/can-amateurs-hang-tour-de-france-pro-peloton\/","name":"Can Amateurs Hang with the Tour de France Pro Peloton? - \u0160koda We Love Cycling","isPartOf":{"@id":"https:\/\/www.welovecycling.com\/wide\/#website"},"primaryImageOfPage":{"@id":"https:\/\/www.welovecycling.com\/wide\/2017\/08\/01\/can-amateurs-hang-tour-de-france-pro-peloton\/#primaryimage"},"image":{"@id":"https:\/\/www.welovecycling.com\/wide\/2017\/08\/01\/can-amateurs-hang-tour-de-france-pro-peloton\/#primaryimage"},"thumbnailUrl":"https:\/\/d2p6e6u75xmxt8.cloudfront.net\/2\/2017\/07\/profimedia-0342846405jpg.webp","datePublished":"2017-08-01T09:13:41+00:00","dateModified":"2017-08-01T12:21:29+00:00","author":{"@id":""},"description":"Do you think a really good amateur cycling enthusiast could win a stage at the Tour de France? How many watts do the best of best maintain over a hard","breadcrumb":{"@id":"https:\/\/www.welovecycling.com\/wide\/2017\/08\/01\/can-amateurs-hang-tour-de-france-pro-peloton\/#breadcrumb"},"inLanguage":"en-US","potentialAction":[{"@type":"ReadAction","target":["https:\/\/www.welovecycling.com\/wide\/2017\/08\/01\/can-amateurs-hang-tour-de-france-pro-peloton\/"]}]},{"@type":"ImageObject","inLanguage":"en-US","@id":"https:\/\/www.welovecycling.com\/wide\/2017\/08\/01\/can-amateurs-hang-tour-de-france-pro-peloton\/#primaryimage","url":"https:\/\/d2p6e6u75xmxt8.cloudfront.net\/2\/2017\/07\/profimedia-0342846405jpg.webp","contentUrl":"https:\/\/d2p6e6u75xmxt8.cloudfront.net\/2\/2017\/07\/profimedia-0342846405jpg.webp","width":1178,"height":785},{"@type":"BreadcrumbList","@id":"https:\/\/www.welovecycling.com\/wide\/2017\/08\/01\/can-amateurs-hang-tour-de-france-pro-peloton\/#breadcrumb","itemListElement":[{"@type":"ListItem","position":1,"name":"Home","item":"https:\/\/www.welovecycling.com\/wide\/"},{"@type":"ListItem","position":2,"name":"Can Amateurs Hang with the Tour de France Pro Peloton?"}]},{"@type":"WebSite","@id":"https:\/\/www.welovecycling.com\/wide\/#website","url":"https:\/\/www.welovecycling.com\/wide\/","name":"\u0160koda We Love Cycling","description":"\u0160koda We Love Cycling magazine","alternateName":"\u0160koda WLC","potentialAction":[{"@type":"SearchAction","target":{"@type":"EntryPoint","urlTemplate":"https:\/\/www.welovecycling.com\/wide\/?s={search_term_string}"},"query-input":{"@type":"PropertyValueSpecification","valueRequired":true,"valueName":"search_term_string"}}],"inLanguage":"en-US"},{"@type":"Person","@id":"","url":"https:\/\/www.welovecycling.com\/wide\/author\/"}]}},"_links":{"self":[{"href":"https:\/\/www.welovecycling.com\/wide\/wp-json\/wp\/v2\/posts\/160703","targetHints":{"allow":["GET"]}}],"collection":[{"href":"https:\/\/www.welovecycling.com\/wide\/wp-json\/wp\/v2\/posts"}],"about":[{"href":"https:\/\/www.welovecycling.com\/wide\/wp-json\/wp\/v2\/types\/post"}],"author":[{"embeddable":true,"href":"https:\/\/www.welovecycling.com\/wide\/wp-json\/wp\/v2\/users\/12"}],"replies":[{"embeddable":true,"href":"https:\/\/www.welovecycling.com\/wide\/wp-json\/wp\/v2\/comments?post=160703"}],"version-history":[{"count":2,"href":"https:\/\/www.welovecycling.com\/wide\/wp-json\/wp\/v2\/posts\/160703\/revisions"}],"predecessor-version":[{"id":160767,"href":"https:\/\/www.welovecycling.com\/wide\/wp-json\/wp\/v2\/posts\/160703\/revisions\/160767"}],"wp:featuredmedia":[{"embeddable":true,"href":"https:\/\/www.welovecycling.com\/wide\/wp-json\/wp\/v2\/media\/160707"}],"wp:attachment":[{"href":"https:\/\/www.welovecycling.com\/wide\/wp-json\/wp\/v2\/media?parent=160703"}],"wp:term":[{"taxonomy":"category","embeddable":true,"href":"https:\/\/www.welovecycling.com\/wide\/wp-json\/wp\/v2\/categories?post=160703"},{"taxonomy":"post_tag","embeddable":true,"href":"https:\/\/www.welovecycling.com\/wide\/wp-json\/wp\/v2\/tags?post=160703"},{"taxonomy":"global-categories","embeddable":true,"href":"https:\/\/www.welovecycling.com\/wide\/wp-json\/wp\/v2\/global-categories?post=160703"}],"curies":[{"name":"wp","href":"https:\/\/api.w.org\/{rel}","templated":true}]}}