{"id":160603,"date":"2017-07-24T10:47:02","date_gmt":"2017-07-24T10:47:02","guid":{"rendered":"https:\/\/www.welovecycling.com\/wide\/?p=160603"},"modified":"2017-07-24T10:47:19","modified_gmt":"2017-07-24T10:47:19","slug":"tour-de-france-2017-chris-froome-gets-historic-fourth-victory","status":"publish","type":"post","link":"https:\/\/www.welovecycling.com\/wide\/2017\/07\/24\/tour-de-france-2017-chris-froome-gets-historic-fourth-victory\/","title":{"rendered":"Tour de France 2017: Chris Froome Gets the Historic Fourth Victory"},"content":{"rendered":"<p><strong>After officially re-opening the Tom Simpson memorial 50 years later, the absence of Mont Ventoux was a tactful decision by race organisers. Instead, Le Tour 2017 was a celebration of new and emerging talent, as well as an awesome display of power from Team Sky.<\/strong><br \/>\n<!--more--><\/p>\n<h2><strong>Fresh blood fills the gap<\/strong><\/h2>\n<p>Whatever your opinion of that elbow, and Sagan\u2019s subsequent dismissal from Le Tour, it was a shame to see Cavendish crash out of the race. Porte\u2019s crash was thankfully just short of a real tragedy &#8211; but not by much. We wish Porte a speedy recovery from a crash that\u2019s a timely reminder of the risks Le Tour cyclists endure.<\/p>\n<div class=\"shortcode-ys-post-pinup\"><article class=\"loop-simple post-155973 post type-post status-publish format-gallery has-post-thumbnail hentry category-road-cycling tag-tdf tag-tdf-2017 tag-tour-de-france-2017 post_format-post-format-gallery\" data-postid=\"155973\" role=\"article\" data-post-id=\"155973\" data-word-count=\"190\" data-headline-length=\"88\" data-category=\"Road cycling\" data-author=\"Monica Buck\" data-published=\"2017-06-30T14:24:42+00:00\" data-published-day=\"Friday\">\n    <div class=\"entry-thumbnail article-thumbnail\" content=\"https:\/\/d2p6e6u75xmxt8.cloudfront.net\/2\/2017\/06\/Untitled-collage-7-150x150.webp\"><a href=\"https:\/\/www.welovecycling.com\/wide\/2017\/06\/30\/tour-de-france-back-day-check-10-historical-photographs-grande-boucle\/\" class=\"image-holder\" target=\"_self\"><img decoding=\"async\" loading=\"lazy\" class=\"\" src=\"https:\/\/d2p6e6u75xmxt8.cloudfront.net\/2\/2017\/06\/Untitled-collage-7-1024x682.webp\" srcset=\"https:\/\/d2p6e6u75xmxt8.cloudfront.net\/2\/2017\/06\/Untitled-collage-7.webp 1178w, https:\/\/d2p6e6u75xmxt8.cloudfront.net\/2\/2017\/06\/Untitled-collage-7-300x200.webp 300w, https:\/\/d2p6e6u75xmxt8.cloudfront.net\/2\/2017\/06\/Untitled-collage-7-1024x682.webp 1024w, https:\/\/d2p6e6u75xmxt8.cloudfront.net\/2\/2017\/06\/Untitled-collage-7-768x512.webp 768w, https:\/\/d2p6e6u75xmxt8.cloudfront.net\/2\/2017\/06\/Untitled-collage-7-272x182.webp 272w\" width=\"1024\" height=\"682\" sizes=\"auto, (min-width: 1200px) 300px, (min-width: 768px) 25vw, 100vw\" alt=\"tour-de-france-back-day-check-10-historical-photographs-grande-boucle\"\/><\/a><\/div>    <div class=\"entry-meta\">\n        <a class=\"label label-secondary post-category\" href=\"https:\/\/www.welovecycling.com\/wide\/category\/road-cycling\/\" title=\"Road cycling\">Road cycling<\/a>\n    <\/div>\n    <div class=\"entry-details\">\n        <a href=\"https:\/\/www.welovecycling.com\/wide\/2017\/06\/30\/tour-de-france-back-day-check-10-historical-photographs-grande-boucle\/\" class='entry-title-wrapper'>\n            <h3 class=\"entry-title\"><span>Tour de France Back in the Day: Check Out 10 Historical Photographs of the Grande Boucle<\/span><\/h3>\n        <\/a>\n    <\/div>\n    <\/article>\n<\/div>\n<p>In the absence of big personalities, it was impressive to see the range of talent emerging from the peloton. Robert Gesink crashing out could have been catastrophic for his team\u2019s strategy, but no doubt Lotto-JumboNL were delighted with Primoz Roglic\u2019s stage win in Serre-Chevalier \u2013 not to mention Groenwegen\u2019s stunning victory in Paris.<\/p>\n<h2><strong>Finally, the French have some heroes<\/strong><\/h2>\n<p>One of my favourite moments of Le Tour was watching Direct Energie\u2019s resident young gun, Lilian Clamejane, stamp his mark on the race with a sublime solo effort that won him stage 8. Lotto-JumboNL\u2019s Gesink tried in vain to hunt down the 24-year old who buried himself so deep he had to work on cramping out his muscles in the closing kilometres.<\/p>\n<figure id=\"attachment_160604\" aria-describedby=\"caption-attachment-160604\" style=\"width: 1800px\" class=\"wp-caption alignnone\"><a href=\"https:\/\/d2p6e6u75xmxt8.cloudfront.net\/2\/2017\/07\/profimedia-0342487155.jpg\"><img loading=\"lazy\" decoding=\"async\" class=\"size-full wp-image-160604\" src=\"https:\/\/d2p6e6u75xmxt8.cloudfront.net\/2\/2017\/07\/profimedia-0342487155.jpg\" alt=\"\" width=\"1800\" height=\"1200\" \/><\/a><figcaption id=\"caption-attachment-160604\" class=\"wp-caption-text\">Warren Barguil gestures prior to the 18th stage between Briancon and Izoard, France, 20 July 2017.<\/figcaption><\/figure>\n<p>Warren Barguil is the name that France, and many cycle-fans beyond the border, will take to their hearts. Stage 13 coincided with Bastille day and Barguil made sure the Tricoleur flew proudly with his monumental effort into Foix. Team Sky did their best to mark him, but Barguil\u2019s aggressive countenance saw him win the King of the Mountains jersey \u2013 as well as the Super-Combative.<\/p>\n<h2><strong>Froome isn\u2019t invincible<\/strong><\/h2>\n<p>About 1 km from the end of stage 5, I told a colleague that there was no chance that any cyclist could take significant time out of Froome\u2019s lead given that Team Sky had made such a mockery of BMC\u2019s high pace throughout the day. Just 750 m later, Aru had me cheering and shouting at the TV screen.<\/p>\n<div class=\"shortcode-ys-post-pinup\"><article class=\"loop-simple post-152239 post type-post status-publish format-standard has-post-thumbnail hentry category-road-cycling tag-tdf-2017 tag-tour-de-france-2017\" data-postid=\"152239\" role=\"article\" data-post-id=\"152239\" data-word-count=\"368\" data-headline-length=\"29\" data-category=\"Road cycling\" data-author=\"WeLoveCycling\" data-published=\"2017-06-28T07:30:39+00:00\" data-published-day=\"Wednesday\">\n    <div class=\"entry-thumbnail article-thumbnail\" content=\"https:\/\/d2p6e6u75xmxt8.cloudfront.net\/2\/2017\/06\/profimedia-0293242330-cover-150x150.webp\"><a href=\"https:\/\/www.welovecycling.com\/wide\/2017\/06\/28\/cars-le-tour-de-france\/\" class=\"image-holder\" target=\"_self\"><img decoding=\"async\" loading=\"lazy\" class=\"\" src=\"https:\/\/d2p6e6u75xmxt8.cloudfront.net\/2\/2017\/06\/profimedia-0293242330-cover-1024x682.webp\" srcset=\"https:\/\/d2p6e6u75xmxt8.cloudfront.net\/2\/2017\/06\/profimedia-0293242330-cover.webp 1178w, https:\/\/d2p6e6u75xmxt8.cloudfront.net\/2\/2017\/06\/profimedia-0293242330-cover-300x200.webp 300w, https:\/\/d2p6e6u75xmxt8.cloudfront.net\/2\/2017\/06\/profimedia-0293242330-cover-1024x682.webp 1024w, https:\/\/d2p6e6u75xmxt8.cloudfront.net\/2\/2017\/06\/profimedia-0293242330-cover-768x512.webp 768w, https:\/\/d2p6e6u75xmxt8.cloudfront.net\/2\/2017\/06\/profimedia-0293242330-cover-272x182.webp 272w\" width=\"1024\" height=\"682\" sizes=\"auto, (min-width: 1200px) 300px, (min-width: 768px) 25vw, 100vw\" alt=\"cars-le-tour-de-france\"\/><\/a><\/div>    <div class=\"entry-meta\">\n        <a class=\"label label-secondary post-category\" href=\"https:\/\/www.welovecycling.com\/wide\/category\/road-cycling\/\" title=\"Road cycling\">Road cycling<\/a>\n    <\/div>\n    <div class=\"entry-details\">\n        <a href=\"https:\/\/www.welovecycling.com\/wide\/2017\/06\/28\/cars-le-tour-de-france\/\" class='entry-title-wrapper'>\n            <h3 class=\"entry-title\"><span>The Cars of Le Tour de France<\/span><\/h3>\n        <\/a>\n    <\/div>\n    <\/article>\n<\/div>\n<p>You may excuse Froome for feeling under the weather, but we must give credit where it\u2019s due. Fabio Aru smelled weakness and his devastating attack took 20 seconds out of Froome\u2019s lead. Team Sky were rattled and by stage 7, Aru was wearing yellow.<\/p>\n<h2><strong>Attack is the best form of defence<\/strong><\/h2>\n<p>Team Sky, however, were relentless &#8211; and as much as we should admire Froome\u2019s undeniable talent, we should also take time to celebrate the efforts of Luke Rowe, Kiryienka, Kwiatowski, Nieve, and Henao, to name just a few.<\/p>\n<figure id=\"attachment_160606\" aria-describedby=\"caption-attachment-160606\" style=\"width: 1800px\" class=\"wp-caption alignnone\"><a href=\"https:\/\/d2p6e6u75xmxt8.cloudfront.net\/2\/2017\/07\/profimedia-0342809414-1.jpg\"><img loading=\"lazy\" decoding=\"async\" class=\"size-full wp-image-160606\" src=\"https:\/\/d2p6e6u75xmxt8.cloudfront.net\/2\/2017\/07\/profimedia-0342809414-1.jpg\" alt=\"\" width=\"1800\" height=\"1343\" \/><\/a><figcaption id=\"caption-attachment-160606\" class=\"wp-caption-text\">Members of Team Sky celebrate on the presentation podium after winning the team award.<\/figcaption><\/figure>\n<p>In Mikel Landa, Froome has a powerful lieutenant and there are strong arguments to suggest Sky could have had at least two riders on the yellow jersey podium had Geraint Thomas\u2019s race not ended in misfortune.<\/p>\n<p>High tempo cycling by Team Sky made an attack a daunting prospect for their rivals &#8211; other teams will need a serious rethink of their long-term strategy if they\u2019re to loosen the grip of Froome\u2019s uber-team on Le Tour next year.<\/p>\n","protected":false},"excerpt":{"rendered":"<p>After officially re-opening the Tom Simpson memorial 50 years later, the absence of Mont Ventoux was a tactful decision by [&hellip;]<\/p>\n","protected":false},"author":12,"featured_media":160607,"comment_status":"open","ping_status":"open","sticky":false,"template":"","format":"standard","meta":{"footnotes":""},"categories":[329],"tags":[1217,845,1169],"global-categories":[],"class_list":["post-160603","post","type-post","status-publish","format-standard","has-post-thumbnail","hentry","category-road-cycling","tag-christopher-froome","tag-tdf","tag-tour-de-france-2017"],"yoast_head":"<!-- This site is optimized with the Yoast SEO Premium plugin v25.3 (Yoast SEO v25.9) - https:\/\/yoast.com\/wordpress\/plugins\/seo\/ -->\n<title>Tour de France 2017: Chris Froome Gets the Historic Fourth Victory - \u0160koda We Love Cycling<\/title>\n<meta name=\"description\" content=\"After officially re-opening the Tom Simpson memorial 50 years later, the absence of Mont Ventoux was a tactful decision by race organisers. Instead, Le\" \/>\n<meta name=\"robots\" content=\"index, follow, max-snippet:-1, max-image-preview:large, max-video-preview:-1\" \/>\n<link rel=\"canonical\" href=\"https:\/\/www.welovecycling.com\/wide\/2017\/07\/24\/tour-de-france-2017-chris-froome-gets-historic-fourth-victory\/\" \/>\n<meta property=\"og:locale\" content=\"en_US\" \/>\n<meta property=\"og:type\" content=\"article\" \/>\n<meta property=\"og:title\" content=\"Tour de France 2017: Chris Froome Gets the Historic Fourth Victory\" \/>\n<meta property=\"og:description\" content=\"After officially re-opening the Tom Simpson memorial 50 years later, the absence of Mont Ventoux was a tactful decision by race organisers. Instead, Le\" \/>\n<meta property=\"og:url\" content=\"https:\/\/www.welovecycling.com\/wide\/2017\/07\/24\/tour-de-france-2017-chris-froome-gets-historic-fourth-victory\/\" \/>\n<meta property=\"og:site_name\" content=\"\u0160koda We Love Cycling\" \/>\n<meta property=\"article:published_time\" content=\"2017-07-24T10:47:02+00:00\" \/>\n<meta property=\"article:modified_time\" content=\"2017-07-24T10:47:19+00:00\" \/>\n<meta property=\"og:image\" content=\"https:\/\/d2p6e6u75xmxt8.cloudfront.net\/2\/2017\/07\/profimedia-0342801950jpg.webp\" \/>\n\t<meta property=\"og:image:width\" content=\"1178\" \/>\n\t<meta property=\"og:image:height\" content=\"785\" \/>\n\t<meta property=\"og:image:type\" content=\"image\/webp\" \/>\n<meta name=\"twitter:card\" content=\"summary_large_image\" \/>\n<meta name=\"twitter:label1\" content=\"Written by\" \/>\n\t<meta name=\"twitter:data1\" content=\"WeLoveCycling\" \/>\n\t<meta name=\"twitter:label2\" content=\"Est. reading time\" \/>\n\t<meta name=\"twitter:data2\" content=\"3 minutes\" \/>\n<script type=\"application\/ld+json\" class=\"yoast-schema-graph\">{\"@context\":\"https:\/\/schema.org\",\"@graph\":[{\"@type\":\"WebPage\",\"@id\":\"https:\/\/www.welovecycling.com\/wide\/2017\/07\/24\/tour-de-france-2017-chris-froome-gets-historic-fourth-victory\/\",\"url\":\"https:\/\/www.welovecycling.com\/wide\/2017\/07\/24\/tour-de-france-2017-chris-froome-gets-historic-fourth-victory\/\",\"name\":\"Tour de France 2017: Chris Froome Gets the Historic Fourth Victory - \u0160koda We Love Cycling\",\"isPartOf\":{\"@id\":\"https:\/\/www.welovecycling.com\/wide\/#website\"},\"primaryImageOfPage\":{\"@id\":\"https:\/\/www.welovecycling.com\/wide\/2017\/07\/24\/tour-de-france-2017-chris-froome-gets-historic-fourth-victory\/#primaryimage\"},\"image\":{\"@id\":\"https:\/\/www.welovecycling.com\/wide\/2017\/07\/24\/tour-de-france-2017-chris-froome-gets-historic-fourth-victory\/#primaryimage\"},\"thumbnailUrl\":\"https:\/\/d2p6e6u75xmxt8.cloudfront.net\/2\/2017\/07\/profimedia-0342801950jpg.webp\",\"datePublished\":\"2017-07-24T10:47:02+00:00\",\"dateModified\":\"2017-07-24T10:47:19+00:00\",\"author\":{\"@id\":\"\"},\"description\":\"After officially re-opening the Tom Simpson memorial 50 years later, the absence of Mont Ventoux was a tactful decision by race organisers. Instead, Le\",\"breadcrumb\":{\"@id\":\"https:\/\/www.welovecycling.com\/wide\/2017\/07\/24\/tour-de-france-2017-chris-froome-gets-historic-fourth-victory\/#breadcrumb\"},\"inLanguage\":\"en-US\",\"potentialAction\":[{\"@type\":\"ReadAction\",\"target\":[\"https:\/\/www.welovecycling.com\/wide\/2017\/07\/24\/tour-de-france-2017-chris-froome-gets-historic-fourth-victory\/\"]}]},{\"@type\":\"ImageObject\",\"inLanguage\":\"en-US\",\"@id\":\"https:\/\/www.welovecycling.com\/wide\/2017\/07\/24\/tour-de-france-2017-chris-froome-gets-historic-fourth-victory\/#primaryimage\",\"url\":\"https:\/\/d2p6e6u75xmxt8.cloudfront.net\/2\/2017\/07\/profimedia-0342801950jpg.webp\",\"contentUrl\":\"https:\/\/d2p6e6u75xmxt8.cloudfront.net\/2\/2017\/07\/profimedia-0342801950jpg.webp\",\"width\":1178,\"height\":785},{\"@type\":\"BreadcrumbList\",\"@id\":\"https:\/\/www.welovecycling.com\/wide\/2017\/07\/24\/tour-de-france-2017-chris-froome-gets-historic-fourth-victory\/#breadcrumb\",\"itemListElement\":[{\"@type\":\"ListItem\",\"position\":1,\"name\":\"Home\",\"item\":\"https:\/\/www.welovecycling.com\/wide\/\"},{\"@type\":\"ListItem\",\"position\":2,\"name\":\"Tour de France 2017: Chris Froome Gets the Historic Fourth Victory\"}]},{\"@type\":\"WebSite\",\"@id\":\"https:\/\/www.welovecycling.com\/wide\/#website\",\"url\":\"https:\/\/www.welovecycling.com\/wide\/\",\"name\":\"\u0160koda We Love Cycling\",\"description\":\"\u0160koda We Love Cycling magazine\",\"alternateName\":\"\u0160koda WLC\",\"potentialAction\":[{\"@type\":\"SearchAction\",\"target\":{\"@type\":\"EntryPoint\",\"urlTemplate\":\"https:\/\/www.welovecycling.com\/wide\/?s={search_term_string}\"},\"query-input\":{\"@type\":\"PropertyValueSpecification\",\"valueRequired\":true,\"valueName\":\"search_term_string\"}}],\"inLanguage\":\"en-US\"},{\"@type\":\"Person\",\"@id\":\"\",\"url\":\"https:\/\/www.welovecycling.com\/wide\/author\/\"}]}<\/script>\n<!-- \/ Yoast SEO Premium plugin. -->","yoast_head_json":{"title":"Tour de France 2017: Chris Froome Gets the Historic Fourth Victory - \u0160koda We Love Cycling","description":"After officially re-opening the Tom Simpson memorial 50 years later, the absence of Mont Ventoux was a tactful decision by race organisers. Instead, Le","robots":{"index":"index","follow":"follow","max-snippet":"max-snippet:-1","max-image-preview":"max-image-preview:large","max-video-preview":"max-video-preview:-1"},"canonical":"https:\/\/www.welovecycling.com\/wide\/2017\/07\/24\/tour-de-france-2017-chris-froome-gets-historic-fourth-victory\/","og_locale":"en_US","og_type":"article","og_title":"Tour de France 2017: Chris Froome Gets the Historic Fourth Victory","og_description":"After officially re-opening the Tom Simpson memorial 50 years later, the absence of Mont Ventoux was a tactful decision by race organisers. Instead, Le","og_url":"https:\/\/www.welovecycling.com\/wide\/2017\/07\/24\/tour-de-france-2017-chris-froome-gets-historic-fourth-victory\/","og_site_name":"\u0160koda We Love Cycling","article_published_time":"2017-07-24T10:47:02+00:00","article_modified_time":"2017-07-24T10:47:19+00:00","og_image":[{"width":1178,"height":785,"url":"https:\/\/d2p6e6u75xmxt8.cloudfront.net\/2\/2017\/07\/profimedia-0342801950jpg.webp","type":"image\/webp"}],"twitter_card":"summary_large_image","twitter_misc":{"Written by":"WeLoveCycling","Est. reading time":"3 minutes"},"schema":{"@context":"https:\/\/schema.org","@graph":[{"@type":"WebPage","@id":"https:\/\/www.welovecycling.com\/wide\/2017\/07\/24\/tour-de-france-2017-chris-froome-gets-historic-fourth-victory\/","url":"https:\/\/www.welovecycling.com\/wide\/2017\/07\/24\/tour-de-france-2017-chris-froome-gets-historic-fourth-victory\/","name":"Tour de France 2017: Chris Froome Gets the Historic Fourth Victory - \u0160koda We Love Cycling","isPartOf":{"@id":"https:\/\/www.welovecycling.com\/wide\/#website"},"primaryImageOfPage":{"@id":"https:\/\/www.welovecycling.com\/wide\/2017\/07\/24\/tour-de-france-2017-chris-froome-gets-historic-fourth-victory\/#primaryimage"},"image":{"@id":"https:\/\/www.welovecycling.com\/wide\/2017\/07\/24\/tour-de-france-2017-chris-froome-gets-historic-fourth-victory\/#primaryimage"},"thumbnailUrl":"https:\/\/d2p6e6u75xmxt8.cloudfront.net\/2\/2017\/07\/profimedia-0342801950jpg.webp","datePublished":"2017-07-24T10:47:02+00:00","dateModified":"2017-07-24T10:47:19+00:00","author":{"@id":""},"description":"After officially re-opening the Tom Simpson memorial 50 years later, the absence of Mont Ventoux was a tactful decision by race organisers. Instead, Le","breadcrumb":{"@id":"https:\/\/www.welovecycling.com\/wide\/2017\/07\/24\/tour-de-france-2017-chris-froome-gets-historic-fourth-victory\/#breadcrumb"},"inLanguage":"en-US","potentialAction":[{"@type":"ReadAction","target":["https:\/\/www.welovecycling.com\/wide\/2017\/07\/24\/tour-de-france-2017-chris-froome-gets-historic-fourth-victory\/"]}]},{"@type":"ImageObject","inLanguage":"en-US","@id":"https:\/\/www.welovecycling.com\/wide\/2017\/07\/24\/tour-de-france-2017-chris-froome-gets-historic-fourth-victory\/#primaryimage","url":"https:\/\/d2p6e6u75xmxt8.cloudfront.net\/2\/2017\/07\/profimedia-0342801950jpg.webp","contentUrl":"https:\/\/d2p6e6u75xmxt8.cloudfront.net\/2\/2017\/07\/profimedia-0342801950jpg.webp","width":1178,"height":785},{"@type":"BreadcrumbList","@id":"https:\/\/www.welovecycling.com\/wide\/2017\/07\/24\/tour-de-france-2017-chris-froome-gets-historic-fourth-victory\/#breadcrumb","itemListElement":[{"@type":"ListItem","position":1,"name":"Home","item":"https:\/\/www.welovecycling.com\/wide\/"},{"@type":"ListItem","position":2,"name":"Tour de France 2017: Chris Froome Gets the Historic Fourth Victory"}]},{"@type":"WebSite","@id":"https:\/\/www.welovecycling.com\/wide\/#website","url":"https:\/\/www.welovecycling.com\/wide\/","name":"\u0160koda We Love Cycling","description":"\u0160koda We Love Cycling magazine","alternateName":"\u0160koda WLC","potentialAction":[{"@type":"SearchAction","target":{"@type":"EntryPoint","urlTemplate":"https:\/\/www.welovecycling.com\/wide\/?s={search_term_string}"},"query-input":{"@type":"PropertyValueSpecification","valueRequired":true,"valueName":"search_term_string"}}],"inLanguage":"en-US"},{"@type":"Person","@id":"","url":"https:\/\/www.welovecycling.com\/wide\/author\/"}]}},"_links":{"self":[{"href":"https:\/\/www.welovecycling.com\/wide\/wp-json\/wp\/v2\/posts\/160603","targetHints":{"allow":["GET"]}}],"collection":[{"href":"https:\/\/www.welovecycling.com\/wide\/wp-json\/wp\/v2\/posts"}],"about":[{"href":"https:\/\/www.welovecycling.com\/wide\/wp-json\/wp\/v2\/types\/post"}],"author":[{"embeddable":true,"href":"https:\/\/www.welovecycling.com\/wide\/wp-json\/wp\/v2\/users\/12"}],"replies":[{"embeddable":true,"href":"https:\/\/www.welovecycling.com\/wide\/wp-json\/wp\/v2\/comments?post=160603"}],"version-history":[{"count":1,"href":"https:\/\/www.welovecycling.com\/wide\/wp-json\/wp\/v2\/posts\/160603\/revisions"}],"predecessor-version":[{"id":160608,"href":"https:\/\/www.welovecycling.com\/wide\/wp-json\/wp\/v2\/posts\/160603\/revisions\/160608"}],"wp:featuredmedia":[{"embeddable":true,"href":"https:\/\/www.welovecycling.com\/wide\/wp-json\/wp\/v2\/media\/160607"}],"wp:attachment":[{"href":"https:\/\/www.welovecycling.com\/wide\/wp-json\/wp\/v2\/media?parent=160603"}],"wp:term":[{"taxonomy":"category","embeddable":true,"href":"https:\/\/www.welovecycling.com\/wide\/wp-json\/wp\/v2\/categories?post=160603"},{"taxonomy":"post_tag","embeddable":true,"href":"https:\/\/www.welovecycling.com\/wide\/wp-json\/wp\/v2\/tags?post=160603"},{"taxonomy":"global-categories","embeddable":true,"href":"https:\/\/www.welovecycling.com\/wide\/wp-json\/wp\/v2\/global-categories?post=160603"}],"curies":[{"name":"wp","href":"https:\/\/api.w.org\/{rel}","templated":true}]}}