{"id":159368,"date":"2017-07-10T12:57:30","date_gmt":"2017-07-10T12:57:30","guid":{"rendered":"https:\/\/www.welovecycling.com\/wide\/?p=159368"},"modified":"2017-07-10T15:41:42","modified_gmt":"2017-07-10T15:41:42","slug":"first-look-glass-trophy-tour-de-france","status":"publish","type":"post","link":"https:\/\/www.welovecycling.com\/wide\/2017\/07\/10\/first-look-glass-trophy-tour-de-france\/","title":{"rendered":"Have a first look at the The Glass Trophy of Tour de France"},"content":{"rendered":"<div class=\"entry-content\">\n<p><strong>Today we\u2019re going to have a closer look at one of the most craved pieces of design in the cycling world. Now, your mind might have wandered off to a new bike\u00a0model, but you already know it\u2019s not something to ride \u2013 it\u2019s something to admire. Have a look at\u00a0a new design of a trophy, which will be held on Champs-\u00c9lys\u00e9es by the winner of this years Tour.<\/strong><span id=\"more-140801\"><\/span><\/p>\n<p><!--more--><\/p>\n<lite-youtube videoid=A979vhv4E-E params=\"enablejsapi=1\" style=\"background-image: url('https:\/\/i.ytimg.com\/vi_webp\/A979vhv4E-E\/maxresdefault.webp');\"><\/lite-youtube>\n<p>The Tour de France\u00a0<em>Glass Trophy<\/em>\u00a0is truly a beauty to desire and Le Tour would be far from complete without it. Its current form has been making appearance on the winners\u2019 podium on the Champs-Elys\u00e9es boulevard in Paris since 2011, when it replaced an array of varied shapes from the past. The fluid, tubular, elegant shape is now iconic and has remained the same for seven years.<\/p>\n<div id='gallery-1' class='gallery galleryid-159368 gallery-columns-2 gallery-size-large'><figure class='gallery-item'>\n\t\t\t<div class='gallery-icon portrait'>\n\t\t\t\t<a href='https:\/\/d2p6e6u75xmxt8.cloudfront.net\/2\/2017\/07\/2017_Lasvit-for-Tour-de-France_Glassworks-4.jpg'><img loading=\"lazy\" decoding=\"async\" width=\"684\" height=\"1024\" src=\"https:\/\/d2p6e6u75xmxt8.cloudfront.net\/2\/2017\/07\/2017_Lasvit-for-Tour-de-France_Glassworks-4-684x1024.jpg\" class=\"attachment-large size-large\" alt=\"\" srcset=\"https:\/\/d2p6e6u75xmxt8.cloudfront.net\/2\/2017\/07\/2017_Lasvit-for-Tour-de-France_Glassworks-4-684x1024.jpg 684w, https:\/\/d2p6e6u75xmxt8.cloudfront.net\/2\/2017\/07\/2017_Lasvit-for-Tour-de-France_Glassworks-4-200x300.jpg 200w, https:\/\/d2p6e6u75xmxt8.cloudfront.net\/2\/2017\/07\/2017_Lasvit-for-Tour-de-France_Glassworks-4-768x1150.jpg 768w, https:\/\/d2p6e6u75xmxt8.cloudfront.net\/2\/2017\/07\/2017_Lasvit-for-Tour-de-France_Glassworks-4-1282x1920.jpg 1282w, https:\/\/d2p6e6u75xmxt8.cloudfront.net\/2\/2017\/07\/2017_Lasvit-for-Tour-de-France_Glassworks-4-1282x1920.jpg 1282w\" sizes=\"auto, (max-width: 684px) 100vw, 684px\" \/><\/a>\n\t\t\t<\/div><\/figure><figure class='gallery-item'>\n\t\t\t<div class='gallery-icon portrait'>\n\t\t\t\t<a href='https:\/\/d2p6e6u75xmxt8.cloudfront.net\/2\/2017\/07\/2017_Lasvit-for-Tour-de-France_Glassworks-6.jpg'><img loading=\"lazy\" decoding=\"async\" width=\"684\" height=\"1024\" src=\"https:\/\/d2p6e6u75xmxt8.cloudfront.net\/2\/2017\/07\/2017_Lasvit-for-Tour-de-France_Glassworks-6-684x1024.jpg\" class=\"attachment-large size-large\" alt=\"\" srcset=\"https:\/\/d2p6e6u75xmxt8.cloudfront.net\/2\/2017\/07\/2017_Lasvit-for-Tour-de-France_Glassworks-6-684x1024.jpg 684w, https:\/\/d2p6e6u75xmxt8.cloudfront.net\/2\/2017\/07\/2017_Lasvit-for-Tour-de-France_Glassworks-6-200x300.jpg 200w, https:\/\/d2p6e6u75xmxt8.cloudfront.net\/2\/2017\/07\/2017_Lasvit-for-Tour-de-France_Glassworks-6-768x1150.jpg 768w, https:\/\/d2p6e6u75xmxt8.cloudfront.net\/2\/2017\/07\/2017_Lasvit-for-Tour-de-France_Glassworks-6-1282x1920.jpg 1282w, https:\/\/d2p6e6u75xmxt8.cloudfront.net\/2\/2017\/07\/2017_Lasvit-for-Tour-de-France_Glassworks-6-1282x1920.jpg 1282w\" sizes=\"auto, (max-width: 684px) 100vw, 684px\" \/><\/a>\n\t\t\t<\/div><\/figure>\n\t\t<\/div>\n\n<p>It\u2019s no secret that \u0160koda has been actively partnering with and supporting the Tour de France for 14 years now, along with many other mass cycling events all around the globe.<\/p>\n<p>It\u2019s because the roots of the company stem from a long-gone Czech manufactory called Laurin and Klement \u2013 named after its founders \u2013 which first product was\u00a0a\u00a0bicycle. Founded in 1895, it took the factory just ten years to produce their first automobile after making quality Czech bicycles. And that\u2019s how \u0160koda was born.<\/p>\n<p>To draw from its Czech and cycling heritage even more and to strengthen its bond with history, \u0160koda decided to gift Le Tour winners with original designer trophies. The minimalist silhouette was inspired by a bike tyre shape and the design changes every year, but the inspiration draws from both the past and the future at the same time.<\/p>\n<p><a href=\"https:\/\/d2p6e6u75xmxt8.cloudfront.net\/2\/2017\/07\/2017_Lasvit-for-Tour-de-France_Glassworks-9.jpg\"><img loading=\"lazy\" decoding=\"async\" class=\"alignnone size-full wp-image-159407\" src=\"https:\/\/d2p6e6u75xmxt8.cloudfront.net\/2\/2017\/07\/2017_Lasvit-for-Tour-de-France_Glassworks-9.jpg\" alt=\"\" width=\"6016\" height=\"4016\" srcset=\"https:\/\/d2p6e6u75xmxt8.cloudfront.net\/2\/2017\/07\/2017_Lasvit-for-Tour-de-France_Glassworks-9.jpg 6016w, https:\/\/d2p6e6u75xmxt8.cloudfront.net\/2\/2017\/07\/2017_Lasvit-for-Tour-de-France_Glassworks-9-300x200.jpg 300w, https:\/\/d2p6e6u75xmxt8.cloudfront.net\/2\/2017\/07\/2017_Lasvit-for-Tour-de-France_Glassworks-9-768x513.jpg 768w, https:\/\/d2p6e6u75xmxt8.cloudfront.net\/2\/2017\/07\/2017_Lasvit-for-Tour-de-France_Glassworks-9-1024x684.jpg 1024w, https:\/\/d2p6e6u75xmxt8.cloudfront.net\/2\/2017\/07\/2017_Lasvit-for-Tour-de-France_Glassworks-9-1920x1282.jpg 1920w, https:\/\/d2p6e6u75xmxt8.cloudfront.net\/2\/2017\/07\/2017_Lasvit-for-Tour-de-France_Glassworks-9-272x182.jpg 272w, https:\/\/d2p6e6u75xmxt8.cloudfront.net\/2\/2017\/07\/2017_Lasvit-for-Tour-de-France_Glassworks-9-1920x1282.jpg 1920w\" sizes=\"auto, (max-width: 6016px) 100vw, 6016px\" \/><\/a><\/p>\n<p>The past is symbolised with Czech crystal and Czech Cubism, feats that reached worldwide fame, and that fluidly evolved into \u0160koda\u2019S current design language and d\u00e9cor, projected into crystalline lines and minimal, sharply cut forms, resulting into one of the most prized trophies in the sports world.<\/p>\n<div id='gallery-2' class='gallery galleryid-159368 gallery-columns-2 gallery-size-large'><figure class='gallery-item'>\n\t\t\t<div class='gallery-icon portrait'>\n\t\t\t\t<a href='https:\/\/d2p6e6u75xmxt8.cloudfront.net\/2\/2017\/07\/2017_Lasvit-for-Tour-de-France_Glassworks-8.jpg'><img loading=\"lazy\" decoding=\"async\" width=\"684\" height=\"1024\" src=\"https:\/\/d2p6e6u75xmxt8.cloudfront.net\/2\/2017\/07\/2017_Lasvit-for-Tour-de-France_Glassworks-8-684x1024.jpg\" class=\"attachment-large size-large\" alt=\"\" srcset=\"https:\/\/d2p6e6u75xmxt8.cloudfront.net\/2\/2017\/07\/2017_Lasvit-for-Tour-de-France_Glassworks-8-684x1024.jpg 684w, https:\/\/d2p6e6u75xmxt8.cloudfront.net\/2\/2017\/07\/2017_Lasvit-for-Tour-de-France_Glassworks-8-200x300.jpg 200w, https:\/\/d2p6e6u75xmxt8.cloudfront.net\/2\/2017\/07\/2017_Lasvit-for-Tour-de-France_Glassworks-8-768x1150.jpg 768w, https:\/\/d2p6e6u75xmxt8.cloudfront.net\/2\/2017\/07\/2017_Lasvit-for-Tour-de-France_Glassworks-8-1282x1920.jpg 1282w, https:\/\/d2p6e6u75xmxt8.cloudfront.net\/2\/2017\/07\/2017_Lasvit-for-Tour-de-France_Glassworks-8-1282x1920.jpg 1282w\" sizes=\"auto, (max-width: 684px) 100vw, 684px\" \/><\/a>\n\t\t\t<\/div><\/figure><figure class='gallery-item'>\n\t\t\t<div class='gallery-icon portrait'>\n\t\t\t\t<a href='https:\/\/d2p6e6u75xmxt8.cloudfront.net\/2\/2017\/07\/2017_Lasvit-for-Tour-de-France-6-1.jpg'><img loading=\"lazy\" decoding=\"async\" width=\"683\" height=\"1024\" src=\"https:\/\/d2p6e6u75xmxt8.cloudfront.net\/2\/2017\/07\/2017_Lasvit-for-Tour-de-France-6-1-683x1024.jpg\" class=\"attachment-large size-large\" alt=\"\" srcset=\"https:\/\/d2p6e6u75xmxt8.cloudfront.net\/2\/2017\/07\/2017_Lasvit-for-Tour-de-France-6-1-683x1024.jpg 683w, https:\/\/d2p6e6u75xmxt8.cloudfront.net\/2\/2017\/07\/2017_Lasvit-for-Tour-de-France-6-1-200x300.jpg 200w, https:\/\/d2p6e6u75xmxt8.cloudfront.net\/2\/2017\/07\/2017_Lasvit-for-Tour-de-France-6-1-768x1152.jpg 768w, https:\/\/d2p6e6u75xmxt8.cloudfront.net\/2\/2017\/07\/2017_Lasvit-for-Tour-de-France-6-1.jpg 1000w\" sizes=\"auto, (max-width: 683px) 100vw, 683px\" \/><\/a>\n\t\t\t<\/div><\/figure>\n\t\t<\/div>\n\n<p>All in all, not only is the person in possession of this unique piece of glass design one of the best living cyclists in the world, but he gets to have and actual piece of history on his mantelpiece.<\/p>\n<h2><strong><u>Glass\u00a0Trophy facts:<\/u><\/strong><\/h2>\n<p>Weight: 4 kg (8.8 lbs): approx. as a baby koala bear or adult iguana<\/p>\n<p>Height: 60 cm (23.6 in): approx. as an average 4-month-old baby<\/p>\n<p>It\u2019s made by hand in the Czech Republic by renowned glass workshop Lasvit<\/p>\n<p>\u0160koda\u2019s designers directly participate in the trophies\u2019 final look \u2013 this year is inspired by the brand\u2019s historically first electric car\u2019s dashboard design \u2013 \u0160koda VISION E<\/p>\n<p>\u0160koda has been the Green Jersey\u2019s sponsor since 2015 and created a special version of the trophy from green glass to honour the winner<\/p>\n<p>Both the 2015 and 2016 Glass Trophies were won by a single person \u2013 Peter Sagan<\/p>\n<p>There are always a few \u201cbackup\u201d trophies in case some of them get damaged<\/p>\n<p>The trophies embody the Tour de France ideals: passion, skill, precision, endurance, and emotions.<\/p>\n<\/div>\n","protected":false},"excerpt":{"rendered":"<p>Today we\u2019re going to have a closer look at one of the most craved pieces of design in the cycling [&hellip;]<\/p>\n","protected":false},"author":12,"featured_media":159660,"comment_status":"open","ping_status":"open","sticky":false,"template":"","format":"standard","meta":{"footnotes":""},"categories":[329],"tags":[1211,845,1169],"global-categories":[],"class_list":["post-159368","post","type-post","status-publish","format-standard","has-post-thumbnail","hentry","category-road-cycling","tag-glass-trophy","tag-tdf","tag-tour-de-france-2017"],"yoast_head":"<!-- This site is optimized with the Yoast SEO Premium plugin v25.3 (Yoast SEO v25.9) - https:\/\/yoast.com\/wordpress\/plugins\/seo\/ -->\n<title>Have a first look at the The Glass Trophy of Tour de France - \u0160koda We Love Cycling<\/title>\n<meta name=\"description\" content=\"Today we\u2019re going to have a closer look at one of the most craved pieces of design in the cycling world. Now, your mind might have wandered off to a new\" \/>\n<meta name=\"robots\" content=\"index, follow, max-snippet:-1, max-image-preview:large, max-video-preview:-1\" \/>\n<link rel=\"canonical\" href=\"https:\/\/www.welovecycling.com\/wide\/2017\/07\/10\/first-look-glass-trophy-tour-de-france\/\" \/>\n<meta property=\"og:locale\" content=\"en_US\" \/>\n<meta property=\"og:type\" content=\"article\" \/>\n<meta property=\"og:title\" content=\"Have a first look at the The Glass Trophy of Tour de France\" \/>\n<meta property=\"og:description\" content=\"Today we\u2019re going to have a closer look at one of the most craved pieces of design in the cycling world. Now, your mind might have wandered off to a new\" \/>\n<meta property=\"og:url\" content=\"https:\/\/www.welovecycling.com\/wide\/2017\/07\/10\/first-look-glass-trophy-tour-de-france\/\" \/>\n<meta property=\"og:site_name\" content=\"\u0160koda We Love Cycling\" \/>\n<meta property=\"article:published_time\" content=\"2017-07-10T12:57:30+00:00\" \/>\n<meta property=\"article:modified_time\" content=\"2017-07-10T15:41:42+00:00\" \/>\n<meta property=\"og:image\" content=\"https:\/\/d2p6e6u75xmxt8.cloudfront.net\/2\/2017\/07\/cover1.webp\" \/>\n\t<meta property=\"og:image:width\" content=\"900\" \/>\n\t<meta property=\"og:image:height\" content=\"600\" \/>\n\t<meta property=\"og:image:type\" content=\"image\/webp\" \/>\n<meta name=\"twitter:card\" content=\"summary_large_image\" \/>\n<meta name=\"twitter:label1\" content=\"Written by\" \/>\n\t<meta name=\"twitter:data1\" content=\"Frantiska Blazkova\" \/>\n\t<meta name=\"twitter:label2\" content=\"Est. reading time\" \/>\n\t<meta name=\"twitter:data2\" content=\"3 minutes\" \/>\n<script type=\"application\/ld+json\" class=\"yoast-schema-graph\">{\"@context\":\"https:\/\/schema.org\",\"@graph\":[{\"@type\":\"WebPage\",\"@id\":\"https:\/\/www.welovecycling.com\/wide\/2017\/07\/10\/first-look-glass-trophy-tour-de-france\/\",\"url\":\"https:\/\/www.welovecycling.com\/wide\/2017\/07\/10\/first-look-glass-trophy-tour-de-france\/\",\"name\":\"Have a first look at the The Glass Trophy of Tour de France - \u0160koda We Love Cycling\",\"isPartOf\":{\"@id\":\"https:\/\/www.welovecycling.com\/wide\/#website\"},\"primaryImageOfPage\":{\"@id\":\"https:\/\/www.welovecycling.com\/wide\/2017\/07\/10\/first-look-glass-trophy-tour-de-france\/#primaryimage\"},\"image\":{\"@id\":\"https:\/\/www.welovecycling.com\/wide\/2017\/07\/10\/first-look-glass-trophy-tour-de-france\/#primaryimage\"},\"thumbnailUrl\":\"https:\/\/d2p6e6u75xmxt8.cloudfront.net\/2\/2017\/07\/cover1.webp\",\"datePublished\":\"2017-07-10T12:57:30+00:00\",\"dateModified\":\"2017-07-10T15:41:42+00:00\",\"author\":{\"@id\":\"\"},\"description\":\"Today we\u2019re going to have a closer look at one of the most craved pieces of design in the cycling world. Now, your mind might have wandered off to a new\",\"breadcrumb\":{\"@id\":\"https:\/\/www.welovecycling.com\/wide\/2017\/07\/10\/first-look-glass-trophy-tour-de-france\/#breadcrumb\"},\"inLanguage\":\"en-US\",\"potentialAction\":[{\"@type\":\"ReadAction\",\"target\":[\"https:\/\/www.welovecycling.com\/wide\/2017\/07\/10\/first-look-glass-trophy-tour-de-france\/\"]}]},{\"@type\":\"ImageObject\",\"inLanguage\":\"en-US\",\"@id\":\"https:\/\/www.welovecycling.com\/wide\/2017\/07\/10\/first-look-glass-trophy-tour-de-france\/#primaryimage\",\"url\":\"https:\/\/d2p6e6u75xmxt8.cloudfront.net\/2\/2017\/07\/cover1.webp\",\"contentUrl\":\"https:\/\/d2p6e6u75xmxt8.cloudfront.net\/2\/2017\/07\/cover1.webp\",\"width\":900,\"height\":600},{\"@type\":\"BreadcrumbList\",\"@id\":\"https:\/\/www.welovecycling.com\/wide\/2017\/07\/10\/first-look-glass-trophy-tour-de-france\/#breadcrumb\",\"itemListElement\":[{\"@type\":\"ListItem\",\"position\":1,\"name\":\"Home\",\"item\":\"https:\/\/www.welovecycling.com\/wide\/\"},{\"@type\":\"ListItem\",\"position\":2,\"name\":\"Have a first look at the The Glass Trophy of Tour de France\"}]},{\"@type\":\"WebSite\",\"@id\":\"https:\/\/www.welovecycling.com\/wide\/#website\",\"url\":\"https:\/\/www.welovecycling.com\/wide\/\",\"name\":\"\u0160koda We Love Cycling\",\"description\":\"\u0160koda We Love Cycling magazine\",\"alternateName\":\"\u0160koda WLC\",\"potentialAction\":[{\"@type\":\"SearchAction\",\"target\":{\"@type\":\"EntryPoint\",\"urlTemplate\":\"https:\/\/www.welovecycling.com\/wide\/?s={search_term_string}\"},\"query-input\":{\"@type\":\"PropertyValueSpecification\",\"valueRequired\":true,\"valueName\":\"search_term_string\"}}],\"inLanguage\":\"en-US\"},{\"@type\":\"Person\",\"@id\":\"\",\"url\":\"https:\/\/www.welovecycling.com\/wide\/author\/\"}]}<\/script>\n<!-- \/ Yoast SEO Premium plugin. -->","yoast_head_json":{"title":"Have a first look at the The Glass Trophy of Tour de France - \u0160koda We Love Cycling","description":"Today we\u2019re going to have a closer look at one of the most craved pieces of design in the cycling world. Now, your mind might have wandered off to a new","robots":{"index":"index","follow":"follow","max-snippet":"max-snippet:-1","max-image-preview":"max-image-preview:large","max-video-preview":"max-video-preview:-1"},"canonical":"https:\/\/www.welovecycling.com\/wide\/2017\/07\/10\/first-look-glass-trophy-tour-de-france\/","og_locale":"en_US","og_type":"article","og_title":"Have a first look at the The Glass Trophy of Tour de France","og_description":"Today we\u2019re going to have a closer look at one of the most craved pieces of design in the cycling world. Now, your mind might have wandered off to a new","og_url":"https:\/\/www.welovecycling.com\/wide\/2017\/07\/10\/first-look-glass-trophy-tour-de-france\/","og_site_name":"\u0160koda We Love Cycling","article_published_time":"2017-07-10T12:57:30+00:00","article_modified_time":"2017-07-10T15:41:42+00:00","og_image":[{"width":900,"height":600,"url":"https:\/\/d2p6e6u75xmxt8.cloudfront.net\/2\/2017\/07\/cover1.webp","type":"image\/webp"}],"twitter_card":"summary_large_image","twitter_misc":{"Written by":"Frantiska Blazkova","Est. reading time":"3 minutes"},"schema":{"@context":"https:\/\/schema.org","@graph":[{"@type":"WebPage","@id":"https:\/\/www.welovecycling.com\/wide\/2017\/07\/10\/first-look-glass-trophy-tour-de-france\/","url":"https:\/\/www.welovecycling.com\/wide\/2017\/07\/10\/first-look-glass-trophy-tour-de-france\/","name":"Have a first look at the The Glass Trophy of Tour de France - \u0160koda We Love Cycling","isPartOf":{"@id":"https:\/\/www.welovecycling.com\/wide\/#website"},"primaryImageOfPage":{"@id":"https:\/\/www.welovecycling.com\/wide\/2017\/07\/10\/first-look-glass-trophy-tour-de-france\/#primaryimage"},"image":{"@id":"https:\/\/www.welovecycling.com\/wide\/2017\/07\/10\/first-look-glass-trophy-tour-de-france\/#primaryimage"},"thumbnailUrl":"https:\/\/d2p6e6u75xmxt8.cloudfront.net\/2\/2017\/07\/cover1.webp","datePublished":"2017-07-10T12:57:30+00:00","dateModified":"2017-07-10T15:41:42+00:00","author":{"@id":""},"description":"Today we\u2019re going to have a closer look at one of the most craved pieces of design in the cycling world. Now, your mind might have wandered off to a new","breadcrumb":{"@id":"https:\/\/www.welovecycling.com\/wide\/2017\/07\/10\/first-look-glass-trophy-tour-de-france\/#breadcrumb"},"inLanguage":"en-US","potentialAction":[{"@type":"ReadAction","target":["https:\/\/www.welovecycling.com\/wide\/2017\/07\/10\/first-look-glass-trophy-tour-de-france\/"]}]},{"@type":"ImageObject","inLanguage":"en-US","@id":"https:\/\/www.welovecycling.com\/wide\/2017\/07\/10\/first-look-glass-trophy-tour-de-france\/#primaryimage","url":"https:\/\/d2p6e6u75xmxt8.cloudfront.net\/2\/2017\/07\/cover1.webp","contentUrl":"https:\/\/d2p6e6u75xmxt8.cloudfront.net\/2\/2017\/07\/cover1.webp","width":900,"height":600},{"@type":"BreadcrumbList","@id":"https:\/\/www.welovecycling.com\/wide\/2017\/07\/10\/first-look-glass-trophy-tour-de-france\/#breadcrumb","itemListElement":[{"@type":"ListItem","position":1,"name":"Home","item":"https:\/\/www.welovecycling.com\/wide\/"},{"@type":"ListItem","position":2,"name":"Have a first look at the The Glass Trophy of Tour de France"}]},{"@type":"WebSite","@id":"https:\/\/www.welovecycling.com\/wide\/#website","url":"https:\/\/www.welovecycling.com\/wide\/","name":"\u0160koda We Love Cycling","description":"\u0160koda We Love Cycling magazine","alternateName":"\u0160koda WLC","potentialAction":[{"@type":"SearchAction","target":{"@type":"EntryPoint","urlTemplate":"https:\/\/www.welovecycling.com\/wide\/?s={search_term_string}"},"query-input":{"@type":"PropertyValueSpecification","valueRequired":true,"valueName":"search_term_string"}}],"inLanguage":"en-US"},{"@type":"Person","@id":"","url":"https:\/\/www.welovecycling.com\/wide\/author\/"}]}},"_links":{"self":[{"href":"https:\/\/www.welovecycling.com\/wide\/wp-json\/wp\/v2\/posts\/159368","targetHints":{"allow":["GET"]}}],"collection":[{"href":"https:\/\/www.welovecycling.com\/wide\/wp-json\/wp\/v2\/posts"}],"about":[{"href":"https:\/\/www.welovecycling.com\/wide\/wp-json\/wp\/v2\/types\/post"}],"author":[{"embeddable":true,"href":"https:\/\/www.welovecycling.com\/wide\/wp-json\/wp\/v2\/users\/12"}],"replies":[{"embeddable":true,"href":"https:\/\/www.welovecycling.com\/wide\/wp-json\/wp\/v2\/comments?post=159368"}],"version-history":[{"count":2,"href":"https:\/\/www.welovecycling.com\/wide\/wp-json\/wp\/v2\/posts\/159368\/revisions"}],"predecessor-version":[{"id":159648,"href":"https:\/\/www.welovecycling.com\/wide\/wp-json\/wp\/v2\/posts\/159368\/revisions\/159648"}],"wp:featuredmedia":[{"embeddable":true,"href":"https:\/\/www.welovecycling.com\/wide\/wp-json\/wp\/v2\/media\/159660"}],"wp:attachment":[{"href":"https:\/\/www.welovecycling.com\/wide\/wp-json\/wp\/v2\/media?parent=159368"}],"wp:term":[{"taxonomy":"category","embeddable":true,"href":"https:\/\/www.welovecycling.com\/wide\/wp-json\/wp\/v2\/categories?post=159368"},{"taxonomy":"post_tag","embeddable":true,"href":"https:\/\/www.welovecycling.com\/wide\/wp-json\/wp\/v2\/tags?post=159368"},{"taxonomy":"global-categories","embeddable":true,"href":"https:\/\/www.welovecycling.com\/wide\/wp-json\/wp\/v2\/global-categories?post=159368"}],"curies":[{"name":"wp","href":"https:\/\/api.w.org\/{rel}","templated":true}]}}