{"id":158697,"date":"2017-07-02T15:20:08","date_gmt":"2017-07-02T15:20:08","guid":{"rendered":"https:\/\/www.welovecycling.com\/wide\/?p=158697"},"modified":"2017-07-02T15:30:13","modified_gmt":"2017-07-02T15:30:13","slug":"tour-de-france-2017-marcel-kittel-takes-stage-two","status":"publish","type":"post","link":"https:\/\/www.welovecycling.com\/wide\/2017\/07\/02\/tour-de-france-2017-marcel-kittel-takes-stage-two\/","title":{"rendered":"Tour de France 2017: Marcel Kittel Takes Stage Two!"},"content":{"rendered":"<p><strong>Marcel Kittel won the second stage of this year`s Tour de France after a thrilling finish. The peloton caught the long breakaway of Phinney and Offredo just one kilometer from the finish line. Then it was time for the sprinters to show their skills and the German managed to get the 10th stage triumph at the Tour of his career. He also became the first rider to win while using disc brakes.<\/strong><!--more--><\/p>\n<h2><strong>Stage 2 Classification<\/strong><\/h2>\n<p>1\tKITTEL MARCEL\t04H 37&#8242; 06&#8221;<br \/>\n2\tDEMARE ARNAUD\t+ 00&#8242; 00&#8221;<br \/>\n3\tGREIPEL ANDR\u00c9\t+ 00&#8242; 00&#8221;<br \/>\n4\tCAVENDISH MARK\t+ 00&#8242; 00&#8221;<br \/>\n5\tGROENEWEGEN DYLAN + 00&#8242; 00&#8221;<br \/>\n6\tCOLBRELLI SONNY\t+ 00&#8242; 00&#8221;<br \/>\n7\tSWIFT BEN\t+ 00&#8242; 00&#8221;<br \/>\n8\tBOUHANNI NACER\t+ 00&#8242; 00&#8221;<br \/>\n9\tMATTHEWS MICHAEL + 00&#8242; 00&#8221;<br \/>\n10\tSAGAN PETER\t+ 00&#8242; 00&#8221;<\/p>\n<div class=\"embed-controller-wrapper\">\n<blockquote class=\"twitter-tweet\" data-width=\"500\" data-dnt=\"true\">\n<p lang=\"fr\" dir=\"ltr\">L&#39;\u00e9motion de Kittel ! \/ Kittel&#39;s emotion! <a href=\"https:\/\/twitter.com\/hashtag\/TDF2017?src=hash&amp;ref_src=twsrc%5Etfw\">#TDF2017<\/a> <a href=\"https:\/\/t.co\/OqKkbGOh3P\">pic.twitter.com\/OqKkbGOh3P<\/a><\/p>\n<p>&mdash; Tour de France\u2122 (@LeTour) <a href=\"https:\/\/twitter.com\/LeTour\/status\/881530097701965824?ref_src=twsrc%5Etfw\">July 2, 2017<\/a><\/p><\/blockquote>\n<p><script async data-src=\"https:\/\/platform.twitter.com\/widgets.js\" charset=\"utf-8\"><\/script><\/div>\n<h2><strong>General Classification after Stage 2<\/strong><\/h2>\n<p>1 THOMAS GERAINT 04H 53&#8242; 10&#8221;<br \/>\n2 KUENG STEFAN \u00a0+ 00&#8242; 05&#8221;<br \/>\n3 KITTEL MARCEL + 00&#8242; 06&#8221;<br \/>\n4 KIRYIENKA VASILI + 00&#8242; 07&#8221;<br \/>\n5 TRENTIN MATTEO + 00&#8242; 10&#8221;<br \/>\n6 FROOME CHRISTOPHER + 00&#8242; 12&#8221;<br \/>\n7 VAN EMDEN JOS + 00&#8242; 15&#8221;<br \/>\n8 KWIATKOWSKI MICHAL + 00&#8242; 15&#8221;<br \/>\n9 BOASSON HAGEN EDVALD + 00&#8242; 16&#8221;<br \/>\n10 ARNDT NIKIAS 142 TEAM SUNWEB + 00&#8242; 16&#8221;<\/p>\n","protected":false},"excerpt":{"rendered":"<p>Marcel Kittel won the second stage of this year`s Tour de France after a thrilling finish. The peloton caught the [&hellip;]<\/p>\n","protected":false},"author":12,"featured_media":158698,"comment_status":"open","ping_status":"open","sticky":false,"template":"","format":"standard","meta":{"footnotes":""},"categories":[329],"tags":[874,845,1169],"global-categories":[],"class_list":["post-158697","post","type-post","status-publish","format-standard","has-post-thumbnail","hentry","category-road-cycling","tag-marcel-kittel","tag-tdf","tag-tour-de-france-2017"],"yoast_head":"<!-- This site is optimized with the Yoast SEO Premium plugin v25.3 (Yoast SEO v25.9) - https:\/\/yoast.com\/wordpress\/plugins\/seo\/ -->\n<title>Tour de France 2017: Marcel Kittel Takes Stage Two! - \u0160koda We Love Cycling<\/title>\n<meta name=\"description\" content=\"Marcel Kittel won the second stage of this year`s Tour de France after a thrilling finish. The peloton caught the long breakaway of Phinney and Offredo\" \/>\n<meta name=\"robots\" content=\"index, follow, max-snippet:-1, max-image-preview:large, max-video-preview:-1\" \/>\n<link rel=\"canonical\" href=\"https:\/\/www.welovecycling.com\/wide\/2017\/07\/02\/tour-de-france-2017-marcel-kittel-takes-stage-two\/\" \/>\n<meta property=\"og:locale\" content=\"en_US\" \/>\n<meta property=\"og:type\" content=\"article\" \/>\n<meta property=\"og:title\" content=\"Tour de France 2017: Marcel Kittel Takes Stage Two!\" \/>\n<meta property=\"og:description\" content=\"Marcel Kittel won the second stage of this year`s Tour de France after a thrilling finish. The peloton caught the long breakaway of Phinney and Offredo\" \/>\n<meta property=\"og:url\" content=\"https:\/\/www.welovecycling.com\/wide\/2017\/07\/02\/tour-de-france-2017-marcel-kittel-takes-stage-two\/\" \/>\n<meta property=\"og:site_name\" content=\"\u0160koda We Love Cycling\" \/>\n<meta property=\"article:published_time\" content=\"2017-07-02T15:20:08+00:00\" \/>\n<meta property=\"article:modified_time\" content=\"2017-07-02T15:30:13+00:00\" \/>\n<meta property=\"og:image\" content=\"https:\/\/d2p6e6u75xmxt8.cloudfront.net\/2\/2017\/07\/0339908874.webp\" \/>\n\t<meta property=\"og:image:width\" content=\"900\" \/>\n\t<meta property=\"og:image:height\" content=\"600\" \/>\n\t<meta property=\"og:image:type\" content=\"image\/webp\" \/>\n<meta name=\"twitter:card\" content=\"summary_large_image\" \/>\n<meta name=\"twitter:label1\" content=\"Written by\" \/>\n\t<meta name=\"twitter:data1\" content=\"WeLoveCycling\" \/>\n\t<meta name=\"twitter:label2\" content=\"Est. reading time\" \/>\n\t<meta name=\"twitter:data2\" content=\"1 minute\" \/>\n<script type=\"application\/ld+json\" class=\"yoast-schema-graph\">{\"@context\":\"https:\/\/schema.org\",\"@graph\":[{\"@type\":\"WebPage\",\"@id\":\"https:\/\/www.welovecycling.com\/wide\/2017\/07\/02\/tour-de-france-2017-marcel-kittel-takes-stage-two\/\",\"url\":\"https:\/\/www.welovecycling.com\/wide\/2017\/07\/02\/tour-de-france-2017-marcel-kittel-takes-stage-two\/\",\"name\":\"Tour de France 2017: Marcel Kittel Takes Stage Two! - \u0160koda We Love Cycling\",\"isPartOf\":{\"@id\":\"https:\/\/www.welovecycling.com\/wide\/#website\"},\"primaryImageOfPage\":{\"@id\":\"https:\/\/www.welovecycling.com\/wide\/2017\/07\/02\/tour-de-france-2017-marcel-kittel-takes-stage-two\/#primaryimage\"},\"image\":{\"@id\":\"https:\/\/www.welovecycling.com\/wide\/2017\/07\/02\/tour-de-france-2017-marcel-kittel-takes-stage-two\/#primaryimage\"},\"thumbnailUrl\":\"https:\/\/d2p6e6u75xmxt8.cloudfront.net\/2\/2017\/07\/0339908874.webp\",\"datePublished\":\"2017-07-02T15:20:08+00:00\",\"dateModified\":\"2017-07-02T15:30:13+00:00\",\"author\":{\"@id\":\"\"},\"description\":\"Marcel Kittel won the second stage of this year`s Tour de France after a thrilling finish. The peloton caught the long breakaway of Phinney and Offredo\",\"breadcrumb\":{\"@id\":\"https:\/\/www.welovecycling.com\/wide\/2017\/07\/02\/tour-de-france-2017-marcel-kittel-takes-stage-two\/#breadcrumb\"},\"inLanguage\":\"en-US\",\"potentialAction\":[{\"@type\":\"ReadAction\",\"target\":[\"https:\/\/www.welovecycling.com\/wide\/2017\/07\/02\/tour-de-france-2017-marcel-kittel-takes-stage-two\/\"]}]},{\"@type\":\"ImageObject\",\"inLanguage\":\"en-US\",\"@id\":\"https:\/\/www.welovecycling.com\/wide\/2017\/07\/02\/tour-de-france-2017-marcel-kittel-takes-stage-two\/#primaryimage\",\"url\":\"https:\/\/d2p6e6u75xmxt8.cloudfront.net\/2\/2017\/07\/0339908874.webp\",\"contentUrl\":\"https:\/\/d2p6e6u75xmxt8.cloudfront.net\/2\/2017\/07\/0339908874.webp\",\"width\":900,\"height\":600},{\"@type\":\"BreadcrumbList\",\"@id\":\"https:\/\/www.welovecycling.com\/wide\/2017\/07\/02\/tour-de-france-2017-marcel-kittel-takes-stage-two\/#breadcrumb\",\"itemListElement\":[{\"@type\":\"ListItem\",\"position\":1,\"name\":\"Home\",\"item\":\"https:\/\/www.welovecycling.com\/wide\/\"},{\"@type\":\"ListItem\",\"position\":2,\"name\":\"Tour de France 2017: Marcel Kittel Takes Stage Two!\"}]},{\"@type\":\"WebSite\",\"@id\":\"https:\/\/www.welovecycling.com\/wide\/#website\",\"url\":\"https:\/\/www.welovecycling.com\/wide\/\",\"name\":\"\u0160koda We Love Cycling\",\"description\":\"\u0160koda We Love Cycling magazine\",\"alternateName\":\"\u0160koda WLC\",\"potentialAction\":[{\"@type\":\"SearchAction\",\"target\":{\"@type\":\"EntryPoint\",\"urlTemplate\":\"https:\/\/www.welovecycling.com\/wide\/?s={search_term_string}\"},\"query-input\":{\"@type\":\"PropertyValueSpecification\",\"valueRequired\":true,\"valueName\":\"search_term_string\"}}],\"inLanguage\":\"en-US\"},{\"@type\":\"Person\",\"@id\":\"\",\"url\":\"https:\/\/www.welovecycling.com\/wide\/author\/\"}]}<\/script>\n<!-- \/ Yoast SEO Premium plugin. -->","yoast_head_json":{"title":"Tour de France 2017: Marcel Kittel Takes Stage Two! - \u0160koda We Love Cycling","description":"Marcel Kittel won the second stage of this year`s Tour de France after a thrilling finish. The peloton caught the long breakaway of Phinney and Offredo","robots":{"index":"index","follow":"follow","max-snippet":"max-snippet:-1","max-image-preview":"max-image-preview:large","max-video-preview":"max-video-preview:-1"},"canonical":"https:\/\/www.welovecycling.com\/wide\/2017\/07\/02\/tour-de-france-2017-marcel-kittel-takes-stage-two\/","og_locale":"en_US","og_type":"article","og_title":"Tour de France 2017: Marcel Kittel Takes Stage Two!","og_description":"Marcel Kittel won the second stage of this year`s Tour de France after a thrilling finish. The peloton caught the long breakaway of Phinney and Offredo","og_url":"https:\/\/www.welovecycling.com\/wide\/2017\/07\/02\/tour-de-france-2017-marcel-kittel-takes-stage-two\/","og_site_name":"\u0160koda We Love Cycling","article_published_time":"2017-07-02T15:20:08+00:00","article_modified_time":"2017-07-02T15:30:13+00:00","og_image":[{"width":900,"height":600,"url":"https:\/\/d2p6e6u75xmxt8.cloudfront.net\/2\/2017\/07\/0339908874.webp","type":"image\/webp"}],"twitter_card":"summary_large_image","twitter_misc":{"Written by":"WeLoveCycling","Est. reading time":"1 minute"},"schema":{"@context":"https:\/\/schema.org","@graph":[{"@type":"WebPage","@id":"https:\/\/www.welovecycling.com\/wide\/2017\/07\/02\/tour-de-france-2017-marcel-kittel-takes-stage-two\/","url":"https:\/\/www.welovecycling.com\/wide\/2017\/07\/02\/tour-de-france-2017-marcel-kittel-takes-stage-two\/","name":"Tour de France 2017: Marcel Kittel Takes Stage Two! - \u0160koda We Love Cycling","isPartOf":{"@id":"https:\/\/www.welovecycling.com\/wide\/#website"},"primaryImageOfPage":{"@id":"https:\/\/www.welovecycling.com\/wide\/2017\/07\/02\/tour-de-france-2017-marcel-kittel-takes-stage-two\/#primaryimage"},"image":{"@id":"https:\/\/www.welovecycling.com\/wide\/2017\/07\/02\/tour-de-france-2017-marcel-kittel-takes-stage-two\/#primaryimage"},"thumbnailUrl":"https:\/\/d2p6e6u75xmxt8.cloudfront.net\/2\/2017\/07\/0339908874.webp","datePublished":"2017-07-02T15:20:08+00:00","dateModified":"2017-07-02T15:30:13+00:00","author":{"@id":""},"description":"Marcel Kittel won the second stage of this year`s Tour de France after a thrilling finish. The peloton caught the long breakaway of Phinney and Offredo","breadcrumb":{"@id":"https:\/\/www.welovecycling.com\/wide\/2017\/07\/02\/tour-de-france-2017-marcel-kittel-takes-stage-two\/#breadcrumb"},"inLanguage":"en-US","potentialAction":[{"@type":"ReadAction","target":["https:\/\/www.welovecycling.com\/wide\/2017\/07\/02\/tour-de-france-2017-marcel-kittel-takes-stage-two\/"]}]},{"@type":"ImageObject","inLanguage":"en-US","@id":"https:\/\/www.welovecycling.com\/wide\/2017\/07\/02\/tour-de-france-2017-marcel-kittel-takes-stage-two\/#primaryimage","url":"https:\/\/d2p6e6u75xmxt8.cloudfront.net\/2\/2017\/07\/0339908874.webp","contentUrl":"https:\/\/d2p6e6u75xmxt8.cloudfront.net\/2\/2017\/07\/0339908874.webp","width":900,"height":600},{"@type":"BreadcrumbList","@id":"https:\/\/www.welovecycling.com\/wide\/2017\/07\/02\/tour-de-france-2017-marcel-kittel-takes-stage-two\/#breadcrumb","itemListElement":[{"@type":"ListItem","position":1,"name":"Home","item":"https:\/\/www.welovecycling.com\/wide\/"},{"@type":"ListItem","position":2,"name":"Tour de France 2017: Marcel Kittel Takes Stage Two!"}]},{"@type":"WebSite","@id":"https:\/\/www.welovecycling.com\/wide\/#website","url":"https:\/\/www.welovecycling.com\/wide\/","name":"\u0160koda We Love Cycling","description":"\u0160koda We Love Cycling magazine","alternateName":"\u0160koda WLC","potentialAction":[{"@type":"SearchAction","target":{"@type":"EntryPoint","urlTemplate":"https:\/\/www.welovecycling.com\/wide\/?s={search_term_string}"},"query-input":{"@type":"PropertyValueSpecification","valueRequired":true,"valueName":"search_term_string"}}],"inLanguage":"en-US"},{"@type":"Person","@id":"","url":"https:\/\/www.welovecycling.com\/wide\/author\/"}]}},"_links":{"self":[{"href":"https:\/\/www.welovecycling.com\/wide\/wp-json\/wp\/v2\/posts\/158697","targetHints":{"allow":["GET"]}}],"collection":[{"href":"https:\/\/www.welovecycling.com\/wide\/wp-json\/wp\/v2\/posts"}],"about":[{"href":"https:\/\/www.welovecycling.com\/wide\/wp-json\/wp\/v2\/types\/post"}],"author":[{"embeddable":true,"href":"https:\/\/www.welovecycling.com\/wide\/wp-json\/wp\/v2\/users\/12"}],"replies":[{"embeddable":true,"href":"https:\/\/www.welovecycling.com\/wide\/wp-json\/wp\/v2\/comments?post=158697"}],"version-history":[{"count":2,"href":"https:\/\/www.welovecycling.com\/wide\/wp-json\/wp\/v2\/posts\/158697\/revisions"}],"predecessor-version":[{"id":158703,"href":"https:\/\/www.welovecycling.com\/wide\/wp-json\/wp\/v2\/posts\/158697\/revisions\/158703"}],"wp:featuredmedia":[{"embeddable":true,"href":"https:\/\/www.welovecycling.com\/wide\/wp-json\/wp\/v2\/media\/158698"}],"wp:attachment":[{"href":"https:\/\/www.welovecycling.com\/wide\/wp-json\/wp\/v2\/media?parent=158697"}],"wp:term":[{"taxonomy":"category","embeddable":true,"href":"https:\/\/www.welovecycling.com\/wide\/wp-json\/wp\/v2\/categories?post=158697"},{"taxonomy":"post_tag","embeddable":true,"href":"https:\/\/www.welovecycling.com\/wide\/wp-json\/wp\/v2\/tags?post=158697"},{"taxonomy":"global-categories","embeddable":true,"href":"https:\/\/www.welovecycling.com\/wide\/wp-json\/wp\/v2\/global-categories?post=158697"}],"curies":[{"name":"wp","href":"https:\/\/api.w.org\/{rel}","templated":true}]}}