{"id":152832,"date":"2017-06-28T13:41:05","date_gmt":"2017-06-28T13:41:05","guid":{"rendered":"https:\/\/www.welovecycling.com\/wide\/?p=152832"},"modified":"2017-06-29T07:24:03","modified_gmt":"2017-06-29T07:24:03","slug":"majka-tour-de-france-looking-top-5-finish","status":"publish","type":"post","link":"https:\/\/www.welovecycling.com\/wide\/2017\/06\/28\/majka-tour-de-france-looking-top-5-finish\/","title":{"rendered":"Majka on Tour de France: \u201cI should be looking at a top-5 finish!\u201d"},"content":{"rendered":"<p><strong>The day before the final race of the Polish National Championship Men Elite, we were able to spend some time with Rafa\u0142 Majka, Maciej Bodnar, and Pawel Poljanski from Bora-Hansgrohe to discuss the upcoming Tour de France 2017 together.<\/strong><!--more--><\/p>\n<figure id=\"attachment_152847\" aria-describedby=\"caption-attachment-152847\" style=\"width: 1250px\" class=\"wp-caption alignnone\"><a href=\"https:\/\/d2p6e6u75xmxt8.cloudfront.net\/2\/2017\/06\/profimedia-0332790555.jpg\"><img loading=\"lazy\" decoding=\"async\" class=\"size-full wp-image-152847\" src=\"https:\/\/d2p6e6u75xmxt8.cloudfront.net\/2\/2017\/06\/profimedia-0332790555.jpg\" alt=\"\" width=\"1250\" height=\"833\" \/><\/a><figcaption id=\"caption-attachment-152847\" class=\"wp-caption-text\">Rafa\u0142 Majka during stage five of the AMGEN Tour of California from Ontario to Mt. Baldy on May 18, 2017.<\/figcaption><\/figure>\n<p><em><strong>Rafa\u0142, you&#8217;ve had the Polka dot\/KOM Jersey twice in the past already. Do you see this year as a totally different, given that you\u2019re aiming at the General Classification?<\/strong><\/em><\/p>\n<p>Well, what you\u2019re asking me actually comes down to training. Training for myself and training for the whole team. To this I can answer that the Bora-Hansgrohe team is, I believe, well prepared for the Tour. I feel in a good shape, the same for Maciej and Pawel here. But we can also say the same for the two Sagan brothers.<\/p>\n<p>But also I can share with you that we are definitely looking forward to the last ten days of the Tour de France because I think a lot will happen then.<\/p>\n<p>Now about whether I feel pressure or not. I\u2019d say not as much as last year because I just feel better.<\/p>\n<div class=\"shortcode-ys-post-pinup\"><article class=\"loop-simple post-152366 post type-post status-publish format-standard has-post-thumbnail hentry category-road-cycling tag-tour-de-france\" data-postid=\"152366\" role=\"article\" data-post-id=\"152366\" data-word-count=\"674\" data-headline-length=\"52\" data-category=\"Road cycling\" data-author=\"WeLoveCycling\" data-published=\"2017-06-26T08:28:29+00:00\" data-published-day=\"Monday\">\n    <div class=\"entry-thumbnail article-thumbnail\" content=\"https:\/\/d2p6e6u75xmxt8.cloudfront.net\/2\/2017\/06\/profimedia-0294369198-1-150x150.webp\"><a href=\"https:\/\/www.welovecycling.com\/wide\/2017\/06\/26\/tour-de-france-fans-category-fall\/\" class=\"image-holder\" target=\"_self\"><img decoding=\"async\" loading=\"lazy\" class=\"\" src=\"https:\/\/d2p6e6u75xmxt8.cloudfront.net\/2\/2017\/06\/profimedia-0294369198-1.webp\" srcset=\"https:\/\/d2p6e6u75xmxt8.cloudfront.net\/2\/2017\/06\/profimedia-0294369198-1.webp 900w, https:\/\/d2p6e6u75xmxt8.cloudfront.net\/2\/2017\/06\/profimedia-0294369198-1-300x200.webp 300w, https:\/\/d2p6e6u75xmxt8.cloudfront.net\/2\/2017\/06\/profimedia-0294369198-1-768x512.webp 768w, https:\/\/d2p6e6u75xmxt8.cloudfront.net\/2\/2017\/06\/profimedia-0294369198-1-272x182.webp 272w\" width=\"900\" height=\"600\" sizes=\"auto, (min-width: 1200px) 300px, (min-width: 768px) 25vw, 100vw\" alt=\"tour-de-france-fans-category-fall\"\/><\/a><\/div>    <div class=\"entry-meta\">\n        <a class=\"label label-secondary post-category\" href=\"https:\/\/www.welovecycling.com\/wide\/category\/road-cycling\/\" title=\"Road cycling\">Road cycling<\/a>\n    <\/div>\n    <div class=\"entry-details\">\n        <a href=\"https:\/\/www.welovecycling.com\/wide\/2017\/06\/26\/tour-de-france-fans-category-fall\/\" class='entry-title-wrapper'>\n            <h3 class=\"entry-title\"><span>Tour de France Fans: What Category Do You Fall Into?<\/span><\/h3>\n        <\/a>\n    <\/div>\n    <\/article>\n<\/div>\n<p><em><strong>Which position in General Classification will you be satisfied with this year? Any specific goals?<\/strong><\/em><\/p>\n<p>I must be honest and say that I and the team would be happy to finish within the top five. Then again, of course I am aiming higher than that. In fact, if my bike computer Stats are correct, it looks like I should be looking at a top-5 finish! And this is not just a personal goal, this is a goal for the whole team. Now, this is of course if I don\u2019t get caught into an accident&#8230;<\/p>\n<p><em><strong>We sincerely hope that you remain safe for the Tour but then again, you don\u2019t get into accidents much!<\/strong><\/em><\/p>\n<p>Thanks, I\u2019ve been lucky but it\u2019s also because I tend to ride towards the front of the peloton! OK, true, I must admit that in Slovenia this year it was a little too close!<\/p>\n<p>Now for the Tour, I will have Maciej &amp; Pawe\u0142 to cover me so no problem there! You gotta know that riding on the wheel of a guy like Peter Sagan or Maciej Bodnar is pretty much like riding behind a full-sized car. (laughter) And besides, my friend Pawel here is pretty much screwed because he will have to help me get to the top of every single mountain! So you see, everything will be fine for sure!<\/p>\n<figure id=\"attachment_152848\" aria-describedby=\"caption-attachment-152848\" style=\"width: 1250px\" class=\"wp-caption alignnone\"><a href=\"https:\/\/d2p6e6u75xmxt8.cloudfront.net\/2\/2017\/06\/profimedia-0333008267.jpg\"><img loading=\"lazy\" decoding=\"async\" class=\"size-full wp-image-152848\" src=\"https:\/\/d2p6e6u75xmxt8.cloudfront.net\/2\/2017\/06\/profimedia-0333008267.jpg\" alt=\"\" width=\"1250\" height=\"833\" \/><\/a><figcaption id=\"caption-attachment-152848\" class=\"wp-caption-text\">George Bennett of New Zealand riding for Team Lotto NL-Jumbo, second place Rafa\u0142 Majka and third place Andrew Talansky of United States riding for Cannondale-Drapac Pro Cycling celebrate on the podium after finishing the 2017 AMGEN Tour of California on May 20.<\/figcaption><\/figure>\n<p><em><strong>Rafa\u0142, as a team, everyone agrees to say that Bora Hansgrohe has had some tremendous successes so far this year. Your Giro d\u2019Italia was excellent and recently, many of you have done very well. How do you feel as a team?<\/strong><\/em><\/p>\n<p>Oh well, this is because of all the new kitchen and bathroom equipment we\u2019ve all got installed in our houses not long ago, thanks to our sponsors for that! (laughter)<\/p>\n<p>But on a more serious note, at the begining many people were saying that even with a bunch of great riders, Bora-Hansgrohe wouldn\u2019t get much results this year. Quite a few voices in the media claimed that we were some young players lacking experience, and now we see what\u2019s it worth!<\/p>\n<p>You know, sometimes it may just be better to have a younger and talented team where everyone will want to do their best, as opposed to a team with more experience but mostly unwilling to try doing things differently.<\/p>\n<div class=\"shortcode-ys-post-pinup\"><article class=\"loop-simple post-152278 post type-post status-publish format-video has-post-thumbnail hentry category-road-cycling tag-stephen-roche tag-tdf tag-tdf-2017 tag-tour-de-france-2017 post_format-post-format-video\" data-postid=\"152278\" role=\"article\" data-post-id=\"152278\" data-word-count=\"469\" data-headline-length=\"57\" data-category=\"Road cycling\" data-author=\"WeLoveCycling\" data-published=\"2017-06-26T09:28:59+00:00\" data-published-day=\"Monday\">\n    <div class=\"entry-thumbnail article-thumbnail video-thumbnail\" content=\"https:\/\/d2p6e6u75xmxt8.cloudfront.net\/2\/2017\/06\/profimedia-0068376051-1-150x150.webp\"><svg class=\"play font-icon\"><use href=\"#play_round\" xlink:href=\"#play_round\"><\/use><\/svg><a href=\"https:\/\/www.welovecycling.com\/wide\/2017\/06\/26\/sacrifices-stephen-roche-no-limits-no-excuses\/\" class=\"image-holder\" target=\"_self\"><img decoding=\"async\" loading=\"lazy\" class=\"\" src=\"https:\/\/d2p6e6u75xmxt8.cloudfront.net\/2\/2017\/06\/profimedia-0068376051-1-1024x682.webp\" srcset=\"https:\/\/d2p6e6u75xmxt8.cloudfront.net\/2\/2017\/06\/profimedia-0068376051-1.webp 1178w, https:\/\/d2p6e6u75xmxt8.cloudfront.net\/2\/2017\/06\/profimedia-0068376051-1-300x200.webp 300w, https:\/\/d2p6e6u75xmxt8.cloudfront.net\/2\/2017\/06\/profimedia-0068376051-1-1024x682.webp 1024w, https:\/\/d2p6e6u75xmxt8.cloudfront.net\/2\/2017\/06\/profimedia-0068376051-1-768x512.webp 768w, https:\/\/d2p6e6u75xmxt8.cloudfront.net\/2\/2017\/06\/profimedia-0068376051-1-272x182.webp 272w\" width=\"1024\" height=\"682\" sizes=\"auto, (min-width: 1200px) 300px, (min-width: 768px) 25vw, 100vw\" alt=\"sacrifices-stephen-roche-no-limits-no-excuses\"\/><\/a><\/div>    <div class=\"entry-meta\">\n        <a class=\"label label-secondary post-category\" href=\"https:\/\/www.welovecycling.com\/wide\/category\/road-cycling\/\" title=\"Road cycling\">Road cycling<\/a>\n    <\/div>\n    <div class=\"entry-details\">\n        <a href=\"https:\/\/www.welovecycling.com\/wide\/2017\/06\/26\/sacrifices-stephen-roche-no-limits-no-excuses\/\" class='entry-title-wrapper'>\n            <h3 class=\"entry-title\"><span>The Sacrifices of Stephen Roche \u2013 No Limits, No Excuses<\/span><\/h3>\n        <\/a>\n    <\/div>\n    <\/article>\n<\/div>\n<p><em><strong>What about this year\u2019s route? Have you fully studied it yet?<\/strong><\/em><\/p>\n<p>In all honesty, not yet. I know that the second stage will be some hill and it surely will be a very important one. Also I would say that Stage 9 going to Dauphine will be important. But then again, the Tour de France is not just about the mountains and can easily be lost on the flat stages. And as I mentioned earlier, I feel that our team is strong so if the winds come hitting us on these flat stages it\u2019s even better for me since I can hide behind my teammates\u2019 wheel better than some of the other GC contenders can with their team.<\/p>\n<p>And you know, if by some misfortune the GC classification doesn\u2019t come my way, then you can be sure that I will be hunting stage wins as opposed to settling for some 8th or 9th position in the GC. You know, I\u2019ve already finished the Giro in 5th position, the Vuelta in 3rd. So an 8th position at the Tour will not satisfy me. And remember that we have the young Buchmann who has never been in the top ten yet. So I do see him contending for an 8th or 9th place with me by his side as something realistic!<\/p>\n<figure id=\"attachment_152849\" aria-describedby=\"caption-attachment-152849\" style=\"width: 1250px\" class=\"wp-caption alignnone\"><a href=\"https:\/\/d2p6e6u75xmxt8.cloudfront.net\/2\/2017\/06\/profimedia-0332412197.jpg\"><img loading=\"lazy\" decoding=\"async\" class=\"size-full wp-image-152849\" src=\"https:\/\/d2p6e6u75xmxt8.cloudfront.net\/2\/2017\/06\/profimedia-0332412197.jpg\" alt=\"\" width=\"1250\" height=\"833\" \/><\/a><figcaption id=\"caption-attachment-152849\" class=\"wp-caption-text\">Rafa\u0142\u00a0Majka outsprints George Bennett of New Zealand and LottoNL-Jumbo to win stage two of the AMGEN Tour of California from Modesto to San Jose on May 15, 2017.<\/figcaption><\/figure>\n<p><em><strong>Lets take a look at your calendar for this year: so far, you have been selecting races which are somewhat different from the ones your GC rivals selected prior to the Tour de France. You chose to race in Slovenia whiles a majority went to the Dauphine. You obviously know your body limits and capabilities and you\u2019ve raced the Tour in the past. So, why these choices? You weren\u2019t interested in doing a straight comparison with the other GC contenders for the Tour?<\/strong><\/em><\/p>\n<p>No, I went down from our high altitude training Camp in the USA earlier and went straight into racing. You know, I stayed so long at high altitude this spring to be rather strong up until the last 10 days of the Tour. Pawel was with me in mountains and we&#8217;ve done some really good work. Sometimes it is good to train really hard and go down directly into racing.<\/p>\n<p>Pawel Poljanski on the other hand\u00a0has not raced recently, and came here only for the Polish National Championships. However, he also plans to peak in the last 10 days of the Tour. As for Maciej Bodnar, he has done the Tour de Suisse.<\/p>\n<p>Now about the calendar after the Tour de France, we will see. I definitely would like to start at the Tour de Pologne and even La Vuelta. But maybe it&#8217;s too much&#8230; we&#8217;ll see if the team agrees to all these plans! But if I\u2019ll ride, I think the boys will ride with me!<\/p>\n<div class=\"shortcode-ys-post-pinup\"><article class=\"loop-simple post-152226 post type-post status-publish format-video has-post-thumbnail hentry category-road-cycling tag-bicycle-race tag-queen tag-tdf tag-tdf-2017 tag-tour-de-france-2017 post_format-post-format-video\" data-postid=\"152226\" role=\"article\" data-post-id=\"152226\" data-word-count=\"312\" data-headline-length=\"30\" data-category=\"Road cycling\" data-author=\"WeLoveCycling\" data-published=\"2017-06-26T09:28:08+00:00\" data-published-day=\"Monday\">\n    <div class=\"entry-thumbnail article-thumbnail video-thumbnail\" content=\"https:\/\/d2p6e6u75xmxt8.cloudfront.net\/2\/2017\/06\/profimedia-0222666193-cover-150x150.webp\"><svg class=\"play font-icon\"><use href=\"#play_round\" xlink:href=\"#play_round\"><\/use><\/svg><a href=\"https:\/\/www.welovecycling.com\/wide\/2017\/06\/26\/love-bicycle-race-queen\/\" class=\"image-holder\" target=\"_self\"><img decoding=\"async\" loading=\"lazy\" class=\"\" src=\"https:\/\/d2p6e6u75xmxt8.cloudfront.net\/2\/2017\/06\/profimedia-0222666193-cover-1024x682.webp\" srcset=\"https:\/\/d2p6e6u75xmxt8.cloudfront.net\/2\/2017\/06\/profimedia-0222666193-cover.webp 1178w, https:\/\/d2p6e6u75xmxt8.cloudfront.net\/2\/2017\/06\/profimedia-0222666193-cover-300x200.webp 300w, https:\/\/d2p6e6u75xmxt8.cloudfront.net\/2\/2017\/06\/profimedia-0222666193-cover-1024x682.webp 1024w, https:\/\/d2p6e6u75xmxt8.cloudfront.net\/2\/2017\/06\/profimedia-0222666193-cover-768x512.webp 768w, https:\/\/d2p6e6u75xmxt8.cloudfront.net\/2\/2017\/06\/profimedia-0222666193-cover-272x182.webp 272w\" width=\"1024\" height=\"682\" sizes=\"auto, (min-width: 1200px) 300px, (min-width: 768px) 25vw, 100vw\" alt=\"love-bicycle-race-queen\"\/><\/a><\/div>    <div class=\"entry-meta\">\n        <a class=\"label label-secondary post-category\" href=\"https:\/\/www.welovecycling.com\/wide\/category\/road-cycling\/\" title=\"Road cycling\">Road cycling<\/a>\n    <\/div>\n    <div class=\"entry-details\">\n        <a href=\"https:\/\/www.welovecycling.com\/wide\/2017\/06\/26\/love-bicycle-race-queen\/\" class='entry-title-wrapper'>\n            <h3 class=\"entry-title\"><span>We Love: Bicycle Race by Queen<\/span><\/h3>\n        <\/a>\n    <\/div>\n    <\/article>\n<\/div>\n<p><em><strong>We\u2019d like to congratulate your wife and yourself on your newly born daughter. Any special wish for Father&#8217;s Day?<\/strong><\/em><\/p>\n<p>I got a \u201cSuper Daddy\u201d coffee mug, so right now, I just feel like Superman! She&#8217;s truly a darling and we\u2019re lucky because she sleeps at night, which is great for the mommy! However, yesterday we had Maciej and Pawel at home and they started playing with her. That gave my wife and I a bit of a scare! (laughter)<\/p>\n<p><em><strong>We sincerely thank you for this time together. All the best for the Tour, Rafa\u0142!<\/strong><\/em><\/p>\n","protected":false},"excerpt":{"rendered":"<p>The day before the final race of the Polish National Championship Men Elite, we were able to spend some time [&hellip;]<\/p>\n","protected":false},"author":12,"featured_media":152846,"comment_status":"open","ping_status":"open","sticky":false,"template":"","format":"standard","meta":{"footnotes":""},"categories":[329],"tags":[1198,1199,1197,845,1168,433,1169],"global-categories":[],"class_list":["post-152832","post","type-post","status-publish","format-standard","has-post-thumbnail","hentry","category-road-cycling","tag-maciej-bodnar","tag-pawel-poljanski","tag-rafal-majka","tag-tdf","tag-tdf-2017","tag-tour-de-france","tag-tour-de-france-2017"],"yoast_head":"<!-- This site is optimized with the Yoast SEO Premium plugin v25.3 (Yoast SEO v25.9) - https:\/\/yoast.com\/wordpress\/plugins\/seo\/ -->\n<title>Majka on Tour de France: \u201cI should be looking at a top-5 finish!\u201d - \u0160koda We Love Cycling<\/title>\n<meta name=\"description\" content=\"The day before the final race of the Polish National Championship Men Elite, we were able to spend some time with Rafa\u0142 Majka, Maciej Bodnar, and Pawel\" \/>\n<meta name=\"robots\" content=\"index, follow, max-snippet:-1, max-image-preview:large, max-video-preview:-1\" \/>\n<link rel=\"canonical\" href=\"https:\/\/www.welovecycling.com\/wide\/2017\/06\/28\/majka-tour-de-france-looking-top-5-finish\/\" \/>\n<meta property=\"og:locale\" content=\"en_US\" \/>\n<meta property=\"og:type\" content=\"article\" \/>\n<meta property=\"og:title\" content=\"Majka on Tour de France: \u201cI should be looking at a top-5 finish!\u201d\" \/>\n<meta property=\"og:description\" content=\"The day before the final race of the Polish National Championship Men Elite, we were able to spend some time with Rafa\u0142 Majka, Maciej Bodnar, and Pawel\" \/>\n<meta property=\"og:url\" content=\"https:\/\/www.welovecycling.com\/wide\/2017\/06\/28\/majka-tour-de-france-looking-top-5-finish\/\" \/>\n<meta property=\"og:site_name\" content=\"\u0160koda We Love Cycling\" \/>\n<meta property=\"article:published_time\" content=\"2017-06-28T13:41:05+00:00\" \/>\n<meta property=\"article:modified_time\" content=\"2017-06-29T07:24:03+00:00\" \/>\n<meta property=\"og:image\" content=\"https:\/\/d2p6e6u75xmxt8.cloudfront.net\/2\/2017\/06\/profimedia-0332926068-1.webp\" \/>\n\t<meta property=\"og:image:width\" content=\"1178\" \/>\n\t<meta property=\"og:image:height\" content=\"785\" \/>\n\t<meta property=\"og:image:type\" content=\"image\/webp\" \/>\n<meta name=\"twitter:card\" content=\"summary_large_image\" \/>\n<meta name=\"twitter:label1\" content=\"Written by\" \/>\n\t<meta name=\"twitter:data1\" content=\"WeLoveCycling\" \/>\n\t<meta name=\"twitter:label2\" content=\"Est. reading time\" \/>\n\t<meta name=\"twitter:data2\" content=\"6 minutes\" \/>\n<script type=\"application\/ld+json\" class=\"yoast-schema-graph\">{\"@context\":\"https:\/\/schema.org\",\"@graph\":[{\"@type\":\"WebPage\",\"@id\":\"https:\/\/www.welovecycling.com\/wide\/2017\/06\/28\/majka-tour-de-france-looking-top-5-finish\/\",\"url\":\"https:\/\/www.welovecycling.com\/wide\/2017\/06\/28\/majka-tour-de-france-looking-top-5-finish\/\",\"name\":\"Majka on Tour de France: \u201cI should be looking at a top-5 finish!\u201d - \u0160koda We Love Cycling\",\"isPartOf\":{\"@id\":\"https:\/\/www.welovecycling.com\/wide\/#website\"},\"primaryImageOfPage\":{\"@id\":\"https:\/\/www.welovecycling.com\/wide\/2017\/06\/28\/majka-tour-de-france-looking-top-5-finish\/#primaryimage\"},\"image\":{\"@id\":\"https:\/\/www.welovecycling.com\/wide\/2017\/06\/28\/majka-tour-de-france-looking-top-5-finish\/#primaryimage\"},\"thumbnailUrl\":\"https:\/\/d2p6e6u75xmxt8.cloudfront.net\/2\/2017\/06\/profimedia-0332926068-1.webp\",\"datePublished\":\"2017-06-28T13:41:05+00:00\",\"dateModified\":\"2017-06-29T07:24:03+00:00\",\"author\":{\"@id\":\"\"},\"description\":\"The day before the final race of the Polish National Championship Men Elite, we were able to spend some time with Rafa\u0142 Majka, Maciej Bodnar, and Pawel\",\"breadcrumb\":{\"@id\":\"https:\/\/www.welovecycling.com\/wide\/2017\/06\/28\/majka-tour-de-france-looking-top-5-finish\/#breadcrumb\"},\"inLanguage\":\"en-US\",\"potentialAction\":[{\"@type\":\"ReadAction\",\"target\":[\"https:\/\/www.welovecycling.com\/wide\/2017\/06\/28\/majka-tour-de-france-looking-top-5-finish\/\"]}]},{\"@type\":\"ImageObject\",\"inLanguage\":\"en-US\",\"@id\":\"https:\/\/www.welovecycling.com\/wide\/2017\/06\/28\/majka-tour-de-france-looking-top-5-finish\/#primaryimage\",\"url\":\"https:\/\/d2p6e6u75xmxt8.cloudfront.net\/2\/2017\/06\/profimedia-0332926068-1.webp\",\"contentUrl\":\"https:\/\/d2p6e6u75xmxt8.cloudfront.net\/2\/2017\/06\/profimedia-0332926068-1.webp\",\"width\":1178,\"height\":785},{\"@type\":\"BreadcrumbList\",\"@id\":\"https:\/\/www.welovecycling.com\/wide\/2017\/06\/28\/majka-tour-de-france-looking-top-5-finish\/#breadcrumb\",\"itemListElement\":[{\"@type\":\"ListItem\",\"position\":1,\"name\":\"Home\",\"item\":\"https:\/\/www.welovecycling.com\/wide\/\"},{\"@type\":\"ListItem\",\"position\":2,\"name\":\"Majka on Tour de France: \u201cI should be looking at a top-5 finish!\u201d\"}]},{\"@type\":\"WebSite\",\"@id\":\"https:\/\/www.welovecycling.com\/wide\/#website\",\"url\":\"https:\/\/www.welovecycling.com\/wide\/\",\"name\":\"\u0160koda We Love Cycling\",\"description\":\"\u0160koda We Love Cycling magazine\",\"alternateName\":\"\u0160koda WLC\",\"potentialAction\":[{\"@type\":\"SearchAction\",\"target\":{\"@type\":\"EntryPoint\",\"urlTemplate\":\"https:\/\/www.welovecycling.com\/wide\/?s={search_term_string}\"},\"query-input\":{\"@type\":\"PropertyValueSpecification\",\"valueRequired\":true,\"valueName\":\"search_term_string\"}}],\"inLanguage\":\"en-US\"},{\"@type\":\"Person\",\"@id\":\"\",\"url\":\"https:\/\/www.welovecycling.com\/wide\/author\/\"}]}<\/script>\n<!-- \/ Yoast SEO Premium plugin. -->","yoast_head_json":{"title":"Majka on Tour de France: \u201cI should be looking at a top-5 finish!\u201d - \u0160koda We Love Cycling","description":"The day before the final race of the Polish National Championship Men Elite, we were able to spend some time with Rafa\u0142 Majka, Maciej Bodnar, and Pawel","robots":{"index":"index","follow":"follow","max-snippet":"max-snippet:-1","max-image-preview":"max-image-preview:large","max-video-preview":"max-video-preview:-1"},"canonical":"https:\/\/www.welovecycling.com\/wide\/2017\/06\/28\/majka-tour-de-france-looking-top-5-finish\/","og_locale":"en_US","og_type":"article","og_title":"Majka on Tour de France: \u201cI should be looking at a top-5 finish!\u201d","og_description":"The day before the final race of the Polish National Championship Men Elite, we were able to spend some time with Rafa\u0142 Majka, Maciej Bodnar, and Pawel","og_url":"https:\/\/www.welovecycling.com\/wide\/2017\/06\/28\/majka-tour-de-france-looking-top-5-finish\/","og_site_name":"\u0160koda We Love Cycling","article_published_time":"2017-06-28T13:41:05+00:00","article_modified_time":"2017-06-29T07:24:03+00:00","og_image":[{"width":1178,"height":785,"url":"https:\/\/d2p6e6u75xmxt8.cloudfront.net\/2\/2017\/06\/profimedia-0332926068-1.webp","type":"image\/webp"}],"twitter_card":"summary_large_image","twitter_misc":{"Written by":"WeLoveCycling","Est. reading time":"6 minutes"},"schema":{"@context":"https:\/\/schema.org","@graph":[{"@type":"WebPage","@id":"https:\/\/www.welovecycling.com\/wide\/2017\/06\/28\/majka-tour-de-france-looking-top-5-finish\/","url":"https:\/\/www.welovecycling.com\/wide\/2017\/06\/28\/majka-tour-de-france-looking-top-5-finish\/","name":"Majka on Tour de France: \u201cI should be looking at a top-5 finish!\u201d - \u0160koda We Love Cycling","isPartOf":{"@id":"https:\/\/www.welovecycling.com\/wide\/#website"},"primaryImageOfPage":{"@id":"https:\/\/www.welovecycling.com\/wide\/2017\/06\/28\/majka-tour-de-france-looking-top-5-finish\/#primaryimage"},"image":{"@id":"https:\/\/www.welovecycling.com\/wide\/2017\/06\/28\/majka-tour-de-france-looking-top-5-finish\/#primaryimage"},"thumbnailUrl":"https:\/\/d2p6e6u75xmxt8.cloudfront.net\/2\/2017\/06\/profimedia-0332926068-1.webp","datePublished":"2017-06-28T13:41:05+00:00","dateModified":"2017-06-29T07:24:03+00:00","author":{"@id":""},"description":"The day before the final race of the Polish National Championship Men Elite, we were able to spend some time with Rafa\u0142 Majka, Maciej Bodnar, and Pawel","breadcrumb":{"@id":"https:\/\/www.welovecycling.com\/wide\/2017\/06\/28\/majka-tour-de-france-looking-top-5-finish\/#breadcrumb"},"inLanguage":"en-US","potentialAction":[{"@type":"ReadAction","target":["https:\/\/www.welovecycling.com\/wide\/2017\/06\/28\/majka-tour-de-france-looking-top-5-finish\/"]}]},{"@type":"ImageObject","inLanguage":"en-US","@id":"https:\/\/www.welovecycling.com\/wide\/2017\/06\/28\/majka-tour-de-france-looking-top-5-finish\/#primaryimage","url":"https:\/\/d2p6e6u75xmxt8.cloudfront.net\/2\/2017\/06\/profimedia-0332926068-1.webp","contentUrl":"https:\/\/d2p6e6u75xmxt8.cloudfront.net\/2\/2017\/06\/profimedia-0332926068-1.webp","width":1178,"height":785},{"@type":"BreadcrumbList","@id":"https:\/\/www.welovecycling.com\/wide\/2017\/06\/28\/majka-tour-de-france-looking-top-5-finish\/#breadcrumb","itemListElement":[{"@type":"ListItem","position":1,"name":"Home","item":"https:\/\/www.welovecycling.com\/wide\/"},{"@type":"ListItem","position":2,"name":"Majka on Tour de France: \u201cI should be looking at a top-5 finish!\u201d"}]},{"@type":"WebSite","@id":"https:\/\/www.welovecycling.com\/wide\/#website","url":"https:\/\/www.welovecycling.com\/wide\/","name":"\u0160koda We Love Cycling","description":"\u0160koda We Love Cycling magazine","alternateName":"\u0160koda WLC","potentialAction":[{"@type":"SearchAction","target":{"@type":"EntryPoint","urlTemplate":"https:\/\/www.welovecycling.com\/wide\/?s={search_term_string}"},"query-input":{"@type":"PropertyValueSpecification","valueRequired":true,"valueName":"search_term_string"}}],"inLanguage":"en-US"},{"@type":"Person","@id":"","url":"https:\/\/www.welovecycling.com\/wide\/author\/"}]}},"_links":{"self":[{"href":"https:\/\/www.welovecycling.com\/wide\/wp-json\/wp\/v2\/posts\/152832","targetHints":{"allow":["GET"]}}],"collection":[{"href":"https:\/\/www.welovecycling.com\/wide\/wp-json\/wp\/v2\/posts"}],"about":[{"href":"https:\/\/www.welovecycling.com\/wide\/wp-json\/wp\/v2\/types\/post"}],"author":[{"embeddable":true,"href":"https:\/\/www.welovecycling.com\/wide\/wp-json\/wp\/v2\/users\/12"}],"replies":[{"embeddable":true,"href":"https:\/\/www.welovecycling.com\/wide\/wp-json\/wp\/v2\/comments?post=152832"}],"version-history":[{"count":2,"href":"https:\/\/www.welovecycling.com\/wide\/wp-json\/wp\/v2\/posts\/152832\/revisions"}],"predecessor-version":[{"id":152864,"href":"https:\/\/www.welovecycling.com\/wide\/wp-json\/wp\/v2\/posts\/152832\/revisions\/152864"}],"wp:featuredmedia":[{"embeddable":true,"href":"https:\/\/www.welovecycling.com\/wide\/wp-json\/wp\/v2\/media\/152846"}],"wp:attachment":[{"href":"https:\/\/www.welovecycling.com\/wide\/wp-json\/wp\/v2\/media?parent=152832"}],"wp:term":[{"taxonomy":"category","embeddable":true,"href":"https:\/\/www.welovecycling.com\/wide\/wp-json\/wp\/v2\/categories?post=152832"},{"taxonomy":"post_tag","embeddable":true,"href":"https:\/\/www.welovecycling.com\/wide\/wp-json\/wp\/v2\/tags?post=152832"},{"taxonomy":"global-categories","embeddable":true,"href":"https:\/\/www.welovecycling.com\/wide\/wp-json\/wp\/v2\/global-categories?post=152832"}],"curies":[{"name":"wp","href":"https:\/\/api.w.org\/{rel}","templated":true}]}}