{"id":151938,"date":"2017-06-14T07:54:45","date_gmt":"2017-06-14T07:54:45","guid":{"rendered":"https:\/\/www.welovecycling.com\/wide\/?p=151938"},"modified":"2017-10-27T09:17:39","modified_gmt":"2017-10-27T09:17:39","slug":"riga-goes-guerrilla-cycling-lanes-appeared-overnight","status":"publish","type":"post","link":"https:\/\/www.welovecycling.com\/wide\/2017\/06\/14\/riga-goes-guerrilla-cycling-lanes-appeared-overnight\/","title":{"rendered":"Riga Goes Guerrilla: How Cycling Lanes Appeared Overnight"},"content":{"rendered":"<p><strong>You know how they say that if you want to get something done you should just do it yourself? Well, that was apparently the mind-set of the Latvian capital\u2019s cycling activists who decided they have enough of fruitless city hall promises.<\/strong><br \/>\n<!--more--><\/p>\n<p>Riga\u2019s Br\u012bv\u012bbas Iela is a busy mains street going through the city\u2019s heart and a battle is currently being fought there. A battle for space among pedestrians, cyclists, and cars. For years now, city officials have been insisting that there\u2019s no room for dedicated lanes and somebody run out of patience and simply painted them on.<\/p>\n<div class=\"shortcode-ys-post-pinup\"><article class=\"loop-simple post-151653 post type-post status-publish format-standard has-post-thumbnail hentry category-urban-cycling tag-amsterdam tag-jan-de-jonge tag-swavek-vervoort\" data-postid=\"151653\" role=\"article\" data-post-id=\"151653\" data-word-count=\"262\" data-headline-length=\"48\" data-category=\"Urban cycling\" data-author=\"Frantiska Blazkova\" data-published=\"2017-05-31T13:21:40+00:00\" data-published-day=\"Wednesday\">\n    <div class=\"entry-thumbnail article-thumbnail\" content=\"https:\/\/d2p6e6u75xmxt8.cloudfront.net\/2\/2017\/05\/claw6-150x150.webp\"><a href=\"https:\/\/www.welovecycling.com\/wide\/2017\/05\/31\/video-bicycle-treasure-hunt-amsterdam-canals\/\" class=\"image-holder\" target=\"_self\"><img decoding=\"async\" loading=\"lazy\" class=\"\" src=\"https:\/\/d2p6e6u75xmxt8.cloudfront.net\/2\/2017\/05\/claw6.webp\" srcset=\"https:\/\/d2p6e6u75xmxt8.cloudfront.net\/2\/2017\/05\/claw6.webp 900w, https:\/\/d2p6e6u75xmxt8.cloudfront.net\/2\/2017\/05\/claw6-300x200.webp 300w, https:\/\/d2p6e6u75xmxt8.cloudfront.net\/2\/2017\/05\/claw6-768x512.webp 768w, https:\/\/d2p6e6u75xmxt8.cloudfront.net\/2\/2017\/05\/claw6-272x182.webp 272w\" width=\"900\" height=\"600\" sizes=\"auto, (min-width: 1200px) 300px, (min-width: 768px) 25vw, 100vw\" alt=\"video-bicycle-treasure-hunt-amsterdam-canals\"\/><\/a><\/div>    <div class=\"entry-meta\">\n        <a class=\"label label-secondary post-category\" href=\"https:\/\/www.welovecycling.com\/wide\/category\/urban-cycling\/\" title=\"Urban cycling\">Urban cycling<\/a>\n    <\/div>\n    <div class=\"entry-details\">\n        <a href=\"https:\/\/www.welovecycling.com\/wide\/2017\/05\/31\/video-bicycle-treasure-hunt-amsterdam-canals\/\" class='entry-title-wrapper'>\n            <h3 class=\"entry-title\"><span>VIDEO: Bicycle Treasure Hunt in Amsterdam Canals<\/span><\/h3>\n        <\/a>\n    <\/div>\n    <\/article>\n<\/div>\n<p>To be fair, after countless negotiation attempts and sustained lobbying by pro-bike and pro-pedestrian activists, the city did adapt some measures towards a more cycling-friendly environment by marking a few bike lanes in the suburbs, but the downtown, to which the commuters cycle the most, remains untouched. In 2015, Riga\u2019s officials commissioned a full-scale strategic plan to improve cycling infrastructure once and for all, but according to one of the plan\u2019s designers, it might have been just a temporary duct tape over activists\u2019 mouths.<\/p>\n<div id='gallery-1' class='gallery galleryid-151653 gallery-columns-2 gallery-size-large'><figure class='gallery-item'>\n\t\t\t<div class='gallery-icon landscape'>\n\t\t\t\t<a href='https:\/\/d2p6e6u75xmxt8.cloudfront.net\/2\/2017\/06\/87cde14d5.webp'><img loading=\"lazy\" decoding=\"async\" width=\"620\" height=\"412\" src=\"https:\/\/d2p6e6u75xmxt8.cloudfront.net\/2\/2017\/06\/87cde14d5.webp\" class=\"attachment-large size-large\" alt=\"\" aria-describedby=\"gallery-1-151942\" srcset=\"https:\/\/d2p6e6u75xmxt8.cloudfront.net\/2\/2017\/06\/87cde14d5.webp 620w, https:\/\/d2p6e6u75xmxt8.cloudfront.net\/2\/2017\/06\/87cde14d5-300x199.webp 300w, https:\/\/d2p6e6u75xmxt8.cloudfront.net\/2\/2017\/06\/87cde14d5-272x182.webp 272w\" sizes=\"auto, (max-width: 620px) 100vw, 620px\" \/><\/a>\n\t\t\t<\/div>\n\t\t\t\t<figcaption class='wp-caption-text gallery-caption' id='gallery-1-151942'>\n\t\t\t\tPils\u0113ta cilv\u0113kiem\n\t\t\t\t<\/figcaption><\/figure><figure class='gallery-item'>\n\t\t\t<div class='gallery-icon landscape'>\n\t\t\t\t<a href='https:\/\/d2p6e6u75xmxt8.cloudfront.net\/2\/2017\/06\/lead_large.webp'><img loading=\"lazy\" decoding=\"async\" width=\"620\" height=\"412\" src=\"https:\/\/d2p6e6u75xmxt8.cloudfront.net\/2\/2017\/06\/lead_large.webp\" class=\"attachment-large size-large\" alt=\"\" aria-describedby=\"gallery-1-151943\" srcset=\"https:\/\/d2p6e6u75xmxt8.cloudfront.net\/2\/2017\/06\/lead_large.webp 620w, https:\/\/d2p6e6u75xmxt8.cloudfront.net\/2\/2017\/06\/lead_large-300x199.webp 300w, https:\/\/d2p6e6u75xmxt8.cloudfront.net\/2\/2017\/06\/lead_large-272x182.webp 272w\" sizes=\"auto, (max-width: 620px) 100vw, 620px\" \/><\/a>\n\t\t\t<\/div>\n\t\t\t\t<figcaption class='wp-caption-text gallery-caption' id='gallery-1-151943'>\n\t\t\t\tPils\u0113ta cilv\u0113kiem\n\t\t\t\t<\/figcaption><\/figure>\n\t\t<\/div>\n\n<p>But back to events that, supposedly, took place in the early morning hours of Friday 26th May. Decently-sized cycle lanes were put in place by unknown urban activists and people on bikes started using them right away. No group in particular came forward to claim the authorship but Riga, allegedly, has a large and loosely connected network of activists. The rumor has it, that the lines were executed so well that a few locals took time to write the city\u2019s mayor to compliment him on the job well done, when in fact he had zero to do with them. Ironically, the city workers removed them almost immediately.<\/p>\n<p>Those who may object to this guerrilla happening being an endangering act or vandalism, because the removal cost some money from the city\u2019s budget, can be calmed down by the fact that this particular stretch of the road is due to be renovated during June so any alteration wouldn\u2019t last long. Another reason why is this topic so frustrating for some people involved is that Riga\u2019s streets are usually flat and broad so they can be transformed into a more inclusive place quite easily.<\/p>\n<div id='gallery-2' class='gallery galleryid-151653 gallery-columns-2 gallery-size-large'><figure class='gallery-item'>\n\t\t\t<div class='gallery-icon portrait'>\n\t\t\t\t<a href='https:\/\/d2p6e6u75xmxt8.cloudfront.net\/2\/2017\/06\/674c89182.webp'><img loading=\"lazy\" decoding=\"async\" width=\"620\" height=\"859\" src=\"https:\/\/d2p6e6u75xmxt8.cloudfront.net\/2\/2017\/06\/674c89182.webp\" class=\"attachment-large size-large\" alt=\"\" aria-describedby=\"gallery-2-151940\" srcset=\"https:\/\/d2p6e6u75xmxt8.cloudfront.net\/2\/2017\/06\/674c89182.webp 620w, https:\/\/d2p6e6u75xmxt8.cloudfront.net\/2\/2017\/06\/674c89182-217x300.webp 217w\" sizes=\"auto, (max-width: 620px) 100vw, 620px\" \/><\/a>\n\t\t\t<\/div>\n\t\t\t\t<figcaption class='wp-caption-text gallery-caption' id='gallery-2-151940'>\n\t\t\t\tAs you can see in the picture above, that\u2019s how Br\u012bv\u012bbas Iela looks now.\n\t\t\t\t<\/figcaption><\/figure><figure class='gallery-item'>\n\t\t\t<div class='gallery-icon portrait'>\n\t\t\t\t<a href='https:\/\/d2p6e6u75xmxt8.cloudfront.net\/2\/2017\/06\/d0b0acc48.webp'><img loading=\"lazy\" decoding=\"async\" width=\"620\" height=\"859\" src=\"https:\/\/d2p6e6u75xmxt8.cloudfront.net\/2\/2017\/06\/d0b0acc48.webp\" class=\"attachment-large size-large\" alt=\"\" aria-describedby=\"gallery-2-151939\" srcset=\"https:\/\/d2p6e6u75xmxt8.cloudfront.net\/2\/2017\/06\/d0b0acc48.webp 620w, https:\/\/d2p6e6u75xmxt8.cloudfront.net\/2\/2017\/06\/d0b0acc48-217x300.webp 217w\" sizes=\"auto, (max-width: 620px) 100vw, 620px\" \/><\/a>\n\t\t\t<\/div>\n\t\t\t\t<figcaption class='wp-caption-text gallery-caption' id='gallery-2-151939'>\n\t\t\t\tAnd this is the change proposition by designer Oto Ozols, that creates a much more user-friendly place with a lot more greenery included.\n\t\t\t\t<\/figcaption><\/figure>\n\t\t<\/div>\n\n<p>As they say, where there\u2019s will, there\u2019s a way. And Riga\u2019s city council will now have even harder time proving that they\u2019re really working on finding that will.<\/p>\n","protected":false},"excerpt":{"rendered":"<p>You know how they say that if you want to get something done you should just do it yourself? Well, [&hellip;]<\/p>\n","protected":false},"author":12,"featured_media":151944,"comment_status":"open","ping_status":"open","sticky":false,"template":"","format":"standard","meta":{"footnotes":""},"categories":[330],"tags":[1161,1160],"global-categories":[],"class_list":["post-151938","post","type-post","status-publish","format-standard","has-post-thumbnail","hentry","category-urban-cycling","tag-brivibas-iela","tag-riga"],"yoast_head":"<!-- This site is optimized with the Yoast SEO Premium plugin v25.3 (Yoast SEO v25.9) - https:\/\/yoast.com\/wordpress\/plugins\/seo\/ -->\n<title>Riga Goes Guerrilla: How Cycling Lanes Appeared Overnight - \u0160koda We Love Cycling<\/title>\n<meta name=\"description\" content=\"You know how they say that if you want to get something done you should just do it yourself? Well, that was apparently the mind-set of the Latvian\" \/>\n<meta name=\"robots\" content=\"index, follow, max-snippet:-1, max-image-preview:large, max-video-preview:-1\" \/>\n<link rel=\"canonical\" href=\"https:\/\/www.welovecycling.com\/wide\/2017\/06\/14\/riga-goes-guerrilla-cycling-lanes-appeared-overnight\/\" \/>\n<meta property=\"og:locale\" content=\"en_US\" \/>\n<meta property=\"og:type\" content=\"article\" \/>\n<meta property=\"og:title\" content=\"Riga Goes Guerrilla: How Cycling Lanes Appeared Overnight\" \/>\n<meta property=\"og:description\" content=\"You know how they say that if you want to get something done you should just do it yourself? Well, that was apparently the mind-set of the Latvian\" \/>\n<meta property=\"og:url\" content=\"https:\/\/www.welovecycling.com\/wide\/2017\/06\/14\/riga-goes-guerrilla-cycling-lanes-appeared-overnight\/\" \/>\n<meta property=\"og:site_name\" content=\"\u0160koda We Love Cycling\" \/>\n<meta property=\"article:published_time\" content=\"2017-06-14T07:54:45+00:00\" \/>\n<meta property=\"article:modified_time\" content=\"2017-10-27T09:17:39+00:00\" \/>\n<meta name=\"twitter:card\" content=\"summary_large_image\" \/>\n<meta name=\"twitter:image\" content=\"https:\/\/d2p6e6u75xmxt8.cloudfront.net\/2\/2017\/06\/profimedia-0289649421.webp\" \/>\n<meta name=\"twitter:label1\" content=\"Written by\" \/>\n\t<meta name=\"twitter:data1\" content=\"Frantiska Blazkova\" \/>\n\t<meta name=\"twitter:label2\" content=\"Est. reading time\" \/>\n\t<meta name=\"twitter:data2\" content=\"2 minutes\" \/>\n<script type=\"application\/ld+json\" class=\"yoast-schema-graph\">{\"@context\":\"https:\/\/schema.org\",\"@graph\":[{\"@type\":\"WebPage\",\"@id\":\"https:\/\/www.welovecycling.com\/wide\/2017\/06\/14\/riga-goes-guerrilla-cycling-lanes-appeared-overnight\/\",\"url\":\"https:\/\/www.welovecycling.com\/wide\/2017\/06\/14\/riga-goes-guerrilla-cycling-lanes-appeared-overnight\/\",\"name\":\"Riga Goes Guerrilla: How Cycling Lanes Appeared Overnight - \u0160koda We Love Cycling\",\"isPartOf\":{\"@id\":\"https:\/\/www.welovecycling.com\/wide\/#website\"},\"primaryImageOfPage\":{\"@id\":\"https:\/\/www.welovecycling.com\/wide\/2017\/06\/14\/riga-goes-guerrilla-cycling-lanes-appeared-overnight\/#primaryimage\"},\"image\":{\"@id\":\"https:\/\/www.welovecycling.com\/wide\/2017\/06\/14\/riga-goes-guerrilla-cycling-lanes-appeared-overnight\/#primaryimage\"},\"thumbnailUrl\":\"https:\/\/d2p6e6u75xmxt8.cloudfront.net\/2\/2017\/06\/profimedia-0289649421.webp\",\"datePublished\":\"2017-06-14T07:54:45+00:00\",\"dateModified\":\"2017-10-27T09:17:39+00:00\",\"author\":{\"@id\":\"\"},\"description\":\"You know how they say that if you want to get something done you should just do it yourself? Well, that was apparently the mind-set of the Latvian\",\"breadcrumb\":{\"@id\":\"https:\/\/www.welovecycling.com\/wide\/2017\/06\/14\/riga-goes-guerrilla-cycling-lanes-appeared-overnight\/#breadcrumb\"},\"inLanguage\":\"en-US\",\"potentialAction\":[{\"@type\":\"ReadAction\",\"target\":[\"https:\/\/www.welovecycling.com\/wide\/2017\/06\/14\/riga-goes-guerrilla-cycling-lanes-appeared-overnight\/\"]}]},{\"@type\":\"ImageObject\",\"inLanguage\":\"en-US\",\"@id\":\"https:\/\/www.welovecycling.com\/wide\/2017\/06\/14\/riga-goes-guerrilla-cycling-lanes-appeared-overnight\/#primaryimage\",\"url\":\"https:\/\/d2p6e6u75xmxt8.cloudfront.net\/2\/2017\/06\/profimedia-0289649421.webp\",\"contentUrl\":\"https:\/\/d2p6e6u75xmxt8.cloudfront.net\/2\/2017\/06\/profimedia-0289649421.webp\",\"width\":900,\"height\":600},{\"@type\":\"BreadcrumbList\",\"@id\":\"https:\/\/www.welovecycling.com\/wide\/2017\/06\/14\/riga-goes-guerrilla-cycling-lanes-appeared-overnight\/#breadcrumb\",\"itemListElement\":[{\"@type\":\"ListItem\",\"position\":1,\"name\":\"Home\",\"item\":\"https:\/\/www.welovecycling.com\/wide\/\"},{\"@type\":\"ListItem\",\"position\":2,\"name\":\"Riga Goes Guerrilla: How Cycling Lanes Appeared Overnight\"}]},{\"@type\":\"WebSite\",\"@id\":\"https:\/\/www.welovecycling.com\/wide\/#website\",\"url\":\"https:\/\/www.welovecycling.com\/wide\/\",\"name\":\"\u0160koda We Love Cycling\",\"description\":\"\u0160koda We Love Cycling magazine\",\"alternateName\":\"\u0160koda WLC\",\"potentialAction\":[{\"@type\":\"SearchAction\",\"target\":{\"@type\":\"EntryPoint\",\"urlTemplate\":\"https:\/\/www.welovecycling.com\/wide\/?s={search_term_string}\"},\"query-input\":{\"@type\":\"PropertyValueSpecification\",\"valueRequired\":true,\"valueName\":\"search_term_string\"}}],\"inLanguage\":\"en-US\"},{\"@type\":\"Person\",\"@id\":\"\",\"url\":\"https:\/\/www.welovecycling.com\/wide\/author\/\"}]}<\/script>\n<!-- \/ Yoast SEO Premium plugin. -->","yoast_head_json":{"title":"Riga Goes Guerrilla: How Cycling Lanes Appeared Overnight - \u0160koda We Love Cycling","description":"You know how they say that if you want to get something done you should just do it yourself? Well, that was apparently the mind-set of the Latvian","robots":{"index":"index","follow":"follow","max-snippet":"max-snippet:-1","max-image-preview":"max-image-preview:large","max-video-preview":"max-video-preview:-1"},"canonical":"https:\/\/www.welovecycling.com\/wide\/2017\/06\/14\/riga-goes-guerrilla-cycling-lanes-appeared-overnight\/","og_locale":"en_US","og_type":"article","og_title":"Riga Goes Guerrilla: How Cycling Lanes Appeared Overnight","og_description":"You know how they say that if you want to get something done you should just do it yourself? Well, that was apparently the mind-set of the Latvian","og_url":"https:\/\/www.welovecycling.com\/wide\/2017\/06\/14\/riga-goes-guerrilla-cycling-lanes-appeared-overnight\/","og_site_name":"\u0160koda We Love Cycling","article_published_time":"2017-06-14T07:54:45+00:00","article_modified_time":"2017-10-27T09:17:39+00:00","twitter_card":"summary_large_image","twitter_image":"https:\/\/d2p6e6u75xmxt8.cloudfront.net\/2\/2017\/06\/profimedia-0289649421.webp","twitter_misc":{"Written by":"Frantiska Blazkova","Est. reading time":"2 minutes"},"schema":{"@context":"https:\/\/schema.org","@graph":[{"@type":"WebPage","@id":"https:\/\/www.welovecycling.com\/wide\/2017\/06\/14\/riga-goes-guerrilla-cycling-lanes-appeared-overnight\/","url":"https:\/\/www.welovecycling.com\/wide\/2017\/06\/14\/riga-goes-guerrilla-cycling-lanes-appeared-overnight\/","name":"Riga Goes Guerrilla: How Cycling Lanes Appeared Overnight - \u0160koda We Love Cycling","isPartOf":{"@id":"https:\/\/www.welovecycling.com\/wide\/#website"},"primaryImageOfPage":{"@id":"https:\/\/www.welovecycling.com\/wide\/2017\/06\/14\/riga-goes-guerrilla-cycling-lanes-appeared-overnight\/#primaryimage"},"image":{"@id":"https:\/\/www.welovecycling.com\/wide\/2017\/06\/14\/riga-goes-guerrilla-cycling-lanes-appeared-overnight\/#primaryimage"},"thumbnailUrl":"https:\/\/d2p6e6u75xmxt8.cloudfront.net\/2\/2017\/06\/profimedia-0289649421.webp","datePublished":"2017-06-14T07:54:45+00:00","dateModified":"2017-10-27T09:17:39+00:00","author":{"@id":""},"description":"You know how they say that if you want to get something done you should just do it yourself? Well, that was apparently the mind-set of the Latvian","breadcrumb":{"@id":"https:\/\/www.welovecycling.com\/wide\/2017\/06\/14\/riga-goes-guerrilla-cycling-lanes-appeared-overnight\/#breadcrumb"},"inLanguage":"en-US","potentialAction":[{"@type":"ReadAction","target":["https:\/\/www.welovecycling.com\/wide\/2017\/06\/14\/riga-goes-guerrilla-cycling-lanes-appeared-overnight\/"]}]},{"@type":"ImageObject","inLanguage":"en-US","@id":"https:\/\/www.welovecycling.com\/wide\/2017\/06\/14\/riga-goes-guerrilla-cycling-lanes-appeared-overnight\/#primaryimage","url":"https:\/\/d2p6e6u75xmxt8.cloudfront.net\/2\/2017\/06\/profimedia-0289649421.webp","contentUrl":"https:\/\/d2p6e6u75xmxt8.cloudfront.net\/2\/2017\/06\/profimedia-0289649421.webp","width":900,"height":600},{"@type":"BreadcrumbList","@id":"https:\/\/www.welovecycling.com\/wide\/2017\/06\/14\/riga-goes-guerrilla-cycling-lanes-appeared-overnight\/#breadcrumb","itemListElement":[{"@type":"ListItem","position":1,"name":"Home","item":"https:\/\/www.welovecycling.com\/wide\/"},{"@type":"ListItem","position":2,"name":"Riga Goes Guerrilla: How Cycling Lanes Appeared Overnight"}]},{"@type":"WebSite","@id":"https:\/\/www.welovecycling.com\/wide\/#website","url":"https:\/\/www.welovecycling.com\/wide\/","name":"\u0160koda We Love Cycling","description":"\u0160koda We Love Cycling magazine","alternateName":"\u0160koda WLC","potentialAction":[{"@type":"SearchAction","target":{"@type":"EntryPoint","urlTemplate":"https:\/\/www.welovecycling.com\/wide\/?s={search_term_string}"},"query-input":{"@type":"PropertyValueSpecification","valueRequired":true,"valueName":"search_term_string"}}],"inLanguage":"en-US"},{"@type":"Person","@id":"","url":"https:\/\/www.welovecycling.com\/wide\/author\/"}]}},"_links":{"self":[{"href":"https:\/\/www.welovecycling.com\/wide\/wp-json\/wp\/v2\/posts\/151938","targetHints":{"allow":["GET"]}}],"collection":[{"href":"https:\/\/www.welovecycling.com\/wide\/wp-json\/wp\/v2\/posts"}],"about":[{"href":"https:\/\/www.welovecycling.com\/wide\/wp-json\/wp\/v2\/types\/post"}],"author":[{"embeddable":true,"href":"https:\/\/www.welovecycling.com\/wide\/wp-json\/wp\/v2\/users\/12"}],"replies":[{"embeddable":true,"href":"https:\/\/www.welovecycling.com\/wide\/wp-json\/wp\/v2\/comments?post=151938"}],"version-history":[{"count":2,"href":"https:\/\/www.welovecycling.com\/wide\/wp-json\/wp\/v2\/posts\/151938\/revisions"}],"predecessor-version":[{"id":162205,"href":"https:\/\/www.welovecycling.com\/wide\/wp-json\/wp\/v2\/posts\/151938\/revisions\/162205"}],"wp:featuredmedia":[{"embeddable":true,"href":"https:\/\/www.welovecycling.com\/wide\/wp-json\/wp\/v2\/media\/151944"}],"wp:attachment":[{"href":"https:\/\/www.welovecycling.com\/wide\/wp-json\/wp\/v2\/media?parent=151938"}],"wp:term":[{"taxonomy":"category","embeddable":true,"href":"https:\/\/www.welovecycling.com\/wide\/wp-json\/wp\/v2\/categories?post=151938"},{"taxonomy":"post_tag","embeddable":true,"href":"https:\/\/www.welovecycling.com\/wide\/wp-json\/wp\/v2\/tags?post=151938"},{"taxonomy":"global-categories","embeddable":true,"href":"https:\/\/www.welovecycling.com\/wide\/wp-json\/wp\/v2\/global-categories?post=151938"}],"curies":[{"name":"wp","href":"https:\/\/api.w.org\/{rel}","templated":true}]}}