{"id":151902,"date":"2017-06-12T10:26:20","date_gmt":"2017-06-12T10:26:20","guid":{"rendered":"https:\/\/www.welovecycling.com\/wide\/?p=151902"},"modified":"2017-06-12T10:26:20","modified_gmt":"2017-06-12T10:26:20","slug":"brand-neutral-bike-charger-become-reality","status":"publish","type":"post","link":"https:\/\/www.welovecycling.com\/wide\/2017\/06\/12\/brand-neutral-bike-charger-become-reality\/","title":{"rendered":"Is a Brand-Neutral Bike Charger About to Become Reality?"},"content":{"rendered":"<p><strong>With mobile devices moving towards battery-charge\u00a0standardisation,\u00a0is the same happening for\u00a0e-bike\u00a0chargers?<\/strong><br \/>\n<!--more--><\/p>\n<h2><strong>Why does it matter?<\/strong><\/h2>\n<p>Once the decision is made, charging your bike at work, or at a friend&#8217;s house will become commonplace and you won&#8217;t remember how life used to be\u00a0before.<\/p>\n<div class=\"shortcode-ys-post-pinup\"><article class=\"loop-simple post-146130 post type-post status-publish format-standard has-post-thumbnail hentry category-socialising-and-culture tag-jem-stein tag-the-bike-project\" data-postid=\"146130\" role=\"article\" data-post-id=\"146130\" data-word-count=\"264\" data-headline-length=\"69\" data-category=\"Socialising and Culture\" data-author=\"Monica Buck\" data-published=\"2017-01-18T12:45:36+00:00\" data-published-day=\"Wednesday\">\n    <div class=\"entry-thumbnail article-thumbnail\" content=\"https:\/\/d2p6e6u75xmxt8.cloudfront.net\/2\/2017\/01\/7845754_4485486484-150x150.webp\"><a href=\"https:\/\/www.welovecycling.com\/wide\/2017\/01\/18\/bike-project-cycling-changing-lives-refugees-london\/\" class=\"image-holder\" target=\"_self\"><img decoding=\"async\" loading=\"lazy\" class=\"\" src=\"https:\/\/d2p6e6u75xmxt8.cloudfront.net\/2\/2017\/01\/7845754_4485486484.webp\" srcset=\"https:\/\/d2p6e6u75xmxt8.cloudfront.net\/2\/2017\/01\/7845754_4485486484.webp 900w, https:\/\/d2p6e6u75xmxt8.cloudfront.net\/2\/2017\/01\/7845754_4485486484-300x200.webp 300w, https:\/\/d2p6e6u75xmxt8.cloudfront.net\/2\/2017\/01\/7845754_4485486484-768x512.webp 768w, https:\/\/d2p6e6u75xmxt8.cloudfront.net\/2\/2017\/01\/7845754_4485486484-272x182.webp 272w\" width=\"900\" height=\"600\" sizes=\"auto, (min-width: 1200px) 300px, (min-width: 768px) 25vw, 100vw\" alt=\"bike-project-cycling-changing-lives-refugees-london\"\/><\/a><\/div>    <div class=\"entry-meta\">\n        <a class=\"label label-secondary post-category\" href=\"https:\/\/www.welovecycling.com\/wide\/category\/socialising-and-culture\/\" title=\"Socialising and Culture\">Socialising and Culture<\/a>\n    <\/div>\n    <div class=\"entry-details\">\n        <a href=\"https:\/\/www.welovecycling.com\/wide\/2017\/01\/18\/bike-project-cycling-changing-lives-refugees-london\/\" class='entry-title-wrapper'>\n            <h3 class=\"entry-title\"><span>The Bike Project: Cycling Is Changing the Lives of Refugees in London<\/span><\/h3>\n        <\/a>\n    <\/div>\n    <\/article>\n<\/div>\n<p>We live in a world where airports, coffee shops, and restaurants provide\u00a0standardised\u00a0charging points for mobile devices \u2013 imagine if the same standards existed\u00a0for e-bikes.<\/p>\n<h2><strong>It&#8217;s a group decision<\/strong><\/h2>\n<p>All it will take to\u00a0standardise\u00a0e-bike\u00a0chargers are a few big brands agreeing on principle\u00a0\u2013 ideally Bosch, Shimano, Yamaha, and Brose. Once the big players of the\u00a0e-bike\u00a0motor world decide to move in the same direction, everyone else will follow.<\/p>\n<figure id=\"attachment_151904\" aria-describedby=\"caption-attachment-151904\" style=\"width: 1440px\" class=\"wp-caption alignnone\"><a href=\"https:\/\/d2p6e6u75xmxt8.cloudfront.net\/2\/2017\/06\/hunter_through_tress.jpg\"><img loading=\"lazy\" decoding=\"async\" class=\"size-full wp-image-151904\" src=\"https:\/\/d2p6e6u75xmxt8.cloudfront.net\/2\/2017\/06\/hunter_through_tress.jpg\" alt=\"\" width=\"1440\" height=\"900\" \/><\/a><figcaption id=\"caption-attachment-151904\" class=\"wp-caption-text\">Credit: Specialized and Matt Hunter<\/figcaption><\/figure>\n<p>It makes commercial sense to agree a standard, right? A 48-volt\u00a0standard sounds simple enough and with the numbers the big players sell, it would\u00a0lower costs, and development could start on\u00a0fast\u00a0charging speeds. All it would take would be an agreement on a specific 3-pin connector and a smart battery that adjusts the voltage to suit its needs.<\/p>\n<h2><strong>Do we need government intervention?<\/strong><\/h2>\n<p>Remember the difficulty the phone manufacturers had agreeing a standard for charging phones?\u00a0Apple have resisted the urge to conform to the USB standard almost every other manufacturer has adopted.\u00a0What&#8217;s to stop a big player like Shimano behaving the same way?<\/p>\n<div class=\"shortcode-ys-post-pinup\"><article class=\"loop-simple post-147362 post type-post status-publish format-standard has-post-thumbnail hentry category-road-cycling tag-e-bike tag-e-bikes tag-ebike tag-maintenance tag-pump-your-brakes tag-regrease-the-drive-chain\" data-postid=\"147362\" role=\"article\" data-post-id=\"147362\" data-word-count=\"288\" data-headline-length=\"32\" data-category=\"Road cycling\" data-author=\"Christopher Ashley\" data-published=\"2017-03-23T09:03:17+00:00\" data-published-day=\"Thursday\">\n    <div class=\"entry-thumbnail article-thumbnail\" content=\"https:\/\/d2p6e6u75xmxt8.cloudfront.net\/2\/2017\/03\/2324242424_422421424-150x150.webp\"><a href=\"https:\/\/www.welovecycling.com\/wide\/2017\/03\/23\/preparing-e-bike-spring\/\" class=\"image-holder\" target=\"_self\"><img decoding=\"async\" loading=\"lazy\" class=\"\" src=\"https:\/\/d2p6e6u75xmxt8.cloudfront.net\/2\/2017\/03\/2324242424_422421424.webp\" srcset=\"https:\/\/d2p6e6u75xmxt8.cloudfront.net\/2\/2017\/03\/2324242424_422421424.webp 900w, https:\/\/d2p6e6u75xmxt8.cloudfront.net\/2\/2017\/03\/2324242424_422421424-300x200.webp 300w, https:\/\/d2p6e6u75xmxt8.cloudfront.net\/2\/2017\/03\/2324242424_422421424-768x512.webp 768w, https:\/\/d2p6e6u75xmxt8.cloudfront.net\/2\/2017\/03\/2324242424_422421424-272x182.webp 272w\" width=\"900\" height=\"600\" sizes=\"auto, (min-width: 1200px) 300px, (min-width: 768px) 25vw, 100vw\" alt=\"preparing-e-bike-spring\"\/><\/a><\/div>    <div class=\"entry-meta\">\n        <a class=\"label label-secondary post-category\" href=\"https:\/\/www.welovecycling.com\/wide\/category\/road-cycling\/\" title=\"Road cycling\">Road cycling<\/a>\n    <\/div>\n    <div class=\"entry-details\">\n        <a href=\"https:\/\/www.welovecycling.com\/wide\/2017\/03\/23\/preparing-e-bike-spring\/\" class='entry-title-wrapper'>\n            <h3 class=\"entry-title\"><span>Preparing Your E-Bike for Spring<\/span><\/h3>\n        <\/a>\n    <\/div>\n    <\/article>\n<\/div>\n<p>The EU effectively ordered phone manufacturers to adopt a standard, and without this intervention it&#8217;s possible we&#8217;d still be looking at the likes of Nokia, Samsung, and Huawei producing their own individual chargers.<\/p>\n<h2><strong>Should we adopt the British Standard?<\/strong><\/h2>\n<p>Peter Eland is the technical manager at the Bicycle Association, a British\u00a0organisation\u00a0that offers advice on\u00a0standardisation. Having previously edited\u00a0Electric Bike\u00a0magazine, Eland is frustrated that &#8220;just about every brand has its own charger&#8221;.<\/p>\n<div class=\"shortcode-ys-post-pinup\"><article class=\"loop-simple post-145964 post type-post status-publish format-standard has-post-thumbnail hentry category-road-cycling tag-e-bike tag-e-bikes\" data-postid=\"145964\" role=\"article\" data-post-id=\"145964\" data-word-count=\"352\" data-headline-length=\"55\" data-category=\"Road cycling\" data-author=\"Christopher Ashley\" data-published=\"2017-01-09T09:27:10+00:00\" data-published-day=\"Monday\">\n    <div class=\"entry-thumbnail article-thumbnail\" content=\"https:\/\/d2p6e6u75xmxt8.cloudfront.net\/2\/2017\/01\/4224424_242442-150x150.webp\"><a href=\"https:\/\/www.welovecycling.com\/wide\/2017\/01\/09\/electric-bike-motors-comparison-one-best\/\" class=\"image-holder\" target=\"_self\"><img decoding=\"async\" loading=\"lazy\" class=\"\" src=\"https:\/\/d2p6e6u75xmxt8.cloudfront.net\/2\/2017\/01\/4224424_242442.webp\" srcset=\"https:\/\/d2p6e6u75xmxt8.cloudfront.net\/2\/2017\/01\/4224424_242442.webp 900w, https:\/\/d2p6e6u75xmxt8.cloudfront.net\/2\/2017\/01\/4224424_242442-300x200.webp 300w, https:\/\/d2p6e6u75xmxt8.cloudfront.net\/2\/2017\/01\/4224424_242442-768x512.webp 768w, https:\/\/d2p6e6u75xmxt8.cloudfront.net\/2\/2017\/01\/4224424_242442-272x182.webp 272w\" width=\"900\" height=\"600\" sizes=\"auto, (min-width: 1200px) 300px, (min-width: 768px) 25vw, 100vw\" alt=\"electric-bike-motors-comparison-one-best\"\/><\/a><\/div>    <div class=\"entry-meta\">\n        <a class=\"label label-secondary post-category\" href=\"https:\/\/www.welovecycling.com\/wide\/category\/road-cycling\/\" title=\"Road cycling\">Road cycling<\/a>\n    <\/div>\n    <div class=\"entry-details\">\n        <a href=\"https:\/\/www.welovecycling.com\/wide\/2017\/01\/09\/electric-bike-motors-comparison-one-best\/\" class='entry-title-wrapper'>\n            <h3 class=\"entry-title\"><span>Electric Bike Motors Comparison: Which One Is the Best?<\/span><\/h3>\n        <\/a>\n    <\/div>\n    <\/article>\n<\/div>\n<p>Eland is pushing for an &#8220;open charging standard&#8221; that he believes will open up new applications and business models, and create a real breakthrough for the e-bike market.<\/p>\n<p>With the EU likely to follow the British Standard, and Part 10 of the development being driven by Japanese and German businesses, the move towards an open universal bike charger is gaining momentum.<\/p>\n","protected":false},"excerpt":{"rendered":"<p>With mobile devices moving towards battery-charge\u00a0standardisation,\u00a0is the same happening for\u00a0e-bike\u00a0chargers?<\/p>\n","protected":false},"author":12,"featured_media":151903,"comment_status":"open","ping_status":"open","sticky":false,"template":"","format":"standard","meta":{"footnotes":""},"categories":[329],"tags":[522,348,560,965],"global-categories":[],"class_list":["post-151902","post","type-post","status-publish","format-standard","has-post-thumbnail","hentry","category-road-cycling","tag-e-bike","tag-e-bikes","tag-ebike","tag-ebikes"],"yoast_head":"<!-- This site is optimized with the Yoast SEO Premium plugin v25.3 (Yoast SEO v25.9) - https:\/\/yoast.com\/wordpress\/plugins\/seo\/ -->\n<title>Is a Brand-Neutral Bike Charger About to Become Reality? - \u0160koda We Love Cycling<\/title>\n<meta name=\"description\" content=\"With mobile devices moving towards battery-charge\u00a0standardisation,\u00a0is the same happening for\u00a0e-bike\u00a0chargers? Why does it matter? Once the decision is\" \/>\n<meta name=\"robots\" content=\"index, follow, max-snippet:-1, max-image-preview:large, max-video-preview:-1\" \/>\n<link rel=\"canonical\" href=\"https:\/\/www.welovecycling.com\/wide\/2017\/06\/12\/brand-neutral-bike-charger-become-reality\/\" \/>\n<meta property=\"og:locale\" content=\"en_US\" \/>\n<meta property=\"og:type\" content=\"article\" \/>\n<meta property=\"og:title\" content=\"Is a Brand-Neutral Bike Charger About to Become Reality?\" \/>\n<meta property=\"og:description\" content=\"With mobile devices moving towards battery-charge\u00a0standardisation,\u00a0is the same happening for\u00a0e-bike\u00a0chargers? Why does it matter? Once the decision is\" \/>\n<meta property=\"og:url\" content=\"https:\/\/www.welovecycling.com\/wide\/2017\/06\/12\/brand-neutral-bike-charger-become-reality\/\" \/>\n<meta property=\"og:site_name\" content=\"\u0160koda We Love Cycling\" \/>\n<meta property=\"article:published_time\" content=\"2017-06-12T10:26:20+00:00\" \/>\n<meta property=\"og:image\" content=\"https:\/\/d2p6e6u75xmxt8.cloudfront.net\/2\/2017\/06\/484848.webp\" \/>\n\t<meta property=\"og:image:width\" content=\"900\" \/>\n\t<meta property=\"og:image:height\" content=\"600\" \/>\n\t<meta property=\"og:image:type\" content=\"image\/webp\" \/>\n<meta name=\"twitter:card\" content=\"summary_large_image\" \/>\n<meta name=\"twitter:label1\" content=\"Written by\" \/>\n\t<meta name=\"twitter:data1\" content=\"Christopher Ashley\" \/>\n\t<meta name=\"twitter:label2\" content=\"Est. reading time\" \/>\n\t<meta name=\"twitter:data2\" content=\"2 minutes\" \/>\n<script type=\"application\/ld+json\" class=\"yoast-schema-graph\">{\"@context\":\"https:\/\/schema.org\",\"@graph\":[{\"@type\":\"WebPage\",\"@id\":\"https:\/\/www.welovecycling.com\/wide\/2017\/06\/12\/brand-neutral-bike-charger-become-reality\/\",\"url\":\"https:\/\/www.welovecycling.com\/wide\/2017\/06\/12\/brand-neutral-bike-charger-become-reality\/\",\"name\":\"Is a Brand-Neutral Bike Charger About to Become Reality? - \u0160koda We Love Cycling\",\"isPartOf\":{\"@id\":\"https:\/\/www.welovecycling.com\/wide\/#website\"},\"primaryImageOfPage\":{\"@id\":\"https:\/\/www.welovecycling.com\/wide\/2017\/06\/12\/brand-neutral-bike-charger-become-reality\/#primaryimage\"},\"image\":{\"@id\":\"https:\/\/www.welovecycling.com\/wide\/2017\/06\/12\/brand-neutral-bike-charger-become-reality\/#primaryimage\"},\"thumbnailUrl\":\"https:\/\/d2p6e6u75xmxt8.cloudfront.net\/2\/2017\/06\/484848.webp\",\"datePublished\":\"2017-06-12T10:26:20+00:00\",\"author\":{\"@id\":\"\"},\"description\":\"With mobile devices moving towards battery-charge\u00a0standardisation,\u00a0is the same happening for\u00a0e-bike\u00a0chargers? Why does it matter? Once the decision is\",\"breadcrumb\":{\"@id\":\"https:\/\/www.welovecycling.com\/wide\/2017\/06\/12\/brand-neutral-bike-charger-become-reality\/#breadcrumb\"},\"inLanguage\":\"en-US\",\"potentialAction\":[{\"@type\":\"ReadAction\",\"target\":[\"https:\/\/www.welovecycling.com\/wide\/2017\/06\/12\/brand-neutral-bike-charger-become-reality\/\"]}]},{\"@type\":\"ImageObject\",\"inLanguage\":\"en-US\",\"@id\":\"https:\/\/www.welovecycling.com\/wide\/2017\/06\/12\/brand-neutral-bike-charger-become-reality\/#primaryimage\",\"url\":\"https:\/\/d2p6e6u75xmxt8.cloudfront.net\/2\/2017\/06\/484848.webp\",\"contentUrl\":\"https:\/\/d2p6e6u75xmxt8.cloudfront.net\/2\/2017\/06\/484848.webp\",\"width\":900,\"height\":600},{\"@type\":\"BreadcrumbList\",\"@id\":\"https:\/\/www.welovecycling.com\/wide\/2017\/06\/12\/brand-neutral-bike-charger-become-reality\/#breadcrumb\",\"itemListElement\":[{\"@type\":\"ListItem\",\"position\":1,\"name\":\"Home\",\"item\":\"https:\/\/www.welovecycling.com\/wide\/\"},{\"@type\":\"ListItem\",\"position\":2,\"name\":\"Is a Brand-Neutral Bike Charger About to Become Reality?\"}]},{\"@type\":\"WebSite\",\"@id\":\"https:\/\/www.welovecycling.com\/wide\/#website\",\"url\":\"https:\/\/www.welovecycling.com\/wide\/\",\"name\":\"\u0160koda We Love Cycling\",\"description\":\"\u0160koda We Love Cycling magazine\",\"alternateName\":\"\u0160koda WLC\",\"potentialAction\":[{\"@type\":\"SearchAction\",\"target\":{\"@type\":\"EntryPoint\",\"urlTemplate\":\"https:\/\/www.welovecycling.com\/wide\/?s={search_term_string}\"},\"query-input\":{\"@type\":\"PropertyValueSpecification\",\"valueRequired\":true,\"valueName\":\"search_term_string\"}}],\"inLanguage\":\"en-US\"},{\"@type\":\"Person\",\"@id\":\"\",\"url\":\"https:\/\/www.welovecycling.com\/wide\/author\/\"}]}<\/script>\n<!-- \/ Yoast SEO Premium plugin. -->","yoast_head_json":{"title":"Is a Brand-Neutral Bike Charger About to Become Reality? - \u0160koda We Love Cycling","description":"With mobile devices moving towards battery-charge\u00a0standardisation,\u00a0is the same happening for\u00a0e-bike\u00a0chargers? Why does it matter? Once the decision is","robots":{"index":"index","follow":"follow","max-snippet":"max-snippet:-1","max-image-preview":"max-image-preview:large","max-video-preview":"max-video-preview:-1"},"canonical":"https:\/\/www.welovecycling.com\/wide\/2017\/06\/12\/brand-neutral-bike-charger-become-reality\/","og_locale":"en_US","og_type":"article","og_title":"Is a Brand-Neutral Bike Charger About to Become Reality?","og_description":"With mobile devices moving towards battery-charge\u00a0standardisation,\u00a0is the same happening for\u00a0e-bike\u00a0chargers? Why does it matter? Once the decision is","og_url":"https:\/\/www.welovecycling.com\/wide\/2017\/06\/12\/brand-neutral-bike-charger-become-reality\/","og_site_name":"\u0160koda We Love Cycling","article_published_time":"2017-06-12T10:26:20+00:00","og_image":[{"width":900,"height":600,"url":"https:\/\/d2p6e6u75xmxt8.cloudfront.net\/2\/2017\/06\/484848.webp","type":"image\/webp"}],"twitter_card":"summary_large_image","twitter_misc":{"Written by":"Christopher Ashley","Est. reading time":"2 minutes"},"schema":{"@context":"https:\/\/schema.org","@graph":[{"@type":"WebPage","@id":"https:\/\/www.welovecycling.com\/wide\/2017\/06\/12\/brand-neutral-bike-charger-become-reality\/","url":"https:\/\/www.welovecycling.com\/wide\/2017\/06\/12\/brand-neutral-bike-charger-become-reality\/","name":"Is a Brand-Neutral Bike Charger About to Become Reality? - \u0160koda We Love Cycling","isPartOf":{"@id":"https:\/\/www.welovecycling.com\/wide\/#website"},"primaryImageOfPage":{"@id":"https:\/\/www.welovecycling.com\/wide\/2017\/06\/12\/brand-neutral-bike-charger-become-reality\/#primaryimage"},"image":{"@id":"https:\/\/www.welovecycling.com\/wide\/2017\/06\/12\/brand-neutral-bike-charger-become-reality\/#primaryimage"},"thumbnailUrl":"https:\/\/d2p6e6u75xmxt8.cloudfront.net\/2\/2017\/06\/484848.webp","datePublished":"2017-06-12T10:26:20+00:00","author":{"@id":""},"description":"With mobile devices moving towards battery-charge\u00a0standardisation,\u00a0is the same happening for\u00a0e-bike\u00a0chargers? Why does it matter? Once the decision is","breadcrumb":{"@id":"https:\/\/www.welovecycling.com\/wide\/2017\/06\/12\/brand-neutral-bike-charger-become-reality\/#breadcrumb"},"inLanguage":"en-US","potentialAction":[{"@type":"ReadAction","target":["https:\/\/www.welovecycling.com\/wide\/2017\/06\/12\/brand-neutral-bike-charger-become-reality\/"]}]},{"@type":"ImageObject","inLanguage":"en-US","@id":"https:\/\/www.welovecycling.com\/wide\/2017\/06\/12\/brand-neutral-bike-charger-become-reality\/#primaryimage","url":"https:\/\/d2p6e6u75xmxt8.cloudfront.net\/2\/2017\/06\/484848.webp","contentUrl":"https:\/\/d2p6e6u75xmxt8.cloudfront.net\/2\/2017\/06\/484848.webp","width":900,"height":600},{"@type":"BreadcrumbList","@id":"https:\/\/www.welovecycling.com\/wide\/2017\/06\/12\/brand-neutral-bike-charger-become-reality\/#breadcrumb","itemListElement":[{"@type":"ListItem","position":1,"name":"Home","item":"https:\/\/www.welovecycling.com\/wide\/"},{"@type":"ListItem","position":2,"name":"Is a Brand-Neutral Bike Charger About to Become Reality?"}]},{"@type":"WebSite","@id":"https:\/\/www.welovecycling.com\/wide\/#website","url":"https:\/\/www.welovecycling.com\/wide\/","name":"\u0160koda We Love Cycling","description":"\u0160koda We Love Cycling magazine","alternateName":"\u0160koda WLC","potentialAction":[{"@type":"SearchAction","target":{"@type":"EntryPoint","urlTemplate":"https:\/\/www.welovecycling.com\/wide\/?s={search_term_string}"},"query-input":{"@type":"PropertyValueSpecification","valueRequired":true,"valueName":"search_term_string"}}],"inLanguage":"en-US"},{"@type":"Person","@id":"","url":"https:\/\/www.welovecycling.com\/wide\/author\/"}]}},"_links":{"self":[{"href":"https:\/\/www.welovecycling.com\/wide\/wp-json\/wp\/v2\/posts\/151902","targetHints":{"allow":["GET"]}}],"collection":[{"href":"https:\/\/www.welovecycling.com\/wide\/wp-json\/wp\/v2\/posts"}],"about":[{"href":"https:\/\/www.welovecycling.com\/wide\/wp-json\/wp\/v2\/types\/post"}],"author":[{"embeddable":true,"href":"https:\/\/www.welovecycling.com\/wide\/wp-json\/wp\/v2\/users\/12"}],"replies":[{"embeddable":true,"href":"https:\/\/www.welovecycling.com\/wide\/wp-json\/wp\/v2\/comments?post=151902"}],"version-history":[{"count":2,"href":"https:\/\/www.welovecycling.com\/wide\/wp-json\/wp\/v2\/posts\/151902\/revisions"}],"predecessor-version":[{"id":151906,"href":"https:\/\/www.welovecycling.com\/wide\/wp-json\/wp\/v2\/posts\/151902\/revisions\/151906"}],"wp:featuredmedia":[{"embeddable":true,"href":"https:\/\/www.welovecycling.com\/wide\/wp-json\/wp\/v2\/media\/151903"}],"wp:attachment":[{"href":"https:\/\/www.welovecycling.com\/wide\/wp-json\/wp\/v2\/media?parent=151902"}],"wp:term":[{"taxonomy":"category","embeddable":true,"href":"https:\/\/www.welovecycling.com\/wide\/wp-json\/wp\/v2\/categories?post=151902"},{"taxonomy":"post_tag","embeddable":true,"href":"https:\/\/www.welovecycling.com\/wide\/wp-json\/wp\/v2\/tags?post=151902"},{"taxonomy":"global-categories","embeddable":true,"href":"https:\/\/www.welovecycling.com\/wide\/wp-json\/wp\/v2\/global-categories?post=151902"}],"curies":[{"name":"wp","href":"https:\/\/api.w.org\/{rel}","templated":true}]}}