{"id":151366,"date":"2017-05-30T11:06:40","date_gmt":"2017-05-30T11:06:40","guid":{"rendered":"https:\/\/www.welovecycling.com\/wide\/?p=151366"},"modified":"2017-08-22T14:26:30","modified_gmt":"2017-08-22T14:26:30","slug":"2019-tour-de-france-departure-pay-tribute-eddy-merckx","status":"publish","type":"post","link":"https:\/\/www.welovecycling.com\/wide\/2017\/05\/30\/2019-tour-de-france-departure-pay-tribute-eddy-merckx\/","title":{"rendered":"2019 Tour de France Departure to Pay Tribute to Eddy Merckx?"},"content":{"rendered":"<p><strong>As Het Nieuwsblad is reporting, the 2019 Tour de France should start in Brussels. Three years after the first suggestions to honour the 50th anniversary of the Cannibal\u2019s first yellow jersey this way, everything seems to be on the right course. Eddy Merckx won six Tour stages back in 1969 and won the GC by a whopping margin of 17:54 over Roger Pingeon. Truly a great feat that is worth remembering.<\/strong><br \/>\n<!--more--><\/p>\n<p>The plan to do that came from Alain Courtois, the former Secretary-General of the Belgian Football Association who, alongside with Merckx himself, had a meeting with Christian Prudhomme in 2014. And already back then, the Tour de France director was reportedly \u201cpleasantly surprised\u201d with the offer. Now everything looks a done deal according to the Belgian newspaper, and Brussels is to host the Grand Depart for the first time since 1958.<\/p>\n<figure id=\"attachment_151369\" aria-describedby=\"caption-attachment-151369\" style=\"width: 1250px\" class=\"wp-caption alignnone\"><a href=\"https:\/\/d2p6e6u75xmxt8.cloudfront.net\/2\/2017\/05\/profimedia-0068068384.jpg\"><img loading=\"lazy\" decoding=\"async\" class=\"wp-image-151369 size-full\" src=\"https:\/\/d2p6e6u75xmxt8.cloudfront.net\/2\/2017\/05\/profimedia-0068068384.jpg\" alt=\"\" width=\"1250\" height=\"1221\" \/><\/a><figcaption id=\"caption-attachment-151369\" class=\"wp-caption-text\">Eddy acquired the nickname &#8220;The Cannibal&#8221; after a teammate told his daughter of how Merckx would not let anyone else win, and the daughter referred to him as a cannibal.<\/figcaption><\/figure>\n<p>That would mean that Copenhagen, another prime candidate for the 2019 Grand Depart, would be left empty-handed and would have to try again in 2021. Nowadays, the Tour de France starts abroad every other year with this year\u2019s edition starting with a time trial in Dusseldorf. This year, Belgian fans will have their chance to see the pros during the third stage, which starts at Verviers.<\/p>\n","protected":false},"excerpt":{"rendered":"<p>As Het Nieuwsblad is reporting, the 2019 Tour de France should start in Brussels. Three years after the first suggestions [&hellip;]<\/p>\n","protected":false},"author":12,"featured_media":151367,"comment_status":"open","ping_status":"open","sticky":false,"template":"","format":"standard","meta":{"footnotes":""},"categories":[329],"tags":[1117,578,954],"global-categories":[],"class_list":["post-151366","post","type-post","status-publish","format-standard","has-post-thumbnail","hentry","category-road-cycling","tag-alain-courtois","tag-christian-prudhomme","tag-eddy-merckx"],"yoast_head":"<!-- This site is optimized with the Yoast SEO Premium plugin v25.3 (Yoast SEO v25.9) - https:\/\/yoast.com\/wordpress\/plugins\/seo\/ -->\n<title>2019 Tour de France Departure to Pay Tribute to Eddy Merckx? - \u0160koda We Love Cycling<\/title>\n<meta name=\"description\" content=\"As Het Nieuwsblad is reporting, the 2019 Tour de France should start in Brussels. Three years after the first suggestions to honour the 50th anniversary\" \/>\n<meta name=\"robots\" content=\"index, follow, max-snippet:-1, max-image-preview:large, max-video-preview:-1\" \/>\n<link rel=\"canonical\" href=\"https:\/\/www.welovecycling.com\/wide\/2017\/05\/30\/2019-tour-de-france-departure-pay-tribute-eddy-merckx\/\" \/>\n<meta property=\"og:locale\" content=\"en_US\" \/>\n<meta property=\"og:type\" content=\"article\" \/>\n<meta property=\"og:title\" content=\"2019 Tour de France Departure to Pay Tribute to Eddy Merckx?\" \/>\n<meta property=\"og:description\" content=\"As Het Nieuwsblad is reporting, the 2019 Tour de France should start in Brussels. Three years after the first suggestions to honour the 50th anniversary\" \/>\n<meta property=\"og:url\" content=\"https:\/\/www.welovecycling.com\/wide\/2017\/05\/30\/2019-tour-de-france-departure-pay-tribute-eddy-merckx\/\" \/>\n<meta property=\"og:site_name\" content=\"\u0160koda We Love Cycling\" \/>\n<meta property=\"article:published_time\" content=\"2017-05-30T11:06:40+00:00\" \/>\n<meta property=\"article:modified_time\" content=\"2017-08-22T14:26:30+00:00\" \/>\n<meta property=\"og:image\" content=\"https:\/\/d2p6e6u75xmxt8.cloudfront.net\/2\/2017\/05\/profimedia-0068068384-1.webp\" \/>\n\t<meta property=\"og:image:width\" content=\"900\" \/>\n\t<meta property=\"og:image:height\" content=\"600\" \/>\n\t<meta property=\"og:image:type\" content=\"image\/webp\" \/>\n<meta name=\"twitter:card\" content=\"summary_large_image\" \/>\n<meta name=\"twitter:label1\" content=\"Written by\" \/>\n\t<meta name=\"twitter:data1\" content=\"Monica Buck\" \/>\n\t<meta name=\"twitter:label2\" content=\"Est. reading time\" \/>\n\t<meta name=\"twitter:data2\" content=\"1 minute\" \/>\n<script type=\"application\/ld+json\" class=\"yoast-schema-graph\">{\"@context\":\"https:\/\/schema.org\",\"@graph\":[{\"@type\":\"WebPage\",\"@id\":\"https:\/\/www.welovecycling.com\/wide\/2017\/05\/30\/2019-tour-de-france-departure-pay-tribute-eddy-merckx\/\",\"url\":\"https:\/\/www.welovecycling.com\/wide\/2017\/05\/30\/2019-tour-de-france-departure-pay-tribute-eddy-merckx\/\",\"name\":\"2019 Tour de France Departure to Pay Tribute to Eddy Merckx? - \u0160koda We Love Cycling\",\"isPartOf\":{\"@id\":\"https:\/\/www.welovecycling.com\/wide\/#website\"},\"primaryImageOfPage\":{\"@id\":\"https:\/\/www.welovecycling.com\/wide\/2017\/05\/30\/2019-tour-de-france-departure-pay-tribute-eddy-merckx\/#primaryimage\"},\"image\":{\"@id\":\"https:\/\/www.welovecycling.com\/wide\/2017\/05\/30\/2019-tour-de-france-departure-pay-tribute-eddy-merckx\/#primaryimage\"},\"thumbnailUrl\":\"https:\/\/d2p6e6u75xmxt8.cloudfront.net\/2\/2017\/05\/profimedia-0068068384-1.webp\",\"datePublished\":\"2017-05-30T11:06:40+00:00\",\"dateModified\":\"2017-08-22T14:26:30+00:00\",\"author\":{\"@id\":\"\"},\"description\":\"As Het Nieuwsblad is reporting, the 2019 Tour de France should start in Brussels. Three years after the first suggestions to honour the 50th anniversary\",\"breadcrumb\":{\"@id\":\"https:\/\/www.welovecycling.com\/wide\/2017\/05\/30\/2019-tour-de-france-departure-pay-tribute-eddy-merckx\/#breadcrumb\"},\"inLanguage\":\"en-US\",\"potentialAction\":[{\"@type\":\"ReadAction\",\"target\":[\"https:\/\/www.welovecycling.com\/wide\/2017\/05\/30\/2019-tour-de-france-departure-pay-tribute-eddy-merckx\/\"]}]},{\"@type\":\"ImageObject\",\"inLanguage\":\"en-US\",\"@id\":\"https:\/\/www.welovecycling.com\/wide\/2017\/05\/30\/2019-tour-de-france-departure-pay-tribute-eddy-merckx\/#primaryimage\",\"url\":\"https:\/\/d2p6e6u75xmxt8.cloudfront.net\/2\/2017\/05\/profimedia-0068068384-1.webp\",\"contentUrl\":\"https:\/\/d2p6e6u75xmxt8.cloudfront.net\/2\/2017\/05\/profimedia-0068068384-1.webp\",\"width\":900,\"height\":600},{\"@type\":\"BreadcrumbList\",\"@id\":\"https:\/\/www.welovecycling.com\/wide\/2017\/05\/30\/2019-tour-de-france-departure-pay-tribute-eddy-merckx\/#breadcrumb\",\"itemListElement\":[{\"@type\":\"ListItem\",\"position\":1,\"name\":\"Home\",\"item\":\"https:\/\/www.welovecycling.com\/wide\/\"},{\"@type\":\"ListItem\",\"position\":2,\"name\":\"2019 Tour de France Departure to Pay Tribute to Eddy Merckx?\"}]},{\"@type\":\"WebSite\",\"@id\":\"https:\/\/www.welovecycling.com\/wide\/#website\",\"url\":\"https:\/\/www.welovecycling.com\/wide\/\",\"name\":\"\u0160koda We Love Cycling\",\"description\":\"\u0160koda We Love Cycling magazine\",\"alternateName\":\"\u0160koda WLC\",\"potentialAction\":[{\"@type\":\"SearchAction\",\"target\":{\"@type\":\"EntryPoint\",\"urlTemplate\":\"https:\/\/www.welovecycling.com\/wide\/?s={search_term_string}\"},\"query-input\":{\"@type\":\"PropertyValueSpecification\",\"valueRequired\":true,\"valueName\":\"search_term_string\"}}],\"inLanguage\":\"en-US\"},{\"@type\":\"Person\",\"@id\":\"\",\"url\":\"https:\/\/www.welovecycling.com\/wide\/author\/\"}]}<\/script>\n<!-- \/ Yoast SEO Premium plugin. -->","yoast_head_json":{"title":"2019 Tour de France Departure to Pay Tribute to Eddy Merckx? - \u0160koda We Love Cycling","description":"As Het Nieuwsblad is reporting, the 2019 Tour de France should start in Brussels. Three years after the first suggestions to honour the 50th anniversary","robots":{"index":"index","follow":"follow","max-snippet":"max-snippet:-1","max-image-preview":"max-image-preview:large","max-video-preview":"max-video-preview:-1"},"canonical":"https:\/\/www.welovecycling.com\/wide\/2017\/05\/30\/2019-tour-de-france-departure-pay-tribute-eddy-merckx\/","og_locale":"en_US","og_type":"article","og_title":"2019 Tour de France Departure to Pay Tribute to Eddy Merckx?","og_description":"As Het Nieuwsblad is reporting, the 2019 Tour de France should start in Brussels. Three years after the first suggestions to honour the 50th anniversary","og_url":"https:\/\/www.welovecycling.com\/wide\/2017\/05\/30\/2019-tour-de-france-departure-pay-tribute-eddy-merckx\/","og_site_name":"\u0160koda We Love Cycling","article_published_time":"2017-05-30T11:06:40+00:00","article_modified_time":"2017-08-22T14:26:30+00:00","og_image":[{"width":900,"height":600,"url":"https:\/\/d2p6e6u75xmxt8.cloudfront.net\/2\/2017\/05\/profimedia-0068068384-1.webp","type":"image\/webp"}],"twitter_card":"summary_large_image","twitter_misc":{"Written by":"Monica Buck","Est. reading time":"1 minute"},"schema":{"@context":"https:\/\/schema.org","@graph":[{"@type":"WebPage","@id":"https:\/\/www.welovecycling.com\/wide\/2017\/05\/30\/2019-tour-de-france-departure-pay-tribute-eddy-merckx\/","url":"https:\/\/www.welovecycling.com\/wide\/2017\/05\/30\/2019-tour-de-france-departure-pay-tribute-eddy-merckx\/","name":"2019 Tour de France Departure to Pay Tribute to Eddy Merckx? - \u0160koda We Love Cycling","isPartOf":{"@id":"https:\/\/www.welovecycling.com\/wide\/#website"},"primaryImageOfPage":{"@id":"https:\/\/www.welovecycling.com\/wide\/2017\/05\/30\/2019-tour-de-france-departure-pay-tribute-eddy-merckx\/#primaryimage"},"image":{"@id":"https:\/\/www.welovecycling.com\/wide\/2017\/05\/30\/2019-tour-de-france-departure-pay-tribute-eddy-merckx\/#primaryimage"},"thumbnailUrl":"https:\/\/d2p6e6u75xmxt8.cloudfront.net\/2\/2017\/05\/profimedia-0068068384-1.webp","datePublished":"2017-05-30T11:06:40+00:00","dateModified":"2017-08-22T14:26:30+00:00","author":{"@id":""},"description":"As Het Nieuwsblad is reporting, the 2019 Tour de France should start in Brussels. Three years after the first suggestions to honour the 50th anniversary","breadcrumb":{"@id":"https:\/\/www.welovecycling.com\/wide\/2017\/05\/30\/2019-tour-de-france-departure-pay-tribute-eddy-merckx\/#breadcrumb"},"inLanguage":"en-US","potentialAction":[{"@type":"ReadAction","target":["https:\/\/www.welovecycling.com\/wide\/2017\/05\/30\/2019-tour-de-france-departure-pay-tribute-eddy-merckx\/"]}]},{"@type":"ImageObject","inLanguage":"en-US","@id":"https:\/\/www.welovecycling.com\/wide\/2017\/05\/30\/2019-tour-de-france-departure-pay-tribute-eddy-merckx\/#primaryimage","url":"https:\/\/d2p6e6u75xmxt8.cloudfront.net\/2\/2017\/05\/profimedia-0068068384-1.webp","contentUrl":"https:\/\/d2p6e6u75xmxt8.cloudfront.net\/2\/2017\/05\/profimedia-0068068384-1.webp","width":900,"height":600},{"@type":"BreadcrumbList","@id":"https:\/\/www.welovecycling.com\/wide\/2017\/05\/30\/2019-tour-de-france-departure-pay-tribute-eddy-merckx\/#breadcrumb","itemListElement":[{"@type":"ListItem","position":1,"name":"Home","item":"https:\/\/www.welovecycling.com\/wide\/"},{"@type":"ListItem","position":2,"name":"2019 Tour de France Departure to Pay Tribute to Eddy Merckx?"}]},{"@type":"WebSite","@id":"https:\/\/www.welovecycling.com\/wide\/#website","url":"https:\/\/www.welovecycling.com\/wide\/","name":"\u0160koda We Love Cycling","description":"\u0160koda We Love Cycling magazine","alternateName":"\u0160koda WLC","potentialAction":[{"@type":"SearchAction","target":{"@type":"EntryPoint","urlTemplate":"https:\/\/www.welovecycling.com\/wide\/?s={search_term_string}"},"query-input":{"@type":"PropertyValueSpecification","valueRequired":true,"valueName":"search_term_string"}}],"inLanguage":"en-US"},{"@type":"Person","@id":"","url":"https:\/\/www.welovecycling.com\/wide\/author\/"}]}},"_links":{"self":[{"href":"https:\/\/www.welovecycling.com\/wide\/wp-json\/wp\/v2\/posts\/151366","targetHints":{"allow":["GET"]}}],"collection":[{"href":"https:\/\/www.welovecycling.com\/wide\/wp-json\/wp\/v2\/posts"}],"about":[{"href":"https:\/\/www.welovecycling.com\/wide\/wp-json\/wp\/v2\/types\/post"}],"author":[{"embeddable":true,"href":"https:\/\/www.welovecycling.com\/wide\/wp-json\/wp\/v2\/users\/12"}],"replies":[{"embeddable":true,"href":"https:\/\/www.welovecycling.com\/wide\/wp-json\/wp\/v2\/comments?post=151366"}],"version-history":[{"count":1,"href":"https:\/\/www.welovecycling.com\/wide\/wp-json\/wp\/v2\/posts\/151366\/revisions"}],"predecessor-version":[{"id":151370,"href":"https:\/\/www.welovecycling.com\/wide\/wp-json\/wp\/v2\/posts\/151366\/revisions\/151370"}],"wp:featuredmedia":[{"embeddable":true,"href":"https:\/\/www.welovecycling.com\/wide\/wp-json\/wp\/v2\/media\/151367"}],"wp:attachment":[{"href":"https:\/\/www.welovecycling.com\/wide\/wp-json\/wp\/v2\/media?parent=151366"}],"wp:term":[{"taxonomy":"category","embeddable":true,"href":"https:\/\/www.welovecycling.com\/wide\/wp-json\/wp\/v2\/categories?post=151366"},{"taxonomy":"post_tag","embeddable":true,"href":"https:\/\/www.welovecycling.com\/wide\/wp-json\/wp\/v2\/tags?post=151366"},{"taxonomy":"global-categories","embeddable":true,"href":"https:\/\/www.welovecycling.com\/wide\/wp-json\/wp\/v2\/global-categories?post=151366"}],"curies":[{"name":"wp","href":"https:\/\/api.w.org\/{rel}","templated":true}]}}