{"id":150334,"date":"2017-05-25T07:26:30","date_gmt":"2017-05-25T07:26:30","guid":{"rendered":"https:\/\/www.welovecycling.com\/wide\/?p=150334"},"modified":"2017-05-25T07:26:30","modified_gmt":"2017-05-25T07:26:30","slug":"marek-musil-bike-repairman-burning-man","status":"publish","type":"post","link":"https:\/\/www.welovecycling.com\/wide\/2017\/05\/25\/marek-musil-bike-repairman-burning-man\/","title":{"rendered":"Marek Musil: I Was a Bike Repairman at the Burning Man"},"content":{"rendered":"<p><strong>I wanted to shoot a photo report at the Burning Man festival in Nevada Desert. Through some friends, I contacted the people who run the Biker Repair camp. They got me a ticket to the festival but under one condition &#8211; every day from noon till 2PM, I will have to work at the camp.<\/strong><br \/>\n<!--more--><\/p>\n<p>Everybody has to do something at the festival. Some cook, some mix drinks, and my friend Laurent brought three trailers full of bikes left behind during previous years.<\/p>\n<div id='gallery-1' class='gallery galleryid-150334 gallery-columns-2 gallery-size-large'><figure class='gallery-item'>\n\t\t\t<div class='gallery-icon landscape'>\n\t\t\t\t<a href='https:\/\/d2p6e6u75xmxt8.cloudfront.net\/2\/2017\/05\/DSC_4925.webp'><img loading=\"lazy\" decoding=\"async\" width=\"999\" height=\"667\" src=\"https:\/\/d2p6e6u75xmxt8.cloudfront.net\/2\/2017\/05\/DSC_4925.webp\" class=\"attachment-large size-large\" alt=\"\" srcset=\"https:\/\/d2p6e6u75xmxt8.cloudfront.net\/2\/2017\/05\/DSC_4925.webp 999w, https:\/\/d2p6e6u75xmxt8.cloudfront.net\/2\/2017\/05\/DSC_4925-300x200.webp 300w, https:\/\/d2p6e6u75xmxt8.cloudfront.net\/2\/2017\/05\/DSC_4925-768x513.webp 768w, https:\/\/d2p6e6u75xmxt8.cloudfront.net\/2\/2017\/05\/DSC_4925-272x182.webp 272w\" sizes=\"auto, (max-width: 999px) 100vw, 999px\" \/><\/a>\n\t\t\t<\/div><\/figure><figure class='gallery-item'>\n\t\t\t<div class='gallery-icon landscape'>\n\t\t\t\t<a href='https:\/\/d2p6e6u75xmxt8.cloudfront.net\/2\/2017\/05\/DSC_4894.webp'><img loading=\"lazy\" decoding=\"async\" width=\"999\" height=\"667\" src=\"https:\/\/d2p6e6u75xmxt8.cloudfront.net\/2\/2017\/05\/DSC_4894.webp\" class=\"attachment-large size-large\" alt=\"\" srcset=\"https:\/\/d2p6e6u75xmxt8.cloudfront.net\/2\/2017\/05\/DSC_4894.webp 999w, https:\/\/d2p6e6u75xmxt8.cloudfront.net\/2\/2017\/05\/DSC_4894-300x200.webp 300w, https:\/\/d2p6e6u75xmxt8.cloudfront.net\/2\/2017\/05\/DSC_4894-768x513.webp 768w, https:\/\/d2p6e6u75xmxt8.cloudfront.net\/2\/2017\/05\/DSC_4894-272x182.webp 272w\" sizes=\"auto, (max-width: 999px) 100vw, 999px\" \/><\/a>\n\t\t\t<\/div><\/figure>\n\t\t<\/div>\n\n<p><a href=\"https:\/\/d2p6e6u75xmxt8.cloudfront.net\/2\/2017\/05\/DSC_4960.jpg\"><img loading=\"lazy\" decoding=\"async\" class=\"alignnone size-full wp-image-150335\" src=\"https:\/\/d2p6e6u75xmxt8.cloudfront.net\/2\/2017\/05\/DSC_4960.jpg\" alt=\"\" width=\"999\" height=\"667\" \/><\/a><\/p>\n<p>There was always twelve of us on duty at the repair shop but still the line of people waiting for repairs never shortened. I would expect a lot of punctures but the desert is fairly clean. Mostly they came with broken or bent pedals and moving parts choked with dust. People usually bring their oldest, most broken bikes for the festival, so some of them are falling apart almost immediately.<\/p>\n<div id='gallery-2' class='gallery galleryid-150334 gallery-columns-2 gallery-size-large'><figure class='gallery-item'>\n\t\t\t<div class='gallery-icon landscape'>\n\t\t\t\t<a href='https:\/\/d2p6e6u75xmxt8.cloudfront.net\/2\/2017\/05\/005.jpg'><img loading=\"lazy\" decoding=\"async\" width=\"999\" height=\"667\" src=\"https:\/\/d2p6e6u75xmxt8.cloudfront.net\/2\/2017\/05\/005.jpg\" class=\"attachment-large size-large\" alt=\"\" \/><\/a>\n\t\t\t<\/div><\/figure><figure class='gallery-item'>\n\t\t\t<div class='gallery-icon landscape'>\n\t\t\t\t<a href='https:\/\/d2p6e6u75xmxt8.cloudfront.net\/2\/2017\/05\/002.jpg'><img loading=\"lazy\" decoding=\"async\" width=\"999\" height=\"667\" src=\"https:\/\/d2p6e6u75xmxt8.cloudfront.net\/2\/2017\/05\/002.jpg\" class=\"attachment-large size-large\" alt=\"\" \/><\/a>\n\t\t\t<\/div><\/figure>\n\t\t<\/div>\n\n<p><a href=\"https:\/\/d2p6e6u75xmxt8.cloudfront.net\/2\/2017\/05\/008.jpg\"><img loading=\"lazy\" decoding=\"async\" class=\"alignnone size-full wp-image-150353\" src=\"https:\/\/d2p6e6u75xmxt8.cloudfront.net\/2\/2017\/05\/008.jpg\" alt=\"\" width=\"999\" height=\"667\" \/><\/a><\/p>\n<div id='gallery-3' class='gallery galleryid-150334 gallery-columns-2 gallery-size-large'><figure class='gallery-item'>\n\t\t\t<div class='gallery-icon landscape'>\n\t\t\t\t<a href='https:\/\/d2p6e6u75xmxt8.cloudfront.net\/2\/2017\/05\/030.webp'><img loading=\"lazy\" decoding=\"async\" width=\"997\" height=\"667\" src=\"https:\/\/d2p6e6u75xmxt8.cloudfront.net\/2\/2017\/05\/030.webp\" class=\"attachment-large size-large\" alt=\"\" srcset=\"https:\/\/d2p6e6u75xmxt8.cloudfront.net\/2\/2017\/05\/030.webp 997w, https:\/\/d2p6e6u75xmxt8.cloudfront.net\/2\/2017\/05\/030-300x201.webp 300w, https:\/\/d2p6e6u75xmxt8.cloudfront.net\/2\/2017\/05\/030-768x514.webp 768w, https:\/\/d2p6e6u75xmxt8.cloudfront.net\/2\/2017\/05\/030-272x182.webp 272w\" sizes=\"auto, (max-width: 997px) 100vw, 997px\" \/><\/a>\n\t\t\t<\/div><\/figure><figure class='gallery-item'>\n\t\t\t<div class='gallery-icon landscape'>\n\t\t\t\t<a href='https:\/\/d2p6e6u75xmxt8.cloudfront.net\/2\/2017\/05\/011.jpg'><img loading=\"lazy\" decoding=\"async\" width=\"999\" height=\"667\" src=\"https:\/\/d2p6e6u75xmxt8.cloudfront.net\/2\/2017\/05\/011.jpg\" class=\"attachment-large size-large\" alt=\"\" \/><\/a>\n\t\t\t<\/div><\/figure>\n\t\t<\/div>\n\n<p><a href=\"https:\/\/d2p6e6u75xmxt8.cloudfront.net\/2\/2017\/05\/001.jpg\"><img loading=\"lazy\" decoding=\"async\" class=\"alignnone size-full wp-image-150356\" src=\"https:\/\/d2p6e6u75xmxt8.cloudfront.net\/2\/2017\/05\/001.jpg\" alt=\"\" width=\"999\" height=\"667\" \/><\/a><\/p>\n<p>To cross the festival site by a bike takes about forty minutes, without a bike you are lost, so everybody rides. A bike lock is a mandatory item you need to bring to be allowed to take a bike to the festival.<\/p>\n<div id='gallery-4' class='gallery galleryid-150334 gallery-columns-2 gallery-size-large'><figure class='gallery-item'>\n\t\t\t<div class='gallery-icon landscape'>\n\t\t\t\t<a href='https:\/\/d2p6e6u75xmxt8.cloudfront.net\/2\/2017\/05\/039.jpg'><img loading=\"lazy\" decoding=\"async\" width=\"1000\" height=\"645\" src=\"https:\/\/d2p6e6u75xmxt8.cloudfront.net\/2\/2017\/05\/039.jpg\" class=\"attachment-large size-large\" alt=\"\" \/><\/a>\n\t\t\t<\/div><\/figure><figure class='gallery-item'>\n\t\t\t<div class='gallery-icon landscape'>\n\t\t\t\t<a href='https:\/\/d2p6e6u75xmxt8.cloudfront.net\/2\/2017\/05\/031.webp'><img loading=\"lazy\" decoding=\"async\" width=\"999\" height=\"667\" src=\"https:\/\/d2p6e6u75xmxt8.cloudfront.net\/2\/2017\/05\/031.webp\" class=\"attachment-large size-large\" alt=\"\" srcset=\"https:\/\/d2p6e6u75xmxt8.cloudfront.net\/2\/2017\/05\/031.webp 999w, https:\/\/d2p6e6u75xmxt8.cloudfront.net\/2\/2017\/05\/031-300x200.webp 300w, https:\/\/d2p6e6u75xmxt8.cloudfront.net\/2\/2017\/05\/031-768x513.webp 768w, https:\/\/d2p6e6u75xmxt8.cloudfront.net\/2\/2017\/05\/031-272x182.webp 272w\" sizes=\"auto, (max-width: 999px) 100vw, 999px\" \/><\/a>\n\t\t\t<\/div><\/figure>\n\t\t<\/div>\n\n<div id='gallery-5' class='gallery galleryid-150334 gallery-columns-2 gallery-size-large'><figure class='gallery-item'>\n\t\t\t<div class='gallery-icon landscape'>\n\t\t\t\t<a href='https:\/\/d2p6e6u75xmxt8.cloudfront.net\/2\/2017\/05\/DSC_3126.jpg'><img loading=\"lazy\" decoding=\"async\" width=\"1000\" height=\"667\" src=\"https:\/\/d2p6e6u75xmxt8.cloudfront.net\/2\/2017\/05\/DSC_3126.jpg\" class=\"attachment-large size-large\" alt=\"\" \/><\/a>\n\t\t\t<\/div><\/figure><figure class='gallery-item'>\n\t\t\t<div class='gallery-icon landscape'>\n\t\t\t\t<a href='https:\/\/d2p6e6u75xmxt8.cloudfront.net\/2\/2017\/05\/047.jpg'><img loading=\"lazy\" decoding=\"async\" width=\"999\" height=\"667\" src=\"https:\/\/d2p6e6u75xmxt8.cloudfront.net\/2\/2017\/05\/047.jpg\" class=\"attachment-large size-large\" alt=\"\" \/><\/a>\n\t\t\t<\/div><\/figure>\n\t\t<\/div>\n\n<p><a href=\"https:\/\/d2p6e6u75xmxt8.cloudfront.net\/2\/2017\/05\/025.jpg\"><img loading=\"lazy\" decoding=\"async\" class=\"alignnone size-full wp-image-150346\" src=\"https:\/\/d2p6e6u75xmxt8.cloudfront.net\/2\/2017\/05\/025.jpg\" alt=\"\" width=\"999\" height=\"667\" \/><\/a><\/p>\n<div id='gallery-6' class='gallery galleryid-150334 gallery-columns-3 gallery-size-large'><figure class='gallery-item'>\n\t\t\t<div class='gallery-icon landscape'>\n\t\t\t\t<a href='https:\/\/d2p6e6u75xmxt8.cloudfront.net\/2\/2017\/05\/003.jpg'><img loading=\"lazy\" decoding=\"async\" width=\"999\" height=\"667\" src=\"https:\/\/d2p6e6u75xmxt8.cloudfront.net\/2\/2017\/05\/003.jpg\" class=\"attachment-large size-large\" alt=\"\" \/><\/a>\n\t\t\t<\/div><\/figure><figure class='gallery-item'>\n\t\t\t<div class='gallery-icon landscape'>\n\t\t\t\t<a href='https:\/\/d2p6e6u75xmxt8.cloudfront.net\/2\/2017\/05\/040.jpg'><img loading=\"lazy\" decoding=\"async\" width=\"999\" height=\"667\" src=\"https:\/\/d2p6e6u75xmxt8.cloudfront.net\/2\/2017\/05\/040.jpg\" class=\"attachment-large size-large\" alt=\"\" \/><\/a>\n\t\t\t<\/div><\/figure>\n\t\t<\/div>\n\n","protected":false},"excerpt":{"rendered":"<p>I wanted to shoot a photo report at the Burning Man festival in Nevada Desert. Through some friends, I contacted [&hellip;]<\/p>\n","protected":false},"author":12,"featured_media":150386,"comment_status":"open","ping_status":"open","sticky":false,"template":"","format":"standard","meta":{"footnotes":""},"categories":[4142],"tags":[1055,1108,1107],"global-categories":[],"class_list":["post-150334","post","type-post","status-publish","format-standard","has-post-thumbnail","hentry","category-ride2unite","tag-burning-man","tag-marek-musil","tag-nevada-desert"],"yoast_head":"<!-- This site is optimized with the Yoast SEO Premium plugin v25.3 (Yoast SEO v25.9) - https:\/\/yoast.com\/wordpress\/plugins\/seo\/ -->\n<title>Marek Musil: I Was a Bike Repairman at the Burning Man - \u0160koda We Love Cycling<\/title>\n<meta name=\"description\" content=\"I wanted to shoot a photo report at the Burning Man festival in Nevada Desert. Through some friends, I contacted the people who run the Biker Repair camp.\" \/>\n<meta name=\"robots\" content=\"index, follow, max-snippet:-1, max-image-preview:large, max-video-preview:-1\" \/>\n<link rel=\"canonical\" href=\"https:\/\/www.welovecycling.com\/wide\/2017\/05\/25\/marek-musil-bike-repairman-burning-man\/\" \/>\n<meta property=\"og:locale\" content=\"en_US\" \/>\n<meta property=\"og:type\" content=\"article\" \/>\n<meta property=\"og:title\" content=\"Marek Musil: I Was a Bike Repairman at the Burning Man\" \/>\n<meta property=\"og:description\" content=\"I wanted to shoot a photo report at the Burning Man festival in Nevada Desert. Through some friends, I contacted the people who run the Biker Repair camp.\" \/>\n<meta property=\"og:url\" content=\"https:\/\/www.welovecycling.com\/wide\/2017\/05\/25\/marek-musil-bike-repairman-burning-man\/\" \/>\n<meta property=\"og:site_name\" content=\"\u0160koda We Love Cycling\" \/>\n<meta property=\"article:published_time\" content=\"2017-05-25T07:26:30+00:00\" \/>\n<meta property=\"og:image\" content=\"https:\/\/d2p6e6u75xmxt8.cloudfront.net\/2\/2017\/05\/cover.webp\" \/>\n\t<meta property=\"og:image:width\" content=\"900\" \/>\n\t<meta property=\"og:image:height\" content=\"600\" \/>\n\t<meta property=\"og:image:type\" content=\"image\/webp\" \/>\n<meta name=\"twitter:card\" content=\"summary_large_image\" \/>\n<meta name=\"twitter:label1\" content=\"Written by\" \/>\n\t<meta name=\"twitter:data1\" content=\"Marek Musil\" \/>\n\t<meta name=\"twitter:label2\" content=\"Est. reading time\" \/>\n\t<meta name=\"twitter:data2\" content=\"1 minute\" \/>\n<script type=\"application\/ld+json\" class=\"yoast-schema-graph\">{\"@context\":\"https:\/\/schema.org\",\"@graph\":[{\"@type\":\"WebPage\",\"@id\":\"https:\/\/www.welovecycling.com\/wide\/2017\/05\/25\/marek-musil-bike-repairman-burning-man\/\",\"url\":\"https:\/\/www.welovecycling.com\/wide\/2017\/05\/25\/marek-musil-bike-repairman-burning-man\/\",\"name\":\"Marek Musil: I Was a Bike Repairman at the Burning Man - \u0160koda We Love Cycling\",\"isPartOf\":{\"@id\":\"https:\/\/www.welovecycling.com\/wide\/#website\"},\"primaryImageOfPage\":{\"@id\":\"https:\/\/www.welovecycling.com\/wide\/2017\/05\/25\/marek-musil-bike-repairman-burning-man\/#primaryimage\"},\"image\":{\"@id\":\"https:\/\/www.welovecycling.com\/wide\/2017\/05\/25\/marek-musil-bike-repairman-burning-man\/#primaryimage\"},\"thumbnailUrl\":\"https:\/\/d2p6e6u75xmxt8.cloudfront.net\/2\/2017\/05\/cover.webp\",\"datePublished\":\"2017-05-25T07:26:30+00:00\",\"author\":{\"@id\":\"\"},\"description\":\"I wanted to shoot a photo report at the Burning Man festival in Nevada Desert. Through some friends, I contacted the people who run the Biker Repair camp.\",\"breadcrumb\":{\"@id\":\"https:\/\/www.welovecycling.com\/wide\/2017\/05\/25\/marek-musil-bike-repairman-burning-man\/#breadcrumb\"},\"inLanguage\":\"en-US\",\"potentialAction\":[{\"@type\":\"ReadAction\",\"target\":[\"https:\/\/www.welovecycling.com\/wide\/2017\/05\/25\/marek-musil-bike-repairman-burning-man\/\"]}]},{\"@type\":\"ImageObject\",\"inLanguage\":\"en-US\",\"@id\":\"https:\/\/www.welovecycling.com\/wide\/2017\/05\/25\/marek-musil-bike-repairman-burning-man\/#primaryimage\",\"url\":\"https:\/\/d2p6e6u75xmxt8.cloudfront.net\/2\/2017\/05\/cover.webp\",\"contentUrl\":\"https:\/\/d2p6e6u75xmxt8.cloudfront.net\/2\/2017\/05\/cover.webp\",\"width\":900,\"height\":600},{\"@type\":\"BreadcrumbList\",\"@id\":\"https:\/\/www.welovecycling.com\/wide\/2017\/05\/25\/marek-musil-bike-repairman-burning-man\/#breadcrumb\",\"itemListElement\":[{\"@type\":\"ListItem\",\"position\":1,\"name\":\"Home\",\"item\":\"https:\/\/www.welovecycling.com\/wide\/\"},{\"@type\":\"ListItem\",\"position\":2,\"name\":\"Marek Musil: I Was a Bike Repairman at the Burning Man\"}]},{\"@type\":\"WebSite\",\"@id\":\"https:\/\/www.welovecycling.com\/wide\/#website\",\"url\":\"https:\/\/www.welovecycling.com\/wide\/\",\"name\":\"\u0160koda We Love Cycling\",\"description\":\"\u0160koda We Love Cycling magazine\",\"alternateName\":\"\u0160koda WLC\",\"potentialAction\":[{\"@type\":\"SearchAction\",\"target\":{\"@type\":\"EntryPoint\",\"urlTemplate\":\"https:\/\/www.welovecycling.com\/wide\/?s={search_term_string}\"},\"query-input\":{\"@type\":\"PropertyValueSpecification\",\"valueRequired\":true,\"valueName\":\"search_term_string\"}}],\"inLanguage\":\"en-US\"},{\"@type\":\"Person\",\"@id\":\"\",\"url\":\"https:\/\/www.welovecycling.com\/wide\/author\/\"}]}<\/script>\n<!-- \/ Yoast SEO Premium plugin. -->","yoast_head_json":{"title":"Marek Musil: I Was a Bike Repairman at the Burning Man - \u0160koda We Love Cycling","description":"I wanted to shoot a photo report at the Burning Man festival in Nevada Desert. Through some friends, I contacted the people who run the Biker Repair camp.","robots":{"index":"index","follow":"follow","max-snippet":"max-snippet:-1","max-image-preview":"max-image-preview:large","max-video-preview":"max-video-preview:-1"},"canonical":"https:\/\/www.welovecycling.com\/wide\/2017\/05\/25\/marek-musil-bike-repairman-burning-man\/","og_locale":"en_US","og_type":"article","og_title":"Marek Musil: I Was a Bike Repairman at the Burning Man","og_description":"I wanted to shoot a photo report at the Burning Man festival in Nevada Desert. Through some friends, I contacted the people who run the Biker Repair camp.","og_url":"https:\/\/www.welovecycling.com\/wide\/2017\/05\/25\/marek-musil-bike-repairman-burning-man\/","og_site_name":"\u0160koda We Love Cycling","article_published_time":"2017-05-25T07:26:30+00:00","og_image":[{"width":900,"height":600,"url":"https:\/\/d2p6e6u75xmxt8.cloudfront.net\/2\/2017\/05\/cover.webp","type":"image\/webp"}],"twitter_card":"summary_large_image","twitter_misc":{"Written by":"Marek Musil","Est. reading time":"1 minute"},"schema":{"@context":"https:\/\/schema.org","@graph":[{"@type":"WebPage","@id":"https:\/\/www.welovecycling.com\/wide\/2017\/05\/25\/marek-musil-bike-repairman-burning-man\/","url":"https:\/\/www.welovecycling.com\/wide\/2017\/05\/25\/marek-musil-bike-repairman-burning-man\/","name":"Marek Musil: I Was a Bike Repairman at the Burning Man - \u0160koda We Love Cycling","isPartOf":{"@id":"https:\/\/www.welovecycling.com\/wide\/#website"},"primaryImageOfPage":{"@id":"https:\/\/www.welovecycling.com\/wide\/2017\/05\/25\/marek-musil-bike-repairman-burning-man\/#primaryimage"},"image":{"@id":"https:\/\/www.welovecycling.com\/wide\/2017\/05\/25\/marek-musil-bike-repairman-burning-man\/#primaryimage"},"thumbnailUrl":"https:\/\/d2p6e6u75xmxt8.cloudfront.net\/2\/2017\/05\/cover.webp","datePublished":"2017-05-25T07:26:30+00:00","author":{"@id":""},"description":"I wanted to shoot a photo report at the Burning Man festival in Nevada Desert. Through some friends, I contacted the people who run the Biker Repair camp.","breadcrumb":{"@id":"https:\/\/www.welovecycling.com\/wide\/2017\/05\/25\/marek-musil-bike-repairman-burning-man\/#breadcrumb"},"inLanguage":"en-US","potentialAction":[{"@type":"ReadAction","target":["https:\/\/www.welovecycling.com\/wide\/2017\/05\/25\/marek-musil-bike-repairman-burning-man\/"]}]},{"@type":"ImageObject","inLanguage":"en-US","@id":"https:\/\/www.welovecycling.com\/wide\/2017\/05\/25\/marek-musil-bike-repairman-burning-man\/#primaryimage","url":"https:\/\/d2p6e6u75xmxt8.cloudfront.net\/2\/2017\/05\/cover.webp","contentUrl":"https:\/\/d2p6e6u75xmxt8.cloudfront.net\/2\/2017\/05\/cover.webp","width":900,"height":600},{"@type":"BreadcrumbList","@id":"https:\/\/www.welovecycling.com\/wide\/2017\/05\/25\/marek-musil-bike-repairman-burning-man\/#breadcrumb","itemListElement":[{"@type":"ListItem","position":1,"name":"Home","item":"https:\/\/www.welovecycling.com\/wide\/"},{"@type":"ListItem","position":2,"name":"Marek Musil: I Was a Bike Repairman at the Burning Man"}]},{"@type":"WebSite","@id":"https:\/\/www.welovecycling.com\/wide\/#website","url":"https:\/\/www.welovecycling.com\/wide\/","name":"\u0160koda We Love Cycling","description":"\u0160koda We Love Cycling magazine","alternateName":"\u0160koda WLC","potentialAction":[{"@type":"SearchAction","target":{"@type":"EntryPoint","urlTemplate":"https:\/\/www.welovecycling.com\/wide\/?s={search_term_string}"},"query-input":{"@type":"PropertyValueSpecification","valueRequired":true,"valueName":"search_term_string"}}],"inLanguage":"en-US"},{"@type":"Person","@id":"","url":"https:\/\/www.welovecycling.com\/wide\/author\/"}]}},"_links":{"self":[{"href":"https:\/\/www.welovecycling.com\/wide\/wp-json\/wp\/v2\/posts\/150334","targetHints":{"allow":["GET"]}}],"collection":[{"href":"https:\/\/www.welovecycling.com\/wide\/wp-json\/wp\/v2\/posts"}],"about":[{"href":"https:\/\/www.welovecycling.com\/wide\/wp-json\/wp\/v2\/types\/post"}],"author":[{"embeddable":true,"href":"https:\/\/www.welovecycling.com\/wide\/wp-json\/wp\/v2\/users\/12"}],"replies":[{"embeddable":true,"href":"https:\/\/www.welovecycling.com\/wide\/wp-json\/wp\/v2\/comments?post=150334"}],"version-history":[{"count":2,"href":"https:\/\/www.welovecycling.com\/wide\/wp-json\/wp\/v2\/posts\/150334\/revisions"}],"predecessor-version":[{"id":150385,"href":"https:\/\/www.welovecycling.com\/wide\/wp-json\/wp\/v2\/posts\/150334\/revisions\/150385"}],"wp:featuredmedia":[{"embeddable":true,"href":"https:\/\/www.welovecycling.com\/wide\/wp-json\/wp\/v2\/media\/150386"}],"wp:attachment":[{"href":"https:\/\/www.welovecycling.com\/wide\/wp-json\/wp\/v2\/media?parent=150334"}],"wp:term":[{"taxonomy":"category","embeddable":true,"href":"https:\/\/www.welovecycling.com\/wide\/wp-json\/wp\/v2\/categories?post=150334"},{"taxonomy":"post_tag","embeddable":true,"href":"https:\/\/www.welovecycling.com\/wide\/wp-json\/wp\/v2\/tags?post=150334"},{"taxonomy":"global-categories","embeddable":true,"href":"https:\/\/www.welovecycling.com\/wide\/wp-json\/wp\/v2\/global-categories?post=150334"}],"curies":[{"name":"wp","href":"https:\/\/api.w.org\/{rel}","templated":true}]}}