{"id":148019,"date":"2017-05-15T09:03:48","date_gmt":"2017-05-15T09:03:48","guid":{"rendered":"https:\/\/www.welovecycling.com\/wide\/?p=148019"},"modified":"2017-05-15T09:07:28","modified_gmt":"2017-05-15T09:07:28","slug":"win-place-start-line-2017-letape-du-tour","status":"publish","type":"post","link":"https:\/\/www.welovecycling.com\/wide\/2017\/05\/15\/win-place-start-line-2017-letape-du-tour\/","title":{"rendered":"Win a Place on the Start Line of the 2017 l\u2019\u00c9tape du Tour"},"content":{"rendered":"<p><strong>L\u2019\u00c9tape du Tour is an annual event that lets thousands of amateur cyclists from around the world experience a Tour De France stage. The race replicates stage 18 of this year\u2019s Tour and features the same luxuries that pro riders enjoy &#8211; closed roads, support cars, feeding stations, and the infamous broom wagon that picks up those who can\u2019t make it. By the way you have a chance to win one of the 7 places on our team and ride with us! <a href=\"https:\/\/www.welovecycling.com\/wide\/letape-du-tour-2017\/\">Enter the contest here<\/a>.<\/strong><!--more--><\/p>\n<h2><strong>Experience Tour de France in the saddle<\/strong><\/h2>\n<p>L\u2019\u00c9tape du Tour was first held in 1993, the original idea was to allow amateur cyclists to experience the breathtaking beauty and muscle-burning rigor of the Tour de France mountain stages. And with over 15,000 riders participating last year, the concept has not changed in the two decades since the first race. It usually starts quite early, with participants distributed according to their ability levels: the fastest at the front and the slowest at the back. The peloton quickly stretches out, creating a constant flow of cyclists on the course. The last riders usually take over 10 hours to cross the finish line, though historically there have always been many who didn\u2019t finish at all.<\/p>\n<p>https:\/\/www.instagram.com\/p\/BHuGDHzDalR\/<\/p>\n<h2><strong>Where and when?<\/strong><\/h2>\n<p>This years\u2019 L\u2019\u00c9tape will be held on the 16th of July. The 18th stage of the 104th edition of the Tour de France will run through the heart of the most majestic and enigmatic sporting setting ever! From Barcelonnette to the Col de Vars (2109 m), minds and thighs alike will be fired up and the final 10km ascent to Izoard (2360 m), which is over 9 % of average gradient, promises an unforgettable experience as well. The overall 178km route with two big climbs will be a tough challenge for anyone.<\/p>\n<lite-youtube videoid=EJ78UPfYbYA params=\"enablejsapi=1\" style=\"background-image: url('https:\/\/i.ytimg.com\/vi_webp\/EJ78UPfYbYA\/maxresdefault.webp');\"><\/lite-youtube>\n<h2><strong>Who is the race for?<\/strong><\/h2>\n<p>The race is open to all who dare and manage to get in. And the demand is high. L\u2019\u00c9tape du Tour established itself as a significant benchmark for ambitious amateur cyclists from around the world, plus it represents the opportunity to attempt a stage of the Tour de France, a dream-come-true for so many. Since joining the Tour de France as a major sponsor 13 years ago, \u0160koda has provided funding opportunities for those looking to participate in this unique event. In the last two years, \u0160koda and We Love Cycling sent 10 amateur cyclists to compete.<\/p>\n<p>This year you can be the one who will compete against those hills in southern France. <a href=\"https:\/\/www.welovecycling.com\/wide\/letape-du-tour-2017\/\">Enter the contest here<\/a> to win a spot on the \u0160koda&#8217;s We Love Cycling team and face the challenge of your life.<\/p>\n","protected":false},"excerpt":{"rendered":"<p>L\u2019\u00c9tape du Tour is an annual event that lets thousands of amateur cyclists from around the world experience a Tour [&hellip;]<\/p>\n","protected":false},"author":27,"featured_media":142089,"comment_status":"open","ping_status":"open","sticky":false,"template":"","format":"standard","meta":{"footnotes":""},"categories":[329],"tags":[410,433],"global-categories":[],"class_list":["post-148019","post","type-post","status-publish","format-standard","has-post-thumbnail","hentry","category-road-cycling","tag-letape-du-tour","tag-tour-de-france"],"yoast_head":"<!-- This site is optimized with the Yoast SEO Premium plugin v25.3 (Yoast SEO v25.9) - https:\/\/yoast.com\/wordpress\/plugins\/seo\/ -->\n<title>Win a Place on the Start Line of the 2017 l\u2019\u00c9tape du Tour - \u0160koda We Love Cycling<\/title>\n<meta name=\"description\" content=\"L\u2019\u00c9tape du Tour is an annual event that lets thousands of amateur cyclists from around the world experience a Tour De France stage. The race replicates\" \/>\n<meta name=\"robots\" content=\"index, follow, max-snippet:-1, max-image-preview:large, max-video-preview:-1\" \/>\n<link rel=\"canonical\" href=\"https:\/\/www.welovecycling.com\/wide\/2017\/05\/15\/win-place-start-line-2017-letape-du-tour\/\" \/>\n<meta property=\"og:locale\" content=\"en_US\" \/>\n<meta property=\"og:type\" content=\"article\" \/>\n<meta property=\"og:title\" content=\"Win a Place on the Start Line of the 2017 l\u2019\u00c9tape du Tour\" \/>\n<meta property=\"og:description\" content=\"L\u2019\u00c9tape du Tour is an annual event that lets thousands of amateur cyclists from around the world experience a Tour De France stage. The race replicates\" \/>\n<meta property=\"og:url\" content=\"https:\/\/www.welovecycling.com\/wide\/2017\/05\/15\/win-place-start-line-2017-letape-du-tour\/\" \/>\n<meta property=\"og:site_name\" content=\"\u0160koda We Love Cycling\" \/>\n<meta property=\"article:published_time\" content=\"2017-05-15T09:03:48+00:00\" \/>\n<meta property=\"article:modified_time\" content=\"2017-05-15T09:07:28+00:00\" \/>\n<meta property=\"og:image\" content=\"https:\/\/d2p6e6u75xmxt8.cloudfront.net\/2\/2016\/07\/48754848_4484848.webp\" \/>\n\t<meta property=\"og:image:width\" content=\"900\" \/>\n\t<meta property=\"og:image:height\" content=\"600\" \/>\n\t<meta property=\"og:image:type\" content=\"image\/webp\" \/>\n<meta name=\"author\" content=\"jakubstepanek\" \/>\n<meta name=\"twitter:card\" content=\"summary_large_image\" \/>\n<meta name=\"twitter:label1\" content=\"Written by\" \/>\n\t<meta name=\"twitter:data1\" content=\"WeLoveCycling\" \/>\n\t<meta name=\"twitter:label2\" content=\"Est. reading time\" \/>\n\t<meta name=\"twitter:data2\" content=\"2 minutes\" \/>\n<script type=\"application\/ld+json\" class=\"yoast-schema-graph\">{\"@context\":\"https:\/\/schema.org\",\"@graph\":[{\"@type\":\"WebPage\",\"@id\":\"https:\/\/www.welovecycling.com\/wide\/2017\/05\/15\/win-place-start-line-2017-letape-du-tour\/\",\"url\":\"https:\/\/www.welovecycling.com\/wide\/2017\/05\/15\/win-place-start-line-2017-letape-du-tour\/\",\"name\":\"Win a Place on the Start Line of the 2017 l\u2019\u00c9tape du Tour - \u0160koda We Love Cycling\",\"isPartOf\":{\"@id\":\"https:\/\/www.welovecycling.com\/wide\/#website\"},\"primaryImageOfPage\":{\"@id\":\"https:\/\/www.welovecycling.com\/wide\/2017\/05\/15\/win-place-start-line-2017-letape-du-tour\/#primaryimage\"},\"image\":{\"@id\":\"https:\/\/www.welovecycling.com\/wide\/2017\/05\/15\/win-place-start-line-2017-letape-du-tour\/#primaryimage\"},\"thumbnailUrl\":\"https:\/\/d2p6e6u75xmxt8.cloudfront.net\/2\/2016\/07\/48754848_4484848.webp\",\"datePublished\":\"2017-05-15T09:03:48+00:00\",\"dateModified\":\"2017-05-15T09:07:28+00:00\",\"author\":{\"@id\":\"https:\/\/www.welovecycling.com\/wide\/#\/schema\/person\/d42ede5c64c67b5db7ea181a1a82b2d5\"},\"description\":\"L\u2019\u00c9tape du Tour is an annual event that lets thousands of amateur cyclists from around the world experience a Tour De France stage. The race replicates\",\"breadcrumb\":{\"@id\":\"https:\/\/www.welovecycling.com\/wide\/2017\/05\/15\/win-place-start-line-2017-letape-du-tour\/#breadcrumb\"},\"inLanguage\":\"en-US\",\"potentialAction\":[{\"@type\":\"ReadAction\",\"target\":[\"https:\/\/www.welovecycling.com\/wide\/2017\/05\/15\/win-place-start-line-2017-letape-du-tour\/\"]}]},{\"@type\":\"ImageObject\",\"inLanguage\":\"en-US\",\"@id\":\"https:\/\/www.welovecycling.com\/wide\/2017\/05\/15\/win-place-start-line-2017-letape-du-tour\/#primaryimage\",\"url\":\"https:\/\/d2p6e6u75xmxt8.cloudfront.net\/2\/2016\/07\/48754848_4484848.webp\",\"contentUrl\":\"https:\/\/d2p6e6u75xmxt8.cloudfront.net\/2\/2016\/07\/48754848_4484848.webp\",\"width\":900,\"height\":600},{\"@type\":\"BreadcrumbList\",\"@id\":\"https:\/\/www.welovecycling.com\/wide\/2017\/05\/15\/win-place-start-line-2017-letape-du-tour\/#breadcrumb\",\"itemListElement\":[{\"@type\":\"ListItem\",\"position\":1,\"name\":\"Home\",\"item\":\"https:\/\/www.welovecycling.com\/wide\/\"},{\"@type\":\"ListItem\",\"position\":2,\"name\":\"Win a Place on the Start Line of the 2017 l\u2019\u00c9tape du Tour\"}]},{\"@type\":\"WebSite\",\"@id\":\"https:\/\/www.welovecycling.com\/wide\/#website\",\"url\":\"https:\/\/www.welovecycling.com\/wide\/\",\"name\":\"\u0160koda We Love Cycling\",\"description\":\"\u0160koda We Love Cycling magazine\",\"alternateName\":\"\u0160koda WLC\",\"potentialAction\":[{\"@type\":\"SearchAction\",\"target\":{\"@type\":\"EntryPoint\",\"urlTemplate\":\"https:\/\/www.welovecycling.com\/wide\/?s={search_term_string}\"},\"query-input\":{\"@type\":\"PropertyValueSpecification\",\"valueRequired\":true,\"valueName\":\"search_term_string\"}}],\"inLanguage\":\"en-US\"},{\"@type\":\"Person\",\"@id\":\"https:\/\/www.welovecycling.com\/wide\/#\/schema\/person\/d42ede5c64c67b5db7ea181a1a82b2d5\",\"name\":\"jakubstepanek\",\"image\":{\"@type\":\"ImageObject\",\"inLanguage\":\"en-US\",\"@id\":\"https:\/\/www.welovecycling.com\/wide\/#\/schema\/person\/image\/\",\"url\":\"https:\/\/secure.gravatar.com\/avatar\/6088ff8a87539139d91121309dad6f7aee973467a9fee79888aeb2a7f7dc88a2?s=96&d=mm&r=g\",\"contentUrl\":\"https:\/\/secure.gravatar.com\/avatar\/6088ff8a87539139d91121309dad6f7aee973467a9fee79888aeb2a7f7dc88a2?s=96&d=mm&r=g\",\"caption\":\"jakubstepanek\"},\"url\":\"https:\/\/www.welovecycling.com\/wide\/author\/jakubstepanek\/\"}]}<\/script>\n<!-- \/ Yoast SEO Premium plugin. -->","yoast_head_json":{"title":"Win a Place on the Start Line of the 2017 l\u2019\u00c9tape du Tour - \u0160koda We Love Cycling","description":"L\u2019\u00c9tape du Tour is an annual event that lets thousands of amateur cyclists from around the world experience a Tour De France stage. The race replicates","robots":{"index":"index","follow":"follow","max-snippet":"max-snippet:-1","max-image-preview":"max-image-preview:large","max-video-preview":"max-video-preview:-1"},"canonical":"https:\/\/www.welovecycling.com\/wide\/2017\/05\/15\/win-place-start-line-2017-letape-du-tour\/","og_locale":"en_US","og_type":"article","og_title":"Win a Place on the Start Line of the 2017 l\u2019\u00c9tape du Tour","og_description":"L\u2019\u00c9tape du Tour is an annual event that lets thousands of amateur cyclists from around the world experience a Tour De France stage. The race replicates","og_url":"https:\/\/www.welovecycling.com\/wide\/2017\/05\/15\/win-place-start-line-2017-letape-du-tour\/","og_site_name":"\u0160koda We Love Cycling","article_published_time":"2017-05-15T09:03:48+00:00","article_modified_time":"2017-05-15T09:07:28+00:00","og_image":[{"width":900,"height":600,"url":"https:\/\/d2p6e6u75xmxt8.cloudfront.net\/2\/2016\/07\/48754848_4484848.webp","type":"image\/webp"}],"author":"jakubstepanek","twitter_card":"summary_large_image","twitter_misc":{"Written by":"WeLoveCycling","Est. reading time":"2 minutes"},"schema":{"@context":"https:\/\/schema.org","@graph":[{"@type":"WebPage","@id":"https:\/\/www.welovecycling.com\/wide\/2017\/05\/15\/win-place-start-line-2017-letape-du-tour\/","url":"https:\/\/www.welovecycling.com\/wide\/2017\/05\/15\/win-place-start-line-2017-letape-du-tour\/","name":"Win a Place on the Start Line of the 2017 l\u2019\u00c9tape du Tour - \u0160koda We Love Cycling","isPartOf":{"@id":"https:\/\/www.welovecycling.com\/wide\/#website"},"primaryImageOfPage":{"@id":"https:\/\/www.welovecycling.com\/wide\/2017\/05\/15\/win-place-start-line-2017-letape-du-tour\/#primaryimage"},"image":{"@id":"https:\/\/www.welovecycling.com\/wide\/2017\/05\/15\/win-place-start-line-2017-letape-du-tour\/#primaryimage"},"thumbnailUrl":"https:\/\/d2p6e6u75xmxt8.cloudfront.net\/2\/2016\/07\/48754848_4484848.webp","datePublished":"2017-05-15T09:03:48+00:00","dateModified":"2017-05-15T09:07:28+00:00","author":{"@id":"https:\/\/www.welovecycling.com\/wide\/#\/schema\/person\/d42ede5c64c67b5db7ea181a1a82b2d5"},"description":"L\u2019\u00c9tape du Tour is an annual event that lets thousands of amateur cyclists from around the world experience a Tour De France stage. The race replicates","breadcrumb":{"@id":"https:\/\/www.welovecycling.com\/wide\/2017\/05\/15\/win-place-start-line-2017-letape-du-tour\/#breadcrumb"},"inLanguage":"en-US","potentialAction":[{"@type":"ReadAction","target":["https:\/\/www.welovecycling.com\/wide\/2017\/05\/15\/win-place-start-line-2017-letape-du-tour\/"]}]},{"@type":"ImageObject","inLanguage":"en-US","@id":"https:\/\/www.welovecycling.com\/wide\/2017\/05\/15\/win-place-start-line-2017-letape-du-tour\/#primaryimage","url":"https:\/\/d2p6e6u75xmxt8.cloudfront.net\/2\/2016\/07\/48754848_4484848.webp","contentUrl":"https:\/\/d2p6e6u75xmxt8.cloudfront.net\/2\/2016\/07\/48754848_4484848.webp","width":900,"height":600},{"@type":"BreadcrumbList","@id":"https:\/\/www.welovecycling.com\/wide\/2017\/05\/15\/win-place-start-line-2017-letape-du-tour\/#breadcrumb","itemListElement":[{"@type":"ListItem","position":1,"name":"Home","item":"https:\/\/www.welovecycling.com\/wide\/"},{"@type":"ListItem","position":2,"name":"Win a Place on the Start Line of the 2017 l\u2019\u00c9tape du Tour"}]},{"@type":"WebSite","@id":"https:\/\/www.welovecycling.com\/wide\/#website","url":"https:\/\/www.welovecycling.com\/wide\/","name":"\u0160koda We Love Cycling","description":"\u0160koda We Love Cycling magazine","alternateName":"\u0160koda WLC","potentialAction":[{"@type":"SearchAction","target":{"@type":"EntryPoint","urlTemplate":"https:\/\/www.welovecycling.com\/wide\/?s={search_term_string}"},"query-input":{"@type":"PropertyValueSpecification","valueRequired":true,"valueName":"search_term_string"}}],"inLanguage":"en-US"},{"@type":"Person","@id":"https:\/\/www.welovecycling.com\/wide\/#\/schema\/person\/d42ede5c64c67b5db7ea181a1a82b2d5","name":"jakubstepanek","image":{"@type":"ImageObject","inLanguage":"en-US","@id":"https:\/\/www.welovecycling.com\/wide\/#\/schema\/person\/image\/","url":"https:\/\/secure.gravatar.com\/avatar\/6088ff8a87539139d91121309dad6f7aee973467a9fee79888aeb2a7f7dc88a2?s=96&d=mm&r=g","contentUrl":"https:\/\/secure.gravatar.com\/avatar\/6088ff8a87539139d91121309dad6f7aee973467a9fee79888aeb2a7f7dc88a2?s=96&d=mm&r=g","caption":"jakubstepanek"},"url":"https:\/\/www.welovecycling.com\/wide\/author\/jakubstepanek\/"}]}},"_links":{"self":[{"href":"https:\/\/www.welovecycling.com\/wide\/wp-json\/wp\/v2\/posts\/148019","targetHints":{"allow":["GET"]}}],"collection":[{"href":"https:\/\/www.welovecycling.com\/wide\/wp-json\/wp\/v2\/posts"}],"about":[{"href":"https:\/\/www.welovecycling.com\/wide\/wp-json\/wp\/v2\/types\/post"}],"author":[{"embeddable":true,"href":"https:\/\/www.welovecycling.com\/wide\/wp-json\/wp\/v2\/users\/27"}],"replies":[{"embeddable":true,"href":"https:\/\/www.welovecycling.com\/wide\/wp-json\/wp\/v2\/comments?post=148019"}],"version-history":[{"count":2,"href":"https:\/\/www.welovecycling.com\/wide\/wp-json\/wp\/v2\/posts\/148019\/revisions"}],"predecessor-version":[{"id":148023,"href":"https:\/\/www.welovecycling.com\/wide\/wp-json\/wp\/v2\/posts\/148019\/revisions\/148023"}],"wp:featuredmedia":[{"embeddable":true,"href":"https:\/\/www.welovecycling.com\/wide\/wp-json\/wp\/v2\/media\/142089"}],"wp:attachment":[{"href":"https:\/\/www.welovecycling.com\/wide\/wp-json\/wp\/v2\/media?parent=148019"}],"wp:term":[{"taxonomy":"category","embeddable":true,"href":"https:\/\/www.welovecycling.com\/wide\/wp-json\/wp\/v2\/categories?post=148019"},{"taxonomy":"post_tag","embeddable":true,"href":"https:\/\/www.welovecycling.com\/wide\/wp-json\/wp\/v2\/tags?post=148019"},{"taxonomy":"global-categories","embeddable":true,"href":"https:\/\/www.welovecycling.com\/wide\/wp-json\/wp\/v2\/global-categories?post=148019"}],"curies":[{"name":"wp","href":"https:\/\/api.w.org\/{rel}","templated":true}]}}