{"id":147785,"date":"2017-04-27T08:34:12","date_gmt":"2017-04-27T08:34:12","guid":{"rendered":"https:\/\/www.welovecycling.com\/wide\/?p=147785"},"modified":"2017-04-27T08:34:12","modified_gmt":"2017-04-27T08:34:12","slug":"ultra-orthodox-rabbis-ban-young-girls-cycling","status":"publish","type":"post","link":"https:\/\/www.welovecycling.com\/wide\/2017\/04\/27\/ultra-orthodox-rabbis-ban-young-girls-cycling\/","title":{"rendered":"Ultra-Orthodox Rabbis Ban Young Girls From Cycling"},"content":{"rendered":"<p><strong>Do you have a little daughter? Do you wonder if she\u2019s old enough to join you for the family cycling trip? Forget about it if you\u2019re an Orthodox Jew living in Jerusalem. Provocative and immodest \u2013 that\u2019s how some ultra-Orthodox rabbis of the Holy City describe 5-year-old girls riding bicycles. Ridiculous? Welcome to the world of strict rules.<\/strong><br \/>\n<!--more--><\/p>\n<p>The rabbis of the Nachlaot neighbourhood in Jerusalem announced the rule to their followers in the synagogues across the area. According to the Israeli website Arutz Sheva 7, the rabbis claim that girls aged five and older riding bicycles could cause a serious damage to their modesty and that seats make them sit in a way that some men would find inappropriate and provocative.<br \/>\n<div class=\"shortcode-ys-post-pinup\"><article class=\"loop-simple post-136787 post type-post status-publish format-standard has-post-thumbnail hentry category-outdoor-mountain category-road-cycling category-socialising-and-culture\" data-postid=\"136787\" role=\"article\" data-post-id=\"136787\" data-word-count=\"396\" data-headline-length=\"37\" data-category=\"Outdoor\/Mountain\" data-author=\"Monica Buck\" data-published=\"2016-03-09T14:01:32+00:00\" data-published-day=\"Wednesday\">\n    <div class=\"entry-thumbnail article-thumbnail\" content=\"https:\/\/d2p6e6u75xmxt8.cloudfront.net\/2\/2016\/03\/313141412_131131212-150x150.webp\"><a href=\"https:\/\/www.welovecycling.com\/wide\/2016\/03\/09\/cycling-from-india-to-sweden-for-love\/\" class=\"image-holder\" target=\"_self\"><img decoding=\"async\" loading=\"lazy\" class=\"\" src=\"https:\/\/d2p6e6u75xmxt8.cloudfront.net\/2\/2016\/03\/313141412_131131212.webp\" srcset=\"https:\/\/d2p6e6u75xmxt8.cloudfront.net\/2\/2016\/03\/313141412_131131212.webp 525w, https:\/\/d2p6e6u75xmxt8.cloudfront.net\/2\/2016\/03\/313141412_131131212-300x200.webp 300w, https:\/\/d2p6e6u75xmxt8.cloudfront.net\/2\/2016\/03\/313141412_131131212-272x182.webp 272w\" width=\"525\" height=\"350\" sizes=\"auto, (min-width: 1200px) 300px, (min-width: 768px) 25vw, 100vw\" alt=\"cycling-from-india-to-sweden-for-love\"\/><\/a><\/div>    <div class=\"entry-meta\">\n        <a class=\"label label-secondary post-category\" href=\"https:\/\/www.welovecycling.com\/wide\/category\/outdoor-mountain\/\" title=\"Outdoor\/Mountain\">Outdoor\/Mountain<\/a>\n    <\/div>\n    <div class=\"entry-details\">\n        <a href=\"https:\/\/www.welovecycling.com\/wide\/2016\/03\/09\/cycling-from-india-to-sweden-for-love\/\" class='entry-title-wrapper'>\n            <h3 class=\"entry-title\"><span>Cycling from India to Sweden For Love<\/span><\/h3>\n        <\/a>\n    <\/div>\n    <\/article>\n<\/div><\/p>\n<p>Does this sound like a bad joke? It isn&#8217;t in the opinion of the most respected patriarchs in some quarters of Jerusalem. The news was confirmed by many international magazines including the Independent and the Focus.<\/p>\n<p>Obviously, the ban concerns only followers of the relatively small branch of ultra-Orthodox Judaism. The Haredi ultra-Orthodox community practises a form of Judaism that emerged during the 19th century in Eastern Europe: the secular world is disdained, Yiddish is used as their primary language, married women are required to dress according to a strict code and cover their hair, while men wear black hats and long coats known as kaftans. Most time is dedicated to God and prayers. In such a world, there\u2019s no space for kids to enjoy cycling holidays.<br \/>\n<div class=\"shortcode-ys-post-pinup\"><article class=\"loop-simple post-147519 post type-post status-publish format-standard has-post-thumbnail hentry category-outdoor-mountain tag-laws tag-montana tag-scott-sales\" data-postid=\"147519\" role=\"article\" data-post-id=\"147519\" data-word-count=\"249\" data-headline-length=\"50\" data-category=\"Outdoor\/Mountain\" data-author=\"Monica Buck\" data-published=\"2017-04-05T12:13:44+00:00\" data-published-day=\"Wednesday\">\n    <div class=\"entry-thumbnail article-thumbnail\" content=\"https:\/\/d2p6e6u75xmxt8.cloudfront.net\/2\/2017\/04\/232323_2323232-150x150.webp\"><a href=\"https:\/\/www.welovecycling.com\/wide\/2017\/04\/05\/huge-anti-cyclist-bill-introduced-montana\/\" class=\"image-holder\" target=\"_self\"><img decoding=\"async\" loading=\"lazy\" class=\"\" src=\"https:\/\/d2p6e6u75xmxt8.cloudfront.net\/2\/2017\/04\/232323_2323232.webp\" srcset=\"https:\/\/d2p6e6u75xmxt8.cloudfront.net\/2\/2017\/04\/232323_2323232.webp 900w, https:\/\/d2p6e6u75xmxt8.cloudfront.net\/2\/2017\/04\/232323_2323232-300x200.webp 300w, https:\/\/d2p6e6u75xmxt8.cloudfront.net\/2\/2017\/04\/232323_2323232-768x512.webp 768w, https:\/\/d2p6e6u75xmxt8.cloudfront.net\/2\/2017\/04\/232323_2323232-272x182.webp 272w\" width=\"900\" height=\"600\" sizes=\"auto, (min-width: 1200px) 300px, (min-width: 768px) 25vw, 100vw\" alt=\"huge-anti-cyclist-bill-introduced-montana\"\/><\/a><\/div>    <div class=\"entry-meta\">\n        <a class=\"label label-secondary post-category\" href=\"https:\/\/www.welovecycling.com\/wide\/category\/outdoor-mountain\/\" title=\"Outdoor\/Mountain\">Outdoor\/Mountain<\/a>\n    <\/div>\n    <div class=\"entry-details\">\n        <a href=\"https:\/\/www.welovecycling.com\/wide\/2017\/04\/05\/huge-anti-cyclist-bill-introduced-montana\/\" class='entry-title-wrapper'>\n            <h3 class=\"entry-title\"><span>Huge Anti-Cyclist Bill to Be Introduced in Montana<\/span><\/h3>\n        <\/a>\n    <\/div>\n    <\/article>\n<\/div><\/p>\n<p>Actually, it\u2019s not the first absurd decree issued by Orthodox authorities. Most women are not allowed to drive. In December 2015, Orthodox Israeli rabbis demanded that women should be banned from applying to universities after declaring that studying secular subjects would be a danger to them. According to Yeshiva World News, there are also constant efforts to ban the Internet from the communities and to declare smartphones \u201cnot kosher\u201d in Jewish law.<\/p>\n","protected":false},"excerpt":{"rendered":"<p>Do you have a little daughter? Do you wonder if she\u2019s old enough to join you for the family cycling [&hellip;]<\/p>\n","protected":false},"author":12,"featured_media":147787,"comment_status":"open","ping_status":"open","sticky":false,"template":"","format":"standard","meta":{"footnotes":""},"categories":[334],"tags":[1029,1027,1028],"global-categories":[],"class_list":["post-147785","post","type-post","status-publish","format-standard","has-post-thumbnail","hentry","category-socialising-and-culture","tag-ban-on-cycling","tag-haredi-ultra-orthodox-community","tag-ultra-orthodox-judaism"],"yoast_head":"<!-- This site is optimized with the Yoast SEO Premium plugin v25.3 (Yoast SEO v25.9) - https:\/\/yoast.com\/wordpress\/plugins\/seo\/ -->\n<title>Ultra-Orthodox Rabbis Ban Young Girls From Cycling - \u0160koda We Love Cycling<\/title>\n<meta name=\"description\" content=\"Do you have a little daughter? Do you wonder if she\u2019s old enough to join you for the family cycling trip? Forget about it if you\u2019re an Orthodox Jew living\" \/>\n<meta name=\"robots\" content=\"index, follow, max-snippet:-1, max-image-preview:large, max-video-preview:-1\" \/>\n<link rel=\"canonical\" href=\"https:\/\/www.welovecycling.com\/wide\/2017\/04\/27\/ultra-orthodox-rabbis-ban-young-girls-cycling\/\" \/>\n<meta property=\"og:locale\" content=\"en_US\" \/>\n<meta property=\"og:type\" content=\"article\" \/>\n<meta property=\"og:title\" content=\"Ultra-Orthodox Rabbis Ban Young Girls From Cycling\" \/>\n<meta property=\"og:description\" content=\"Do you have a little daughter? Do you wonder if she\u2019s old enough to join you for the family cycling trip? Forget about it if you\u2019re an Orthodox Jew living\" \/>\n<meta property=\"og:url\" content=\"https:\/\/www.welovecycling.com\/wide\/2017\/04\/27\/ultra-orthodox-rabbis-ban-young-girls-cycling\/\" \/>\n<meta property=\"og:site_name\" content=\"\u0160koda We Love Cycling\" \/>\n<meta property=\"article:published_time\" content=\"2017-04-27T08:34:12+00:00\" \/>\n<meta property=\"og:image\" content=\"https:\/\/d2p6e6u75xmxt8.cloudfront.net\/2\/2017\/04\/48487.webp\" \/>\n\t<meta property=\"og:image:width\" content=\"900\" \/>\n\t<meta property=\"og:image:height\" content=\"600\" \/>\n\t<meta property=\"og:image:type\" content=\"image\/webp\" \/>\n<meta name=\"twitter:card\" content=\"summary_large_image\" \/>\n<meta name=\"twitter:label1\" content=\"Written by\" \/>\n\t<meta name=\"twitter:data1\" content=\"Monica Buck\" \/>\n\t<meta name=\"twitter:label2\" content=\"Est. reading time\" \/>\n\t<meta name=\"twitter:data2\" content=\"2 minutes\" \/>\n<script type=\"application\/ld+json\" class=\"yoast-schema-graph\">{\"@context\":\"https:\/\/schema.org\",\"@graph\":[{\"@type\":\"WebPage\",\"@id\":\"https:\/\/www.welovecycling.com\/wide\/2017\/04\/27\/ultra-orthodox-rabbis-ban-young-girls-cycling\/\",\"url\":\"https:\/\/www.welovecycling.com\/wide\/2017\/04\/27\/ultra-orthodox-rabbis-ban-young-girls-cycling\/\",\"name\":\"Ultra-Orthodox Rabbis Ban Young Girls From Cycling - \u0160koda We Love Cycling\",\"isPartOf\":{\"@id\":\"https:\/\/www.welovecycling.com\/wide\/#website\"},\"primaryImageOfPage\":{\"@id\":\"https:\/\/www.welovecycling.com\/wide\/2017\/04\/27\/ultra-orthodox-rabbis-ban-young-girls-cycling\/#primaryimage\"},\"image\":{\"@id\":\"https:\/\/www.welovecycling.com\/wide\/2017\/04\/27\/ultra-orthodox-rabbis-ban-young-girls-cycling\/#primaryimage\"},\"thumbnailUrl\":\"https:\/\/d2p6e6u75xmxt8.cloudfront.net\/2\/2017\/04\/48487.webp\",\"datePublished\":\"2017-04-27T08:34:12+00:00\",\"author\":{\"@id\":\"\"},\"description\":\"Do you have a little daughter? Do you wonder if she\u2019s old enough to join you for the family cycling trip? Forget about it if you\u2019re an Orthodox Jew living\",\"breadcrumb\":{\"@id\":\"https:\/\/www.welovecycling.com\/wide\/2017\/04\/27\/ultra-orthodox-rabbis-ban-young-girls-cycling\/#breadcrumb\"},\"inLanguage\":\"en-US\",\"potentialAction\":[{\"@type\":\"ReadAction\",\"target\":[\"https:\/\/www.welovecycling.com\/wide\/2017\/04\/27\/ultra-orthodox-rabbis-ban-young-girls-cycling\/\"]}]},{\"@type\":\"ImageObject\",\"inLanguage\":\"en-US\",\"@id\":\"https:\/\/www.welovecycling.com\/wide\/2017\/04\/27\/ultra-orthodox-rabbis-ban-young-girls-cycling\/#primaryimage\",\"url\":\"https:\/\/d2p6e6u75xmxt8.cloudfront.net\/2\/2017\/04\/48487.webp\",\"contentUrl\":\"https:\/\/d2p6e6u75xmxt8.cloudfront.net\/2\/2017\/04\/48487.webp\",\"width\":900,\"height\":600},{\"@type\":\"BreadcrumbList\",\"@id\":\"https:\/\/www.welovecycling.com\/wide\/2017\/04\/27\/ultra-orthodox-rabbis-ban-young-girls-cycling\/#breadcrumb\",\"itemListElement\":[{\"@type\":\"ListItem\",\"position\":1,\"name\":\"Home\",\"item\":\"https:\/\/www.welovecycling.com\/wide\/\"},{\"@type\":\"ListItem\",\"position\":2,\"name\":\"Ultra-Orthodox Rabbis Ban Young Girls From Cycling\"}]},{\"@type\":\"WebSite\",\"@id\":\"https:\/\/www.welovecycling.com\/wide\/#website\",\"url\":\"https:\/\/www.welovecycling.com\/wide\/\",\"name\":\"\u0160koda We Love Cycling\",\"description\":\"\u0160koda We Love Cycling magazine\",\"alternateName\":\"\u0160koda WLC\",\"potentialAction\":[{\"@type\":\"SearchAction\",\"target\":{\"@type\":\"EntryPoint\",\"urlTemplate\":\"https:\/\/www.welovecycling.com\/wide\/?s={search_term_string}\"},\"query-input\":{\"@type\":\"PropertyValueSpecification\",\"valueRequired\":true,\"valueName\":\"search_term_string\"}}],\"inLanguage\":\"en-US\"},{\"@type\":\"Person\",\"@id\":\"\",\"url\":\"https:\/\/www.welovecycling.com\/wide\/author\/\"}]}<\/script>\n<!-- \/ Yoast SEO Premium plugin. -->","yoast_head_json":{"title":"Ultra-Orthodox Rabbis Ban Young Girls From Cycling - \u0160koda We Love Cycling","description":"Do you have a little daughter? Do you wonder if she\u2019s old enough to join you for the family cycling trip? Forget about it if you\u2019re an Orthodox Jew living","robots":{"index":"index","follow":"follow","max-snippet":"max-snippet:-1","max-image-preview":"max-image-preview:large","max-video-preview":"max-video-preview:-1"},"canonical":"https:\/\/www.welovecycling.com\/wide\/2017\/04\/27\/ultra-orthodox-rabbis-ban-young-girls-cycling\/","og_locale":"en_US","og_type":"article","og_title":"Ultra-Orthodox Rabbis Ban Young Girls From Cycling","og_description":"Do you have a little daughter? Do you wonder if she\u2019s old enough to join you for the family cycling trip? Forget about it if you\u2019re an Orthodox Jew living","og_url":"https:\/\/www.welovecycling.com\/wide\/2017\/04\/27\/ultra-orthodox-rabbis-ban-young-girls-cycling\/","og_site_name":"\u0160koda We Love Cycling","article_published_time":"2017-04-27T08:34:12+00:00","og_image":[{"width":900,"height":600,"url":"https:\/\/d2p6e6u75xmxt8.cloudfront.net\/2\/2017\/04\/48487.webp","type":"image\/webp"}],"twitter_card":"summary_large_image","twitter_misc":{"Written by":"Monica Buck","Est. reading time":"2 minutes"},"schema":{"@context":"https:\/\/schema.org","@graph":[{"@type":"WebPage","@id":"https:\/\/www.welovecycling.com\/wide\/2017\/04\/27\/ultra-orthodox-rabbis-ban-young-girls-cycling\/","url":"https:\/\/www.welovecycling.com\/wide\/2017\/04\/27\/ultra-orthodox-rabbis-ban-young-girls-cycling\/","name":"Ultra-Orthodox Rabbis Ban Young Girls From Cycling - \u0160koda We Love Cycling","isPartOf":{"@id":"https:\/\/www.welovecycling.com\/wide\/#website"},"primaryImageOfPage":{"@id":"https:\/\/www.welovecycling.com\/wide\/2017\/04\/27\/ultra-orthodox-rabbis-ban-young-girls-cycling\/#primaryimage"},"image":{"@id":"https:\/\/www.welovecycling.com\/wide\/2017\/04\/27\/ultra-orthodox-rabbis-ban-young-girls-cycling\/#primaryimage"},"thumbnailUrl":"https:\/\/d2p6e6u75xmxt8.cloudfront.net\/2\/2017\/04\/48487.webp","datePublished":"2017-04-27T08:34:12+00:00","author":{"@id":""},"description":"Do you have a little daughter? Do you wonder if she\u2019s old enough to join you for the family cycling trip? Forget about it if you\u2019re an Orthodox Jew living","breadcrumb":{"@id":"https:\/\/www.welovecycling.com\/wide\/2017\/04\/27\/ultra-orthodox-rabbis-ban-young-girls-cycling\/#breadcrumb"},"inLanguage":"en-US","potentialAction":[{"@type":"ReadAction","target":["https:\/\/www.welovecycling.com\/wide\/2017\/04\/27\/ultra-orthodox-rabbis-ban-young-girls-cycling\/"]}]},{"@type":"ImageObject","inLanguage":"en-US","@id":"https:\/\/www.welovecycling.com\/wide\/2017\/04\/27\/ultra-orthodox-rabbis-ban-young-girls-cycling\/#primaryimage","url":"https:\/\/d2p6e6u75xmxt8.cloudfront.net\/2\/2017\/04\/48487.webp","contentUrl":"https:\/\/d2p6e6u75xmxt8.cloudfront.net\/2\/2017\/04\/48487.webp","width":900,"height":600},{"@type":"BreadcrumbList","@id":"https:\/\/www.welovecycling.com\/wide\/2017\/04\/27\/ultra-orthodox-rabbis-ban-young-girls-cycling\/#breadcrumb","itemListElement":[{"@type":"ListItem","position":1,"name":"Home","item":"https:\/\/www.welovecycling.com\/wide\/"},{"@type":"ListItem","position":2,"name":"Ultra-Orthodox Rabbis Ban Young Girls From Cycling"}]},{"@type":"WebSite","@id":"https:\/\/www.welovecycling.com\/wide\/#website","url":"https:\/\/www.welovecycling.com\/wide\/","name":"\u0160koda We Love Cycling","description":"\u0160koda We Love Cycling magazine","alternateName":"\u0160koda WLC","potentialAction":[{"@type":"SearchAction","target":{"@type":"EntryPoint","urlTemplate":"https:\/\/www.welovecycling.com\/wide\/?s={search_term_string}"},"query-input":{"@type":"PropertyValueSpecification","valueRequired":true,"valueName":"search_term_string"}}],"inLanguage":"en-US"},{"@type":"Person","@id":"","url":"https:\/\/www.welovecycling.com\/wide\/author\/"}]}},"_links":{"self":[{"href":"https:\/\/www.welovecycling.com\/wide\/wp-json\/wp\/v2\/posts\/147785","targetHints":{"allow":["GET"]}}],"collection":[{"href":"https:\/\/www.welovecycling.com\/wide\/wp-json\/wp\/v2\/posts"}],"about":[{"href":"https:\/\/www.welovecycling.com\/wide\/wp-json\/wp\/v2\/types\/post"}],"author":[{"embeddable":true,"href":"https:\/\/www.welovecycling.com\/wide\/wp-json\/wp\/v2\/users\/12"}],"replies":[{"embeddable":true,"href":"https:\/\/www.welovecycling.com\/wide\/wp-json\/wp\/v2\/comments?post=147785"}],"version-history":[{"count":2,"href":"https:\/\/www.welovecycling.com\/wide\/wp-json\/wp\/v2\/posts\/147785\/revisions"}],"predecessor-version":[{"id":147788,"href":"https:\/\/www.welovecycling.com\/wide\/wp-json\/wp\/v2\/posts\/147785\/revisions\/147788"}],"wp:featuredmedia":[{"embeddable":true,"href":"https:\/\/www.welovecycling.com\/wide\/wp-json\/wp\/v2\/media\/147787"}],"wp:attachment":[{"href":"https:\/\/www.welovecycling.com\/wide\/wp-json\/wp\/v2\/media?parent=147785"}],"wp:term":[{"taxonomy":"category","embeddable":true,"href":"https:\/\/www.welovecycling.com\/wide\/wp-json\/wp\/v2\/categories?post=147785"},{"taxonomy":"post_tag","embeddable":true,"href":"https:\/\/www.welovecycling.com\/wide\/wp-json\/wp\/v2\/tags?post=147785"},{"taxonomy":"global-categories","embeddable":true,"href":"https:\/\/www.welovecycling.com\/wide\/wp-json\/wp\/v2\/global-categories?post=147785"}],"curies":[{"name":"wp","href":"https:\/\/api.w.org\/{rel}","templated":true}]}}