{"id":147728,"date":"2017-04-21T10:33:11","date_gmt":"2017-04-21T10:33:11","guid":{"rendered":"https:\/\/www.welovecycling.com\/wide\/?p=147728"},"modified":"2017-04-22T09:01:04","modified_gmt":"2017-04-22T09:01:04","slug":"lake-garda-will-boast-spectacular-new-140-kilometer-cycle-path","status":"publish","type":"post","link":"https:\/\/www.welovecycling.com\/wide\/2017\/04\/21\/lake-garda-will-boast-spectacular-new-140-kilometer-cycle-path\/","title":{"rendered":"Lake Garda Will Boast a Spectacular New 140-Kilometer Cycle Path"},"content":{"rendered":"<p><strong>As if Lago di Garda wasn\u2019t picturesque enough for Euro Velo 7 and 8 routes, the lake\u2019s perimeter is going to open for cyclists from all walks of life soon. Italian Ministry of Infrastructure and Logistics launched the \u201cGarda by Bike\u201d project after making a deal with the regions of Veneto, Lombardy, and the autonomous region of Trentino Alto Adige, through which the path is going to be passing. This ambitious project should end up circumnavigating the lake\u2019s perimeter and immersing you in its breath-taking surrounding scenery.<\/strong><!--more--><\/p>\n<p>Designed by the Infrastructure and Logistics minister, Grazian Delrio, the path should feature both beginner and expert terrain, like for example the 27-kilometre hilly stretch between the towns of Gargnano and Limone that is also going to be skippable via a ferry for the unsure or simply lazier among us.<\/p>\n<p><a href=\"https:\/\/d2p6e6u75xmxt8.cloudfront.net\/2\/2017\/04\/1.jpg\"><img loading=\"lazy\" decoding=\"async\" class=\"alignnone size-full wp-image-147729\" src=\"https:\/\/d2p6e6u75xmxt8.cloudfront.net\/2\/2017\/04\/1.jpg\" alt=\"\" width=\"1170\" height=\"617\" \/><\/a><\/p>\n<div class=\"shortcode-ys-post-pinup\"><article class=\"loop-simple post-146795 post type-post status-publish format-standard has-post-thumbnail hentry category-urban-cycling tag-bike-unfriendly tag-cycling-infrastructure\" data-postid=\"146795\" role=\"article\" data-post-id=\"146795\" data-word-count=\"351\" data-headline-length=\"53\" data-category=\"Urban cycling\" data-author=\"Christopher Ashley\" data-published=\"2017-02-21T08:49:11+00:00\" data-published-day=\"Tuesday\">\n    <div class=\"entry-thumbnail article-thumbnail\" content=\"https:\/\/d2p6e6u75xmxt8.cloudfront.net\/2\/2017\/02\/233313131323_3131313-150x150.webp\"><a href=\"https:\/\/www.welovecycling.com\/wide\/2017\/02\/21\/cycling-infrastructure-fails-one-worst\/\" class=\"image-holder\" target=\"_self\"><img decoding=\"async\" loading=\"lazy\" class=\"\" src=\"https:\/\/d2p6e6u75xmxt8.cloudfront.net\/2\/2017\/02\/233313131323_3131313.webp\" srcset=\"https:\/\/d2p6e6u75xmxt8.cloudfront.net\/2\/2017\/02\/233313131323_3131313.webp 900w, https:\/\/d2p6e6u75xmxt8.cloudfront.net\/2\/2017\/02\/233313131323_3131313-300x200.webp 300w, https:\/\/d2p6e6u75xmxt8.cloudfront.net\/2\/2017\/02\/233313131323_3131313-768x512.webp 768w, https:\/\/d2p6e6u75xmxt8.cloudfront.net\/2\/2017\/02\/233313131323_3131313-272x182.webp 272w\" width=\"900\" height=\"600\" sizes=\"auto, (min-width: 1200px) 300px, (min-width: 768px) 25vw, 100vw\" alt=\"cycling-infrastructure-fails-one-worst\"\/><\/a><\/div>    <div class=\"entry-meta\">\n        <a class=\"label label-secondary post-category\" href=\"https:\/\/www.welovecycling.com\/wide\/category\/urban-cycling\/\" title=\"Urban cycling\">Urban cycling<\/a>\n    <\/div>\n    <div class=\"entry-details\">\n        <a href=\"https:\/\/www.welovecycling.com\/wide\/2017\/02\/21\/cycling-infrastructure-fails-one-worst\/\" class='entry-title-wrapper'>\n            <h3 class=\"entry-title\"><span>Cycling Infrastructure Fails: Which One Is the Worst?<\/span><\/h3>\n        <\/a>\n    <\/div>\n    <\/article>\n<\/div>\n<p>The route is set to be completed in 2021 and with the predicted budget of 102 million EUR, the project puts its hopes in attracting larger numbers of tourists and boosting the area\u2019s appeal, connecting individual cities and villages that are somewhat isolated as of now, and making cyclists safer by separating them from vehicular traffic, as the Italian web site Repubblica Milano states. Local counsellor Silvia Razzi said the project wanted to promote &#8220;sustainable tourism&#8221; as well as &#8220;greater visibility for trade, restaurants and hotels in the Garda area&#8221;.<\/p>\n<p><a href=\"https:\/\/d2p6e6u75xmxt8.cloudfront.net\/2\/2017\/04\/2.jpg\"><img loading=\"lazy\" decoding=\"async\" class=\"alignnone size-full wp-image-147730\" src=\"https:\/\/d2p6e6u75xmxt8.cloudfront.net\/2\/2017\/04\/2.jpg\" alt=\"\" width=\"870\" height=\"490\" \/><\/a><\/p>\n<div class=\"shortcode-ys-post-pinup\"><article class=\"loop-simple post-5765 post type-post status-publish format-video has-post-thumbnail hentry category-urban-cycling tag-bike-unfriendly post_format-post-format-video\" data-postid=\"5765\" role=\"article\" data-post-id=\"5765\" data-word-count=\"152\" data-headline-length=\"32\" data-category=\"Urban cycling\" data-author=\"Adam Ulrich\" data-published=\"2014-08-08T20:08:26+00:00\" data-published-day=\"Friday\">\n    <div class=\"entry-thumbnail article-thumbnail video-thumbnail\" content=\"https:\/\/d2p6e6u75xmxt8.cloudfront.net\/2\/2014\/08\/bfccph-copy-150x150.webp\"><svg class=\"play font-icon\"><use href=\"#play_round\" xlink:href=\"#play_round\"><\/use><\/svg><a href=\"https:\/\/www.welovecycling.com\/wide\/2014\/08\/08\/bike-friendly-cities-copenhagen\/\" class=\"image-holder\" target=\"_self\"><img decoding=\"async\" loading=\"lazy\" class=\"\" src=\"https:\/\/d2p6e6u75xmxt8.cloudfront.net\/2\/2014\/08\/bfccph-copy.webp\" srcset=\"https:\/\/d2p6e6u75xmxt8.cloudfront.net\/2\/2014\/08\/bfccph-copy.webp 525w, https:\/\/d2p6e6u75xmxt8.cloudfront.net\/2\/2014\/08\/bfccph-copy-300x200.webp 300w, https:\/\/d2p6e6u75xmxt8.cloudfront.net\/2\/2014\/08\/bfccph-copy-272x182.webp 272w\" width=\"525\" height=\"350\" sizes=\"auto, (min-width: 1200px) 300px, (min-width: 768px) 25vw, 100vw\" alt=\"bike-friendly-cities-copenhagen\"\/><\/a><\/div>    <div class=\"entry-meta\">\n        <a class=\"label label-secondary post-category\" href=\"https:\/\/www.welovecycling.com\/wide\/category\/urban-cycling\/\" title=\"Urban cycling\">Urban cycling<\/a>\n    <\/div>\n    <div class=\"entry-details\">\n        <a href=\"https:\/\/www.welovecycling.com\/wide\/2014\/08\/08\/bike-friendly-cities-copenhagen\/\" class='entry-title-wrapper'>\n            <h3 class=\"entry-title\"><span>Bike Friendly Cities: Copenhagen<\/span><\/h3>\n        <\/a>\n    <\/div>\n    <\/article>\n<\/div>\n<p>The most impressive part of the path should be finished before this year\u2019s summer and it should take you from Capo Reamol by Limone all the way to Riva del Garda. This brand new stretch will cost 7,6 million EUR and for such a price you will be treated to two kilometres of pathway mostly suspended from the rock surrounding the lake. Yes, you read that right, you will be quite a few meters above the water, practically floating over the lake. We don\u2019t know about you but our plans for this summer have just somewhat shifted towards Italy.<\/p>\n","protected":false},"excerpt":{"rendered":"<p>As if Lago di Garda wasn\u2019t picturesque enough for Euro Velo 7 and 8 routes, the lake\u2019s perimeter is going [&hellip;]<\/p>\n","protected":false},"author":11,"featured_media":147732,"comment_status":"open","ping_status":"open","sticky":false,"template":"","format":"standard","meta":{"footnotes":""},"categories":[333,334],"tags":[1018,398,1019],"global-categories":[],"class_list":["post-147728","post","type-post","status-publish","format-standard","has-post-thumbnail","hentry","category-family","category-socialising-and-culture","tag-cycle-path","tag-family","tag-italy"],"yoast_head":"<!-- This site is optimized with the Yoast SEO Premium plugin v25.3 (Yoast SEO v25.9) - https:\/\/yoast.com\/wordpress\/plugins\/seo\/ -->\n<title>Lake Garda Will Boast a Spectacular New 140-Kilometer Cycle Path - \u0160koda We Love Cycling<\/title>\n<meta name=\"description\" content=\"As if Lago di Garda wasn\u2019t picturesque enough for Euro Velo 7 and 8 routes, the lake\u2019s perimeter is going to open for cyclists from all walks of life\" \/>\n<meta name=\"robots\" content=\"index, follow, max-snippet:-1, max-image-preview:large, max-video-preview:-1\" \/>\n<link rel=\"canonical\" href=\"https:\/\/www.welovecycling.com\/wide\/2017\/04\/21\/lake-garda-will-boast-spectacular-new-140-kilometer-cycle-path\/\" \/>\n<meta property=\"og:locale\" content=\"en_US\" \/>\n<meta property=\"og:type\" content=\"article\" \/>\n<meta property=\"og:title\" content=\"Lake Garda Will Boast a Spectacular New 140-Kilometer Cycle Path\" \/>\n<meta property=\"og:description\" content=\"As if Lago di Garda wasn\u2019t picturesque enough for Euro Velo 7 and 8 routes, the lake\u2019s perimeter is going to open for cyclists from all walks of life\" \/>\n<meta property=\"og:url\" content=\"https:\/\/www.welovecycling.com\/wide\/2017\/04\/21\/lake-garda-will-boast-spectacular-new-140-kilometer-cycle-path\/\" \/>\n<meta property=\"og:site_name\" content=\"\u0160koda We Love Cycling\" \/>\n<meta property=\"article:published_time\" content=\"2017-04-21T10:33:11+00:00\" \/>\n<meta property=\"article:modified_time\" content=\"2017-04-22T09:01:04+00:00\" \/>\n<meta property=\"og:image\" content=\"https:\/\/d2p6e6u75xmxt8.cloudfront.net\/2\/2017\/04\/garda.webp\" \/>\n\t<meta property=\"og:image:width\" content=\"1178\" \/>\n\t<meta property=\"og:image:height\" content=\"785\" \/>\n\t<meta property=\"og:image:type\" content=\"image\/webp\" \/>\n<meta name=\"author\" content=\"ondrejfilgas\" \/>\n<meta name=\"twitter:card\" content=\"summary_large_image\" \/>\n<meta name=\"twitter:label1\" content=\"Written by\" \/>\n\t<meta name=\"twitter:data1\" content=\"Adam Ulrich\" \/>\n\t<meta name=\"twitter:label2\" content=\"Est. watching time\" \/>\n\t<meta name=\"twitter:data2\" content=\"4:06\" \/>\n<script type=\"application\/ld+json\" class=\"yoast-schema-graph\">{\"@context\":\"https:\/\/schema.org\",\"@graph\":[{\"@type\":\"WebPage\",\"@id\":\"https:\/\/www.welovecycling.com\/wide\/2017\/04\/21\/lake-garda-will-boast-spectacular-new-140-kilometer-cycle-path\/\",\"url\":\"https:\/\/www.welovecycling.com\/wide\/2017\/04\/21\/lake-garda-will-boast-spectacular-new-140-kilometer-cycle-path\/\",\"name\":\"Lake Garda Will Boast a Spectacular New 140-Kilometer Cycle Path - \u0160koda We Love Cycling\",\"isPartOf\":{\"@id\":\"https:\/\/www.welovecycling.com\/wide\/#website\"},\"primaryImageOfPage\":{\"@id\":\"https:\/\/www.welovecycling.com\/wide\/2017\/04\/21\/lake-garda-will-boast-spectacular-new-140-kilometer-cycle-path\/#primaryimage\"},\"image\":{\"@id\":\"https:\/\/www.welovecycling.com\/wide\/2017\/04\/21\/lake-garda-will-boast-spectacular-new-140-kilometer-cycle-path\/#primaryimage\"},\"thumbnailUrl\":\"https:\/\/d2p6e6u75xmxt8.cloudfront.net\/2\/2017\/04\/garda.webp\",\"datePublished\":\"2017-04-21T10:33:11+00:00\",\"dateModified\":\"2017-04-22T09:01:04+00:00\",\"author\":{\"@id\":\"https:\/\/www.welovecycling.com\/wide\/#\/schema\/person\/9e2e86835e0bb27fb0d57ed5a91e76af\"},\"description\":\"As if Lago di Garda wasn\u2019t picturesque enough for Euro Velo 7 and 8 routes, the lake\u2019s perimeter is going to open for cyclists from all walks of life\",\"breadcrumb\":{\"@id\":\"https:\/\/www.welovecycling.com\/wide\/2017\/04\/21\/lake-garda-will-boast-spectacular-new-140-kilometer-cycle-path\/#breadcrumb\"},\"inLanguage\":\"en-US\",\"potentialAction\":[{\"@type\":\"ReadAction\",\"target\":[\"https:\/\/www.welovecycling.com\/wide\/2017\/04\/21\/lake-garda-will-boast-spectacular-new-140-kilometer-cycle-path\/\"]}]},{\"@type\":\"ImageObject\",\"inLanguage\":\"en-US\",\"@id\":\"https:\/\/www.welovecycling.com\/wide\/2017\/04\/21\/lake-garda-will-boast-spectacular-new-140-kilometer-cycle-path\/#primaryimage\",\"url\":\"https:\/\/d2p6e6u75xmxt8.cloudfront.net\/2\/2017\/04\/garda.webp\",\"contentUrl\":\"https:\/\/d2p6e6u75xmxt8.cloudfront.net\/2\/2017\/04\/garda.webp\",\"width\":1178,\"height\":785},{\"@type\":\"BreadcrumbList\",\"@id\":\"https:\/\/www.welovecycling.com\/wide\/2017\/04\/21\/lake-garda-will-boast-spectacular-new-140-kilometer-cycle-path\/#breadcrumb\",\"itemListElement\":[{\"@type\":\"ListItem\",\"position\":1,\"name\":\"Home\",\"item\":\"https:\/\/www.welovecycling.com\/wide\/\"},{\"@type\":\"ListItem\",\"position\":2,\"name\":\"Lake Garda Will Boast a Spectacular New 140-Kilometer Cycle Path\"}]},{\"@type\":\"WebSite\",\"@id\":\"https:\/\/www.welovecycling.com\/wide\/#website\",\"url\":\"https:\/\/www.welovecycling.com\/wide\/\",\"name\":\"\u0160koda We Love Cycling\",\"description\":\"\u0160koda We Love Cycling magazine\",\"alternateName\":\"\u0160koda WLC\",\"potentialAction\":[{\"@type\":\"SearchAction\",\"target\":{\"@type\":\"EntryPoint\",\"urlTemplate\":\"https:\/\/www.welovecycling.com\/wide\/?s={search_term_string}\"},\"query-input\":{\"@type\":\"PropertyValueSpecification\",\"valueRequired\":true,\"valueName\":\"search_term_string\"}}],\"inLanguage\":\"en-US\"},{\"@type\":\"Person\",\"@id\":\"https:\/\/www.welovecycling.com\/wide\/#\/schema\/person\/9e2e86835e0bb27fb0d57ed5a91e76af\",\"name\":\"ondrejfilgas\",\"image\":{\"@type\":\"ImageObject\",\"inLanguage\":\"en-US\",\"@id\":\"https:\/\/www.welovecycling.com\/wide\/#\/schema\/person\/image\/\",\"url\":\"https:\/\/secure.gravatar.com\/avatar\/02fc81aabb3935fbbc0730be0dad75bfa59dd0ad02d2945f9121c307ebd1bace?s=96&d=mm&r=g\",\"contentUrl\":\"https:\/\/secure.gravatar.com\/avatar\/02fc81aabb3935fbbc0730be0dad75bfa59dd0ad02d2945f9121c307ebd1bace?s=96&d=mm&r=g\",\"caption\":\"ondrejfilgas\"},\"url\":\"https:\/\/www.welovecycling.com\/wide\/author\/ondrejfilgas\/\"}]}<\/script>\n<!-- \/ Yoast SEO Premium plugin. -->","yoast_head_json":{"title":"Lake Garda Will Boast a Spectacular New 140-Kilometer Cycle Path - \u0160koda We Love Cycling","description":"As if Lago di Garda wasn\u2019t picturesque enough for Euro Velo 7 and 8 routes, the lake\u2019s perimeter is going to open for cyclists from all walks of life","robots":{"index":"index","follow":"follow","max-snippet":"max-snippet:-1","max-image-preview":"max-image-preview:large","max-video-preview":"max-video-preview:-1"},"canonical":"https:\/\/www.welovecycling.com\/wide\/2017\/04\/21\/lake-garda-will-boast-spectacular-new-140-kilometer-cycle-path\/","og_locale":"en_US","og_type":"article","og_title":"Lake Garda Will Boast a Spectacular New 140-Kilometer Cycle Path","og_description":"As if Lago di Garda wasn\u2019t picturesque enough for Euro Velo 7 and 8 routes, the lake\u2019s perimeter is going to open for cyclists from all walks of life","og_url":"https:\/\/www.welovecycling.com\/wide\/2017\/04\/21\/lake-garda-will-boast-spectacular-new-140-kilometer-cycle-path\/","og_site_name":"\u0160koda We Love Cycling","article_published_time":"2017-04-21T10:33:11+00:00","article_modified_time":"2017-04-22T09:01:04+00:00","og_image":[{"width":1178,"height":785,"url":"https:\/\/d2p6e6u75xmxt8.cloudfront.net\/2\/2017\/04\/garda.webp","type":"image\/webp"}],"author":"ondrejfilgas","twitter_card":"summary_large_image","twitter_misc":{"Written by":"Adam Ulrich","Est. watching time":"4:06"},"schema":{"@context":"https:\/\/schema.org","@graph":[{"@type":"WebPage","@id":"https:\/\/www.welovecycling.com\/wide\/2017\/04\/21\/lake-garda-will-boast-spectacular-new-140-kilometer-cycle-path\/","url":"https:\/\/www.welovecycling.com\/wide\/2017\/04\/21\/lake-garda-will-boast-spectacular-new-140-kilometer-cycle-path\/","name":"Lake Garda Will Boast a Spectacular New 140-Kilometer Cycle Path - \u0160koda We Love Cycling","isPartOf":{"@id":"https:\/\/www.welovecycling.com\/wide\/#website"},"primaryImageOfPage":{"@id":"https:\/\/www.welovecycling.com\/wide\/2017\/04\/21\/lake-garda-will-boast-spectacular-new-140-kilometer-cycle-path\/#primaryimage"},"image":{"@id":"https:\/\/www.welovecycling.com\/wide\/2017\/04\/21\/lake-garda-will-boast-spectacular-new-140-kilometer-cycle-path\/#primaryimage"},"thumbnailUrl":"https:\/\/d2p6e6u75xmxt8.cloudfront.net\/2\/2017\/04\/garda.webp","datePublished":"2017-04-21T10:33:11+00:00","dateModified":"2017-04-22T09:01:04+00:00","author":{"@id":"https:\/\/www.welovecycling.com\/wide\/#\/schema\/person\/9e2e86835e0bb27fb0d57ed5a91e76af"},"description":"As if Lago di Garda wasn\u2019t picturesque enough for Euro Velo 7 and 8 routes, the lake\u2019s perimeter is going to open for cyclists from all walks of life","breadcrumb":{"@id":"https:\/\/www.welovecycling.com\/wide\/2017\/04\/21\/lake-garda-will-boast-spectacular-new-140-kilometer-cycle-path\/#breadcrumb"},"inLanguage":"en-US","potentialAction":[{"@type":"ReadAction","target":["https:\/\/www.welovecycling.com\/wide\/2017\/04\/21\/lake-garda-will-boast-spectacular-new-140-kilometer-cycle-path\/"]}]},{"@type":"ImageObject","inLanguage":"en-US","@id":"https:\/\/www.welovecycling.com\/wide\/2017\/04\/21\/lake-garda-will-boast-spectacular-new-140-kilometer-cycle-path\/#primaryimage","url":"https:\/\/d2p6e6u75xmxt8.cloudfront.net\/2\/2017\/04\/garda.webp","contentUrl":"https:\/\/d2p6e6u75xmxt8.cloudfront.net\/2\/2017\/04\/garda.webp","width":1178,"height":785},{"@type":"BreadcrumbList","@id":"https:\/\/www.welovecycling.com\/wide\/2017\/04\/21\/lake-garda-will-boast-spectacular-new-140-kilometer-cycle-path\/#breadcrumb","itemListElement":[{"@type":"ListItem","position":1,"name":"Home","item":"https:\/\/www.welovecycling.com\/wide\/"},{"@type":"ListItem","position":2,"name":"Lake Garda Will Boast a Spectacular New 140-Kilometer Cycle Path"}]},{"@type":"WebSite","@id":"https:\/\/www.welovecycling.com\/wide\/#website","url":"https:\/\/www.welovecycling.com\/wide\/","name":"\u0160koda We Love Cycling","description":"\u0160koda We Love Cycling magazine","alternateName":"\u0160koda WLC","potentialAction":[{"@type":"SearchAction","target":{"@type":"EntryPoint","urlTemplate":"https:\/\/www.welovecycling.com\/wide\/?s={search_term_string}"},"query-input":{"@type":"PropertyValueSpecification","valueRequired":true,"valueName":"search_term_string"}}],"inLanguage":"en-US"},{"@type":"Person","@id":"https:\/\/www.welovecycling.com\/wide\/#\/schema\/person\/9e2e86835e0bb27fb0d57ed5a91e76af","name":"ondrejfilgas","image":{"@type":"ImageObject","inLanguage":"en-US","@id":"https:\/\/www.welovecycling.com\/wide\/#\/schema\/person\/image\/","url":"https:\/\/secure.gravatar.com\/avatar\/02fc81aabb3935fbbc0730be0dad75bfa59dd0ad02d2945f9121c307ebd1bace?s=96&d=mm&r=g","contentUrl":"https:\/\/secure.gravatar.com\/avatar\/02fc81aabb3935fbbc0730be0dad75bfa59dd0ad02d2945f9121c307ebd1bace?s=96&d=mm&r=g","caption":"ondrejfilgas"},"url":"https:\/\/www.welovecycling.com\/wide\/author\/ondrejfilgas\/"}]}},"_links":{"self":[{"href":"https:\/\/www.welovecycling.com\/wide\/wp-json\/wp\/v2\/posts\/147728","targetHints":{"allow":["GET"]}}],"collection":[{"href":"https:\/\/www.welovecycling.com\/wide\/wp-json\/wp\/v2\/posts"}],"about":[{"href":"https:\/\/www.welovecycling.com\/wide\/wp-json\/wp\/v2\/types\/post"}],"author":[{"embeddable":true,"href":"https:\/\/www.welovecycling.com\/wide\/wp-json\/wp\/v2\/users\/11"}],"replies":[{"embeddable":true,"href":"https:\/\/www.welovecycling.com\/wide\/wp-json\/wp\/v2\/comments?post=147728"}],"version-history":[{"count":2,"href":"https:\/\/www.welovecycling.com\/wide\/wp-json\/wp\/v2\/posts\/147728\/revisions"}],"predecessor-version":[{"id":165924,"href":"https:\/\/www.welovecycling.com\/wide\/wp-json\/wp\/v2\/posts\/147728\/revisions\/165924"}],"wp:featuredmedia":[{"embeddable":true,"href":"https:\/\/www.welovecycling.com\/wide\/wp-json\/wp\/v2\/media\/147732"}],"wp:attachment":[{"href":"https:\/\/www.welovecycling.com\/wide\/wp-json\/wp\/v2\/media?parent=147728"}],"wp:term":[{"taxonomy":"category","embeddable":true,"href":"https:\/\/www.welovecycling.com\/wide\/wp-json\/wp\/v2\/categories?post=147728"},{"taxonomy":"post_tag","embeddable":true,"href":"https:\/\/www.welovecycling.com\/wide\/wp-json\/wp\/v2\/tags?post=147728"},{"taxonomy":"global-categories","embeddable":true,"href":"https:\/\/www.welovecycling.com\/wide\/wp-json\/wp\/v2\/global-categories?post=147728"}],"curies":[{"name":"wp","href":"https:\/\/api.w.org\/{rel}","templated":true}]}}