{"id":147639,"date":"2017-04-14T08:14:17","date_gmt":"2017-04-14T08:14:17","guid":{"rendered":"https:\/\/www.welovecycling.com\/wide\/?p=147639"},"modified":"2017-04-14T08:14:17","modified_gmt":"2017-04-14T08:14:17","slug":"time-let-cyclists-ride-pavements","status":"publish","type":"post","link":"https:\/\/www.welovecycling.com\/wide\/2017\/04\/14\/time-let-cyclists-ride-pavements\/","title":{"rendered":"Is It Time to Let Cyclists Ride the Pavements?"},"content":{"rendered":"<p><strong>In one of London\u2019s districts, police promised they will not prosecute cyclists using pavements to commute. Is it the sign that times are a-changing? Should this policy be adopted also in other European cities?<\/strong><!--more--><\/p>\n<p>In London borough of Camden, authorities said they won\u2019t fine a cyclist riding on the pavement without a good reason to do so. Instead, they will stop them and ask why are they using footpath rather than the road. Additionally, they will be pulling over and warning all the drivers who should overtake cyclists without giving them an adequate passing gap. This way, they want to identify places considered the most dangerous by cyclists.<\/p>\n<div class=\"shortcode-ys-post-pinup\"><article class=\"loop-simple post-146795 post type-post status-publish format-standard has-post-thumbnail hentry category-urban-cycling tag-bike-unfriendly tag-cycling-infrastructure\" data-postid=\"146795\" role=\"article\" data-post-id=\"146795\" data-word-count=\"351\" data-headline-length=\"53\" data-category=\"Urban cycling\" data-author=\"Christopher Ashley\" data-published=\"2017-02-21T08:49:11+00:00\" data-published-day=\"Tuesday\">\n    <div class=\"entry-thumbnail article-thumbnail\" content=\"https:\/\/d2p6e6u75xmxt8.cloudfront.net\/2\/2017\/02\/233313131323_3131313-150x150.webp\"><a href=\"https:\/\/www.welovecycling.com\/wide\/2017\/02\/21\/cycling-infrastructure-fails-one-worst\/\" class=\"image-holder\" target=\"_self\"><img decoding=\"async\" loading=\"lazy\" class=\"\" src=\"https:\/\/d2p6e6u75xmxt8.cloudfront.net\/2\/2017\/02\/233313131323_3131313.webp\" srcset=\"https:\/\/d2p6e6u75xmxt8.cloudfront.net\/2\/2017\/02\/233313131323_3131313.webp 900w, https:\/\/d2p6e6u75xmxt8.cloudfront.net\/2\/2017\/02\/233313131323_3131313-300x200.webp 300w, https:\/\/d2p6e6u75xmxt8.cloudfront.net\/2\/2017\/02\/233313131323_3131313-768x512.webp 768w, https:\/\/d2p6e6u75xmxt8.cloudfront.net\/2\/2017\/02\/233313131323_3131313-272x182.webp 272w\" width=\"900\" height=\"600\" sizes=\"auto, (min-width: 1200px) 300px, (min-width: 768px) 25vw, 100vw\" alt=\"cycling-infrastructure-fails-one-worst\"\/><\/a><\/div>    <div class=\"entry-meta\">\n        <a class=\"label label-secondary post-category\" href=\"https:\/\/www.welovecycling.com\/wide\/category\/urban-cycling\/\" title=\"Urban cycling\">Urban cycling<\/a>\n    <\/div>\n    <div class=\"entry-details\">\n        <a href=\"https:\/\/www.welovecycling.com\/wide\/2017\/02\/21\/cycling-infrastructure-fails-one-worst\/\" class='entry-title-wrapper'>\n            <h3 class=\"entry-title\"><span>Cycling Infrastructure Fails: Which One Is the Worst?<\/span><\/h3>\n        <\/a>\n    <\/div>\n    <\/article>\n<\/div>\n<p>However, not everybody is happy with such a decision. Many pedestrians insist that bicycle is a vehicle and so it should stay on road.<\/p>\n<p>Some of them feel even more endangered by cyclists than cars. The most common objection is that cyclists are darting too fast, switching unpredictably between the road and the pavement, regardless of the pedestrians. There are even voices that pedestrian rights are being eroded.<\/p>\n<p>London-based cyclists who are commuting to work on a daily basis disagree &#8211; mostly those who are accompanied by kids. But majority of them understands unconditionally that bikers shouldn\u2019t ride furiously and keep the pace with pedestrians when passing because any kind of collision would lead to an injury or even death.<\/p>\n<div class=\"shortcode-ys-post-pinup\"><article class=\"loop-simple post-136970 post type-post status-publish format-standard has-post-thumbnail hentry category-road-cycling category-safety category-socialising-and-culture category-urban-cycling tag-bike-unfriendly\" data-postid=\"136970\" role=\"article\" data-post-id=\"136970\" data-word-count=\"132\" data-headline-length=\"33\" data-category=\"Road cycling\" data-author=\"Martin Mrazek\" data-published=\"2016-03-18T15:27:26+00:00\" data-published-day=\"Friday\">\n    <div class=\"entry-thumbnail article-thumbnail\" content=\"https:\/\/d2p6e6u75xmxt8.cloudfront.net\/2\/2016\/03\/858181-150x150.webp\"><a href=\"https:\/\/www.welovecycling.com\/wide\/2016\/03\/18\/worlds-worst-cycle-lanes-pt-2\/\" class=\"image-holder\" target=\"_self\"><img decoding=\"async\" loading=\"lazy\" class=\"\" src=\"https:\/\/d2p6e6u75xmxt8.cloudfront.net\/2\/2016\/03\/858181.webp\" srcset=\"https:\/\/d2p6e6u75xmxt8.cloudfront.net\/2\/2016\/03\/858181.webp 525w, https:\/\/d2p6e6u75xmxt8.cloudfront.net\/2\/2016\/03\/858181-300x200.webp 300w, https:\/\/d2p6e6u75xmxt8.cloudfront.net\/2\/2016\/03\/858181-272x182.webp 272w\" width=\"525\" height=\"350\" sizes=\"auto, (min-width: 1200px) 300px, (min-width: 768px) 25vw, 100vw\" alt=\"worlds-worst-cycle-lanes-pt-2\"\/><\/a><\/div>    <div class=\"entry-meta\">\n        <a class=\"label label-secondary post-category\" href=\"https:\/\/www.welovecycling.com\/wide\/category\/road-cycling\/\" title=\"Road cycling\">Road cycling<\/a>\n    <\/div>\n    <div class=\"entry-details\">\n        <a href=\"https:\/\/www.welovecycling.com\/wide\/2016\/03\/18\/worlds-worst-cycle-lanes-pt-2\/\" class='entry-title-wrapper'>\n            <h3 class=\"entry-title\"><span>World\u2019s Worst Cycle Lanes Pt. 2<\/span><\/h3>\n        <\/a>\n    <\/div>\n    <\/article>\n<\/div>\n<p>Today, the offence charges for riding on a footpath in the UK include a fixed penalty notice of 50 GBP. But the Home Office issued and adjustment calling for moderation particularly in the case of the kids. One of the arguments is that if politicians want to encourage more people to choosing a bicycle as their daily means of transport, they should also guarantee them the comfort of safety on the roads. Unless this becomes a reality, there will always be a minority using the footpaths.<\/p>\n<p>Every country has a different approach regarding bicycles on pavements. For example, in some cities in Japan, bicycles are entirely banned from riding on the roads and wide pavements are expected to provide enough space for both cyclists and pedestrians. German, Austrian, and Swiss local governments are pouring huge amounts of money into building networks of shared roads with separated lanes for pedestrians and cyclists. With respect for each other, this model works perfectly in most big German cities, including Berlin.<\/p>\n<p>How is the situation in your town or a city? Do police enforce the law no matter the circumstances? Or are they rather tolerant?<\/p>\n","protected":false},"excerpt":{"rendered":"<p>In one of London\u2019s districts, police promised they will not prosecute cyclists using pavements to commute. Is it the sign [&hellip;]<\/p>\n","protected":false},"author":12,"featured_media":147641,"comment_status":"open","ping_status":"open","sticky":false,"template":"","format":"standard","meta":{"footnotes":""},"categories":[330],"tags":[999,998],"global-categories":[],"class_list":["post-147639","post","type-post","status-publish","format-standard","has-post-thumbnail","hentry","category-urban-cycling","tag-cyclists-and-pavements","tag-pavement"],"yoast_head":"<!-- This site is optimized with the Yoast SEO Premium plugin v25.3 (Yoast SEO v25.9) - https:\/\/yoast.com\/wordpress\/plugins\/seo\/ -->\n<title>Is It Time to Let Cyclists Ride the Pavements? - \u0160koda We Love Cycling<\/title>\n<meta name=\"description\" content=\"In one of London\u2019s districts, police promised they will not prosecute cyclists using pavements to commute. Is it the sign that times are a-changing?\" \/>\n<meta name=\"robots\" content=\"index, follow, max-snippet:-1, max-image-preview:large, max-video-preview:-1\" \/>\n<link rel=\"canonical\" href=\"https:\/\/www.welovecycling.com\/wide\/2017\/04\/14\/time-let-cyclists-ride-pavements\/\" \/>\n<meta property=\"og:locale\" content=\"en_US\" \/>\n<meta property=\"og:type\" content=\"article\" \/>\n<meta property=\"og:title\" content=\"Is It Time to Let Cyclists Ride the Pavements?\" \/>\n<meta property=\"og:description\" content=\"In one of London\u2019s districts, police promised they will not prosecute cyclists using pavements to commute. Is it the sign that times are a-changing?\" \/>\n<meta property=\"og:url\" content=\"https:\/\/www.welovecycling.com\/wide\/2017\/04\/14\/time-let-cyclists-ride-pavements\/\" \/>\n<meta property=\"og:site_name\" content=\"\u0160koda We Love Cycling\" \/>\n<meta property=\"article:published_time\" content=\"2017-04-14T08:14:17+00:00\" \/>\n<meta property=\"og:image\" content=\"https:\/\/d2p6e6u75xmxt8.cloudfront.net\/2\/2017\/04\/5878757.webp\" \/>\n\t<meta property=\"og:image:width\" content=\"900\" \/>\n\t<meta property=\"og:image:height\" content=\"600\" \/>\n\t<meta property=\"og:image:type\" content=\"image\/webp\" \/>\n<meta name=\"twitter:card\" content=\"summary_large_image\" \/>\n<meta name=\"twitter:label1\" content=\"Written by\" \/>\n\t<meta name=\"twitter:data1\" content=\"Martin Mrazek\" \/>\n\t<meta name=\"twitter:label2\" content=\"Est. reading time\" \/>\n\t<meta name=\"twitter:data2\" content=\"2 minutes\" \/>\n<script type=\"application\/ld+json\" class=\"yoast-schema-graph\">{\"@context\":\"https:\/\/schema.org\",\"@graph\":[{\"@type\":\"WebPage\",\"@id\":\"https:\/\/www.welovecycling.com\/wide\/2017\/04\/14\/time-let-cyclists-ride-pavements\/\",\"url\":\"https:\/\/www.welovecycling.com\/wide\/2017\/04\/14\/time-let-cyclists-ride-pavements\/\",\"name\":\"Is It Time to Let Cyclists Ride the Pavements? - \u0160koda We Love Cycling\",\"isPartOf\":{\"@id\":\"https:\/\/www.welovecycling.com\/wide\/#website\"},\"primaryImageOfPage\":{\"@id\":\"https:\/\/www.welovecycling.com\/wide\/2017\/04\/14\/time-let-cyclists-ride-pavements\/#primaryimage\"},\"image\":{\"@id\":\"https:\/\/www.welovecycling.com\/wide\/2017\/04\/14\/time-let-cyclists-ride-pavements\/#primaryimage\"},\"thumbnailUrl\":\"https:\/\/d2p6e6u75xmxt8.cloudfront.net\/2\/2017\/04\/5878757.webp\",\"datePublished\":\"2017-04-14T08:14:17+00:00\",\"author\":{\"@id\":\"\"},\"description\":\"In one of London\u2019s districts, police promised they will not prosecute cyclists using pavements to commute. Is it the sign that times are a-changing?\",\"breadcrumb\":{\"@id\":\"https:\/\/www.welovecycling.com\/wide\/2017\/04\/14\/time-let-cyclists-ride-pavements\/#breadcrumb\"},\"inLanguage\":\"en-US\",\"potentialAction\":[{\"@type\":\"ReadAction\",\"target\":[\"https:\/\/www.welovecycling.com\/wide\/2017\/04\/14\/time-let-cyclists-ride-pavements\/\"]}]},{\"@type\":\"ImageObject\",\"inLanguage\":\"en-US\",\"@id\":\"https:\/\/www.welovecycling.com\/wide\/2017\/04\/14\/time-let-cyclists-ride-pavements\/#primaryimage\",\"url\":\"https:\/\/d2p6e6u75xmxt8.cloudfront.net\/2\/2017\/04\/5878757.webp\",\"contentUrl\":\"https:\/\/d2p6e6u75xmxt8.cloudfront.net\/2\/2017\/04\/5878757.webp\",\"width\":900,\"height\":600},{\"@type\":\"BreadcrumbList\",\"@id\":\"https:\/\/www.welovecycling.com\/wide\/2017\/04\/14\/time-let-cyclists-ride-pavements\/#breadcrumb\",\"itemListElement\":[{\"@type\":\"ListItem\",\"position\":1,\"name\":\"Home\",\"item\":\"https:\/\/www.welovecycling.com\/wide\/\"},{\"@type\":\"ListItem\",\"position\":2,\"name\":\"Is It Time to Let Cyclists Ride the Pavements?\"}]},{\"@type\":\"WebSite\",\"@id\":\"https:\/\/www.welovecycling.com\/wide\/#website\",\"url\":\"https:\/\/www.welovecycling.com\/wide\/\",\"name\":\"\u0160koda We Love Cycling\",\"description\":\"\u0160koda We Love Cycling magazine\",\"alternateName\":\"\u0160koda WLC\",\"potentialAction\":[{\"@type\":\"SearchAction\",\"target\":{\"@type\":\"EntryPoint\",\"urlTemplate\":\"https:\/\/www.welovecycling.com\/wide\/?s={search_term_string}\"},\"query-input\":{\"@type\":\"PropertyValueSpecification\",\"valueRequired\":true,\"valueName\":\"search_term_string\"}}],\"inLanguage\":\"en-US\"},{\"@type\":\"Person\",\"@id\":\"\",\"url\":\"https:\/\/www.welovecycling.com\/wide\/author\/\"}]}<\/script>\n<!-- \/ Yoast SEO Premium plugin. -->","yoast_head_json":{"title":"Is It Time to Let Cyclists Ride the Pavements? - \u0160koda We Love Cycling","description":"In one of London\u2019s districts, police promised they will not prosecute cyclists using pavements to commute. Is it the sign that times are a-changing?","robots":{"index":"index","follow":"follow","max-snippet":"max-snippet:-1","max-image-preview":"max-image-preview:large","max-video-preview":"max-video-preview:-1"},"canonical":"https:\/\/www.welovecycling.com\/wide\/2017\/04\/14\/time-let-cyclists-ride-pavements\/","og_locale":"en_US","og_type":"article","og_title":"Is It Time to Let Cyclists Ride the Pavements?","og_description":"In one of London\u2019s districts, police promised they will not prosecute cyclists using pavements to commute. Is it the sign that times are a-changing?","og_url":"https:\/\/www.welovecycling.com\/wide\/2017\/04\/14\/time-let-cyclists-ride-pavements\/","og_site_name":"\u0160koda We Love Cycling","article_published_time":"2017-04-14T08:14:17+00:00","og_image":[{"width":900,"height":600,"url":"https:\/\/d2p6e6u75xmxt8.cloudfront.net\/2\/2017\/04\/5878757.webp","type":"image\/webp"}],"twitter_card":"summary_large_image","twitter_misc":{"Written by":"Martin Mrazek","Est. reading time":"2 minutes"},"schema":{"@context":"https:\/\/schema.org","@graph":[{"@type":"WebPage","@id":"https:\/\/www.welovecycling.com\/wide\/2017\/04\/14\/time-let-cyclists-ride-pavements\/","url":"https:\/\/www.welovecycling.com\/wide\/2017\/04\/14\/time-let-cyclists-ride-pavements\/","name":"Is It Time to Let Cyclists Ride the Pavements? - \u0160koda We Love Cycling","isPartOf":{"@id":"https:\/\/www.welovecycling.com\/wide\/#website"},"primaryImageOfPage":{"@id":"https:\/\/www.welovecycling.com\/wide\/2017\/04\/14\/time-let-cyclists-ride-pavements\/#primaryimage"},"image":{"@id":"https:\/\/www.welovecycling.com\/wide\/2017\/04\/14\/time-let-cyclists-ride-pavements\/#primaryimage"},"thumbnailUrl":"https:\/\/d2p6e6u75xmxt8.cloudfront.net\/2\/2017\/04\/5878757.webp","datePublished":"2017-04-14T08:14:17+00:00","author":{"@id":""},"description":"In one of London\u2019s districts, police promised they will not prosecute cyclists using pavements to commute. Is it the sign that times are a-changing?","breadcrumb":{"@id":"https:\/\/www.welovecycling.com\/wide\/2017\/04\/14\/time-let-cyclists-ride-pavements\/#breadcrumb"},"inLanguage":"en-US","potentialAction":[{"@type":"ReadAction","target":["https:\/\/www.welovecycling.com\/wide\/2017\/04\/14\/time-let-cyclists-ride-pavements\/"]}]},{"@type":"ImageObject","inLanguage":"en-US","@id":"https:\/\/www.welovecycling.com\/wide\/2017\/04\/14\/time-let-cyclists-ride-pavements\/#primaryimage","url":"https:\/\/d2p6e6u75xmxt8.cloudfront.net\/2\/2017\/04\/5878757.webp","contentUrl":"https:\/\/d2p6e6u75xmxt8.cloudfront.net\/2\/2017\/04\/5878757.webp","width":900,"height":600},{"@type":"BreadcrumbList","@id":"https:\/\/www.welovecycling.com\/wide\/2017\/04\/14\/time-let-cyclists-ride-pavements\/#breadcrumb","itemListElement":[{"@type":"ListItem","position":1,"name":"Home","item":"https:\/\/www.welovecycling.com\/wide\/"},{"@type":"ListItem","position":2,"name":"Is It Time to Let Cyclists Ride the Pavements?"}]},{"@type":"WebSite","@id":"https:\/\/www.welovecycling.com\/wide\/#website","url":"https:\/\/www.welovecycling.com\/wide\/","name":"\u0160koda We Love Cycling","description":"\u0160koda We Love Cycling magazine","alternateName":"\u0160koda WLC","potentialAction":[{"@type":"SearchAction","target":{"@type":"EntryPoint","urlTemplate":"https:\/\/www.welovecycling.com\/wide\/?s={search_term_string}"},"query-input":{"@type":"PropertyValueSpecification","valueRequired":true,"valueName":"search_term_string"}}],"inLanguage":"en-US"},{"@type":"Person","@id":"","url":"https:\/\/www.welovecycling.com\/wide\/author\/"}]}},"_links":{"self":[{"href":"https:\/\/www.welovecycling.com\/wide\/wp-json\/wp\/v2\/posts\/147639","targetHints":{"allow":["GET"]}}],"collection":[{"href":"https:\/\/www.welovecycling.com\/wide\/wp-json\/wp\/v2\/posts"}],"about":[{"href":"https:\/\/www.welovecycling.com\/wide\/wp-json\/wp\/v2\/types\/post"}],"author":[{"embeddable":true,"href":"https:\/\/www.welovecycling.com\/wide\/wp-json\/wp\/v2\/users\/12"}],"replies":[{"embeddable":true,"href":"https:\/\/www.welovecycling.com\/wide\/wp-json\/wp\/v2\/comments?post=147639"}],"version-history":[{"count":2,"href":"https:\/\/www.welovecycling.com\/wide\/wp-json\/wp\/v2\/posts\/147639\/revisions"}],"predecessor-version":[{"id":147642,"href":"https:\/\/www.welovecycling.com\/wide\/wp-json\/wp\/v2\/posts\/147639\/revisions\/147642"}],"wp:featuredmedia":[{"embeddable":true,"href":"https:\/\/www.welovecycling.com\/wide\/wp-json\/wp\/v2\/media\/147641"}],"wp:attachment":[{"href":"https:\/\/www.welovecycling.com\/wide\/wp-json\/wp\/v2\/media?parent=147639"}],"wp:term":[{"taxonomy":"category","embeddable":true,"href":"https:\/\/www.welovecycling.com\/wide\/wp-json\/wp\/v2\/categories?post=147639"},{"taxonomy":"post_tag","embeddable":true,"href":"https:\/\/www.welovecycling.com\/wide\/wp-json\/wp\/v2\/tags?post=147639"},{"taxonomy":"global-categories","embeddable":true,"href":"https:\/\/www.welovecycling.com\/wide\/wp-json\/wp\/v2\/global-categories?post=147639"}],"curies":[{"name":"wp","href":"https:\/\/api.w.org\/{rel}","templated":true}]}}