{"id":147563,"date":"2017-04-10T13:22:32","date_gmt":"2017-04-10T13:22:32","guid":{"rendered":"https:\/\/www.welovecycling.com\/wide\/?p=147563"},"modified":"2017-04-10T13:22:32","modified_gmt":"2017-04-10T13:22:32","slug":"peter-sagan-paris-roubaix-bit-unlucky-day","status":"publish","type":"post","link":"https:\/\/www.welovecycling.com\/wide\/2017\/04\/10\/peter-sagan-paris-roubaix-bit-unlucky-day\/","title":{"rendered":"Peter Sagan after Paris-Roubaix: \u201cIt Was a Bit of an Unlucky Day for Me.\u201c"},"content":{"rendered":"<p><strong>The world champion suffered a disappointing end to the Classics season. Sagan appeared to be in a good form yesterday, so good in fact, that it might have been even enough to win the race. But he had two punctures and that have taken its toll.<\/strong><!--more--><\/p>\n<p>\u201cI\u2019d spent a lot of energy to go on the attack, because it\u2019s not easy for me to get away when they see me move. I managed to do it twice but I was slowed by punctures. It was a bit of an unlucky day for me but then I ran out of energy to be up front in the action.\u201d<\/p>\n<figure id=\"attachment_147568\" aria-describedby=\"caption-attachment-147568\" style=\"width: 1800px\" class=\"wp-caption alignnone\"><a href=\"https:\/\/d2p6e6u75xmxt8.cloudfront.net\/2\/2017\/04\/profimedia-0328462551.jpg\"><img loading=\"lazy\" decoding=\"async\" class=\"wp-image-147568 size-full\" src=\"https:\/\/d2p6e6u75xmxt8.cloudfront.net\/2\/2017\/04\/profimedia-0328462551.jpg\" alt=\"\" width=\"1800\" height=\"1200\" \/><\/a><figcaption id=\"caption-attachment-147568\" class=\"wp-caption-text\">Slovakia&#8217;s Peter Sagan and Czech Republic&#8217;s Zdenek Stybar ride on the cobblestones in a breakaway during the 115th edition of the Paris-Roubaix.<\/figcaption><\/figure>\n<p>Sagan had the first puncture right when he formed a leading group with team-mate Maciej Bodnar, Daniel Oss, and Jasper Stuyven 77 kilometers away from the finish line. The second puncture slowed Sagan down 32 kilometers away from the finish line.<\/p>\n<p>\u201cIt\u2019s a hard day when you work hard to get a result, and you don\u2019t have the best of luck,\u201d sports director Patxi Vila said.<\/p>\n<div class=\"embed-controller-wrapper\">\n<blockquote class=\"twitter-tweet\" data-width=\"500\" data-dnt=\"true\">\n<p lang=\"en\" dir=\"ltr\">Tough @Paris_Roubaix&#8230; No wonder why it&#39;s called the Hell of the North. Thanks <a href=\"https:\/\/twitter.com\/veloimages?ref_src=twsrc%5Etfw\">@veloimages<\/a> for these shots <a href=\"https:\/\/t.co\/P8m2YssNE6\">pic.twitter.com\/P8m2YssNE6<\/a><\/p>\n<p>&mdash; Peter Sagan (@petosagan) <a href=\"https:\/\/twitter.com\/petosagan\/status\/851154664674521089?ref_src=twsrc%5Etfw\">April 9, 2017<\/a><\/p><\/blockquote>\n<p><script async data-src=\"https:\/\/platform.twitter.com\/widgets.js\" charset=\"utf-8\"><\/script><\/div>\n<p>Sagan was second in Omloop Het Nieuwsblad and Milan-San Remo, won Kuurne-Brussels-Kuurne, 108th in the E3 Harelbeke, third in Ghent-Wevelgem and 27th in the Tour of Flanders. Not too bad, but definitely not enough for the world champ.<\/p>\n<p>\u201cAn unlucky campaign? I lost Milan-San Remo. At the Tour of Flanders, I made a mistake and then today I was unlucky. I\u2019m happy with my form, but not with the results. I can\u2019t be happy with the results I got.\u201d<\/p>\n<div class=\"shortcode-ys-post-pinup\"><article class=\"loop-simple post-147559 post type-post status-publish format-standard has-post-thumbnail hentry category-ride2unite tag-greg-van-avermaet tag-paris-roubaix tag-peter-sagan tag-sebastian-langeveld tag-tuibo tag-zdenek-stybar\" data-postid=\"147559\" role=\"article\" data-post-id=\"147559\" data-word-count=\"332\" data-headline-length=\"75\" data-category=\"#Ride2Unite\" data-author=\"Martin Mrazek\" data-published=\"2017-04-10T12:29:00+00:00\" data-published-day=\"Monday\">\n    <div class=\"entry-thumbnail article-thumbnail\" content=\"https:\/\/d2p6e6u75xmxt8.cloudfront.net\/2\/2017\/04\/Unti487748748478tled-collage-150x150.webp\"><a href=\"https:\/\/www.welovecycling.com\/wide\/2017\/04\/10\/hell-north-cool-news-world-cycling\/\" class=\"image-holder\" target=\"_self\"><img decoding=\"async\" loading=\"lazy\" class=\"\" src=\"https:\/\/d2p6e6u75xmxt8.cloudfront.net\/2\/2017\/04\/Unti487748748478tled-collage.webp\" srcset=\"https:\/\/d2p6e6u75xmxt8.cloudfront.net\/2\/2017\/04\/Unti487748748478tled-collage.webp 900w, https:\/\/d2p6e6u75xmxt8.cloudfront.net\/2\/2017\/04\/Unti487748748478tled-collage-300x200.webp 300w, https:\/\/d2p6e6u75xmxt8.cloudfront.net\/2\/2017\/04\/Unti487748748478tled-collage-768x512.webp 768w, https:\/\/d2p6e6u75xmxt8.cloudfront.net\/2\/2017\/04\/Unti487748748478tled-collage-272x182.webp 272w\" width=\"900\" height=\"600\" sizes=\"auto, (min-width: 1200px) 300px, (min-width: 768px) 25vw, 100vw\" alt=\"hell-north-cool-news-world-cycling\"\/><\/a><\/div>    <div class=\"entry-meta\">\n        <a class=\"label label-secondary post-category\" href=\"https:\/\/www.welovecycling.com\/wide\/category\/ride2unite\/\" title=\"#Ride2Unite\">#Ride2Unite<\/a>\n    <\/div>\n    <div class=\"entry-details\">\n        <a href=\"https:\/\/www.welovecycling.com\/wide\/2017\/04\/10\/hell-north-cool-news-world-cycling\/\" class='entry-title-wrapper'>\n            <h3 class=\"entry-title\"><span>The Hell of the North is Over and Other Cool News From the World of Cycling<\/span><\/h3>\n        <\/a>\n    <\/div>\n    <\/article>\n<\/div>\n<p>Is it going to get better in the upcoming months?<\/p>\n<p>\u201cThe season continues. I\u2019ll take a bit of a break now and then I\u2019ll get going again at the Tour of California. Then I\u2019ll have important races like the Tour de Suisse and the Tour de France,\u201d Sagan said.<\/p>\n","protected":false},"excerpt":{"rendered":"<p>The world champion suffered a disappointing end to the Classics season. Sagan appeared to be in a good form yesterday, [&hellip;]<\/p>\n","protected":false},"author":12,"featured_media":147567,"comment_status":"open","ping_status":"open","sticky":false,"template":"","format":"standard","meta":{"footnotes":""},"categories":[329],"tags":[893,381],"global-categories":[],"class_list":["post-147563","post","type-post","status-publish","format-standard","has-post-thumbnail","hentry","category-road-cycling","tag-paris-roubaix","tag-peter-sagan"],"yoast_head":"<!-- This site is optimized with the Yoast SEO Premium plugin v25.3 (Yoast SEO v25.9) - https:\/\/yoast.com\/wordpress\/plugins\/seo\/ -->\n<title>Peter Sagan after Paris-Roubaix: \u201cIt Was a Bit of an Unlucky Day for Me.\u201c - \u0160koda We Love Cycling<\/title>\n<meta name=\"description\" content=\"The world champion suffered a disappointing end to the Classics season. Sagan appeared to be in a good form yesterday, so good in fact, that it might have\" \/>\n<meta name=\"robots\" content=\"index, follow, max-snippet:-1, max-image-preview:large, max-video-preview:-1\" \/>\n<link rel=\"canonical\" href=\"https:\/\/www.welovecycling.com\/wide\/2017\/04\/10\/peter-sagan-paris-roubaix-bit-unlucky-day\/\" \/>\n<meta property=\"og:locale\" content=\"en_US\" \/>\n<meta property=\"og:type\" content=\"article\" \/>\n<meta property=\"og:title\" content=\"Peter Sagan after Paris-Roubaix: \u201cIt Was a Bit of an Unlucky Day for Me.\u201c\" \/>\n<meta property=\"og:description\" content=\"The world champion suffered a disappointing end to the Classics season. Sagan appeared to be in a good form yesterday, so good in fact, that it might have\" \/>\n<meta property=\"og:url\" content=\"https:\/\/www.welovecycling.com\/wide\/2017\/04\/10\/peter-sagan-paris-roubaix-bit-unlucky-day\/\" \/>\n<meta property=\"og:site_name\" content=\"\u0160koda We Love Cycling\" \/>\n<meta property=\"article:published_time\" content=\"2017-04-10T13:22:32+00:00\" \/>\n<meta property=\"og:image\" content=\"https:\/\/d2p6e6u75xmxt8.cloudfront.net\/2\/2017\/04\/Untitled-444875478collage-1.webp\" \/>\n\t<meta property=\"og:image:width\" content=\"900\" \/>\n\t<meta property=\"og:image:height\" content=\"600\" \/>\n\t<meta property=\"og:image:type\" content=\"image\/webp\" \/>\n<meta name=\"twitter:card\" content=\"summary_large_image\" \/>\n<meta name=\"twitter:label1\" content=\"Written by\" \/>\n\t<meta name=\"twitter:data1\" content=\"Martin Mrazek\" \/>\n\t<meta name=\"twitter:label2\" content=\"Est. reading time\" \/>\n\t<meta name=\"twitter:data2\" content=\"2 minutes\" \/>\n<script type=\"application\/ld+json\" class=\"yoast-schema-graph\">{\"@context\":\"https:\/\/schema.org\",\"@graph\":[{\"@type\":\"WebPage\",\"@id\":\"https:\/\/www.welovecycling.com\/wide\/2017\/04\/10\/peter-sagan-paris-roubaix-bit-unlucky-day\/\",\"url\":\"https:\/\/www.welovecycling.com\/wide\/2017\/04\/10\/peter-sagan-paris-roubaix-bit-unlucky-day\/\",\"name\":\"Peter Sagan after Paris-Roubaix: \u201cIt Was a Bit of an Unlucky Day for Me.\u201c - \u0160koda We Love Cycling\",\"isPartOf\":{\"@id\":\"https:\/\/www.welovecycling.com\/wide\/#website\"},\"primaryImageOfPage\":{\"@id\":\"https:\/\/www.welovecycling.com\/wide\/2017\/04\/10\/peter-sagan-paris-roubaix-bit-unlucky-day\/#primaryimage\"},\"image\":{\"@id\":\"https:\/\/www.welovecycling.com\/wide\/2017\/04\/10\/peter-sagan-paris-roubaix-bit-unlucky-day\/#primaryimage\"},\"thumbnailUrl\":\"https:\/\/d2p6e6u75xmxt8.cloudfront.net\/2\/2017\/04\/Untitled-444875478collage-1.webp\",\"datePublished\":\"2017-04-10T13:22:32+00:00\",\"author\":{\"@id\":\"\"},\"description\":\"The world champion suffered a disappointing end to the Classics season. Sagan appeared to be in a good form yesterday, so good in fact, that it might have\",\"breadcrumb\":{\"@id\":\"https:\/\/www.welovecycling.com\/wide\/2017\/04\/10\/peter-sagan-paris-roubaix-bit-unlucky-day\/#breadcrumb\"},\"inLanguage\":\"en-US\",\"potentialAction\":[{\"@type\":\"ReadAction\",\"target\":[\"https:\/\/www.welovecycling.com\/wide\/2017\/04\/10\/peter-sagan-paris-roubaix-bit-unlucky-day\/\"]}]},{\"@type\":\"ImageObject\",\"inLanguage\":\"en-US\",\"@id\":\"https:\/\/www.welovecycling.com\/wide\/2017\/04\/10\/peter-sagan-paris-roubaix-bit-unlucky-day\/#primaryimage\",\"url\":\"https:\/\/d2p6e6u75xmxt8.cloudfront.net\/2\/2017\/04\/Untitled-444875478collage-1.webp\",\"contentUrl\":\"https:\/\/d2p6e6u75xmxt8.cloudfront.net\/2\/2017\/04\/Untitled-444875478collage-1.webp\",\"width\":900,\"height\":600},{\"@type\":\"BreadcrumbList\",\"@id\":\"https:\/\/www.welovecycling.com\/wide\/2017\/04\/10\/peter-sagan-paris-roubaix-bit-unlucky-day\/#breadcrumb\",\"itemListElement\":[{\"@type\":\"ListItem\",\"position\":1,\"name\":\"Home\",\"item\":\"https:\/\/www.welovecycling.com\/wide\/\"},{\"@type\":\"ListItem\",\"position\":2,\"name\":\"Peter Sagan after Paris-Roubaix: \u201cIt Was a Bit of an Unlucky Day for Me.\u201c\"}]},{\"@type\":\"WebSite\",\"@id\":\"https:\/\/www.welovecycling.com\/wide\/#website\",\"url\":\"https:\/\/www.welovecycling.com\/wide\/\",\"name\":\"\u0160koda We Love Cycling\",\"description\":\"\u0160koda We Love Cycling magazine\",\"alternateName\":\"\u0160koda WLC\",\"potentialAction\":[{\"@type\":\"SearchAction\",\"target\":{\"@type\":\"EntryPoint\",\"urlTemplate\":\"https:\/\/www.welovecycling.com\/wide\/?s={search_term_string}\"},\"query-input\":{\"@type\":\"PropertyValueSpecification\",\"valueRequired\":true,\"valueName\":\"search_term_string\"}}],\"inLanguage\":\"en-US\"},{\"@type\":\"Person\",\"@id\":\"\",\"url\":\"https:\/\/www.welovecycling.com\/wide\/author\/\"}]}<\/script>\n<!-- \/ Yoast SEO Premium plugin. -->","yoast_head_json":{"title":"Peter Sagan after Paris-Roubaix: \u201cIt Was a Bit of an Unlucky Day for Me.\u201c - \u0160koda We Love Cycling","description":"The world champion suffered a disappointing end to the Classics season. Sagan appeared to be in a good form yesterday, so good in fact, that it might have","robots":{"index":"index","follow":"follow","max-snippet":"max-snippet:-1","max-image-preview":"max-image-preview:large","max-video-preview":"max-video-preview:-1"},"canonical":"https:\/\/www.welovecycling.com\/wide\/2017\/04\/10\/peter-sagan-paris-roubaix-bit-unlucky-day\/","og_locale":"en_US","og_type":"article","og_title":"Peter Sagan after Paris-Roubaix: \u201cIt Was a Bit of an Unlucky Day for Me.\u201c","og_description":"The world champion suffered a disappointing end to the Classics season. Sagan appeared to be in a good form yesterday, so good in fact, that it might have","og_url":"https:\/\/www.welovecycling.com\/wide\/2017\/04\/10\/peter-sagan-paris-roubaix-bit-unlucky-day\/","og_site_name":"\u0160koda We Love Cycling","article_published_time":"2017-04-10T13:22:32+00:00","og_image":[{"width":900,"height":600,"url":"https:\/\/d2p6e6u75xmxt8.cloudfront.net\/2\/2017\/04\/Untitled-444875478collage-1.webp","type":"image\/webp"}],"twitter_card":"summary_large_image","twitter_misc":{"Written by":"Martin Mrazek","Est. reading time":"2 minutes"},"schema":{"@context":"https:\/\/schema.org","@graph":[{"@type":"WebPage","@id":"https:\/\/www.welovecycling.com\/wide\/2017\/04\/10\/peter-sagan-paris-roubaix-bit-unlucky-day\/","url":"https:\/\/www.welovecycling.com\/wide\/2017\/04\/10\/peter-sagan-paris-roubaix-bit-unlucky-day\/","name":"Peter Sagan after Paris-Roubaix: \u201cIt Was a Bit of an Unlucky Day for Me.\u201c - \u0160koda We Love Cycling","isPartOf":{"@id":"https:\/\/www.welovecycling.com\/wide\/#website"},"primaryImageOfPage":{"@id":"https:\/\/www.welovecycling.com\/wide\/2017\/04\/10\/peter-sagan-paris-roubaix-bit-unlucky-day\/#primaryimage"},"image":{"@id":"https:\/\/www.welovecycling.com\/wide\/2017\/04\/10\/peter-sagan-paris-roubaix-bit-unlucky-day\/#primaryimage"},"thumbnailUrl":"https:\/\/d2p6e6u75xmxt8.cloudfront.net\/2\/2017\/04\/Untitled-444875478collage-1.webp","datePublished":"2017-04-10T13:22:32+00:00","author":{"@id":""},"description":"The world champion suffered a disappointing end to the Classics season. Sagan appeared to be in a good form yesterday, so good in fact, that it might have","breadcrumb":{"@id":"https:\/\/www.welovecycling.com\/wide\/2017\/04\/10\/peter-sagan-paris-roubaix-bit-unlucky-day\/#breadcrumb"},"inLanguage":"en-US","potentialAction":[{"@type":"ReadAction","target":["https:\/\/www.welovecycling.com\/wide\/2017\/04\/10\/peter-sagan-paris-roubaix-bit-unlucky-day\/"]}]},{"@type":"ImageObject","inLanguage":"en-US","@id":"https:\/\/www.welovecycling.com\/wide\/2017\/04\/10\/peter-sagan-paris-roubaix-bit-unlucky-day\/#primaryimage","url":"https:\/\/d2p6e6u75xmxt8.cloudfront.net\/2\/2017\/04\/Untitled-444875478collage-1.webp","contentUrl":"https:\/\/d2p6e6u75xmxt8.cloudfront.net\/2\/2017\/04\/Untitled-444875478collage-1.webp","width":900,"height":600},{"@type":"BreadcrumbList","@id":"https:\/\/www.welovecycling.com\/wide\/2017\/04\/10\/peter-sagan-paris-roubaix-bit-unlucky-day\/#breadcrumb","itemListElement":[{"@type":"ListItem","position":1,"name":"Home","item":"https:\/\/www.welovecycling.com\/wide\/"},{"@type":"ListItem","position":2,"name":"Peter Sagan after Paris-Roubaix: \u201cIt Was a Bit of an Unlucky Day for Me.\u201c"}]},{"@type":"WebSite","@id":"https:\/\/www.welovecycling.com\/wide\/#website","url":"https:\/\/www.welovecycling.com\/wide\/","name":"\u0160koda We Love Cycling","description":"\u0160koda We Love Cycling magazine","alternateName":"\u0160koda WLC","potentialAction":[{"@type":"SearchAction","target":{"@type":"EntryPoint","urlTemplate":"https:\/\/www.welovecycling.com\/wide\/?s={search_term_string}"},"query-input":{"@type":"PropertyValueSpecification","valueRequired":true,"valueName":"search_term_string"}}],"inLanguage":"en-US"},{"@type":"Person","@id":"","url":"https:\/\/www.welovecycling.com\/wide\/author\/"}]}},"_links":{"self":[{"href":"https:\/\/www.welovecycling.com\/wide\/wp-json\/wp\/v2\/posts\/147563","targetHints":{"allow":["GET"]}}],"collection":[{"href":"https:\/\/www.welovecycling.com\/wide\/wp-json\/wp\/v2\/posts"}],"about":[{"href":"https:\/\/www.welovecycling.com\/wide\/wp-json\/wp\/v2\/types\/post"}],"author":[{"embeddable":true,"href":"https:\/\/www.welovecycling.com\/wide\/wp-json\/wp\/v2\/users\/12"}],"replies":[{"embeddable":true,"href":"https:\/\/www.welovecycling.com\/wide\/wp-json\/wp\/v2\/comments?post=147563"}],"version-history":[{"count":1,"href":"https:\/\/www.welovecycling.com\/wide\/wp-json\/wp\/v2\/posts\/147563\/revisions"}],"predecessor-version":[{"id":147571,"href":"https:\/\/www.welovecycling.com\/wide\/wp-json\/wp\/v2\/posts\/147563\/revisions\/147571"}],"wp:featuredmedia":[{"embeddable":true,"href":"https:\/\/www.welovecycling.com\/wide\/wp-json\/wp\/v2\/media\/147567"}],"wp:attachment":[{"href":"https:\/\/www.welovecycling.com\/wide\/wp-json\/wp\/v2\/media?parent=147563"}],"wp:term":[{"taxonomy":"category","embeddable":true,"href":"https:\/\/www.welovecycling.com\/wide\/wp-json\/wp\/v2\/categories?post=147563"},{"taxonomy":"post_tag","embeddable":true,"href":"https:\/\/www.welovecycling.com\/wide\/wp-json\/wp\/v2\/tags?post=147563"},{"taxonomy":"global-categories","embeddable":true,"href":"https:\/\/www.welovecycling.com\/wide\/wp-json\/wp\/v2\/global-categories?post=147563"}],"curies":[{"name":"wp","href":"https:\/\/api.w.org\/{rel}","templated":true}]}}