{"id":147514,"date":"2017-04-04T14:10:33","date_gmt":"2017-04-04T14:10:33","guid":{"rendered":"https:\/\/www.welovecycling.com\/wide\/?p=147514"},"modified":"2017-04-06T07:50:03","modified_gmt":"2017-04-06T07:50:03","slug":"sunpedal-phase-ii-sushil-reddy-revolutionising-e-bike","status":"publish","type":"post","link":"https:\/\/www.welovecycling.com\/wide\/2017\/04\/04\/sunpedal-phase-ii-sushil-reddy-revolutionising-e-bike\/","title":{"rendered":"Sunpedal, Phase II: How\u00a0Sushil Reddy\u00a0Is Revolutionising the\u00a0E-Bike\u00a0"},"content":{"rendered":"<p><strong>For most\u00a0cyclists, recharging their batteries\u00a0means\u00a0slurping energy drinks or\u00a0scoffing a banana,\u00a0and\u00a0for\u00a0e-bikers\u00a0it means finding a plug socket.\u00a0Nothing stops\u00a0Mumbai cyclist\u00a0Sushil Reddy\u00a0&#8211;\u00a0his bike pulls a\u00a0cart equipped with\u00a0solar panels\u00a0pulling 220 watts directly from the sun.\u00a0<\/strong><!--more--><\/p>\n<div class=\"shortcode-ys-post-pinup\"><article class=\"loop-simple post-137318 post type-post status-publish format-standard has-post-thumbnail hentry category-health-and-training category-road-cycling category-safety category-socialising-and-culture category-urban-cycling tag-environment\" data-postid=\"137318\" role=\"article\" data-post-id=\"137318\" data-word-count=\"220\" data-headline-length=\"48\" data-category=\"Health &amp; Training\" data-author=\"Angie Ng\" data-published=\"2016-04-12T15:04:13+00:00\" data-published-day=\"Tuesday\">\n    <div class=\"entry-thumbnail article-thumbnail\" content=\"https:\/\/d2p6e6u75xmxt8.cloudfront.net\/2\/2016\/04\/youtube33432424-150x150.webp\"><a href=\"https:\/\/www.welovecycling.com\/wide\/2016\/04\/12\/can-bikes-be-the-solution-to-electricity-crisis\/\" class=\"image-holder\" target=\"_self\"><img decoding=\"async\" loading=\"lazy\" class=\"\" src=\"https:\/\/d2p6e6u75xmxt8.cloudfront.net\/2\/2016\/04\/youtube33432424.webp\" srcset=\"https:\/\/d2p6e6u75xmxt8.cloudfront.net\/2\/2016\/04\/youtube33432424.webp 525w, https:\/\/d2p6e6u75xmxt8.cloudfront.net\/2\/2016\/04\/youtube33432424-300x200.webp 300w, https:\/\/d2p6e6u75xmxt8.cloudfront.net\/2\/2016\/04\/youtube33432424-272x182.webp 272w\" width=\"525\" height=\"350\" sizes=\"auto, (min-width: 1200px) 300px, (min-width: 768px) 25vw, 100vw\" alt=\"can-bikes-be-the-solution-to-electricity-crisis\"\/><\/a><\/div>    <div class=\"entry-meta\">\n        <a class=\"label label-secondary post-category\" href=\"https:\/\/www.welovecycling.com\/wide\/category\/health-and-training\/\" title=\"Health &amp; Training\">Health &amp; Training<\/a>\n    <\/div>\n    <div class=\"entry-details\">\n        <a href=\"https:\/\/www.welovecycling.com\/wide\/2016\/04\/12\/can-bikes-be-the-solution-to-electricity-crisis\/\" class='entry-title-wrapper'>\n            <h3 class=\"entry-title\"><span>Can Bikes Be the Solution to Electricity Crisis?<\/span><\/h3>\n        <\/a>\n    <\/div>\n    <\/article>\n<\/div>\n<p>As a graduate of the Indian Institute of Technology, Sushil\u00a0has a growing reputation for\u00a0pushing\u00a0solar powered\u00a0e-bikes\u00a0to\u00a0their\u00a0limits\u00a0&#8211; he\u00a0was awarded\u00a0a Guinness World Record\u00a0for the longest journey on a motor-assisted bicycle.<\/p>\n<div id='gallery-1' class='gallery galleryid-137318 gallery-columns-2 gallery-size-large'><figure class='gallery-item'>\n\t\t\t<div class='gallery-icon landscape'>\n\t\t\t\t<a href='https:\/\/d2p6e6u75xmxt8.cloudfront.net\/2\/2017\/04\/selfie-upload.webp'><img loading=\"lazy\" decoding=\"async\" width=\"1024\" height=\"768\" src=\"https:\/\/d2p6e6u75xmxt8.cloudfront.net\/2\/2017\/04\/selfie-upload.webp\" class=\"attachment-large size-large\" alt=\"\" srcset=\"https:\/\/d2p6e6u75xmxt8.cloudfront.net\/2\/2017\/04\/selfie-upload.webp 1024w, https:\/\/d2p6e6u75xmxt8.cloudfront.net\/2\/2017\/04\/selfie-upload-300x225.webp 300w, https:\/\/d2p6e6u75xmxt8.cloudfront.net\/2\/2017\/04\/selfie-upload-768x576.webp 768w\" sizes=\"auto, (max-width: 1024px) 100vw, 1024px\" \/><\/a>\n\t\t\t<\/div><\/figure><figure class='gallery-item'>\n\t\t\t<div class='gallery-icon landscape'>\n\t\t\t\t<a href='https:\/\/d2p6e6u75xmxt8.cloudfront.net\/2\/2017\/04\/family-upload.webp'><img loading=\"lazy\" decoding=\"async\" width=\"1024\" height=\"768\" src=\"https:\/\/d2p6e6u75xmxt8.cloudfront.net\/2\/2017\/04\/family-upload.webp\" class=\"attachment-large size-large\" alt=\"\" srcset=\"https:\/\/d2p6e6u75xmxt8.cloudfront.net\/2\/2017\/04\/family-upload.webp 1024w, https:\/\/d2p6e6u75xmxt8.cloudfront.net\/2\/2017\/04\/family-upload-300x225.webp 300w, https:\/\/d2p6e6u75xmxt8.cloudfront.net\/2\/2017\/04\/family-upload-768x576.webp 768w\" sizes=\"auto, (max-width: 1024px) 100vw, 1024px\" \/><\/a>\n\t\t\t<\/div><\/figure>\n\t\t<\/div>\n\n<p>This June,\u00a0Sushil\u00a0will take\u00a0on the iconic scenery\u00a0of France.\u00a0At\u00a0the invitation of\u00a0<a href=\"https:\/\/www.thesuntrip.com\/\">The SunTrip Tour<\/a>, Sushil will be tackling several stages that wouldn\u2019t look out of place\u00a0in the\u00a0Tour de France.\u00a0Stage 5, from Lausanne to\u00a0Tr\u00e9voux,\u00a0clocks in at 240 km, hitting the mountainous Swiss and French Jura range before traversing the famous\u00a0Dombes\u00a0of Ain.<\/p>\n<p>When asked what his greatest challenge was\u00a0Sushil replied: \u201cIf the sun does not come out, I will be riding a heavy bicycle since I will not be getting charge from the sun.\u201d If there\u2019s a cloudy day in the Alps, Sushil will\u00a0certainly\u00a0earn his rest days \u2013\u00a0having survived\u00a0the deserts of Rajasthan\u00a0he\u2019s no stranger to adversity.<\/p>\n<p><a href=\"https:\/\/d2p6e6u75xmxt8.cloudfront.net\/2\/2017\/04\/solarbike4.jpg\"><img loading=\"lazy\" decoding=\"async\" class=\"alignnone size-full wp-image-147510\" src=\"https:\/\/d2p6e6u75xmxt8.cloudfront.net\/2\/2017\/04\/solarbike4.jpg\" alt=\"\" width=\"960\" height=\"640\" \/><\/a><\/p>\n<p>With a reputation for pushing solar technology\u00a0and\u00a0e-bikes\u00a0to\u00a0their\u00a0limits, Sushil has partnered with\u00a0Declic\u00a0Eco and\u00a0La Sun Travel\u00a0in France. Sushil\u00a0is more than just a determined tour cyclist\u00a0&#8211; with a masters in\u00a0Energy Science &amp; Engineering\u00a0he\u2019s very much in demand in academic circles\u00a0and will be giving seminars in France on his rest days.<\/p>\n<p><a href=\"https:\/\/d2p6e6u75xmxt8.cloudfront.net\/2\/2017\/04\/753450333.jpeg\"><img loading=\"lazy\" decoding=\"async\" class=\"alignnone size-full wp-image-147507\" src=\"https:\/\/d2p6e6u75xmxt8.cloudfront.net\/2\/2017\/04\/753450333.jpeg\" alt=\"\" width=\"960\" height=\"720\" \/><\/a><\/p>\n<p>Sushil&#8217;s\u00a0can-do attitude is so infectious he\u2019ll be joined by MIT graduate\u00a0Rinal\u00a0Chheda\u00a0when he rides America\u2019s West Coast \u2013 and you can see Sushil speak about his adventures at\u00a0<a href=\"http:\/\/newwheel.net\/the-new-wheel-san-francisco\">The New Wheel<\/a>\u00a0when he gets to\u00a0California.<\/p>\n<p>Sushil has documented his solar powered adventures in\u00a0<a href=\"https:\/\/www.amazon.com\/dp\/B01MRZZK59\/ref=cm_cr_dp_d_vote_lft?ie=UTF8&amp;voteInstanceId=R3N9541U3GX6W8&amp;voteValue=1&amp;csrfT=gMiQ%2FthEQZsYeQmmpy8RmmCFZfpuZh8Q8faB%2BO0AAAAJAAAAAFjhNPByYXcAAAAA\">an e-book<\/a>, the proceeds of which go to\u00a0supporting the energy needs of a school in\u00a0Jatwara, Rajasthan. Anyone\u00a0looking to\u00a0<a href=\"mailto:sushil@thesunpedalride.in\">get involved<\/a>\u00a0with\u00a0<a href=\"mailto:sushilr25@gmail.com\">Sushil<\/a>\u00a0are free to do so, especially if they want to be part of something special \u2013 a transport revolution.<\/p>\n","protected":false},"excerpt":{"rendered":"<p>For most\u00a0cyclists, recharging their batteries\u00a0means\u00a0slurping energy drinks or\u00a0scoffing a banana,\u00a0and\u00a0for\u00a0e-bikers\u00a0it means finding a plug socket.\u00a0Nothing stops\u00a0Mumbai cyclist\u00a0Sushil Reddy\u00a0&#8211;\u00a0his bike pulls [&hellip;]<\/p>\n","protected":false},"author":12,"featured_media":147506,"comment_status":"open","ping_status":"open","sticky":false,"template":"","format":"standard","meta":{"footnotes":""},"categories":[329],"tags":[522,348,560,965,964,963,962],"global-categories":[],"class_list":["post-147514","post","type-post","status-publish","format-standard","has-post-thumbnail","hentry","category-road-cycling","tag-e-bike","tag-e-bikes","tag-ebike","tag-ebikes","tag-indian-institute-of-technology","tag-sunpedal","tag-sushil-reddy"],"yoast_head":"<!-- This site is optimized with the Yoast SEO Premium plugin v25.3 (Yoast SEO v25.9) - https:\/\/yoast.com\/wordpress\/plugins\/seo\/ -->\n<title>Sunpedal, Phase II: How\u00a0Sushil Reddy\u00a0Is Revolutionising the\u00a0E-Bike\u00a0 - \u0160koda We Love Cycling<\/title>\n<meta name=\"description\" content=\"For most\u00a0cyclists, recharging their batteries\u00a0means\u00a0slurping energy drinks or\u00a0scoffing a banana,\u00a0and\u00a0for\u00a0e-bikers\u00a0it means finding a plug socket.\u00a0Nothing\" \/>\n<meta name=\"robots\" content=\"index, follow, max-snippet:-1, max-image-preview:large, max-video-preview:-1\" \/>\n<link rel=\"canonical\" href=\"https:\/\/www.welovecycling.com\/wide\/2017\/04\/04\/sunpedal-phase-ii-sushil-reddy-revolutionising-e-bike\/\" \/>\n<meta property=\"og:locale\" content=\"en_US\" \/>\n<meta property=\"og:type\" content=\"article\" \/>\n<meta property=\"og:title\" content=\"Sunpedal, Phase II: How\u00a0Sushil Reddy\u00a0Is Revolutionising the\u00a0E-Bike\u00a0\" \/>\n<meta property=\"og:description\" content=\"For most\u00a0cyclists, recharging their batteries\u00a0means\u00a0slurping energy drinks or\u00a0scoffing a banana,\u00a0and\u00a0for\u00a0e-bikers\u00a0it means finding a plug socket.\u00a0Nothing\" \/>\n<meta property=\"og:url\" content=\"https:\/\/www.welovecycling.com\/wide\/2017\/04\/04\/sunpedal-phase-ii-sushil-reddy-revolutionising-e-bike\/\" \/>\n<meta property=\"og:site_name\" content=\"\u0160koda We Love Cycling\" \/>\n<meta property=\"article:published_time\" content=\"2017-04-04T14:10:33+00:00\" \/>\n<meta property=\"article:modified_time\" content=\"2017-04-06T07:50:03+00:00\" \/>\n<meta property=\"og:image\" content=\"https:\/\/d2p6e6u75xmxt8.cloudfront.net\/2\/2017\/04\/44448.webp\" \/>\n\t<meta property=\"og:image:width\" content=\"900\" \/>\n\t<meta property=\"og:image:height\" content=\"600\" \/>\n\t<meta property=\"og:image:type\" content=\"image\/webp\" \/>\n<meta name=\"twitter:card\" content=\"summary_large_image\" \/>\n<meta name=\"twitter:label1\" content=\"Written by\" \/>\n\t<meta name=\"twitter:data1\" content=\"Angie Ng\" \/>\n\t<meta name=\"twitter:label2\" content=\"Est. reading time\" \/>\n\t<meta name=\"twitter:data2\" content=\"2 minutes\" \/>\n<script type=\"application\/ld+json\" class=\"yoast-schema-graph\">{\"@context\":\"https:\/\/schema.org\",\"@graph\":[{\"@type\":\"WebPage\",\"@id\":\"https:\/\/www.welovecycling.com\/wide\/2017\/04\/04\/sunpedal-phase-ii-sushil-reddy-revolutionising-e-bike\/\",\"url\":\"https:\/\/www.welovecycling.com\/wide\/2017\/04\/04\/sunpedal-phase-ii-sushil-reddy-revolutionising-e-bike\/\",\"name\":\"Sunpedal, Phase II: How\u00a0Sushil Reddy\u00a0Is Revolutionising the\u00a0E-Bike\u00a0 - \u0160koda We Love Cycling\",\"isPartOf\":{\"@id\":\"https:\/\/www.welovecycling.com\/wide\/#website\"},\"primaryImageOfPage\":{\"@id\":\"https:\/\/www.welovecycling.com\/wide\/2017\/04\/04\/sunpedal-phase-ii-sushil-reddy-revolutionising-e-bike\/#primaryimage\"},\"image\":{\"@id\":\"https:\/\/www.welovecycling.com\/wide\/2017\/04\/04\/sunpedal-phase-ii-sushil-reddy-revolutionising-e-bike\/#primaryimage\"},\"thumbnailUrl\":\"https:\/\/d2p6e6u75xmxt8.cloudfront.net\/2\/2017\/04\/44448.webp\",\"datePublished\":\"2017-04-04T14:10:33+00:00\",\"dateModified\":\"2017-04-06T07:50:03+00:00\",\"author\":{\"@id\":\"\"},\"description\":\"For most\u00a0cyclists, recharging their batteries\u00a0means\u00a0slurping energy drinks or\u00a0scoffing a banana,\u00a0and\u00a0for\u00a0e-bikers\u00a0it means finding a plug socket.\u00a0Nothing\",\"breadcrumb\":{\"@id\":\"https:\/\/www.welovecycling.com\/wide\/2017\/04\/04\/sunpedal-phase-ii-sushil-reddy-revolutionising-e-bike\/#breadcrumb\"},\"inLanguage\":\"en-US\",\"potentialAction\":[{\"@type\":\"ReadAction\",\"target\":[\"https:\/\/www.welovecycling.com\/wide\/2017\/04\/04\/sunpedal-phase-ii-sushil-reddy-revolutionising-e-bike\/\"]}]},{\"@type\":\"ImageObject\",\"inLanguage\":\"en-US\",\"@id\":\"https:\/\/www.welovecycling.com\/wide\/2017\/04\/04\/sunpedal-phase-ii-sushil-reddy-revolutionising-e-bike\/#primaryimage\",\"url\":\"https:\/\/d2p6e6u75xmxt8.cloudfront.net\/2\/2017\/04\/44448.webp\",\"contentUrl\":\"https:\/\/d2p6e6u75xmxt8.cloudfront.net\/2\/2017\/04\/44448.webp\",\"width\":900,\"height\":600},{\"@type\":\"BreadcrumbList\",\"@id\":\"https:\/\/www.welovecycling.com\/wide\/2017\/04\/04\/sunpedal-phase-ii-sushil-reddy-revolutionising-e-bike\/#breadcrumb\",\"itemListElement\":[{\"@type\":\"ListItem\",\"position\":1,\"name\":\"Home\",\"item\":\"https:\/\/www.welovecycling.com\/wide\/\"},{\"@type\":\"ListItem\",\"position\":2,\"name\":\"Sunpedal, Phase II: How\u00a0Sushil Reddy\u00a0Is Revolutionising the\u00a0E-Bike\u00a0\"}]},{\"@type\":\"WebSite\",\"@id\":\"https:\/\/www.welovecycling.com\/wide\/#website\",\"url\":\"https:\/\/www.welovecycling.com\/wide\/\",\"name\":\"\u0160koda We Love Cycling\",\"description\":\"\u0160koda We Love Cycling magazine\",\"alternateName\":\"\u0160koda WLC\",\"potentialAction\":[{\"@type\":\"SearchAction\",\"target\":{\"@type\":\"EntryPoint\",\"urlTemplate\":\"https:\/\/www.welovecycling.com\/wide\/?s={search_term_string}\"},\"query-input\":{\"@type\":\"PropertyValueSpecification\",\"valueRequired\":true,\"valueName\":\"search_term_string\"}}],\"inLanguage\":\"en-US\"},{\"@type\":\"Person\",\"@id\":\"\",\"url\":\"https:\/\/www.welovecycling.com\/wide\/author\/\"}]}<\/script>\n<!-- \/ Yoast SEO Premium plugin. -->","yoast_head_json":{"title":"Sunpedal, Phase II: How\u00a0Sushil Reddy\u00a0Is Revolutionising the\u00a0E-Bike\u00a0 - \u0160koda We Love Cycling","description":"For most\u00a0cyclists, recharging their batteries\u00a0means\u00a0slurping energy drinks or\u00a0scoffing a banana,\u00a0and\u00a0for\u00a0e-bikers\u00a0it means finding a plug socket.\u00a0Nothing","robots":{"index":"index","follow":"follow","max-snippet":"max-snippet:-1","max-image-preview":"max-image-preview:large","max-video-preview":"max-video-preview:-1"},"canonical":"https:\/\/www.welovecycling.com\/wide\/2017\/04\/04\/sunpedal-phase-ii-sushil-reddy-revolutionising-e-bike\/","og_locale":"en_US","og_type":"article","og_title":"Sunpedal, Phase II: How\u00a0Sushil Reddy\u00a0Is Revolutionising the\u00a0E-Bike\u00a0","og_description":"For most\u00a0cyclists, recharging their batteries\u00a0means\u00a0slurping energy drinks or\u00a0scoffing a banana,\u00a0and\u00a0for\u00a0e-bikers\u00a0it means finding a plug socket.\u00a0Nothing","og_url":"https:\/\/www.welovecycling.com\/wide\/2017\/04\/04\/sunpedal-phase-ii-sushil-reddy-revolutionising-e-bike\/","og_site_name":"\u0160koda We Love Cycling","article_published_time":"2017-04-04T14:10:33+00:00","article_modified_time":"2017-04-06T07:50:03+00:00","og_image":[{"width":900,"height":600,"url":"https:\/\/d2p6e6u75xmxt8.cloudfront.net\/2\/2017\/04\/44448.webp","type":"image\/webp"}],"twitter_card":"summary_large_image","twitter_misc":{"Written by":"Angie Ng","Est. reading time":"2 minutes"},"schema":{"@context":"https:\/\/schema.org","@graph":[{"@type":"WebPage","@id":"https:\/\/www.welovecycling.com\/wide\/2017\/04\/04\/sunpedal-phase-ii-sushil-reddy-revolutionising-e-bike\/","url":"https:\/\/www.welovecycling.com\/wide\/2017\/04\/04\/sunpedal-phase-ii-sushil-reddy-revolutionising-e-bike\/","name":"Sunpedal, Phase II: How\u00a0Sushil Reddy\u00a0Is Revolutionising the\u00a0E-Bike\u00a0 - \u0160koda We Love Cycling","isPartOf":{"@id":"https:\/\/www.welovecycling.com\/wide\/#website"},"primaryImageOfPage":{"@id":"https:\/\/www.welovecycling.com\/wide\/2017\/04\/04\/sunpedal-phase-ii-sushil-reddy-revolutionising-e-bike\/#primaryimage"},"image":{"@id":"https:\/\/www.welovecycling.com\/wide\/2017\/04\/04\/sunpedal-phase-ii-sushil-reddy-revolutionising-e-bike\/#primaryimage"},"thumbnailUrl":"https:\/\/d2p6e6u75xmxt8.cloudfront.net\/2\/2017\/04\/44448.webp","datePublished":"2017-04-04T14:10:33+00:00","dateModified":"2017-04-06T07:50:03+00:00","author":{"@id":""},"description":"For most\u00a0cyclists, recharging their batteries\u00a0means\u00a0slurping energy drinks or\u00a0scoffing a banana,\u00a0and\u00a0for\u00a0e-bikers\u00a0it means finding a plug socket.\u00a0Nothing","breadcrumb":{"@id":"https:\/\/www.welovecycling.com\/wide\/2017\/04\/04\/sunpedal-phase-ii-sushil-reddy-revolutionising-e-bike\/#breadcrumb"},"inLanguage":"en-US","potentialAction":[{"@type":"ReadAction","target":["https:\/\/www.welovecycling.com\/wide\/2017\/04\/04\/sunpedal-phase-ii-sushil-reddy-revolutionising-e-bike\/"]}]},{"@type":"ImageObject","inLanguage":"en-US","@id":"https:\/\/www.welovecycling.com\/wide\/2017\/04\/04\/sunpedal-phase-ii-sushil-reddy-revolutionising-e-bike\/#primaryimage","url":"https:\/\/d2p6e6u75xmxt8.cloudfront.net\/2\/2017\/04\/44448.webp","contentUrl":"https:\/\/d2p6e6u75xmxt8.cloudfront.net\/2\/2017\/04\/44448.webp","width":900,"height":600},{"@type":"BreadcrumbList","@id":"https:\/\/www.welovecycling.com\/wide\/2017\/04\/04\/sunpedal-phase-ii-sushil-reddy-revolutionising-e-bike\/#breadcrumb","itemListElement":[{"@type":"ListItem","position":1,"name":"Home","item":"https:\/\/www.welovecycling.com\/wide\/"},{"@type":"ListItem","position":2,"name":"Sunpedal, Phase II: How\u00a0Sushil Reddy\u00a0Is Revolutionising the\u00a0E-Bike\u00a0"}]},{"@type":"WebSite","@id":"https:\/\/www.welovecycling.com\/wide\/#website","url":"https:\/\/www.welovecycling.com\/wide\/","name":"\u0160koda We Love Cycling","description":"\u0160koda We Love Cycling magazine","alternateName":"\u0160koda WLC","potentialAction":[{"@type":"SearchAction","target":{"@type":"EntryPoint","urlTemplate":"https:\/\/www.welovecycling.com\/wide\/?s={search_term_string}"},"query-input":{"@type":"PropertyValueSpecification","valueRequired":true,"valueName":"search_term_string"}}],"inLanguage":"en-US"},{"@type":"Person","@id":"","url":"https:\/\/www.welovecycling.com\/wide\/author\/"}]}},"_links":{"self":[{"href":"https:\/\/www.welovecycling.com\/wide\/wp-json\/wp\/v2\/posts\/147514","targetHints":{"allow":["GET"]}}],"collection":[{"href":"https:\/\/www.welovecycling.com\/wide\/wp-json\/wp\/v2\/posts"}],"about":[{"href":"https:\/\/www.welovecycling.com\/wide\/wp-json\/wp\/v2\/types\/post"}],"author":[{"embeddable":true,"href":"https:\/\/www.welovecycling.com\/wide\/wp-json\/wp\/v2\/users\/12"}],"replies":[{"embeddable":true,"href":"https:\/\/www.welovecycling.com\/wide\/wp-json\/wp\/v2\/comments?post=147514"}],"version-history":[{"count":2,"href":"https:\/\/www.welovecycling.com\/wide\/wp-json\/wp\/v2\/posts\/147514\/revisions"}],"predecessor-version":[{"id":147528,"href":"https:\/\/www.welovecycling.com\/wide\/wp-json\/wp\/v2\/posts\/147514\/revisions\/147528"}],"wp:featuredmedia":[{"embeddable":true,"href":"https:\/\/www.welovecycling.com\/wide\/wp-json\/wp\/v2\/media\/147506"}],"wp:attachment":[{"href":"https:\/\/www.welovecycling.com\/wide\/wp-json\/wp\/v2\/media?parent=147514"}],"wp:term":[{"taxonomy":"category","embeddable":true,"href":"https:\/\/www.welovecycling.com\/wide\/wp-json\/wp\/v2\/categories?post=147514"},{"taxonomy":"post_tag","embeddable":true,"href":"https:\/\/www.welovecycling.com\/wide\/wp-json\/wp\/v2\/tags?post=147514"},{"taxonomy":"global-categories","embeddable":true,"href":"https:\/\/www.welovecycling.com\/wide\/wp-json\/wp\/v2\/global-categories?post=147514"}],"curies":[{"name":"wp","href":"https:\/\/api.w.org\/{rel}","templated":true}]}}