{"id":146875,"date":"2017-02-22T12:21:54","date_gmt":"2017-02-22T12:21:54","guid":{"rendered":"https:\/\/www.welovecycling.com\/wide\/?p=146875"},"modified":"2017-02-22T12:21:54","modified_gmt":"2017-02-22T12:21:54","slug":"crazy-swede-thats-nickname-get-bike-13-000-km-sweden-nepal","status":"publish","type":"post","link":"https:\/\/www.welovecycling.com\/wide\/2017\/02\/22\/crazy-swede-thats-nickname-get-bike-13-000-km-sweden-nepal\/","title":{"rendered":"\u201cCrazy Swede\u201d \u2013 That\u2019s the Nickname You Get When You Bike 13.000 Km from Sweden to Nepal"},"content":{"rendered":"<p><strong>Although G\u00f6ran Kropp\u00a0left us when he\u00a0was only 35, he managed to accomplish amazing things that most\u00a0of us can only\u00a0dream of. G\u00f6ran\u2019s fascination with mountain climbing allegedly started as early as 1972, when he was just six years old, and his father took him hiking to Norway\u2019s Galdh\u00f8piggen, the highest peak of Scandinavia at 2,469 meters above sea level. That sparked his \u201cmountain madness\u201d as he called it and he went on to climb Lenin Peak, Iliniza Sur, Cotopaxi, Illimani, Huayna Potosi, Muztagh Tower, Pik Pobeda, Illampu and many more.<\/strong><br \/>\n<!--more--><\/p>\n<div class=\"shortcode-ys-post-pinup\"><article class=\"loop-simple post-146865 post type-post status-publish format-gallery has-post-thumbnail hentry category-ride2unite tag-jan-kasl tag-tomas-slavik tag-valparaiso post_format-post-format-gallery\" data-postid=\"146865\" role=\"article\" data-post-id=\"146865\" data-word-count=\"322\" data-headline-length=\"64\" data-category=\"#Ride2Unite\" data-author=\"Frantiska Blazkova\/Jan Kasl\" data-published=\"2017-02-21T15:38:09+00:00\" data-published-day=\"Tuesday\">\n    <div class=\"entry-thumbnail article-thumbnail\" content=\"https:\/\/d2p6e6u75xmxt8.cloudfront.net\/2\/2017\/02\/3322424_24244224-150x150.webp\"><a href=\"https:\/\/www.welovecycling.com\/wide\/2017\/02\/21\/gallery-exclusive-look-red-bull-valparaiso-cerro-abajo-2017\/\" class=\"image-holder\" target=\"_self\"><img decoding=\"async\" loading=\"lazy\" class=\"\" src=\"https:\/\/d2p6e6u75xmxt8.cloudfront.net\/2\/2017\/02\/3322424_24244224.webp\" srcset=\"https:\/\/d2p6e6u75xmxt8.cloudfront.net\/2\/2017\/02\/3322424_24244224.webp 900w, https:\/\/d2p6e6u75xmxt8.cloudfront.net\/2\/2017\/02\/3322424_24244224-300x200.webp 300w, https:\/\/d2p6e6u75xmxt8.cloudfront.net\/2\/2017\/02\/3322424_24244224-768x512.webp 768w, https:\/\/d2p6e6u75xmxt8.cloudfront.net\/2\/2017\/02\/3322424_24244224-272x182.webp 272w\" width=\"900\" height=\"600\" sizes=\"auto, (min-width: 1200px) 300px, (min-width: 768px) 25vw, 100vw\" alt=\"gallery-exclusive-look-red-bull-valparaiso-cerro-abajo-2017\"\/><\/a><\/div>    <div class=\"entry-meta\">\n        <a class=\"label label-secondary post-category\" href=\"https:\/\/www.welovecycling.com\/wide\/category\/ride2unite\/\" title=\"#Ride2Unite\">#Ride2Unite<\/a>\n    <\/div>\n    <div class=\"entry-details\">\n        <a href=\"https:\/\/www.welovecycling.com\/wide\/2017\/02\/21\/gallery-exclusive-look-red-bull-valparaiso-cerro-abajo-2017\/\" class='entry-title-wrapper'>\n            <h3 class=\"entry-title\"><span>GALLERY: Exclusive Look at Red Bull Valpara\u00edso Cerro Abajo 2017<\/span><\/h3>\n        <\/a>\n    <\/div>\n    <\/article>\n<\/div>\n<p>As the title gives away, one sunny day on October 16, 1995, Kropp just decided to hop on his Crescent Ultima and\u00a0leave Stockholm for Nepal. G\u00f6ran started off with 238 pounds of gear and food and after close to 13.000 km and seemingly endless days of solitude, he finally arrived at the Mount Everest Base Camp in April 1996.<\/p>\n<p><a href=\"https:\/\/d2p6e6u75xmxt8.cloudfront.net\/2\/2017\/02\/Screen-Shot-2017-02-22-at-13.15.09.png\"><img loading=\"lazy\" decoding=\"async\" class=\"alignnone size-full wp-image-146886\" src=\"https:\/\/d2p6e6u75xmxt8.cloudfront.net\/2\/2017\/02\/Screen-Shot-2017-02-22-at-13.15.09.png\" alt=\"\" width=\"752\" height=\"385\" \/><\/a><\/p>\n<p>Not only this trip was insane though,\u00a0his Mount Everest experience was even more hard core. Quoting John Rothchild, who spoke about Kropp\u2019s experience in a documentary: \u201cBefore Kropp, more than 900 people have gone up the Mount Everest summit the easy way (sucking canned air) and a few had soloed the macho way (no canned air) but nobody had soloed the super macho way (no canned air, no baggage tote from rent-a-yak, no caddying from Sherpas, no food from the well-stocked mess hall, no plane ride to Kathmandu). Kropp was up to challenge. He rode his bike to Everest, lugged his own gear to base camp climbed the mountain solo without any supplement oxygen, reached the summit, and then biked home.\u201d<\/p>\n<p><img loading=\"lazy\" decoding=\"async\" class=\"alignnone size-full wp-image-146882\" src=\"https:\/\/d2p6e6u75xmxt8.cloudfront.net\/2\/2017\/02\/3132223.jpg\" alt=\"\" width=\"600\" height=\"401\" \/><\/p>\n<p>Getting the nickname \u201cCrazy Swede\u201d now?<\/p>\n<p>Again, it\u2019s Rothchild who puts it into the right words. \u201cTo outdo Kropp, you\u2019d have to climb Everest backwards.\u201d And what\u2019s Kropp\u2019s piece of mind on this demanding and dangerous journey? \u201cI wanted an adventure that was truly unprecedented.\u201d You be the judges of his sanity. But in fact, he wasn\u2019t just a mere lunatic, wishing to strain himself to death. Before he actually climbed to the peak, he once turned back 350 feet from the summit because it was getting dark and too late for him to get back down safely.<\/p>\n<p><a href=\"https:\/\/d2p6e6u75xmxt8.cloudfront.net\/2\/2017\/02\/Screen-Shot-2017-02-22-at-13.21.09.png\"><img loading=\"lazy\" decoding=\"async\" class=\"alignnone size-full wp-image-146890\" src=\"https:\/\/d2p6e6u75xmxt8.cloudfront.net\/2\/2017\/02\/Screen-Shot-2017-02-22-at-13.21.09.png\" alt=\"\" width=\"751\" height=\"392\" \/><\/a><\/p>\n<p>Sadly, Kropp died in a climbing accident up the Air Guitar route near Frenchman Coulee in Vantage, Washington, on September 30, 2002. His gear ripped out from the rock and the impact of the fall killed him instantly. He was only 35 but as we said above, G\u00f6ran already managed to make such a huge mark on the world he\u2019ll be remembered forever.<\/p>\n","protected":false},"excerpt":{"rendered":"<p>Although G\u00f6ran Kropp\u00a0left us when he\u00a0was only 35, he managed to accomplish amazing things that most\u00a0of us can only\u00a0dream of. [&hellip;]<\/p>\n","protected":false},"author":12,"featured_media":146880,"comment_status":"open","ping_status":"open","sticky":false,"template":"","format":"standard","meta":{"footnotes":""},"categories":[4142],"tags":[884,885],"global-categories":[],"class_list":["post-146875","post","type-post","status-publish","format-standard","has-post-thumbnail","hentry","category-ride2unite","tag-goran-kropp","tag-mount-everest"],"yoast_head":"<!-- This site is optimized with the Yoast SEO Premium plugin v25.3 (Yoast SEO v25.9) - https:\/\/yoast.com\/wordpress\/plugins\/seo\/ -->\n<title>\u201cCrazy Swede\u201d \u2013 That\u2019s the Nickname You Get When You Bike 13.000 Km from Sweden to Nepal - \u0160koda We Love Cycling<\/title>\n<meta name=\"description\" content=\"Although G\u00f6ran Kropp\u00a0left us when he\u00a0was only 35, he managed to accomplish amazing things that most\u00a0of us can only\u00a0dream of. G\u00f6ran\u2019s fascination with\" \/>\n<meta name=\"robots\" content=\"index, follow, max-snippet:-1, max-image-preview:large, max-video-preview:-1\" \/>\n<link rel=\"canonical\" href=\"https:\/\/www.welovecycling.com\/wide\/2017\/02\/22\/crazy-swede-thats-nickname-get-bike-13-000-km-sweden-nepal\/\" \/>\n<meta property=\"og:locale\" content=\"en_US\" \/>\n<meta property=\"og:type\" content=\"article\" \/>\n<meta property=\"og:title\" content=\"\u201cCrazy Swede\u201d \u2013 That\u2019s the Nickname You Get When You Bike 13.000 Km from Sweden to Nepal\" \/>\n<meta property=\"og:description\" content=\"Although G\u00f6ran Kropp\u00a0left us when he\u00a0was only 35, he managed to accomplish amazing things that most\u00a0of us can only\u00a0dream of. G\u00f6ran\u2019s fascination with\" \/>\n<meta property=\"og:url\" content=\"https:\/\/www.welovecycling.com\/wide\/2017\/02\/22\/crazy-swede-thats-nickname-get-bike-13-000-km-sweden-nepal\/\" \/>\n<meta property=\"og:site_name\" content=\"\u0160koda We Love Cycling\" \/>\n<meta property=\"article:published_time\" content=\"2017-02-22T12:21:54+00:00\" \/>\n<meta property=\"og:image\" content=\"https:\/\/d2p6e6u75xmxt8.cloudfront.net\/2\/2017\/02\/244223242_42242442.webp\" \/>\n\t<meta property=\"og:image:width\" content=\"900\" \/>\n\t<meta property=\"og:image:height\" content=\"600\" \/>\n\t<meta property=\"og:image:type\" content=\"image\/webp\" \/>\n<meta name=\"twitter:card\" content=\"summary_large_image\" \/>\n<meta name=\"twitter:label1\" content=\"Written by\" \/>\n\t<meta name=\"twitter:data1\" content=\"Frantiska Blazkova\/Jan Kasl\" \/>\n\t<meta name=\"twitter:label2\" content=\"Est. reading time\" \/>\n\t<meta name=\"twitter:data2\" content=\"2 minutes\" \/>\n<script type=\"application\/ld+json\" class=\"yoast-schema-graph\">{\"@context\":\"https:\/\/schema.org\",\"@graph\":[{\"@type\":\"WebPage\",\"@id\":\"https:\/\/www.welovecycling.com\/wide\/2017\/02\/22\/crazy-swede-thats-nickname-get-bike-13-000-km-sweden-nepal\/\",\"url\":\"https:\/\/www.welovecycling.com\/wide\/2017\/02\/22\/crazy-swede-thats-nickname-get-bike-13-000-km-sweden-nepal\/\",\"name\":\"\u201cCrazy Swede\u201d \u2013 That\u2019s the Nickname You Get When You Bike 13.000 Km from Sweden to Nepal - \u0160koda We Love Cycling\",\"isPartOf\":{\"@id\":\"https:\/\/www.welovecycling.com\/wide\/#website\"},\"primaryImageOfPage\":{\"@id\":\"https:\/\/www.welovecycling.com\/wide\/2017\/02\/22\/crazy-swede-thats-nickname-get-bike-13-000-km-sweden-nepal\/#primaryimage\"},\"image\":{\"@id\":\"https:\/\/www.welovecycling.com\/wide\/2017\/02\/22\/crazy-swede-thats-nickname-get-bike-13-000-km-sweden-nepal\/#primaryimage\"},\"thumbnailUrl\":\"https:\/\/d2p6e6u75xmxt8.cloudfront.net\/2\/2017\/02\/244223242_42242442.webp\",\"datePublished\":\"2017-02-22T12:21:54+00:00\",\"author\":{\"@id\":\"\"},\"description\":\"Although G\u00f6ran Kropp\u00a0left us when he\u00a0was only 35, he managed to accomplish amazing things that most\u00a0of us can only\u00a0dream of. G\u00f6ran\u2019s fascination with\",\"breadcrumb\":{\"@id\":\"https:\/\/www.welovecycling.com\/wide\/2017\/02\/22\/crazy-swede-thats-nickname-get-bike-13-000-km-sweden-nepal\/#breadcrumb\"},\"inLanguage\":\"en-US\",\"potentialAction\":[{\"@type\":\"ReadAction\",\"target\":[\"https:\/\/www.welovecycling.com\/wide\/2017\/02\/22\/crazy-swede-thats-nickname-get-bike-13-000-km-sweden-nepal\/\"]}]},{\"@type\":\"ImageObject\",\"inLanguage\":\"en-US\",\"@id\":\"https:\/\/www.welovecycling.com\/wide\/2017\/02\/22\/crazy-swede-thats-nickname-get-bike-13-000-km-sweden-nepal\/#primaryimage\",\"url\":\"https:\/\/d2p6e6u75xmxt8.cloudfront.net\/2\/2017\/02\/244223242_42242442.webp\",\"contentUrl\":\"https:\/\/d2p6e6u75xmxt8.cloudfront.net\/2\/2017\/02\/244223242_42242442.webp\",\"width\":900,\"height\":600},{\"@type\":\"BreadcrumbList\",\"@id\":\"https:\/\/www.welovecycling.com\/wide\/2017\/02\/22\/crazy-swede-thats-nickname-get-bike-13-000-km-sweden-nepal\/#breadcrumb\",\"itemListElement\":[{\"@type\":\"ListItem\",\"position\":1,\"name\":\"Home\",\"item\":\"https:\/\/www.welovecycling.com\/wide\/\"},{\"@type\":\"ListItem\",\"position\":2,\"name\":\"\u201cCrazy Swede\u201d \u2013 That\u2019s the Nickname You Get When You Bike 13.000 Km from Sweden to Nepal\"}]},{\"@type\":\"WebSite\",\"@id\":\"https:\/\/www.welovecycling.com\/wide\/#website\",\"url\":\"https:\/\/www.welovecycling.com\/wide\/\",\"name\":\"\u0160koda We Love Cycling\",\"description\":\"\u0160koda We Love Cycling magazine\",\"alternateName\":\"\u0160koda WLC\",\"potentialAction\":[{\"@type\":\"SearchAction\",\"target\":{\"@type\":\"EntryPoint\",\"urlTemplate\":\"https:\/\/www.welovecycling.com\/wide\/?s={search_term_string}\"},\"query-input\":{\"@type\":\"PropertyValueSpecification\",\"valueRequired\":true,\"valueName\":\"search_term_string\"}}],\"inLanguage\":\"en-US\"},{\"@type\":\"Person\",\"@id\":\"\",\"url\":\"https:\/\/www.welovecycling.com\/wide\/author\/\"}]}<\/script>\n<!-- \/ Yoast SEO Premium plugin. -->","yoast_head_json":{"title":"\u201cCrazy Swede\u201d \u2013 That\u2019s the Nickname You Get When You Bike 13.000 Km from Sweden to Nepal - \u0160koda We Love Cycling","description":"Although G\u00f6ran Kropp\u00a0left us when he\u00a0was only 35, he managed to accomplish amazing things that most\u00a0of us can only\u00a0dream of. G\u00f6ran\u2019s fascination with","robots":{"index":"index","follow":"follow","max-snippet":"max-snippet:-1","max-image-preview":"max-image-preview:large","max-video-preview":"max-video-preview:-1"},"canonical":"https:\/\/www.welovecycling.com\/wide\/2017\/02\/22\/crazy-swede-thats-nickname-get-bike-13-000-km-sweden-nepal\/","og_locale":"en_US","og_type":"article","og_title":"\u201cCrazy Swede\u201d \u2013 That\u2019s the Nickname You Get When You Bike 13.000 Km from Sweden to Nepal","og_description":"Although G\u00f6ran Kropp\u00a0left us when he\u00a0was only 35, he managed to accomplish amazing things that most\u00a0of us can only\u00a0dream of. G\u00f6ran\u2019s fascination with","og_url":"https:\/\/www.welovecycling.com\/wide\/2017\/02\/22\/crazy-swede-thats-nickname-get-bike-13-000-km-sweden-nepal\/","og_site_name":"\u0160koda We Love Cycling","article_published_time":"2017-02-22T12:21:54+00:00","og_image":[{"width":900,"height":600,"url":"https:\/\/d2p6e6u75xmxt8.cloudfront.net\/2\/2017\/02\/244223242_42242442.webp","type":"image\/webp"}],"twitter_card":"summary_large_image","twitter_misc":{"Written by":"Frantiska Blazkova\/Jan Kasl","Est. reading time":"2 minutes"},"schema":{"@context":"https:\/\/schema.org","@graph":[{"@type":"WebPage","@id":"https:\/\/www.welovecycling.com\/wide\/2017\/02\/22\/crazy-swede-thats-nickname-get-bike-13-000-km-sweden-nepal\/","url":"https:\/\/www.welovecycling.com\/wide\/2017\/02\/22\/crazy-swede-thats-nickname-get-bike-13-000-km-sweden-nepal\/","name":"\u201cCrazy Swede\u201d \u2013 That\u2019s the Nickname You Get When You Bike 13.000 Km from Sweden to Nepal - \u0160koda We Love Cycling","isPartOf":{"@id":"https:\/\/www.welovecycling.com\/wide\/#website"},"primaryImageOfPage":{"@id":"https:\/\/www.welovecycling.com\/wide\/2017\/02\/22\/crazy-swede-thats-nickname-get-bike-13-000-km-sweden-nepal\/#primaryimage"},"image":{"@id":"https:\/\/www.welovecycling.com\/wide\/2017\/02\/22\/crazy-swede-thats-nickname-get-bike-13-000-km-sweden-nepal\/#primaryimage"},"thumbnailUrl":"https:\/\/d2p6e6u75xmxt8.cloudfront.net\/2\/2017\/02\/244223242_42242442.webp","datePublished":"2017-02-22T12:21:54+00:00","author":{"@id":""},"description":"Although G\u00f6ran Kropp\u00a0left us when he\u00a0was only 35, he managed to accomplish amazing things that most\u00a0of us can only\u00a0dream of. G\u00f6ran\u2019s fascination with","breadcrumb":{"@id":"https:\/\/www.welovecycling.com\/wide\/2017\/02\/22\/crazy-swede-thats-nickname-get-bike-13-000-km-sweden-nepal\/#breadcrumb"},"inLanguage":"en-US","potentialAction":[{"@type":"ReadAction","target":["https:\/\/www.welovecycling.com\/wide\/2017\/02\/22\/crazy-swede-thats-nickname-get-bike-13-000-km-sweden-nepal\/"]}]},{"@type":"ImageObject","inLanguage":"en-US","@id":"https:\/\/www.welovecycling.com\/wide\/2017\/02\/22\/crazy-swede-thats-nickname-get-bike-13-000-km-sweden-nepal\/#primaryimage","url":"https:\/\/d2p6e6u75xmxt8.cloudfront.net\/2\/2017\/02\/244223242_42242442.webp","contentUrl":"https:\/\/d2p6e6u75xmxt8.cloudfront.net\/2\/2017\/02\/244223242_42242442.webp","width":900,"height":600},{"@type":"BreadcrumbList","@id":"https:\/\/www.welovecycling.com\/wide\/2017\/02\/22\/crazy-swede-thats-nickname-get-bike-13-000-km-sweden-nepal\/#breadcrumb","itemListElement":[{"@type":"ListItem","position":1,"name":"Home","item":"https:\/\/www.welovecycling.com\/wide\/"},{"@type":"ListItem","position":2,"name":"\u201cCrazy Swede\u201d \u2013 That\u2019s the Nickname You Get When You Bike 13.000 Km from Sweden to Nepal"}]},{"@type":"WebSite","@id":"https:\/\/www.welovecycling.com\/wide\/#website","url":"https:\/\/www.welovecycling.com\/wide\/","name":"\u0160koda We Love Cycling","description":"\u0160koda We Love Cycling magazine","alternateName":"\u0160koda WLC","potentialAction":[{"@type":"SearchAction","target":{"@type":"EntryPoint","urlTemplate":"https:\/\/www.welovecycling.com\/wide\/?s={search_term_string}"},"query-input":{"@type":"PropertyValueSpecification","valueRequired":true,"valueName":"search_term_string"}}],"inLanguage":"en-US"},{"@type":"Person","@id":"","url":"https:\/\/www.welovecycling.com\/wide\/author\/"}]}},"_links":{"self":[{"href":"https:\/\/www.welovecycling.com\/wide\/wp-json\/wp\/v2\/posts\/146875","targetHints":{"allow":["GET"]}}],"collection":[{"href":"https:\/\/www.welovecycling.com\/wide\/wp-json\/wp\/v2\/posts"}],"about":[{"href":"https:\/\/www.welovecycling.com\/wide\/wp-json\/wp\/v2\/types\/post"}],"author":[{"embeddable":true,"href":"https:\/\/www.welovecycling.com\/wide\/wp-json\/wp\/v2\/users\/12"}],"replies":[{"embeddable":true,"href":"https:\/\/www.welovecycling.com\/wide\/wp-json\/wp\/v2\/comments?post=146875"}],"version-history":[{"count":2,"href":"https:\/\/www.welovecycling.com\/wide\/wp-json\/wp\/v2\/posts\/146875\/revisions"}],"predecessor-version":[{"id":146931,"href":"https:\/\/www.welovecycling.com\/wide\/wp-json\/wp\/v2\/posts\/146875\/revisions\/146931"}],"wp:featuredmedia":[{"embeddable":true,"href":"https:\/\/www.welovecycling.com\/wide\/wp-json\/wp\/v2\/media\/146880"}],"wp:attachment":[{"href":"https:\/\/www.welovecycling.com\/wide\/wp-json\/wp\/v2\/media?parent=146875"}],"wp:term":[{"taxonomy":"category","embeddable":true,"href":"https:\/\/www.welovecycling.com\/wide\/wp-json\/wp\/v2\/categories?post=146875"},{"taxonomy":"post_tag","embeddable":true,"href":"https:\/\/www.welovecycling.com\/wide\/wp-json\/wp\/v2\/tags?post=146875"},{"taxonomy":"global-categories","embeddable":true,"href":"https:\/\/www.welovecycling.com\/wide\/wp-json\/wp\/v2\/global-categories?post=146875"}],"curies":[{"name":"wp","href":"https:\/\/api.w.org\/{rel}","templated":true}]}}