{"id":146607,"date":"2017-02-08T10:37:56","date_gmt":"2017-02-08T10:37:56","guid":{"rendered":"https:\/\/www.welovecycling.com\/wide\/?p=146607"},"modified":"2017-02-08T11:55:35","modified_gmt":"2017-02-08T11:55:35","slug":"10-iconic-photographs-history-le-tour-de-france-vol-3","status":"publish","type":"post","link":"https:\/\/www.welovecycling.com\/wide\/2017\/02\/08\/10-iconic-photographs-history-le-tour-de-france-vol-3\/","title":{"rendered":"10 Iconic Photographs from the History of Le Tour de France &#8211; vol. 3"},"content":{"rendered":"<p><strong>Do you miss the Tour de France as much as we do? It\u2019s still a long way to go till this year\u2019s edition kicks off in D\u00fcsseldorf, so we believe it\u2019s the ideal time to step back and enjoy some pictures from the rich history of our beloved event. Which era do you like the most? Is it the 1930s? 50s? Or do you prefer the one we have in view today? Let us know in the comments!<\/strong><br \/>\n<!--more--><\/p>\n<div class=\"shortcode-ys-post-pinup\"><article class=\"loop-simple post-145169 post type-post status-publish format-standard has-post-thumbnail hentry category-road-cycling tag-retro tag-tour-de-france tag-vintage\" data-postid=\"145169\" role=\"article\" data-post-id=\"145169\" data-word-count=\"312\" data-headline-length=\"59\" data-category=\"Road cycling\" data-author=\"Monica Buck\" data-published=\"2016-11-25T09:34:29+00:00\" data-published-day=\"Friday\">\n    <div class=\"entry-thumbnail article-thumbnail\" content=\"https:\/\/d2p6e6u75xmxt8.cloudfront.net\/2\/2016\/11\/313113_13131313-150x150.webp\"><a href=\"https:\/\/www.welovecycling.com\/wide\/2016\/11\/25\/10-iconic-photographs-history-le-tour-de-france\/\" class=\"image-holder\" target=\"_self\"><img decoding=\"async\" loading=\"lazy\" class=\"\" src=\"https:\/\/d2p6e6u75xmxt8.cloudfront.net\/2\/2016\/11\/313113_13131313.webp\" srcset=\"https:\/\/d2p6e6u75xmxt8.cloudfront.net\/2\/2016\/11\/313113_13131313.webp 900w, https:\/\/d2p6e6u75xmxt8.cloudfront.net\/2\/2016\/11\/313113_13131313-300x200.webp 300w, https:\/\/d2p6e6u75xmxt8.cloudfront.net\/2\/2016\/11\/313113_13131313-768x512.webp 768w, https:\/\/d2p6e6u75xmxt8.cloudfront.net\/2\/2016\/11\/313113_13131313-272x182.webp 272w\" width=\"900\" height=\"600\" sizes=\"auto, (min-width: 1200px) 300px, (min-width: 768px) 25vw, 100vw\" alt=\"10-iconic-photographs-history-le-tour-de-france\"\/><\/a><\/div>    <div class=\"entry-meta\">\n        <a class=\"label label-secondary post-category\" href=\"https:\/\/www.welovecycling.com\/wide\/category\/road-cycling\/\" title=\"Road cycling\">Road cycling<\/a>\n    <\/div>\n    <div class=\"entry-details\">\n        <a href=\"https:\/\/www.welovecycling.com\/wide\/2016\/11\/25\/10-iconic-photographs-history-le-tour-de-france\/\" class='entry-title-wrapper'>\n            <h3 class=\"entry-title\"><span>10 Iconic Photographs from the History of Le Tour de France<\/span><\/h3>\n        <\/a>\n    <\/div>\n    <\/article>\n<\/div>\n<figure id=\"attachment_146608\" aria-describedby=\"caption-attachment-146608\" style=\"width: 529px\" class=\"wp-caption alignnone\"><a href=\"https:\/\/d2p6e6u75xmxt8.cloudfront.net\/2\/2017\/02\/Victor-Lenears-.jpg\"><img loading=\"lazy\" decoding=\"async\" class=\"size-full wp-image-146608\" src=\"https:\/\/d2p6e6u75xmxt8.cloudfront.net\/2\/2017\/02\/Victor-Lenears-.jpg\" alt=\"\" width=\"529\" height=\"796\" \/><\/a><figcaption id=\"caption-attachment-146608\" class=\"wp-caption-text\">Victor Lenears (1924)<\/figcaption><\/figure>\n<figure id=\"attachment_146609\" aria-describedby=\"caption-attachment-146609\" style=\"width: 600px\" class=\"wp-caption alignnone\"><a href=\"https:\/\/d2p6e6u75xmxt8.cloudfront.net\/2\/2017\/02\/The-frontrunners-cool-off-during-the-12th-stage-of-the-1961-Tour-de-France-at-a-fountain-in-Saint-Maximin-la-Sainte-Baume.jpg\"><img loading=\"lazy\" decoding=\"async\" class=\"size-full wp-image-146609\" src=\"https:\/\/d2p6e6u75xmxt8.cloudfront.net\/2\/2017\/02\/The-frontrunners-cool-off-during-the-12th-stage-of-the-1961-Tour-de-France-at-a-fountain-in-Saint-Maximin-la-Sainte-Baume.jpg\" alt=\"\" width=\"600\" height=\"468\" \/><\/a><figcaption id=\"caption-attachment-146609\" class=\"wp-caption-text\">The frontrunners cool off during the 12th stage of the 1961 Tour de France at a fountain in Saint-Maximin-la-Sainte-Baume<\/figcaption><\/figure>\n<figure id=\"attachment_146610\" aria-describedby=\"caption-attachment-146610\" style=\"width: 736px\" class=\"wp-caption alignnone\"><a href=\"https:\/\/d2p6e6u75xmxt8.cloudfront.net\/2\/2017\/02\/Proper-sportsmanship-.jpg\"><img loading=\"lazy\" decoding=\"async\" class=\"size-full wp-image-146610\" src=\"https:\/\/d2p6e6u75xmxt8.cloudfront.net\/2\/2017\/02\/Proper-sportsmanship-.jpg\" alt=\"\" width=\"736\" height=\"488\" \/><\/a><figcaption id=\"caption-attachment-146610\" class=\"wp-caption-text\">Proper sportsmanship (1948)<\/figcaption><\/figure>\n<figure id=\"attachment_146611\" aria-describedby=\"caption-attachment-146611\" style=\"width: 1024px\" class=\"wp-caption alignnone\"><a href=\"https:\/\/d2p6e6u75xmxt8.cloudfront.net\/2\/2017\/02\/Eddy-Mercx-conquering-the-Mount-Ventoux-.jpg\"><img loading=\"lazy\" decoding=\"async\" class=\"size-full wp-image-146611\" src=\"https:\/\/d2p6e6u75xmxt8.cloudfront.net\/2\/2017\/02\/Eddy-Mercx-conquering-the-Mount-Ventoux-.jpg\" alt=\"\" width=\"1024\" height=\"1039\" \/><\/a><figcaption id=\"caption-attachment-146611\" class=\"wp-caption-text\">Eddy Mercx conquering the Mount Ventoux (1969)<\/figcaption><\/figure>\n<figure id=\"attachment_146612\" aria-describedby=\"caption-attachment-146612\" style=\"width: 564px\" class=\"wp-caption alignnone\"><a href=\"https:\/\/d2p6e6u75xmxt8.cloudfront.net\/2\/2017\/02\/Refreshments-1964.jpg\"><img loading=\"lazy\" decoding=\"async\" class=\"size-full wp-image-146612\" src=\"https:\/\/d2p6e6u75xmxt8.cloudfront.net\/2\/2017\/02\/Refreshments-1964.jpg\" alt=\"\" width=\"564\" height=\"559\" \/><\/a><figcaption id=\"caption-attachment-146612\" class=\"wp-caption-text\">Refreshments (1964)<\/figcaption><\/figure>\n<figure id=\"attachment_146613\" aria-describedby=\"caption-attachment-146613\" style=\"width: 500px\" class=\"wp-caption alignnone\"><a href=\"https:\/\/d2p6e6u75xmxt8.cloudfront.net\/2\/2017\/02\/nutrition-is-important.jpg\"><img loading=\"lazy\" decoding=\"async\" class=\"size-full wp-image-146613\" src=\"https:\/\/d2p6e6u75xmxt8.cloudfront.net\/2\/2017\/02\/nutrition-is-important.jpg\" alt=\"\" width=\"500\" height=\"598\" \/><\/a><figcaption id=\"caption-attachment-146613\" class=\"wp-caption-text\">Nutrition is important (1936)<\/figcaption><\/figure>\n<figure id=\"attachment_146614\" aria-describedby=\"caption-attachment-146614\" style=\"width: 455px\" class=\"wp-caption alignnone\"><a href=\"https:\/\/d2p6e6u75xmxt8.cloudfront.net\/2\/2017\/02\/Tour-de-France-1922.jpg\"><img loading=\"lazy\" decoding=\"async\" class=\"size-full wp-image-146614\" src=\"https:\/\/d2p6e6u75xmxt8.cloudfront.net\/2\/2017\/02\/Tour-de-France-1922.jpg\" alt=\"\" width=\"455\" height=\"800\" \/><\/a><figcaption id=\"caption-attachment-146614\" class=\"wp-caption-text\">Tour de France 1922<\/figcaption><\/figure>\n<figure id=\"attachment_146615\" aria-describedby=\"caption-attachment-146615\" style=\"width: 659px\" class=\"wp-caption alignnone\"><a href=\"https:\/\/d2p6e6u75xmxt8.cloudfront.net\/2\/2017\/02\/Fireman-refreshes-the-peloton-during-the-1950-Tour-de-France-.jpg\"><img loading=\"lazy\" decoding=\"async\" class=\"size-full wp-image-146615\" src=\"https:\/\/d2p6e6u75xmxt8.cloudfront.net\/2\/2017\/02\/Fireman-refreshes-the-peloton-during-the-1950-Tour-de-France-.jpg\" alt=\"\" width=\"659\" height=\"439\" \/><\/a><figcaption id=\"caption-attachment-146615\" class=\"wp-caption-text\">Fireman cools the peloton down during the 1950 Tour de France.<\/figcaption><\/figure>\n<figure id=\"attachment_146616\" aria-describedby=\"caption-attachment-146616\" style=\"width: 530px\" class=\"wp-caption alignnone\"><a href=\"https:\/\/d2p6e6u75xmxt8.cloudfront.net\/2\/2017\/02\/Short-break-in-a-bistro.jpg\"><img loading=\"lazy\" decoding=\"async\" class=\"size-full wp-image-146616\" src=\"https:\/\/d2p6e6u75xmxt8.cloudfront.net\/2\/2017\/02\/Short-break-in-a-bistro.jpg\" alt=\"\" width=\"530\" height=\"364\" \/><\/a><figcaption id=\"caption-attachment-146616\" class=\"wp-caption-text\">Short break in a bistro (1930)<\/figcaption><\/figure>\n<figure id=\"attachment_146617\" aria-describedby=\"caption-attachment-146617\" style=\"width: 610px\" class=\"wp-caption alignnone\"><a href=\"https:\/\/d2p6e6u75xmxt8.cloudfront.net\/2\/2017\/02\/The-Algerian-Abdel-Kader-Zaaf-drank-two-bottles-of-wine-in-the-tour-of-1950-He-fell-asleep-under-a-tree-When-he-woke-up-he-got-on-his-bike-again-but-proceeded-to-ride-the-wrong-way-on-the-course.jpg\"><img loading=\"lazy\" decoding=\"async\" class=\"size-full wp-image-146617\" src=\"https:\/\/d2p6e6u75xmxt8.cloudfront.net\/2\/2017\/02\/The-Algerian-Abdel-Kader-Zaaf-drank-two-bottles-of-wine-in-the-tour-of-1950-He-fell-asleep-under-a-tree-When-he-woke-up-he-got-on-his-bike-again-but-proceeded-to-ride-the-wrong-way-on-the-course.jpg\" alt=\"\" width=\"610\" height=\"659\" \/><\/a><figcaption id=\"caption-attachment-146617\" class=\"wp-caption-text\">The Algerian Abdel-Kader Zaaf drank two bottles of wine during the 1950 Tour de France. He fell asleep under a tree. When he woke up he got on his bike again but proceeded to ride the wrong way on the course.<\/figcaption><\/figure>\n<div class=\"shortcode-ys-post-pinup\"><article class=\"loop-simple post-146364 post type-post status-publish format-standard has-post-thumbnail hentry category-road-cycling tag-retro tag-tour-de-france tag-vintage\" data-postid=\"146364\" role=\"article\" data-post-id=\"146364\" data-word-count=\"133\" data-headline-length=\"69\" data-category=\"Road cycling\" data-author=\"Monica Buck\" data-published=\"2017-02-01T13:11:28+00:00\" data-published-day=\"Wednesday\">\n    <div class=\"entry-thumbnail article-thumbnail\" content=\"https:\/\/d2p6e6u75xmxt8.cloudfront.net\/2\/2017\/02\/22242431_241313-150x150.webp\"><a href=\"https:\/\/www.welovecycling.com\/wide\/2017\/02\/01\/10-iconic-photographs-history-le-tour-de-france-vol-2\/\" class=\"image-holder\" target=\"_self\"><img decoding=\"async\" loading=\"lazy\" class=\"\" src=\"https:\/\/d2p6e6u75xmxt8.cloudfront.net\/2\/2017\/02\/22242431_241313.webp\" srcset=\"https:\/\/d2p6e6u75xmxt8.cloudfront.net\/2\/2017\/02\/22242431_241313.webp 900w, https:\/\/d2p6e6u75xmxt8.cloudfront.net\/2\/2017\/02\/22242431_241313-300x200.webp 300w, https:\/\/d2p6e6u75xmxt8.cloudfront.net\/2\/2017\/02\/22242431_241313-768x512.webp 768w, https:\/\/d2p6e6u75xmxt8.cloudfront.net\/2\/2017\/02\/22242431_241313-272x182.webp 272w\" width=\"900\" height=\"600\" sizes=\"auto, (min-width: 1200px) 300px, (min-width: 768px) 25vw, 100vw\" alt=\"10-iconic-photographs-history-le-tour-de-france-vol-2\"\/><\/a><\/div>    <div class=\"entry-meta\">\n        <a class=\"label label-secondary post-category\" href=\"https:\/\/www.welovecycling.com\/wide\/category\/road-cycling\/\" title=\"Road cycling\">Road cycling<\/a>\n    <\/div>\n    <div class=\"entry-details\">\n        <a href=\"https:\/\/www.welovecycling.com\/wide\/2017\/02\/01\/10-iconic-photographs-history-le-tour-de-france-vol-2\/\" class='entry-title-wrapper'>\n            <h3 class=\"entry-title\"><span>9 Iconic Photographs from the History of Le Tour de France \u2013 Vol. 2<\/span><\/h3>\n        <\/a>\n    <\/div>\n    <\/article>\n<\/div>\n","protected":false},"excerpt":{"rendered":"<p>Do you miss the Tour de France as much as we do? It\u2019s still a long way to go till [&hellip;]<\/p>\n","protected":false},"author":12,"featured_media":146620,"comment_status":"open","ping_status":"open","sticky":false,"template":"","format":"standard","meta":{"footnotes":""},"categories":[329],"tags":[487,433],"global-categories":[],"class_list":["post-146607","post","type-post","status-publish","format-standard","has-post-thumbnail","hentry","category-road-cycling","tag-retro","tag-tour-de-france"],"yoast_head":"<!-- This site is optimized with the Yoast SEO Premium plugin v25.3 (Yoast SEO v25.9) - https:\/\/yoast.com\/wordpress\/plugins\/seo\/ -->\n<title>10 Iconic Photographs from the History of Le Tour de France - vol. 3 - \u0160koda We Love Cycling<\/title>\n<meta name=\"description\" content=\"Do you miss the Tour de France as much as we do? It\u2019s still a long way to go till this year\u2019s edition kicks off in D\u00fcsseldorf, so we believe it\u2019s the\" \/>\n<meta name=\"robots\" content=\"index, follow, max-snippet:-1, max-image-preview:large, max-video-preview:-1\" \/>\n<link rel=\"canonical\" href=\"https:\/\/www.welovecycling.com\/wide\/2017\/02\/08\/10-iconic-photographs-history-le-tour-de-france-vol-3\/\" \/>\n<meta property=\"og:locale\" content=\"en_US\" \/>\n<meta property=\"og:type\" content=\"article\" \/>\n<meta property=\"og:title\" content=\"10 Iconic Photographs from the History of Le Tour de France - vol. 3\" \/>\n<meta property=\"og:description\" content=\"Do you miss the Tour de France as much as we do? It\u2019s still a long way to go till this year\u2019s edition kicks off in D\u00fcsseldorf, so we believe it\u2019s the\" \/>\n<meta property=\"og:url\" content=\"https:\/\/www.welovecycling.com\/wide\/2017\/02\/08\/10-iconic-photographs-history-le-tour-de-france-vol-3\/\" \/>\n<meta property=\"og:site_name\" content=\"\u0160koda We Love Cycling\" \/>\n<meta property=\"article:published_time\" content=\"2017-02-08T10:37:56+00:00\" \/>\n<meta property=\"article:modified_time\" content=\"2017-02-08T11:55:35+00:00\" \/>\n<meta property=\"og:image\" content=\"https:\/\/d2p6e6u75xmxt8.cloudfront.net\/2\/2017\/02\/32322323_23323233.webp\" \/>\n\t<meta property=\"og:image:width\" content=\"900\" \/>\n\t<meta property=\"og:image:height\" content=\"600\" \/>\n\t<meta property=\"og:image:type\" content=\"image\/webp\" \/>\n<meta name=\"twitter:card\" content=\"summary_large_image\" \/>\n<meta name=\"twitter:label1\" content=\"Written by\" \/>\n\t<meta name=\"twitter:data1\" content=\"Monica Buck\" \/>\n\t<meta name=\"twitter:label2\" content=\"Est. reading time\" \/>\n\t<meta name=\"twitter:data2\" content=\"1 minute\" \/>\n<script type=\"application\/ld+json\" class=\"yoast-schema-graph\">{\"@context\":\"https:\/\/schema.org\",\"@graph\":[{\"@type\":\"WebPage\",\"@id\":\"https:\/\/www.welovecycling.com\/wide\/2017\/02\/08\/10-iconic-photographs-history-le-tour-de-france-vol-3\/\",\"url\":\"https:\/\/www.welovecycling.com\/wide\/2017\/02\/08\/10-iconic-photographs-history-le-tour-de-france-vol-3\/\",\"name\":\"10 Iconic Photographs from the History of Le Tour de France - vol. 3 - \u0160koda We Love Cycling\",\"isPartOf\":{\"@id\":\"https:\/\/www.welovecycling.com\/wide\/#website\"},\"primaryImageOfPage\":{\"@id\":\"https:\/\/www.welovecycling.com\/wide\/2017\/02\/08\/10-iconic-photographs-history-le-tour-de-france-vol-3\/#primaryimage\"},\"image\":{\"@id\":\"https:\/\/www.welovecycling.com\/wide\/2017\/02\/08\/10-iconic-photographs-history-le-tour-de-france-vol-3\/#primaryimage\"},\"thumbnailUrl\":\"https:\/\/d2p6e6u75xmxt8.cloudfront.net\/2\/2017\/02\/32322323_23323233.webp\",\"datePublished\":\"2017-02-08T10:37:56+00:00\",\"dateModified\":\"2017-02-08T11:55:35+00:00\",\"author\":{\"@id\":\"\"},\"description\":\"Do you miss the Tour de France as much as we do? It\u2019s still a long way to go till this year\u2019s edition kicks off in D\u00fcsseldorf, so we believe it\u2019s the\",\"breadcrumb\":{\"@id\":\"https:\/\/www.welovecycling.com\/wide\/2017\/02\/08\/10-iconic-photographs-history-le-tour-de-france-vol-3\/#breadcrumb\"},\"inLanguage\":\"en-US\",\"potentialAction\":[{\"@type\":\"ReadAction\",\"target\":[\"https:\/\/www.welovecycling.com\/wide\/2017\/02\/08\/10-iconic-photographs-history-le-tour-de-france-vol-3\/\"]}]},{\"@type\":\"ImageObject\",\"inLanguage\":\"en-US\",\"@id\":\"https:\/\/www.welovecycling.com\/wide\/2017\/02\/08\/10-iconic-photographs-history-le-tour-de-france-vol-3\/#primaryimage\",\"url\":\"https:\/\/d2p6e6u75xmxt8.cloudfront.net\/2\/2017\/02\/32322323_23323233.webp\",\"contentUrl\":\"https:\/\/d2p6e6u75xmxt8.cloudfront.net\/2\/2017\/02\/32322323_23323233.webp\",\"width\":900,\"height\":600},{\"@type\":\"BreadcrumbList\",\"@id\":\"https:\/\/www.welovecycling.com\/wide\/2017\/02\/08\/10-iconic-photographs-history-le-tour-de-france-vol-3\/#breadcrumb\",\"itemListElement\":[{\"@type\":\"ListItem\",\"position\":1,\"name\":\"Home\",\"item\":\"https:\/\/www.welovecycling.com\/wide\/\"},{\"@type\":\"ListItem\",\"position\":2,\"name\":\"10 Iconic Photographs from the History of Le Tour de France &#8211; vol. 3\"}]},{\"@type\":\"WebSite\",\"@id\":\"https:\/\/www.welovecycling.com\/wide\/#website\",\"url\":\"https:\/\/www.welovecycling.com\/wide\/\",\"name\":\"\u0160koda We Love Cycling\",\"description\":\"\u0160koda We Love Cycling magazine\",\"alternateName\":\"\u0160koda WLC\",\"potentialAction\":[{\"@type\":\"SearchAction\",\"target\":{\"@type\":\"EntryPoint\",\"urlTemplate\":\"https:\/\/www.welovecycling.com\/wide\/?s={search_term_string}\"},\"query-input\":{\"@type\":\"PropertyValueSpecification\",\"valueRequired\":true,\"valueName\":\"search_term_string\"}}],\"inLanguage\":\"en-US\"},{\"@type\":\"Person\",\"@id\":\"\",\"url\":\"https:\/\/www.welovecycling.com\/wide\/author\/\"}]}<\/script>\n<!-- \/ Yoast SEO Premium plugin. -->","yoast_head_json":{"title":"10 Iconic Photographs from the History of Le Tour de France - vol. 3 - \u0160koda We Love Cycling","description":"Do you miss the Tour de France as much as we do? It\u2019s still a long way to go till this year\u2019s edition kicks off in D\u00fcsseldorf, so we believe it\u2019s the","robots":{"index":"index","follow":"follow","max-snippet":"max-snippet:-1","max-image-preview":"max-image-preview:large","max-video-preview":"max-video-preview:-1"},"canonical":"https:\/\/www.welovecycling.com\/wide\/2017\/02\/08\/10-iconic-photographs-history-le-tour-de-france-vol-3\/","og_locale":"en_US","og_type":"article","og_title":"10 Iconic Photographs from the History of Le Tour de France - vol. 3","og_description":"Do you miss the Tour de France as much as we do? It\u2019s still a long way to go till this year\u2019s edition kicks off in D\u00fcsseldorf, so we believe it\u2019s the","og_url":"https:\/\/www.welovecycling.com\/wide\/2017\/02\/08\/10-iconic-photographs-history-le-tour-de-france-vol-3\/","og_site_name":"\u0160koda We Love Cycling","article_published_time":"2017-02-08T10:37:56+00:00","article_modified_time":"2017-02-08T11:55:35+00:00","og_image":[{"width":900,"height":600,"url":"https:\/\/d2p6e6u75xmxt8.cloudfront.net\/2\/2017\/02\/32322323_23323233.webp","type":"image\/webp"}],"twitter_card":"summary_large_image","twitter_misc":{"Written by":"Monica Buck","Est. reading time":"1 minute"},"schema":{"@context":"https:\/\/schema.org","@graph":[{"@type":"WebPage","@id":"https:\/\/www.welovecycling.com\/wide\/2017\/02\/08\/10-iconic-photographs-history-le-tour-de-france-vol-3\/","url":"https:\/\/www.welovecycling.com\/wide\/2017\/02\/08\/10-iconic-photographs-history-le-tour-de-france-vol-3\/","name":"10 Iconic Photographs from the History of Le Tour de France - vol. 3 - \u0160koda We Love Cycling","isPartOf":{"@id":"https:\/\/www.welovecycling.com\/wide\/#website"},"primaryImageOfPage":{"@id":"https:\/\/www.welovecycling.com\/wide\/2017\/02\/08\/10-iconic-photographs-history-le-tour-de-france-vol-3\/#primaryimage"},"image":{"@id":"https:\/\/www.welovecycling.com\/wide\/2017\/02\/08\/10-iconic-photographs-history-le-tour-de-france-vol-3\/#primaryimage"},"thumbnailUrl":"https:\/\/d2p6e6u75xmxt8.cloudfront.net\/2\/2017\/02\/32322323_23323233.webp","datePublished":"2017-02-08T10:37:56+00:00","dateModified":"2017-02-08T11:55:35+00:00","author":{"@id":""},"description":"Do you miss the Tour de France as much as we do? It\u2019s still a long way to go till this year\u2019s edition kicks off in D\u00fcsseldorf, so we believe it\u2019s the","breadcrumb":{"@id":"https:\/\/www.welovecycling.com\/wide\/2017\/02\/08\/10-iconic-photographs-history-le-tour-de-france-vol-3\/#breadcrumb"},"inLanguage":"en-US","potentialAction":[{"@type":"ReadAction","target":["https:\/\/www.welovecycling.com\/wide\/2017\/02\/08\/10-iconic-photographs-history-le-tour-de-france-vol-3\/"]}]},{"@type":"ImageObject","inLanguage":"en-US","@id":"https:\/\/www.welovecycling.com\/wide\/2017\/02\/08\/10-iconic-photographs-history-le-tour-de-france-vol-3\/#primaryimage","url":"https:\/\/d2p6e6u75xmxt8.cloudfront.net\/2\/2017\/02\/32322323_23323233.webp","contentUrl":"https:\/\/d2p6e6u75xmxt8.cloudfront.net\/2\/2017\/02\/32322323_23323233.webp","width":900,"height":600},{"@type":"BreadcrumbList","@id":"https:\/\/www.welovecycling.com\/wide\/2017\/02\/08\/10-iconic-photographs-history-le-tour-de-france-vol-3\/#breadcrumb","itemListElement":[{"@type":"ListItem","position":1,"name":"Home","item":"https:\/\/www.welovecycling.com\/wide\/"},{"@type":"ListItem","position":2,"name":"10 Iconic Photographs from the History of Le Tour de France &#8211; vol. 3"}]},{"@type":"WebSite","@id":"https:\/\/www.welovecycling.com\/wide\/#website","url":"https:\/\/www.welovecycling.com\/wide\/","name":"\u0160koda We Love Cycling","description":"\u0160koda We Love Cycling magazine","alternateName":"\u0160koda WLC","potentialAction":[{"@type":"SearchAction","target":{"@type":"EntryPoint","urlTemplate":"https:\/\/www.welovecycling.com\/wide\/?s={search_term_string}"},"query-input":{"@type":"PropertyValueSpecification","valueRequired":true,"valueName":"search_term_string"}}],"inLanguage":"en-US"},{"@type":"Person","@id":"","url":"https:\/\/www.welovecycling.com\/wide\/author\/"}]}},"_links":{"self":[{"href":"https:\/\/www.welovecycling.com\/wide\/wp-json\/wp\/v2\/posts\/146607","targetHints":{"allow":["GET"]}}],"collection":[{"href":"https:\/\/www.welovecycling.com\/wide\/wp-json\/wp\/v2\/posts"}],"about":[{"href":"https:\/\/www.welovecycling.com\/wide\/wp-json\/wp\/v2\/types\/post"}],"author":[{"embeddable":true,"href":"https:\/\/www.welovecycling.com\/wide\/wp-json\/wp\/v2\/users\/12"}],"replies":[{"embeddable":true,"href":"https:\/\/www.welovecycling.com\/wide\/wp-json\/wp\/v2\/comments?post=146607"}],"version-history":[{"count":2,"href":"https:\/\/www.welovecycling.com\/wide\/wp-json\/wp\/v2\/posts\/146607\/revisions"}],"predecessor-version":[{"id":146621,"href":"https:\/\/www.welovecycling.com\/wide\/wp-json\/wp\/v2\/posts\/146607\/revisions\/146621"}],"wp:featuredmedia":[{"embeddable":true,"href":"https:\/\/www.welovecycling.com\/wide\/wp-json\/wp\/v2\/media\/146620"}],"wp:attachment":[{"href":"https:\/\/www.welovecycling.com\/wide\/wp-json\/wp\/v2\/media?parent=146607"}],"wp:term":[{"taxonomy":"category","embeddable":true,"href":"https:\/\/www.welovecycling.com\/wide\/wp-json\/wp\/v2\/categories?post=146607"},{"taxonomy":"post_tag","embeddable":true,"href":"https:\/\/www.welovecycling.com\/wide\/wp-json\/wp\/v2\/tags?post=146607"},{"taxonomy":"global-categories","embeddable":true,"href":"https:\/\/www.welovecycling.com\/wide\/wp-json\/wp\/v2\/global-categories?post=146607"}],"curies":[{"name":"wp","href":"https:\/\/api.w.org\/{rel}","templated":true}]}}