{"id":146435,"date":"2017-02-03T12:59:26","date_gmt":"2017-02-03T12:59:26","guid":{"rendered":"https:\/\/www.welovecycling.com\/wide\/?p=146435"},"modified":"2017-02-03T12:59:26","modified_gmt":"2017-02-03T12:59:26","slug":"wind-inspired-artistic-adventure-aeolian-ride-taking-world","status":"publish","type":"post","link":"https:\/\/www.welovecycling.com\/wide\/2017\/02\/03\/wind-inspired-artistic-adventure-aeolian-ride-taking-world\/","title":{"rendered":"A Wind-Inspired Artistic Adventure: The Aeolian Ride Is Taking Over the World"},"content":{"rendered":"<p><strong>The riders laugh while feeling like children at play again, and the dazzled bystanders smile back, creating a \u201cloop of joy\u201d, the original idea behind the Aeolian Ride. The international art event makes it possible for the public to become an inflated sculpture on wheels and transform the landscape of any city on Earth, at least for a while.<\/strong><!--more--><\/p>\n<div class=\"shortcode-ys-post-pinup\"><article class=\"loop-simple post-146289 post type-post status-publish format-standard has-post-thumbnail hentry category-urban-cycling tag-amsterdam tag-bike-unfriendly tag-bordeaux tag-buenos-aires tag-copenhagen tag-dublin tag-eindhoven tag-malmo tag-minneapolis tag-strasbourg tag-utrecht\" data-postid=\"146289\" role=\"article\" data-post-id=\"146289\" data-word-count=\"571\" data-headline-length=\"52\" data-category=\"Urban cycling\" data-author=\"Christopher Ashley\" data-published=\"2017-01-30T11:53:45+00:00\" data-published-day=\"Monday\">\n    <div class=\"entry-thumbnail article-thumbnail\" content=\"https:\/\/d2p6e6u75xmxt8.cloudfront.net\/2\/2017\/01\/2424422442_42422442-150x150.webp\"><a href=\"https:\/\/www.welovecycling.com\/wide\/2017\/01\/30\/top-10-cycle-friendly-cities-one-best\/\" class=\"image-holder\" target=\"_self\"><img decoding=\"async\" loading=\"lazy\" class=\"\" src=\"https:\/\/d2p6e6u75xmxt8.cloudfront.net\/2\/2017\/01\/2424422442_42422442.webp\" srcset=\"https:\/\/d2p6e6u75xmxt8.cloudfront.net\/2\/2017\/01\/2424422442_42422442.webp 900w, https:\/\/d2p6e6u75xmxt8.cloudfront.net\/2\/2017\/01\/2424422442_42422442-300x200.webp 300w, https:\/\/d2p6e6u75xmxt8.cloudfront.net\/2\/2017\/01\/2424422442_42422442-768x512.webp 768w, https:\/\/d2p6e6u75xmxt8.cloudfront.net\/2\/2017\/01\/2424422442_42422442-272x182.webp 272w\" width=\"900\" height=\"600\" sizes=\"auto, (min-width: 1200px) 300px, (min-width: 768px) 25vw, 100vw\" alt=\"top-10-cycle-friendly-cities-one-best\"\/><\/a><\/div>    <div class=\"entry-meta\">\n        <a class=\"label label-secondary post-category\" href=\"https:\/\/www.welovecycling.com\/wide\/category\/urban-cycling\/\" title=\"Urban cycling\">Urban cycling<\/a>\n    <\/div>\n    <div class=\"entry-details\">\n        <a href=\"https:\/\/www.welovecycling.com\/wide\/2017\/01\/30\/top-10-cycle-friendly-cities-one-best\/\" class='entry-title-wrapper'>\n            <h3 class=\"entry-title\"><span>Top 10 Cycle Friendly Cities: Which One Is the Best?<\/span><\/h3>\n        <\/a>\n    <\/div>\n    <\/article>\n<\/div>\n<p>So far, the unique event has inflated 20 different cities around the globe since the first ride through Lower Manhattan, New York, in 2004. The 75 costumes are designed to contrast with the chaos of traffic. Made from recycled parachutes, the White Bubble, the Bunny, and the Drop are certain to do the job. Just watch the video below showing the art exhibition moving through Rio de Janeiro. Jessica Findley, the original creator, truly did a great job.<\/p>\n<lite-youtube videoid=AVWDmHsWpJQ params=\"enablejsapi=1\" style=\"background-image: url('https:\/\/i.ytimg.com\/vi_webp\/AVWDmHsWpJQ\/maxresdefault.webp');\"><\/lite-youtube>\n","protected":false},"excerpt":{"rendered":"<p>The riders laugh while feeling like children at play again, and the dazzled bystanders smile back, creating a \u201cloop of [&hellip;]<\/p>\n","protected":false},"author":12,"featured_media":146437,"comment_status":"open","ping_status":"open","sticky":false,"template":"","format":"standard","meta":{"footnotes":""},"categories":[330],"tags":[841,842,843],"global-categories":[],"class_list":["post-146435","post","type-post","status-publish","format-standard","has-post-thumbnail","hentry","category-urban-cycling","tag-aeolian-ride","tag-jessica-findley","tag-rio-de-janeiro"],"yoast_head":"<!-- This site is optimized with the Yoast SEO Premium plugin v25.3 (Yoast SEO v25.9) - https:\/\/yoast.com\/wordpress\/plugins\/seo\/ -->\n<title>A Wind-Inspired Artistic Adventure: The Aeolian Ride Is Taking Over the World - \u0160koda We Love Cycling<\/title>\n<meta name=\"description\" content=\"The riders laugh while feeling like children at play again, and the dazzled bystanders smile back, creating a \u201cloop of joy\u201d, the original idea behind the\" \/>\n<meta name=\"robots\" content=\"index, follow, max-snippet:-1, max-image-preview:large, max-video-preview:-1\" \/>\n<link rel=\"canonical\" href=\"https:\/\/www.welovecycling.com\/wide\/2017\/02\/03\/wind-inspired-artistic-adventure-aeolian-ride-taking-world\/\" \/>\n<meta property=\"og:locale\" content=\"en_US\" \/>\n<meta property=\"og:type\" content=\"article\" \/>\n<meta property=\"og:title\" content=\"A Wind-Inspired Artistic Adventure: The Aeolian Ride Is Taking Over the World\" \/>\n<meta property=\"og:description\" content=\"The riders laugh while feeling like children at play again, and the dazzled bystanders smile back, creating a \u201cloop of joy\u201d, the original idea behind the\" \/>\n<meta property=\"og:url\" content=\"https:\/\/www.welovecycling.com\/wide\/2017\/02\/03\/wind-inspired-artistic-adventure-aeolian-ride-taking-world\/\" \/>\n<meta property=\"og:site_name\" content=\"\u0160koda We Love Cycling\" \/>\n<meta property=\"article:published_time\" content=\"2017-02-03T12:59:26+00:00\" \/>\n<meta property=\"og:image\" content=\"https:\/\/d2p6e6u75xmxt8.cloudfront.net\/2\/2017\/02\/FotorCreated.webp\" \/>\n\t<meta property=\"og:image:width\" content=\"900\" \/>\n\t<meta property=\"og:image:height\" content=\"600\" \/>\n\t<meta property=\"og:image:type\" content=\"image\/webp\" \/>\n<meta name=\"twitter:card\" content=\"summary_large_image\" \/>\n<meta name=\"twitter:label1\" content=\"Written by\" \/>\n\t<meta name=\"twitter:data1\" content=\"Christopher Ashley\" \/>\n\t<meta name=\"twitter:label2\" content=\"Est. reading time\" \/>\n\t<meta name=\"twitter:data2\" content=\"1 minute\" \/>\n<script type=\"application\/ld+json\" class=\"yoast-schema-graph\">{\"@context\":\"https:\/\/schema.org\",\"@graph\":[{\"@type\":\"WebPage\",\"@id\":\"https:\/\/www.welovecycling.com\/wide\/2017\/02\/03\/wind-inspired-artistic-adventure-aeolian-ride-taking-world\/\",\"url\":\"https:\/\/www.welovecycling.com\/wide\/2017\/02\/03\/wind-inspired-artistic-adventure-aeolian-ride-taking-world\/\",\"name\":\"A Wind-Inspired Artistic Adventure: The Aeolian Ride Is Taking Over the World - \u0160koda We Love Cycling\",\"isPartOf\":{\"@id\":\"https:\/\/www.welovecycling.com\/wide\/#website\"},\"primaryImageOfPage\":{\"@id\":\"https:\/\/www.welovecycling.com\/wide\/2017\/02\/03\/wind-inspired-artistic-adventure-aeolian-ride-taking-world\/#primaryimage\"},\"image\":{\"@id\":\"https:\/\/www.welovecycling.com\/wide\/2017\/02\/03\/wind-inspired-artistic-adventure-aeolian-ride-taking-world\/#primaryimage\"},\"thumbnailUrl\":\"https:\/\/d2p6e6u75xmxt8.cloudfront.net\/2\/2017\/02\/FotorCreated.webp\",\"datePublished\":\"2017-02-03T12:59:26+00:00\",\"author\":{\"@id\":\"\"},\"description\":\"The riders laugh while feeling like children at play again, and the dazzled bystanders smile back, creating a \u201cloop of joy\u201d, the original idea behind the\",\"breadcrumb\":{\"@id\":\"https:\/\/www.welovecycling.com\/wide\/2017\/02\/03\/wind-inspired-artistic-adventure-aeolian-ride-taking-world\/#breadcrumb\"},\"inLanguage\":\"en-US\",\"potentialAction\":[{\"@type\":\"ReadAction\",\"target\":[\"https:\/\/www.welovecycling.com\/wide\/2017\/02\/03\/wind-inspired-artistic-adventure-aeolian-ride-taking-world\/\"]}]},{\"@type\":\"ImageObject\",\"inLanguage\":\"en-US\",\"@id\":\"https:\/\/www.welovecycling.com\/wide\/2017\/02\/03\/wind-inspired-artistic-adventure-aeolian-ride-taking-world\/#primaryimage\",\"url\":\"https:\/\/d2p6e6u75xmxt8.cloudfront.net\/2\/2017\/02\/FotorCreated.webp\",\"contentUrl\":\"https:\/\/d2p6e6u75xmxt8.cloudfront.net\/2\/2017\/02\/FotorCreated.webp\",\"width\":900,\"height\":600},{\"@type\":\"BreadcrumbList\",\"@id\":\"https:\/\/www.welovecycling.com\/wide\/2017\/02\/03\/wind-inspired-artistic-adventure-aeolian-ride-taking-world\/#breadcrumb\",\"itemListElement\":[{\"@type\":\"ListItem\",\"position\":1,\"name\":\"Home\",\"item\":\"https:\/\/www.welovecycling.com\/wide\/\"},{\"@type\":\"ListItem\",\"position\":2,\"name\":\"A Wind-Inspired Artistic Adventure: The Aeolian Ride Is Taking Over the World\"}]},{\"@type\":\"WebSite\",\"@id\":\"https:\/\/www.welovecycling.com\/wide\/#website\",\"url\":\"https:\/\/www.welovecycling.com\/wide\/\",\"name\":\"\u0160koda We Love Cycling\",\"description\":\"\u0160koda We Love Cycling magazine\",\"alternateName\":\"\u0160koda WLC\",\"potentialAction\":[{\"@type\":\"SearchAction\",\"target\":{\"@type\":\"EntryPoint\",\"urlTemplate\":\"https:\/\/www.welovecycling.com\/wide\/?s={search_term_string}\"},\"query-input\":{\"@type\":\"PropertyValueSpecification\",\"valueRequired\":true,\"valueName\":\"search_term_string\"}}],\"inLanguage\":\"en-US\"},{\"@type\":\"Person\",\"@id\":\"\",\"url\":\"https:\/\/www.welovecycling.com\/wide\/author\/\"}]}<\/script>\n<!-- \/ Yoast SEO Premium plugin. -->","yoast_head_json":{"title":"A Wind-Inspired Artistic Adventure: The Aeolian Ride Is Taking Over the World - \u0160koda We Love Cycling","description":"The riders laugh while feeling like children at play again, and the dazzled bystanders smile back, creating a \u201cloop of joy\u201d, the original idea behind the","robots":{"index":"index","follow":"follow","max-snippet":"max-snippet:-1","max-image-preview":"max-image-preview:large","max-video-preview":"max-video-preview:-1"},"canonical":"https:\/\/www.welovecycling.com\/wide\/2017\/02\/03\/wind-inspired-artistic-adventure-aeolian-ride-taking-world\/","og_locale":"en_US","og_type":"article","og_title":"A Wind-Inspired Artistic Adventure: The Aeolian Ride Is Taking Over the World","og_description":"The riders laugh while feeling like children at play again, and the dazzled bystanders smile back, creating a \u201cloop of joy\u201d, the original idea behind the","og_url":"https:\/\/www.welovecycling.com\/wide\/2017\/02\/03\/wind-inspired-artistic-adventure-aeolian-ride-taking-world\/","og_site_name":"\u0160koda We Love Cycling","article_published_time":"2017-02-03T12:59:26+00:00","og_image":[{"width":900,"height":600,"url":"https:\/\/d2p6e6u75xmxt8.cloudfront.net\/2\/2017\/02\/FotorCreated.webp","type":"image\/webp"}],"twitter_card":"summary_large_image","twitter_misc":{"Written by":"Christopher Ashley","Est. reading time":"1 minute"},"schema":{"@context":"https:\/\/schema.org","@graph":[{"@type":"WebPage","@id":"https:\/\/www.welovecycling.com\/wide\/2017\/02\/03\/wind-inspired-artistic-adventure-aeolian-ride-taking-world\/","url":"https:\/\/www.welovecycling.com\/wide\/2017\/02\/03\/wind-inspired-artistic-adventure-aeolian-ride-taking-world\/","name":"A Wind-Inspired Artistic Adventure: The Aeolian Ride Is Taking Over the World - \u0160koda We Love Cycling","isPartOf":{"@id":"https:\/\/www.welovecycling.com\/wide\/#website"},"primaryImageOfPage":{"@id":"https:\/\/www.welovecycling.com\/wide\/2017\/02\/03\/wind-inspired-artistic-adventure-aeolian-ride-taking-world\/#primaryimage"},"image":{"@id":"https:\/\/www.welovecycling.com\/wide\/2017\/02\/03\/wind-inspired-artistic-adventure-aeolian-ride-taking-world\/#primaryimage"},"thumbnailUrl":"https:\/\/d2p6e6u75xmxt8.cloudfront.net\/2\/2017\/02\/FotorCreated.webp","datePublished":"2017-02-03T12:59:26+00:00","author":{"@id":""},"description":"The riders laugh while feeling like children at play again, and the dazzled bystanders smile back, creating a \u201cloop of joy\u201d, the original idea behind the","breadcrumb":{"@id":"https:\/\/www.welovecycling.com\/wide\/2017\/02\/03\/wind-inspired-artistic-adventure-aeolian-ride-taking-world\/#breadcrumb"},"inLanguage":"en-US","potentialAction":[{"@type":"ReadAction","target":["https:\/\/www.welovecycling.com\/wide\/2017\/02\/03\/wind-inspired-artistic-adventure-aeolian-ride-taking-world\/"]}]},{"@type":"ImageObject","inLanguage":"en-US","@id":"https:\/\/www.welovecycling.com\/wide\/2017\/02\/03\/wind-inspired-artistic-adventure-aeolian-ride-taking-world\/#primaryimage","url":"https:\/\/d2p6e6u75xmxt8.cloudfront.net\/2\/2017\/02\/FotorCreated.webp","contentUrl":"https:\/\/d2p6e6u75xmxt8.cloudfront.net\/2\/2017\/02\/FotorCreated.webp","width":900,"height":600},{"@type":"BreadcrumbList","@id":"https:\/\/www.welovecycling.com\/wide\/2017\/02\/03\/wind-inspired-artistic-adventure-aeolian-ride-taking-world\/#breadcrumb","itemListElement":[{"@type":"ListItem","position":1,"name":"Home","item":"https:\/\/www.welovecycling.com\/wide\/"},{"@type":"ListItem","position":2,"name":"A Wind-Inspired Artistic Adventure: The Aeolian Ride Is Taking Over the World"}]},{"@type":"WebSite","@id":"https:\/\/www.welovecycling.com\/wide\/#website","url":"https:\/\/www.welovecycling.com\/wide\/","name":"\u0160koda We Love Cycling","description":"\u0160koda We Love Cycling magazine","alternateName":"\u0160koda WLC","potentialAction":[{"@type":"SearchAction","target":{"@type":"EntryPoint","urlTemplate":"https:\/\/www.welovecycling.com\/wide\/?s={search_term_string}"},"query-input":{"@type":"PropertyValueSpecification","valueRequired":true,"valueName":"search_term_string"}}],"inLanguage":"en-US"},{"@type":"Person","@id":"","url":"https:\/\/www.welovecycling.com\/wide\/author\/"}]}},"_links":{"self":[{"href":"https:\/\/www.welovecycling.com\/wide\/wp-json\/wp\/v2\/posts\/146435","targetHints":{"allow":["GET"]}}],"collection":[{"href":"https:\/\/www.welovecycling.com\/wide\/wp-json\/wp\/v2\/posts"}],"about":[{"href":"https:\/\/www.welovecycling.com\/wide\/wp-json\/wp\/v2\/types\/post"}],"author":[{"embeddable":true,"href":"https:\/\/www.welovecycling.com\/wide\/wp-json\/wp\/v2\/users\/12"}],"replies":[{"embeddable":true,"href":"https:\/\/www.welovecycling.com\/wide\/wp-json\/wp\/v2\/comments?post=146435"}],"version-history":[{"count":1,"href":"https:\/\/www.welovecycling.com\/wide\/wp-json\/wp\/v2\/posts\/146435\/revisions"}],"predecessor-version":[{"id":146438,"href":"https:\/\/www.welovecycling.com\/wide\/wp-json\/wp\/v2\/posts\/146435\/revisions\/146438"}],"wp:featuredmedia":[{"embeddable":true,"href":"https:\/\/www.welovecycling.com\/wide\/wp-json\/wp\/v2\/media\/146437"}],"wp:attachment":[{"href":"https:\/\/www.welovecycling.com\/wide\/wp-json\/wp\/v2\/media?parent=146435"}],"wp:term":[{"taxonomy":"category","embeddable":true,"href":"https:\/\/www.welovecycling.com\/wide\/wp-json\/wp\/v2\/categories?post=146435"},{"taxonomy":"post_tag","embeddable":true,"href":"https:\/\/www.welovecycling.com\/wide\/wp-json\/wp\/v2\/tags?post=146435"},{"taxonomy":"global-categories","embeddable":true,"href":"https:\/\/www.welovecycling.com\/wide\/wp-json\/wp\/v2\/global-categories?post=146435"}],"curies":[{"name":"wp","href":"https:\/\/api.w.org\/{rel}","templated":true}]}}