{"id":146207,"date":"2017-01-24T16:04:41","date_gmt":"2017-01-24T16:04:41","guid":{"rendered":"https:\/\/www.welovecycling.com\/wide\/?p=146207"},"modified":"2017-01-30T11:14:41","modified_gmt":"2017-01-30T11:14:41","slug":"video-journalist-doesnt-realize-hes-talking-peter-sagan-peter-sagans-wife","status":"publish","type":"post","link":"https:\/\/www.welovecycling.com\/wide\/2017\/01\/24\/video-journalist-doesnt-realize-hes-talking-peter-sagan-peter-sagans-wife\/","title":{"rendered":"VIDEO: Journalist Doesn\u2019t Realize He\u2019s Talking about Peter Sagan to Peter Sagan&#8217;s Wife"},"content":{"rendered":"<p><strong>Let\u2019s start on an infomercial note. Did this ever happen to you? You\u2019re discussing a person with somebody and the person in question suddenly shows up behind your back, being there long enough to hear the best parts, while you\u2019re being completely unaware? Something similar happened to Aussie SBS journalist Michael Tomolaris, who thought he\u2019s going to get a heartfelt confession from what appeared to be Peter Sagan\u2019s biggest fan.<\/strong><!--more--><\/p>\n<lite-youtube videoid=iwtjn8l8sQE params=\"enablejsapi=1\" style=\"background-image: url('https:\/\/i.ytimg.com\/vi_webp\/iwtjn8l8sQE\/maxresdefault.webp');\"><\/lite-youtube>\n<p>Seeing a woman wearing a full Sagan cycling kit, the journalist approached her with hopes of a great fan footage material. When she states she\u2019s originally from Slovakia, he gets excited and asks her right away: \u201cWhat do you make of Peter Sagan?\u201d That\u2019s the exact moment of realization and you can see in Katarina Sagan\u2019s face that she becomes aware that he has no idea to whom is he talking to, and she laughs and sportily continues that he\u2019s \u201cpretty cool\u201d and a real hero, especially for her. But eventually, the truth comes to light as Somolaris asks her if she lives in Australia, to which she swiftly replies: \u201cNo, I live with Peter.\u201d<\/p>\n<div class=\"shortcode-ys-post-pinup\"><article class=\"loop-simple post-146087 post type-post status-publish format-video has-post-thumbnail hentry category-ride2unite tag-fat-bike tag-video post_format-post-format-video\" data-postid=\"146087\" role=\"article\" data-post-id=\"146087\" data-word-count=\"303\" data-headline-length=\"97\" data-category=\"#Ride2Unite\" data-author=\"Frantiska Blazkova\" data-published=\"2017-01-16T08:20:08+00:00\" data-published-day=\"Monday\">\n    <div class=\"entry-thumbnail article-thumbnail video-thumbnail\" content=\"https:\/\/d2p6e6u75xmxt8.cloudfront.net\/2\/2017\/01\/241_2244-150x150.webp\"><svg class=\"play font-icon\"><use href=\"#play_round\" xlink:href=\"#play_round\"><\/use><\/svg><a href=\"https:\/\/www.welovecycling.com\/wide\/2017\/01\/16\/video-struggle-real-hilarious-british-cyclist-snares-bike-electric-fence\/\" class=\"image-holder\" target=\"_self\"><img decoding=\"async\" loading=\"lazy\" class=\"\" src=\"https:\/\/d2p6e6u75xmxt8.cloudfront.net\/2\/2017\/01\/241_2244.webp\" srcset=\"https:\/\/d2p6e6u75xmxt8.cloudfront.net\/2\/2017\/01\/241_2244.webp 900w, https:\/\/d2p6e6u75xmxt8.cloudfront.net\/2\/2017\/01\/241_2244-300x200.webp 300w, https:\/\/d2p6e6u75xmxt8.cloudfront.net\/2\/2017\/01\/241_2244-768x512.webp 768w, https:\/\/d2p6e6u75xmxt8.cloudfront.net\/2\/2017\/01\/241_2244-272x182.webp 272w\" width=\"900\" height=\"600\" sizes=\"auto, (min-width: 1200px) 300px, (min-width: 768px) 25vw, 100vw\" alt=\"video-struggle-real-hilarious-british-cyclist-snares-bike-electric-fence\"\/><\/a><\/div>    <div class=\"entry-meta\">\n        <a class=\"label label-secondary post-category\" href=\"https:\/\/www.welovecycling.com\/wide\/category\/ride2unite\/\" title=\"#Ride2Unite\">#Ride2Unite<\/a>\n    <\/div>\n    <div class=\"entry-details\">\n        <a href=\"https:\/\/www.welovecycling.com\/wide\/2017\/01\/16\/video-struggle-real-hilarious-british-cyclist-snares-bike-electric-fence\/\" class='entry-title-wrapper'>\n            <h3 class=\"entry-title\"><span>VIDEO: The Struggle Is Real (and Hilarious): British Cyclist Snares His Bike in an Electric Fence<\/span><\/h3>\n        <\/a>\n    <\/div>\n    <\/article>\n<\/div>\n<p>After outbursts of laughter from both sides and the obligatory sorry-I-didn\u2019t-recognize-you response the interview continues with a few curious questions about how Peter handles attention and fame \u2013 amidst all the mess we must admit that Somolaris is a true professional.<\/p>\n<p>And you thought your work screw-ups were awkward.<\/p>\n","protected":false},"excerpt":{"rendered":"<p>Let\u2019s start on an infomercial note. Did this ever happen to you? You\u2019re discussing a person with somebody and the [&hellip;]<\/p>\n","protected":false},"author":12,"featured_media":146209,"comment_status":"open","ping_status":"open","sticky":false,"template":"","format":"standard","meta":{"footnotes":""},"categories":[329],"tags":[804,381],"global-categories":[],"class_list":["post-146207","post","type-post","status-publish","format-standard","has-post-thumbnail","hentry","category-road-cycling","tag-michael-tomolaris","tag-peter-sagan"],"yoast_head":"<!-- This site is optimized with the Yoast SEO Premium plugin v25.3 (Yoast SEO v25.9) - https:\/\/yoast.com\/wordpress\/plugins\/seo\/ -->\n<title>VIDEO: Journalist Doesn\u2019t Realize He\u2019s Talking about Peter Sagan to Peter Sagan&#039;s Wife - \u0160koda We Love Cycling<\/title>\n<meta name=\"description\" content=\"Let\u2019s start on an infomercial note. Did this ever happen to you? You\u2019re discussing a person with somebody and the person in question suddenly shows up\" \/>\n<meta name=\"robots\" content=\"index, follow, max-snippet:-1, max-image-preview:large, max-video-preview:-1\" \/>\n<link rel=\"canonical\" href=\"https:\/\/www.welovecycling.com\/wide\/2017\/01\/24\/video-journalist-doesnt-realize-hes-talking-peter-sagan-peter-sagans-wife\/\" \/>\n<meta property=\"og:locale\" content=\"en_US\" \/>\n<meta property=\"og:type\" content=\"article\" \/>\n<meta property=\"og:title\" content=\"VIDEO: Journalist Doesn\u2019t Realize He\u2019s Talking about Peter Sagan to Peter Sagan&#039;s Wife\" \/>\n<meta property=\"og:description\" content=\"Let\u2019s start on an infomercial note. Did this ever happen to you? You\u2019re discussing a person with somebody and the person in question suddenly shows up\" \/>\n<meta property=\"og:url\" content=\"https:\/\/www.welovecycling.com\/wide\/2017\/01\/24\/video-journalist-doesnt-realize-hes-talking-peter-sagan-peter-sagans-wife\/\" \/>\n<meta property=\"og:site_name\" content=\"\u0160koda We Love Cycling\" \/>\n<meta property=\"article:published_time\" content=\"2017-01-24T16:04:41+00:00\" \/>\n<meta property=\"article:modified_time\" content=\"2017-01-30T11:14:41+00:00\" \/>\n<meta property=\"og:image\" content=\"https:\/\/d2p6e6u75xmxt8.cloudfront.net\/2\/2017\/01\/448487.webp\" \/>\n\t<meta property=\"og:image:width\" content=\"900\" \/>\n\t<meta property=\"og:image:height\" content=\"600\" \/>\n\t<meta property=\"og:image:type\" content=\"image\/webp\" \/>\n<meta name=\"twitter:card\" content=\"summary_large_image\" \/>\n<meta name=\"twitter:label1\" content=\"Written by\" \/>\n\t<meta name=\"twitter:data1\" content=\"Frantiska Blazkova\" \/>\n\t<meta name=\"twitter:label2\" content=\"Est. reading time\" \/>\n\t<meta name=\"twitter:data2\" content=\"1 minute\" \/>\n<script type=\"application\/ld+json\" class=\"yoast-schema-graph\">{\"@context\":\"https:\/\/schema.org\",\"@graph\":[{\"@type\":\"WebPage\",\"@id\":\"https:\/\/www.welovecycling.com\/wide\/2017\/01\/24\/video-journalist-doesnt-realize-hes-talking-peter-sagan-peter-sagans-wife\/\",\"url\":\"https:\/\/www.welovecycling.com\/wide\/2017\/01\/24\/video-journalist-doesnt-realize-hes-talking-peter-sagan-peter-sagans-wife\/\",\"name\":\"VIDEO: Journalist Doesn\u2019t Realize He\u2019s Talking about Peter Sagan to Peter Sagan's Wife - \u0160koda We Love Cycling\",\"isPartOf\":{\"@id\":\"https:\/\/www.welovecycling.com\/wide\/#website\"},\"primaryImageOfPage\":{\"@id\":\"https:\/\/www.welovecycling.com\/wide\/2017\/01\/24\/video-journalist-doesnt-realize-hes-talking-peter-sagan-peter-sagans-wife\/#primaryimage\"},\"image\":{\"@id\":\"https:\/\/www.welovecycling.com\/wide\/2017\/01\/24\/video-journalist-doesnt-realize-hes-talking-peter-sagan-peter-sagans-wife\/#primaryimage\"},\"thumbnailUrl\":\"https:\/\/d2p6e6u75xmxt8.cloudfront.net\/2\/2017\/01\/448487.webp\",\"datePublished\":\"2017-01-24T16:04:41+00:00\",\"dateModified\":\"2017-01-30T11:14:41+00:00\",\"author\":{\"@id\":\"\"},\"description\":\"Let\u2019s start on an infomercial note. Did this ever happen to you? You\u2019re discussing a person with somebody and the person in question suddenly shows up\",\"breadcrumb\":{\"@id\":\"https:\/\/www.welovecycling.com\/wide\/2017\/01\/24\/video-journalist-doesnt-realize-hes-talking-peter-sagan-peter-sagans-wife\/#breadcrumb\"},\"inLanguage\":\"en-US\",\"potentialAction\":[{\"@type\":\"ReadAction\",\"target\":[\"https:\/\/www.welovecycling.com\/wide\/2017\/01\/24\/video-journalist-doesnt-realize-hes-talking-peter-sagan-peter-sagans-wife\/\"]}]},{\"@type\":\"ImageObject\",\"inLanguage\":\"en-US\",\"@id\":\"https:\/\/www.welovecycling.com\/wide\/2017\/01\/24\/video-journalist-doesnt-realize-hes-talking-peter-sagan-peter-sagans-wife\/#primaryimage\",\"url\":\"https:\/\/d2p6e6u75xmxt8.cloudfront.net\/2\/2017\/01\/448487.webp\",\"contentUrl\":\"https:\/\/d2p6e6u75xmxt8.cloudfront.net\/2\/2017\/01\/448487.webp\",\"width\":900,\"height\":600},{\"@type\":\"BreadcrumbList\",\"@id\":\"https:\/\/www.welovecycling.com\/wide\/2017\/01\/24\/video-journalist-doesnt-realize-hes-talking-peter-sagan-peter-sagans-wife\/#breadcrumb\",\"itemListElement\":[{\"@type\":\"ListItem\",\"position\":1,\"name\":\"Home\",\"item\":\"https:\/\/www.welovecycling.com\/wide\/\"},{\"@type\":\"ListItem\",\"position\":2,\"name\":\"VIDEO: Journalist Doesn\u2019t Realize He\u2019s Talking about Peter Sagan to Peter Sagan&#8217;s Wife\"}]},{\"@type\":\"WebSite\",\"@id\":\"https:\/\/www.welovecycling.com\/wide\/#website\",\"url\":\"https:\/\/www.welovecycling.com\/wide\/\",\"name\":\"\u0160koda We Love Cycling\",\"description\":\"\u0160koda We Love Cycling magazine\",\"alternateName\":\"\u0160koda WLC\",\"potentialAction\":[{\"@type\":\"SearchAction\",\"target\":{\"@type\":\"EntryPoint\",\"urlTemplate\":\"https:\/\/www.welovecycling.com\/wide\/?s={search_term_string}\"},\"query-input\":{\"@type\":\"PropertyValueSpecification\",\"valueRequired\":true,\"valueName\":\"search_term_string\"}}],\"inLanguage\":\"en-US\"},{\"@type\":\"Person\",\"@id\":\"\",\"url\":\"https:\/\/www.welovecycling.com\/wide\/author\/\"}]}<\/script>\n<!-- \/ Yoast SEO Premium plugin. -->","yoast_head_json":{"title":"VIDEO: Journalist Doesn\u2019t Realize He\u2019s Talking about Peter Sagan to Peter Sagan's Wife - \u0160koda We Love Cycling","description":"Let\u2019s start on an infomercial note. Did this ever happen to you? You\u2019re discussing a person with somebody and the person in question suddenly shows up","robots":{"index":"index","follow":"follow","max-snippet":"max-snippet:-1","max-image-preview":"max-image-preview:large","max-video-preview":"max-video-preview:-1"},"canonical":"https:\/\/www.welovecycling.com\/wide\/2017\/01\/24\/video-journalist-doesnt-realize-hes-talking-peter-sagan-peter-sagans-wife\/","og_locale":"en_US","og_type":"article","og_title":"VIDEO: Journalist Doesn\u2019t Realize He\u2019s Talking about Peter Sagan to Peter Sagan's Wife","og_description":"Let\u2019s start on an infomercial note. Did this ever happen to you? You\u2019re discussing a person with somebody and the person in question suddenly shows up","og_url":"https:\/\/www.welovecycling.com\/wide\/2017\/01\/24\/video-journalist-doesnt-realize-hes-talking-peter-sagan-peter-sagans-wife\/","og_site_name":"\u0160koda We Love Cycling","article_published_time":"2017-01-24T16:04:41+00:00","article_modified_time":"2017-01-30T11:14:41+00:00","og_image":[{"width":900,"height":600,"url":"https:\/\/d2p6e6u75xmxt8.cloudfront.net\/2\/2017\/01\/448487.webp","type":"image\/webp"}],"twitter_card":"summary_large_image","twitter_misc":{"Written by":"Frantiska Blazkova","Est. reading time":"1 minute"},"schema":{"@context":"https:\/\/schema.org","@graph":[{"@type":"WebPage","@id":"https:\/\/www.welovecycling.com\/wide\/2017\/01\/24\/video-journalist-doesnt-realize-hes-talking-peter-sagan-peter-sagans-wife\/","url":"https:\/\/www.welovecycling.com\/wide\/2017\/01\/24\/video-journalist-doesnt-realize-hes-talking-peter-sagan-peter-sagans-wife\/","name":"VIDEO: Journalist Doesn\u2019t Realize He\u2019s Talking about Peter Sagan to Peter Sagan's Wife - \u0160koda We Love Cycling","isPartOf":{"@id":"https:\/\/www.welovecycling.com\/wide\/#website"},"primaryImageOfPage":{"@id":"https:\/\/www.welovecycling.com\/wide\/2017\/01\/24\/video-journalist-doesnt-realize-hes-talking-peter-sagan-peter-sagans-wife\/#primaryimage"},"image":{"@id":"https:\/\/www.welovecycling.com\/wide\/2017\/01\/24\/video-journalist-doesnt-realize-hes-talking-peter-sagan-peter-sagans-wife\/#primaryimage"},"thumbnailUrl":"https:\/\/d2p6e6u75xmxt8.cloudfront.net\/2\/2017\/01\/448487.webp","datePublished":"2017-01-24T16:04:41+00:00","dateModified":"2017-01-30T11:14:41+00:00","author":{"@id":""},"description":"Let\u2019s start on an infomercial note. Did this ever happen to you? You\u2019re discussing a person with somebody and the person in question suddenly shows up","breadcrumb":{"@id":"https:\/\/www.welovecycling.com\/wide\/2017\/01\/24\/video-journalist-doesnt-realize-hes-talking-peter-sagan-peter-sagans-wife\/#breadcrumb"},"inLanguage":"en-US","potentialAction":[{"@type":"ReadAction","target":["https:\/\/www.welovecycling.com\/wide\/2017\/01\/24\/video-journalist-doesnt-realize-hes-talking-peter-sagan-peter-sagans-wife\/"]}]},{"@type":"ImageObject","inLanguage":"en-US","@id":"https:\/\/www.welovecycling.com\/wide\/2017\/01\/24\/video-journalist-doesnt-realize-hes-talking-peter-sagan-peter-sagans-wife\/#primaryimage","url":"https:\/\/d2p6e6u75xmxt8.cloudfront.net\/2\/2017\/01\/448487.webp","contentUrl":"https:\/\/d2p6e6u75xmxt8.cloudfront.net\/2\/2017\/01\/448487.webp","width":900,"height":600},{"@type":"BreadcrumbList","@id":"https:\/\/www.welovecycling.com\/wide\/2017\/01\/24\/video-journalist-doesnt-realize-hes-talking-peter-sagan-peter-sagans-wife\/#breadcrumb","itemListElement":[{"@type":"ListItem","position":1,"name":"Home","item":"https:\/\/www.welovecycling.com\/wide\/"},{"@type":"ListItem","position":2,"name":"VIDEO: Journalist Doesn\u2019t Realize He\u2019s Talking about Peter Sagan to Peter Sagan&#8217;s Wife"}]},{"@type":"WebSite","@id":"https:\/\/www.welovecycling.com\/wide\/#website","url":"https:\/\/www.welovecycling.com\/wide\/","name":"\u0160koda We Love Cycling","description":"\u0160koda We Love Cycling magazine","alternateName":"\u0160koda WLC","potentialAction":[{"@type":"SearchAction","target":{"@type":"EntryPoint","urlTemplate":"https:\/\/www.welovecycling.com\/wide\/?s={search_term_string}"},"query-input":{"@type":"PropertyValueSpecification","valueRequired":true,"valueName":"search_term_string"}}],"inLanguage":"en-US"},{"@type":"Person","@id":"","url":"https:\/\/www.welovecycling.com\/wide\/author\/"}]}},"_links":{"self":[{"href":"https:\/\/www.welovecycling.com\/wide\/wp-json\/wp\/v2\/posts\/146207","targetHints":{"allow":["GET"]}}],"collection":[{"href":"https:\/\/www.welovecycling.com\/wide\/wp-json\/wp\/v2\/posts"}],"about":[{"href":"https:\/\/www.welovecycling.com\/wide\/wp-json\/wp\/v2\/types\/post"}],"author":[{"embeddable":true,"href":"https:\/\/www.welovecycling.com\/wide\/wp-json\/wp\/v2\/users\/12"}],"replies":[{"embeddable":true,"href":"https:\/\/www.welovecycling.com\/wide\/wp-json\/wp\/v2\/comments?post=146207"}],"version-history":[{"count":2,"href":"https:\/\/www.welovecycling.com\/wide\/wp-json\/wp\/v2\/posts\/146207\/revisions"}],"predecessor-version":[{"id":146304,"href":"https:\/\/www.welovecycling.com\/wide\/wp-json\/wp\/v2\/posts\/146207\/revisions\/146304"}],"wp:featuredmedia":[{"embeddable":true,"href":"https:\/\/www.welovecycling.com\/wide\/wp-json\/wp\/v2\/media\/146209"}],"wp:attachment":[{"href":"https:\/\/www.welovecycling.com\/wide\/wp-json\/wp\/v2\/media?parent=146207"}],"wp:term":[{"taxonomy":"category","embeddable":true,"href":"https:\/\/www.welovecycling.com\/wide\/wp-json\/wp\/v2\/categories?post=146207"},{"taxonomy":"post_tag","embeddable":true,"href":"https:\/\/www.welovecycling.com\/wide\/wp-json\/wp\/v2\/tags?post=146207"},{"taxonomy":"global-categories","embeddable":true,"href":"https:\/\/www.welovecycling.com\/wide\/wp-json\/wp\/v2\/global-categories?post=146207"}],"curies":[{"name":"wp","href":"https:\/\/api.w.org\/{rel}","templated":true}]}}