{"id":146196,"date":"2017-01-23T15:13:51","date_gmt":"2017-01-23T15:13:51","guid":{"rendered":"https:\/\/www.welovecycling.com\/wide\/?p=146196"},"modified":"2017-01-23T15:17:41","modified_gmt":"2017-01-23T15:17:41","slug":"important-news-world-cycling","status":"publish","type":"post","link":"https:\/\/www.welovecycling.com\/wide\/2017\/01\/23\/important-news-world-cycling\/","title":{"rendered":"Most Important News from the World of Cycling"},"content":{"rendered":"<p><strong>Another Monday is here and our news from the world of cycling with it! So, what did you miss?<\/strong><br \/>\n<!--more--><\/p>\n<h2><strong>Porte has done it<\/strong><\/h2>\n<p>Richie had his eyes on winning the Tour Down Under from the very start of this year\u2019s edition, and has finally managed to triumph. The Australian finished fourth in 2014 and second in 2015 and 2016. The overall victory long eluded him, but the waiting is now over.<\/p>\n<p><img loading=\"lazy\" decoding=\"async\" class=\"alignnone wp-image-146200 size-full\" src=\"https:\/\/d2p6e6u75xmxt8.cloudfront.net\/2\/2017\/01\/profimedia-0312408277.jpg\" width=\"1800\" height=\"1208\" \/><\/p>\n<p>\u201cIt\u2019s an incredible relief to have won. I think back to nine years ago when this race really kicked off my career. This is where I came a wild card, then two years later I was in the WorldTour. So to win it is a massive relief,\u201d Porte said after finishing 48 seconds ahead of his rivals.<\/p>\n<p>Is it an early sign of good things to come at the Tour de France? BMC provided Richie with a great line-up including the newly crowned Australian road champion Miles Scotson, and Rohan Dennis, Danilo Wyss, Amael Moinard, Francisco Ventoso and Damiano Caruso. Porte seems to be repaying the faith the team has put in him. Will he dare to challenge Chris Froome?<\/p>\n<h2><strong>Charlie Craig died on Friday night<\/strong><\/h2>\n<p>The 15-year-old cyclocross star died in his sleep on Friday night. His dad Nick Craig took to Facebook to break the sad news:<\/p>\n<p>\u201cYesterday, our world fell apart. Our beautiful lovely little boy Charlie went to sleep but never woke up. I don\u2019t know what else to write just now, but he will be with his little angel niece.\u201d<\/p>\n<figure id=\"attachment_146202\" aria-describedby=\"caption-attachment-146202\" style=\"width: 1139px\" class=\"wp-caption alignnone\"><img loading=\"lazy\" decoding=\"async\" class=\"size-full wp-image-146202\" src=\"https:\/\/d2p6e6u75xmxt8.cloudfront.net\/2\/2017\/01\/Screen-Shot-2017-01-23-at-16.16.37.png\" alt=\"\" width=\"1139\" height=\"679\" \/><figcaption id=\"caption-attachment-146202\" class=\"wp-caption-text\">Charlie Craig with his dad Nick<\/figcaption><\/figure>\n<p>Charlie won UK\u2019s 2016 National Trophy Cyclocross Series and was on his way to become a world-class rider.<\/p>\n<p>Our thoughts go out to his family and friends.<\/p>\n<h2><strong>Lance Armstrong to race again<\/strong><\/h2>\n<p>The infamous star will join his former U.S. Postal teammates George Hincapie, Christian Vande Velde and Dylan Casey at the 24 Hours in the Old Pueblo. Armstrong is serving a lifetime ban for doping, but the event is not run under the USA Cycling regulations, so he is allowed to race. The 24-hour endurance race will dare the racers to cover as many laps of a 16-mile course in the Arizona desert as possible.<\/p>\n<p><img loading=\"lazy\" decoding=\"async\" class=\"alignnone wp-image-145161 size-full\" src=\"https:\/\/d2p6e6u75xmxt8.cloudfront.net\/2\/2016\/11\/2013.jpg\" width=\"850\" height=\"561\" \/><\/p>\n<p>\u201cWe are certainly not going to be contending for any victories, but we\u2019re looking forward to it, looking forward to having a good time, meeting the other racers,\u201d Armstrong told Velonews.<\/p>\n<p>What do you think about it? Should Armstrong be allowed to race?<\/p>\n<h2><strong>Snowy training in Mallorca<\/strong><\/h2>\n<div class=\"embed-controller-wrapper\">\n<blockquote class=\"twitter-tweet\" data-width=\"500\" data-dnt=\"true\">\n<p lang=\"en\" dir=\"ltr\">Come to mallorca they said. It will be warm and sunny they said <a href=\"https:\/\/t.co\/vbaRUwP13y\">pic.twitter.com\/vbaRUwP13y<\/a><\/p>\n<p>&mdash; Andy Tennant (@tennanto) <a href=\"https:\/\/twitter.com\/tennanto\/status\/821312723254386688?ref_src=twsrc%5Etfw\">January 17, 2017<\/a><\/p><\/blockquote>\n<p><script async data-src=\"https:\/\/platform.twitter.com\/widgets.js\" charset=\"utf-8\"><\/script><\/div>\n<p>It\u2019s not all about getting a tan in Mallorca, or at least not this year.<\/p>\n<div class=\"embed-controller-wrapper\">\n<blockquote class=\"twitter-tweet\" data-width=\"500\" data-dnt=\"true\">\n<p lang=\"en\" dir=\"ltr\">That feeling when you go for a training ride in Mallorca and it snows&#8230; \u2744\ufe0f\u2744\ufe0f\u2744\ufe0f\ud83d\ude02 <a href=\"https:\/\/t.co\/Db8FN5DfqB\">pic.twitter.com\/Db8FN5DfqB<\/a><\/p>\n<p>&mdash; INEOS Grenadiers (@INEOSGrenadiers) <a href=\"https:\/\/twitter.com\/INEOSGrenadiers\/status\/821307442747346944?ref_src=twsrc%5Etfw\">January 17, 2017<\/a><\/p><\/blockquote>\n<p><script async data-src=\"https:\/\/platform.twitter.com\/widgets.js\" charset=\"utf-8\"><\/script><\/div>\n<h2><strong>The struggle is real<\/strong><\/h2>\n<p>The YouTube user \u201cBig DT\u201d went on a countryside ride with a few friends and, apparently, one of his mates decided that putting his bike over a fence saves more time than riding around it, looking for an opening. In the cameraman\u2019s words: \u201cWhilst pedalling today my mate Paul went to put his bike over a fence. Half way though he realised that it was electric! So he dropped it on the fence.&#8221;<\/p>\n<p>And at that moment, the fun begins. So much fun, in fact, that the article with the video was our most read piece last week. Make sure to watch it <a href=\"https:\/\/www.welovecycling.com\/wide\/2017\/01\/16\/video-struggle-real-hilarious-british-cyclist-snares-bike-electric-fence\/\" target=\"_blank\">HERE<\/a>.<\/p>\n","protected":false},"excerpt":{"rendered":"<p>Another Monday is here and our news from the world of cycling with it! So, what did you miss?<\/p>\n","protected":false},"author":12,"featured_media":146198,"comment_status":"open","ping_status":"open","sticky":false,"template":"","format":"standard","meta":{"footnotes":""},"categories":[4142],"tags":[800,801,773],"global-categories":[],"class_list":["post-146196","post","type-post","status-publish","format-standard","has-post-thumbnail","hentry","category-ride2unite","tag-charlie-craig","tag-lance-armstrong","tag-richie-porte"],"yoast_head":"<!-- This site is optimized with the Yoast SEO Premium plugin v25.3 (Yoast SEO v25.9) - https:\/\/yoast.com\/wordpress\/plugins\/seo\/ -->\n<title>Most Important News from the World of Cycling - \u0160koda We Love Cycling<\/title>\n<meta name=\"description\" content=\"Another Monday is here and our news from the world of cycling with it! So, what did you miss? Porte has done it Richie had his eyes on winning the Tour\" \/>\n<meta name=\"robots\" content=\"index, follow, max-snippet:-1, max-image-preview:large, max-video-preview:-1\" \/>\n<link rel=\"canonical\" href=\"https:\/\/www.welovecycling.com\/wide\/2017\/01\/23\/important-news-world-cycling\/\" \/>\n<meta property=\"og:locale\" content=\"en_US\" \/>\n<meta property=\"og:type\" content=\"article\" \/>\n<meta property=\"og:title\" content=\"Most Important News from the World of Cycling\" \/>\n<meta property=\"og:description\" content=\"Another Monday is here and our news from the world of cycling with it! So, what did you miss? Porte has done it Richie had his eyes on winning the Tour\" \/>\n<meta property=\"og:url\" content=\"https:\/\/www.welovecycling.com\/wide\/2017\/01\/23\/important-news-world-cycling\/\" \/>\n<meta property=\"og:site_name\" content=\"\u0160koda We Love Cycling\" \/>\n<meta property=\"article:published_time\" content=\"2017-01-23T15:13:51+00:00\" \/>\n<meta property=\"article:modified_time\" content=\"2017-01-23T15:17:41+00:00\" \/>\n<meta property=\"og:image\" content=\"https:\/\/d2p6e6u75xmxt8.cloudfront.net\/2\/2017\/01\/244242244_244224424.webp\" \/>\n\t<meta property=\"og:image:width\" content=\"900\" \/>\n\t<meta property=\"og:image:height\" content=\"600\" \/>\n\t<meta property=\"og:image:type\" content=\"image\/webp\" \/>\n<meta name=\"twitter:card\" content=\"summary_large_image\" \/>\n<meta name=\"twitter:label1\" content=\"Written by\" \/>\n\t<meta name=\"twitter:data1\" content=\"Martin Mrazek\" \/>\n\t<meta name=\"twitter:label2\" content=\"Est. reading time\" \/>\n\t<meta name=\"twitter:data2\" content=\"3 minutes\" \/>\n<script type=\"application\/ld+json\" class=\"yoast-schema-graph\">{\"@context\":\"https:\/\/schema.org\",\"@graph\":[{\"@type\":\"WebPage\",\"@id\":\"https:\/\/www.welovecycling.com\/wide\/2017\/01\/23\/important-news-world-cycling\/\",\"url\":\"https:\/\/www.welovecycling.com\/wide\/2017\/01\/23\/important-news-world-cycling\/\",\"name\":\"Most Important News from the World of Cycling - \u0160koda We Love Cycling\",\"isPartOf\":{\"@id\":\"https:\/\/www.welovecycling.com\/wide\/#website\"},\"primaryImageOfPage\":{\"@id\":\"https:\/\/www.welovecycling.com\/wide\/2017\/01\/23\/important-news-world-cycling\/#primaryimage\"},\"image\":{\"@id\":\"https:\/\/www.welovecycling.com\/wide\/2017\/01\/23\/important-news-world-cycling\/#primaryimage\"},\"thumbnailUrl\":\"https:\/\/d2p6e6u75xmxt8.cloudfront.net\/2\/2017\/01\/244242244_244224424.webp\",\"datePublished\":\"2017-01-23T15:13:51+00:00\",\"dateModified\":\"2017-01-23T15:17:41+00:00\",\"author\":{\"@id\":\"\"},\"description\":\"Another Monday is here and our news from the world of cycling with it! So, what did you miss? Porte has done it Richie had his eyes on winning the Tour\",\"breadcrumb\":{\"@id\":\"https:\/\/www.welovecycling.com\/wide\/2017\/01\/23\/important-news-world-cycling\/#breadcrumb\"},\"inLanguage\":\"en-US\",\"potentialAction\":[{\"@type\":\"ReadAction\",\"target\":[\"https:\/\/www.welovecycling.com\/wide\/2017\/01\/23\/important-news-world-cycling\/\"]}]},{\"@type\":\"ImageObject\",\"inLanguage\":\"en-US\",\"@id\":\"https:\/\/www.welovecycling.com\/wide\/2017\/01\/23\/important-news-world-cycling\/#primaryimage\",\"url\":\"https:\/\/d2p6e6u75xmxt8.cloudfront.net\/2\/2017\/01\/244242244_244224424.webp\",\"contentUrl\":\"https:\/\/d2p6e6u75xmxt8.cloudfront.net\/2\/2017\/01\/244242244_244224424.webp\",\"width\":900,\"height\":600},{\"@type\":\"BreadcrumbList\",\"@id\":\"https:\/\/www.welovecycling.com\/wide\/2017\/01\/23\/important-news-world-cycling\/#breadcrumb\",\"itemListElement\":[{\"@type\":\"ListItem\",\"position\":1,\"name\":\"Home\",\"item\":\"https:\/\/www.welovecycling.com\/wide\/\"},{\"@type\":\"ListItem\",\"position\":2,\"name\":\"Most Important News from the World of Cycling\"}]},{\"@type\":\"WebSite\",\"@id\":\"https:\/\/www.welovecycling.com\/wide\/#website\",\"url\":\"https:\/\/www.welovecycling.com\/wide\/\",\"name\":\"\u0160koda We Love Cycling\",\"description\":\"\u0160koda We Love Cycling magazine\",\"alternateName\":\"\u0160koda WLC\",\"potentialAction\":[{\"@type\":\"SearchAction\",\"target\":{\"@type\":\"EntryPoint\",\"urlTemplate\":\"https:\/\/www.welovecycling.com\/wide\/?s={search_term_string}\"},\"query-input\":{\"@type\":\"PropertyValueSpecification\",\"valueRequired\":true,\"valueName\":\"search_term_string\"}}],\"inLanguage\":\"en-US\"},{\"@type\":\"Person\",\"@id\":\"\",\"url\":\"https:\/\/www.welovecycling.com\/wide\/author\/\"}]}<\/script>\n<!-- \/ Yoast SEO Premium plugin. -->","yoast_head_json":{"title":"Most Important News from the World of Cycling - \u0160koda We Love Cycling","description":"Another Monday is here and our news from the world of cycling with it! So, what did you miss? Porte has done it Richie had his eyes on winning the Tour","robots":{"index":"index","follow":"follow","max-snippet":"max-snippet:-1","max-image-preview":"max-image-preview:large","max-video-preview":"max-video-preview:-1"},"canonical":"https:\/\/www.welovecycling.com\/wide\/2017\/01\/23\/important-news-world-cycling\/","og_locale":"en_US","og_type":"article","og_title":"Most Important News from the World of Cycling","og_description":"Another Monday is here and our news from the world of cycling with it! So, what did you miss? Porte has done it Richie had his eyes on winning the Tour","og_url":"https:\/\/www.welovecycling.com\/wide\/2017\/01\/23\/important-news-world-cycling\/","og_site_name":"\u0160koda We Love Cycling","article_published_time":"2017-01-23T15:13:51+00:00","article_modified_time":"2017-01-23T15:17:41+00:00","og_image":[{"width":900,"height":600,"url":"https:\/\/d2p6e6u75xmxt8.cloudfront.net\/2\/2017\/01\/244242244_244224424.webp","type":"image\/webp"}],"twitter_card":"summary_large_image","twitter_misc":{"Written by":"Martin Mrazek","Est. reading time":"3 minutes"},"schema":{"@context":"https:\/\/schema.org","@graph":[{"@type":"WebPage","@id":"https:\/\/www.welovecycling.com\/wide\/2017\/01\/23\/important-news-world-cycling\/","url":"https:\/\/www.welovecycling.com\/wide\/2017\/01\/23\/important-news-world-cycling\/","name":"Most Important News from the World of Cycling - \u0160koda We Love Cycling","isPartOf":{"@id":"https:\/\/www.welovecycling.com\/wide\/#website"},"primaryImageOfPage":{"@id":"https:\/\/www.welovecycling.com\/wide\/2017\/01\/23\/important-news-world-cycling\/#primaryimage"},"image":{"@id":"https:\/\/www.welovecycling.com\/wide\/2017\/01\/23\/important-news-world-cycling\/#primaryimage"},"thumbnailUrl":"https:\/\/d2p6e6u75xmxt8.cloudfront.net\/2\/2017\/01\/244242244_244224424.webp","datePublished":"2017-01-23T15:13:51+00:00","dateModified":"2017-01-23T15:17:41+00:00","author":{"@id":""},"description":"Another Monday is here and our news from the world of cycling with it! So, what did you miss? Porte has done it Richie had his eyes on winning the Tour","breadcrumb":{"@id":"https:\/\/www.welovecycling.com\/wide\/2017\/01\/23\/important-news-world-cycling\/#breadcrumb"},"inLanguage":"en-US","potentialAction":[{"@type":"ReadAction","target":["https:\/\/www.welovecycling.com\/wide\/2017\/01\/23\/important-news-world-cycling\/"]}]},{"@type":"ImageObject","inLanguage":"en-US","@id":"https:\/\/www.welovecycling.com\/wide\/2017\/01\/23\/important-news-world-cycling\/#primaryimage","url":"https:\/\/d2p6e6u75xmxt8.cloudfront.net\/2\/2017\/01\/244242244_244224424.webp","contentUrl":"https:\/\/d2p6e6u75xmxt8.cloudfront.net\/2\/2017\/01\/244242244_244224424.webp","width":900,"height":600},{"@type":"BreadcrumbList","@id":"https:\/\/www.welovecycling.com\/wide\/2017\/01\/23\/important-news-world-cycling\/#breadcrumb","itemListElement":[{"@type":"ListItem","position":1,"name":"Home","item":"https:\/\/www.welovecycling.com\/wide\/"},{"@type":"ListItem","position":2,"name":"Most Important News from the World of Cycling"}]},{"@type":"WebSite","@id":"https:\/\/www.welovecycling.com\/wide\/#website","url":"https:\/\/www.welovecycling.com\/wide\/","name":"\u0160koda We Love Cycling","description":"\u0160koda We Love Cycling magazine","alternateName":"\u0160koda WLC","potentialAction":[{"@type":"SearchAction","target":{"@type":"EntryPoint","urlTemplate":"https:\/\/www.welovecycling.com\/wide\/?s={search_term_string}"},"query-input":{"@type":"PropertyValueSpecification","valueRequired":true,"valueName":"search_term_string"}}],"inLanguage":"en-US"},{"@type":"Person","@id":"","url":"https:\/\/www.welovecycling.com\/wide\/author\/"}]}},"_links":{"self":[{"href":"https:\/\/www.welovecycling.com\/wide\/wp-json\/wp\/v2\/posts\/146196","targetHints":{"allow":["GET"]}}],"collection":[{"href":"https:\/\/www.welovecycling.com\/wide\/wp-json\/wp\/v2\/posts"}],"about":[{"href":"https:\/\/www.welovecycling.com\/wide\/wp-json\/wp\/v2\/types\/post"}],"author":[{"embeddable":true,"href":"https:\/\/www.welovecycling.com\/wide\/wp-json\/wp\/v2\/users\/12"}],"replies":[{"embeddable":true,"href":"https:\/\/www.welovecycling.com\/wide\/wp-json\/wp\/v2\/comments?post=146196"}],"version-history":[{"count":2,"href":"https:\/\/www.welovecycling.com\/wide\/wp-json\/wp\/v2\/posts\/146196\/revisions"}],"predecessor-version":[{"id":146203,"href":"https:\/\/www.welovecycling.com\/wide\/wp-json\/wp\/v2\/posts\/146196\/revisions\/146203"}],"wp:featuredmedia":[{"embeddable":true,"href":"https:\/\/www.welovecycling.com\/wide\/wp-json\/wp\/v2\/media\/146198"}],"wp:attachment":[{"href":"https:\/\/www.welovecycling.com\/wide\/wp-json\/wp\/v2\/media?parent=146196"}],"wp:term":[{"taxonomy":"category","embeddable":true,"href":"https:\/\/www.welovecycling.com\/wide\/wp-json\/wp\/v2\/categories?post=146196"},{"taxonomy":"post_tag","embeddable":true,"href":"https:\/\/www.welovecycling.com\/wide\/wp-json\/wp\/v2\/tags?post=146196"},{"taxonomy":"global-categories","embeddable":true,"href":"https:\/\/www.welovecycling.com\/wide\/wp-json\/wp\/v2\/global-categories?post=146196"}],"curies":[{"name":"wp","href":"https:\/\/api.w.org\/{rel}","templated":true}]}}