{"id":146184,"date":"2017-01-20T16:56:18","date_gmt":"2017-01-20T16:56:18","guid":{"rendered":"https:\/\/www.welovecycling.com\/wide\/?p=146184"},"modified":"2017-01-20T16:56:18","modified_gmt":"2017-01-20T16:56:18","slug":"tour-decides-ditch-podium-girls","status":"publish","type":"post","link":"https:\/\/www.welovecycling.com\/wide\/2017\/01\/20\/tour-decides-ditch-podium-girls\/","title":{"rendered":"Tour Down Under Decides to Ditch Podium Girls"},"content":{"rendered":"<p>&nbsp;<\/p>\n<p><strong>The issue is not entirely new to cycling fans. In 2015, organizers of the Flanders Diamond Tour in Belgium apologized for using bikini-clad podium girls at women\u2019s race after one of the riders, Marijn de Vries, tweeted that the setup was an \u201cutter disgrace\u201d. She found it an absurd contrast \u2013 the female winners dressed in bibs and jerseys next to girls wearing barely nothing at all and posing with the racers. The notorious Peter Sagan caused a bit of a commotion for pinching a podium girl\u2019s behind at 2013 Tour de Flanders and later issued a video apology.<\/strong><!--more--><\/p>\n<p>Team Sky\u2019s cyclist Mikel Landa endorses Tour Down Under\u2019s decision to switch female models for junior cyclists, who will now be presenting winners with the prizes. Pointing out that nobody dares to question this established custom, Landa suggests that this is the direction professional cycling events should be heading and that other organizers should take notes.<\/p>\n<p>The Tour Down Under, UCI\u2019s WorldTour opener, is partially funded by South Australian government, which initiated the cancellation of this tradition. Cycling is a sport deeply interwoven with customs and it might take time before some of the more questionable can be weeded out. As Landa adds:<\/p>\n<p>\u201cPodium girls presenting the prizes is an old tradition, it\u2019s like treating the women them as objects, and undervaluing them.\u201d<\/p>\n<p><img loading=\"lazy\" decoding=\"async\" class=\"alignnone wp-image-146186 size-full\" src=\"https:\/\/d2p6e6u75xmxt8.cloudfront.net\/2\/2017\/01\/profimedia-0296042232.jpg\" width=\"1800\" height=\"1285\" \/><\/p>\n<p>Some might (and will) argue that the girls are doing a paid job like any other modelling-related gig and that some of them hope for this to be their stepping stone for landing bigger modelling or\/and acting deals. But let\u2019s be honest, the hostesses\u2019 job is not to show off designer clothes or accessories, they\u2019re there because they are simply pleasant to look at, being on par with decoration. The internet hivemind weighed in on this topic and while some rants about prudes and sensitiveness appeared, adding to the casual objectifying, alternative solutions could be found too. Some suggested that the winner\u2019s loved ones or family should be handing over the prizes or, more sinisterly, the ones who ended up second in the race.<\/p>\n<p>However, The Giro and the other Grand Tours, the Tour de France and Vuelta a Espa\u00f1a, will keep the custom and we can only guess we won\u2019t see this decision waver anytime soon.<\/p>\n","protected":false},"excerpt":{"rendered":"<p>&nbsp; The issue is not entirely new to cycling fans. In 2015, organizers of the Flanders Diamond Tour in Belgium [&hellip;]<\/p>\n","protected":false},"author":12,"featured_media":146185,"comment_status":"open","ping_status":"open","sticky":false,"template":"","format":"standard","meta":{"footnotes":""},"categories":[329],"tags":[794,381,793],"global-categories":[],"class_list":["post-146184","post","type-post","status-publish","format-standard","has-post-thumbnail","hentry","category-road-cycling","tag-mikel-landa","tag-peter-sagan","tag-podium-girls"],"yoast_head":"<!-- This site is optimized with the Yoast SEO Premium plugin v25.3 (Yoast SEO v25.9) - https:\/\/yoast.com\/wordpress\/plugins\/seo\/ -->\n<title>Tour Down Under Decides to Ditch Podium Girls - \u0160koda We Love Cycling<\/title>\n<meta name=\"description\" content=\"&nbsp; The issue is not entirely new to cycling fans. In 2015, organizers of the Flanders Diamond Tour in Belgium apologized for using bikini-clad podium\" \/>\n<meta name=\"robots\" content=\"index, follow, max-snippet:-1, max-image-preview:large, max-video-preview:-1\" \/>\n<link rel=\"canonical\" href=\"https:\/\/www.welovecycling.com\/wide\/2017\/01\/20\/tour-decides-ditch-podium-girls\/\" \/>\n<meta property=\"og:locale\" content=\"en_US\" \/>\n<meta property=\"og:type\" content=\"article\" \/>\n<meta property=\"og:title\" content=\"Tour Down Under Decides to Ditch Podium Girls\" \/>\n<meta property=\"og:description\" content=\"&nbsp; The issue is not entirely new to cycling fans. In 2015, organizers of the Flanders Diamond Tour in Belgium apologized for using bikini-clad podium\" \/>\n<meta property=\"og:url\" content=\"https:\/\/www.welovecycling.com\/wide\/2017\/01\/20\/tour-decides-ditch-podium-girls\/\" \/>\n<meta property=\"og:site_name\" content=\"\u0160koda We Love Cycling\" \/>\n<meta property=\"article:published_time\" content=\"2017-01-20T16:56:18+00:00\" \/>\n<meta property=\"og:image\" content=\"https:\/\/d2p6e6u75xmxt8.cloudfront.net\/2\/2017\/01\/7848487.webp\" \/>\n\t<meta property=\"og:image:width\" content=\"900\" \/>\n\t<meta property=\"og:image:height\" content=\"600\" \/>\n\t<meta property=\"og:image:type\" content=\"image\/webp\" \/>\n<meta name=\"twitter:card\" content=\"summary_large_image\" \/>\n<meta name=\"twitter:label1\" content=\"Written by\" \/>\n\t<meta name=\"twitter:data1\" content=\"Frantiska Blazkova\" \/>\n\t<meta name=\"twitter:label2\" content=\"Est. reading time\" \/>\n\t<meta name=\"twitter:data2\" content=\"2 minutes\" \/>\n<script type=\"application\/ld+json\" class=\"yoast-schema-graph\">{\"@context\":\"https:\/\/schema.org\",\"@graph\":[{\"@type\":\"WebPage\",\"@id\":\"https:\/\/www.welovecycling.com\/wide\/2017\/01\/20\/tour-decides-ditch-podium-girls\/\",\"url\":\"https:\/\/www.welovecycling.com\/wide\/2017\/01\/20\/tour-decides-ditch-podium-girls\/\",\"name\":\"Tour Down Under Decides to Ditch Podium Girls - \u0160koda We Love Cycling\",\"isPartOf\":{\"@id\":\"https:\/\/www.welovecycling.com\/wide\/#website\"},\"primaryImageOfPage\":{\"@id\":\"https:\/\/www.welovecycling.com\/wide\/2017\/01\/20\/tour-decides-ditch-podium-girls\/#primaryimage\"},\"image\":{\"@id\":\"https:\/\/www.welovecycling.com\/wide\/2017\/01\/20\/tour-decides-ditch-podium-girls\/#primaryimage\"},\"thumbnailUrl\":\"https:\/\/d2p6e6u75xmxt8.cloudfront.net\/2\/2017\/01\/7848487.webp\",\"datePublished\":\"2017-01-20T16:56:18+00:00\",\"author\":{\"@id\":\"\"},\"description\":\"&nbsp; The issue is not entirely new to cycling fans. In 2015, organizers of the Flanders Diamond Tour in Belgium apologized for using bikini-clad podium\",\"breadcrumb\":{\"@id\":\"https:\/\/www.welovecycling.com\/wide\/2017\/01\/20\/tour-decides-ditch-podium-girls\/#breadcrumb\"},\"inLanguage\":\"en-US\",\"potentialAction\":[{\"@type\":\"ReadAction\",\"target\":[\"https:\/\/www.welovecycling.com\/wide\/2017\/01\/20\/tour-decides-ditch-podium-girls\/\"]}]},{\"@type\":\"ImageObject\",\"inLanguage\":\"en-US\",\"@id\":\"https:\/\/www.welovecycling.com\/wide\/2017\/01\/20\/tour-decides-ditch-podium-girls\/#primaryimage\",\"url\":\"https:\/\/d2p6e6u75xmxt8.cloudfront.net\/2\/2017\/01\/7848487.webp\",\"contentUrl\":\"https:\/\/d2p6e6u75xmxt8.cloudfront.net\/2\/2017\/01\/7848487.webp\",\"width\":900,\"height\":600},{\"@type\":\"BreadcrumbList\",\"@id\":\"https:\/\/www.welovecycling.com\/wide\/2017\/01\/20\/tour-decides-ditch-podium-girls\/#breadcrumb\",\"itemListElement\":[{\"@type\":\"ListItem\",\"position\":1,\"name\":\"Home\",\"item\":\"https:\/\/www.welovecycling.com\/wide\/\"},{\"@type\":\"ListItem\",\"position\":2,\"name\":\"Tour Down Under Decides to Ditch Podium Girls\"}]},{\"@type\":\"WebSite\",\"@id\":\"https:\/\/www.welovecycling.com\/wide\/#website\",\"url\":\"https:\/\/www.welovecycling.com\/wide\/\",\"name\":\"\u0160koda We Love Cycling\",\"description\":\"\u0160koda We Love Cycling magazine\",\"alternateName\":\"\u0160koda WLC\",\"potentialAction\":[{\"@type\":\"SearchAction\",\"target\":{\"@type\":\"EntryPoint\",\"urlTemplate\":\"https:\/\/www.welovecycling.com\/wide\/?s={search_term_string}\"},\"query-input\":{\"@type\":\"PropertyValueSpecification\",\"valueRequired\":true,\"valueName\":\"search_term_string\"}}],\"inLanguage\":\"en-US\"},{\"@type\":\"Person\",\"@id\":\"\",\"url\":\"https:\/\/www.welovecycling.com\/wide\/author\/\"}]}<\/script>\n<!-- \/ Yoast SEO Premium plugin. -->","yoast_head_json":{"title":"Tour Down Under Decides to Ditch Podium Girls - \u0160koda We Love Cycling","description":"&nbsp; The issue is not entirely new to cycling fans. In 2015, organizers of the Flanders Diamond Tour in Belgium apologized for using bikini-clad podium","robots":{"index":"index","follow":"follow","max-snippet":"max-snippet:-1","max-image-preview":"max-image-preview:large","max-video-preview":"max-video-preview:-1"},"canonical":"https:\/\/www.welovecycling.com\/wide\/2017\/01\/20\/tour-decides-ditch-podium-girls\/","og_locale":"en_US","og_type":"article","og_title":"Tour Down Under Decides to Ditch Podium Girls","og_description":"&nbsp; The issue is not entirely new to cycling fans. In 2015, organizers of the Flanders Diamond Tour in Belgium apologized for using bikini-clad podium","og_url":"https:\/\/www.welovecycling.com\/wide\/2017\/01\/20\/tour-decides-ditch-podium-girls\/","og_site_name":"\u0160koda We Love Cycling","article_published_time":"2017-01-20T16:56:18+00:00","og_image":[{"width":900,"height":600,"url":"https:\/\/d2p6e6u75xmxt8.cloudfront.net\/2\/2017\/01\/7848487.webp","type":"image\/webp"}],"twitter_card":"summary_large_image","twitter_misc":{"Written by":"Frantiska Blazkova","Est. reading time":"2 minutes"},"schema":{"@context":"https:\/\/schema.org","@graph":[{"@type":"WebPage","@id":"https:\/\/www.welovecycling.com\/wide\/2017\/01\/20\/tour-decides-ditch-podium-girls\/","url":"https:\/\/www.welovecycling.com\/wide\/2017\/01\/20\/tour-decides-ditch-podium-girls\/","name":"Tour Down Under Decides to Ditch Podium Girls - \u0160koda We Love Cycling","isPartOf":{"@id":"https:\/\/www.welovecycling.com\/wide\/#website"},"primaryImageOfPage":{"@id":"https:\/\/www.welovecycling.com\/wide\/2017\/01\/20\/tour-decides-ditch-podium-girls\/#primaryimage"},"image":{"@id":"https:\/\/www.welovecycling.com\/wide\/2017\/01\/20\/tour-decides-ditch-podium-girls\/#primaryimage"},"thumbnailUrl":"https:\/\/d2p6e6u75xmxt8.cloudfront.net\/2\/2017\/01\/7848487.webp","datePublished":"2017-01-20T16:56:18+00:00","author":{"@id":""},"description":"&nbsp; The issue is not entirely new to cycling fans. In 2015, organizers of the Flanders Diamond Tour in Belgium apologized for using bikini-clad podium","breadcrumb":{"@id":"https:\/\/www.welovecycling.com\/wide\/2017\/01\/20\/tour-decides-ditch-podium-girls\/#breadcrumb"},"inLanguage":"en-US","potentialAction":[{"@type":"ReadAction","target":["https:\/\/www.welovecycling.com\/wide\/2017\/01\/20\/tour-decides-ditch-podium-girls\/"]}]},{"@type":"ImageObject","inLanguage":"en-US","@id":"https:\/\/www.welovecycling.com\/wide\/2017\/01\/20\/tour-decides-ditch-podium-girls\/#primaryimage","url":"https:\/\/d2p6e6u75xmxt8.cloudfront.net\/2\/2017\/01\/7848487.webp","contentUrl":"https:\/\/d2p6e6u75xmxt8.cloudfront.net\/2\/2017\/01\/7848487.webp","width":900,"height":600},{"@type":"BreadcrumbList","@id":"https:\/\/www.welovecycling.com\/wide\/2017\/01\/20\/tour-decides-ditch-podium-girls\/#breadcrumb","itemListElement":[{"@type":"ListItem","position":1,"name":"Home","item":"https:\/\/www.welovecycling.com\/wide\/"},{"@type":"ListItem","position":2,"name":"Tour Down Under Decides to Ditch Podium Girls"}]},{"@type":"WebSite","@id":"https:\/\/www.welovecycling.com\/wide\/#website","url":"https:\/\/www.welovecycling.com\/wide\/","name":"\u0160koda We Love Cycling","description":"\u0160koda We Love Cycling magazine","alternateName":"\u0160koda WLC","potentialAction":[{"@type":"SearchAction","target":{"@type":"EntryPoint","urlTemplate":"https:\/\/www.welovecycling.com\/wide\/?s={search_term_string}"},"query-input":{"@type":"PropertyValueSpecification","valueRequired":true,"valueName":"search_term_string"}}],"inLanguage":"en-US"},{"@type":"Person","@id":"","url":"https:\/\/www.welovecycling.com\/wide\/author\/"}]}},"_links":{"self":[{"href":"https:\/\/www.welovecycling.com\/wide\/wp-json\/wp\/v2\/posts\/146184","targetHints":{"allow":["GET"]}}],"collection":[{"href":"https:\/\/www.welovecycling.com\/wide\/wp-json\/wp\/v2\/posts"}],"about":[{"href":"https:\/\/www.welovecycling.com\/wide\/wp-json\/wp\/v2\/types\/post"}],"author":[{"embeddable":true,"href":"https:\/\/www.welovecycling.com\/wide\/wp-json\/wp\/v2\/users\/12"}],"replies":[{"embeddable":true,"href":"https:\/\/www.welovecycling.com\/wide\/wp-json\/wp\/v2\/comments?post=146184"}],"version-history":[{"count":1,"href":"https:\/\/www.welovecycling.com\/wide\/wp-json\/wp\/v2\/posts\/146184\/revisions"}],"predecessor-version":[{"id":146187,"href":"https:\/\/www.welovecycling.com\/wide\/wp-json\/wp\/v2\/posts\/146184\/revisions\/146187"}],"wp:featuredmedia":[{"embeddable":true,"href":"https:\/\/www.welovecycling.com\/wide\/wp-json\/wp\/v2\/media\/146185"}],"wp:attachment":[{"href":"https:\/\/www.welovecycling.com\/wide\/wp-json\/wp\/v2\/media?parent=146184"}],"wp:term":[{"taxonomy":"category","embeddable":true,"href":"https:\/\/www.welovecycling.com\/wide\/wp-json\/wp\/v2\/categories?post=146184"},{"taxonomy":"post_tag","embeddable":true,"href":"https:\/\/www.welovecycling.com\/wide\/wp-json\/wp\/v2\/tags?post=146184"},{"taxonomy":"global-categories","embeddable":true,"href":"https:\/\/www.welovecycling.com\/wide\/wp-json\/wp\/v2\/global-categories?post=146184"}],"curies":[{"name":"wp","href":"https:\/\/api.w.org\/{rel}","templated":true}]}}