{"id":145959,"date":"2017-01-06T15:39:18","date_gmt":"2017-01-06T15:39:18","guid":{"rendered":"https:\/\/www.welovecycling.com\/wide\/?p=145959"},"modified":"2017-01-06T15:39:18","modified_gmt":"2017-01-06T15:39:18","slug":"robert-marchand-life-105-year-old-phenomenon","status":"publish","type":"post","link":"https:\/\/www.welovecycling.com\/wide\/2017\/01\/06\/robert-marchand-life-105-year-old-phenomenon\/","title":{"rendered":"Who Is Robert Marchand: Life of the 105-Year-Old Phenomenon"},"content":{"rendered":"<p><strong>You\u2019ve probably already heard about Robert, the 105-year-old cycling miracle from France, who recently managed to best his own record of furthest distance (22.547 km) cycled in one hour in the 105+ category. Both 100+ and 105+ rider categories were created by UCI especially for Marchand and, not surprisingly, he dominates them both. If you feel that you\u2019ve just been challenged by a guy clocking over ten decades, prepare to take another blow \u2013 his life is even more interesting.<\/strong><br \/>\n<!--more--><\/p>\n<p>Born on November 26, 1911 (even writing this seems surreal), in the northern French city of Amiens, he started riding when he was 14 but, due to his diminutive stature, his coach told him that he should give up cycling because he will never achieve anything on a bike. At first, he took his advice to heart and started living an eventful life that took him to Venezuela, where he worked as a truck driver and sugarcane planter near the end of the 1940s, and later he moved to Canada where he worked as a lumberjack.<br \/>\n<img loading=\"lazy\" decoding=\"async\" class=\"alignnone size-full wp-image-145961\" src=\"https:\/\/d2p6e6u75xmxt8.cloudfront.net\/2\/2017\/01\/image-781759-galleryV9-bcch-640x436.jpg\" alt=\"\" width=\"640\" height=\"436\" \/><\/p>\n<p>Furthermore, because it apparently wasn\u2019t enough, he was a firefighter in the 1930s and took an active part during the strikes of 1936 in France that gave birth to the modern era foundations of French employment legislation and he even managed to find himself in prison during World War II because he failed to train children of Nazi collaborators as a gym instructor.<\/p>\n<p>He returned to France in 1960s and made living through various odd jobs, later taking on the job as a gardener or wine dealer until 1987. Then he apparently remembered his old hobby and took up the bike again when he was 67 years old, because why not. When he was 89 he finished the 600-kilometre race between Bordeaux and Paris in 36 hours. Actually, he\u00a0rode from Bordeaux to Paris, and Paris to Roubaix several times. He also cycled to Moscow from Paris in 1992. Whew.<\/p>\n<p><img loading=\"lazy\" decoding=\"async\" class=\"alignnone size-full wp-image-145960\" src=\"https:\/\/d2p6e6u75xmxt8.cloudfront.net\/2\/2017\/01\/marchand-robert.jpg\" alt=\"\" width=\"620\" height=\"349\" \/><\/p>\n<p>He set his first hour record to mark his 100th birthday. In 2012\u00a0he rode 24 kilometres and 251 metres in Aigle. Two years later he rode 10 per cent faster than he did when he was 100 years old. This veteran Frenchman who apparently doesn\u2019t know the definition of \u201cretirement\u201d also holds the record for 100-kilometres in his age group. On the track in Lyon he finished his 100 kilometre race in four hours and 15 minutes, averaging just over 23 kilometres per hour.<\/p>\n<p>Not so fast forward to January 4, 2017, and here comes his successful attempt at breaking his own record. When asked about his motives, he simply answered: \u201cI\u2019m not here to break any record,\u201d he said. \u201cI\u2019m doing it to prove that at 105 years old you can still ride a bike.\u201d But his competitive spirit wasn\u2019t entirely left behind, as he noted: \u201cI did not see the sign warning me I had 10 minutes left,\u201d Marchand said after his effort. \u201cOtherwise I would have gone faster, I would have posted a better time. I\u2019m now waiting for a rival.\u201d No, he doesn\u2019t put us all to shame at all.<\/p>\n<div class=\"embed-controller-wrapper\">\n<blockquote class=\"imgur-embed-pub\" lang=\"en\" data-id=\"v2dcs\"><p><a href=\"https:\/\/imgur.com\/v2dcs\">View post on imgur.com<\/a><\/p><\/blockquote>\n<p><script async data-src=\"\/\/s.imgur.com\/min\/embed.js\" charset=\"utf-8\"><\/script><\/div>\n<p>According to his coach, he stays fit by no complicated means \u2013 he has a stabile sleeping routine, exercises daily both outdoors and indoors, eats a lot of fruit and vegetables, avoids smoking a has only the occasional glass of red wine. Yeah, not something we all like to hear, but it all boils down to that. And when asked about doping, Robert just laughs and says that you would find only a little drop of honey in his water bottle. His trainer Mistler confirms that: \u201cIf he had been doping, he would not be here anymore.\u201d<\/p>\n<p>What a role model for all of us to look up to. Robert Marchand is certainly winning at the whole life game and we can\u2019t wait what he will be up to next.<\/p>\n","protected":false},"excerpt":{"rendered":"<p>You\u2019ve probably already heard about Robert, the 105-year-old cycling miracle from France, who recently managed to best his own record [&hellip;]<\/p>\n","protected":false},"author":12,"featured_media":145963,"comment_status":"open","ping_status":"open","sticky":false,"template":"","format":"standard","meta":{"footnotes":""},"categories":[332],"tags":[746],"global-categories":[],"class_list":["post-145959","post","type-post","status-publish","format-standard","has-post-thumbnail","hentry","category-health-and-training","tag-robert-marchand"],"yoast_head":"<!-- This site is optimized with the Yoast SEO Premium plugin v25.3 (Yoast SEO v25.9) - https:\/\/yoast.com\/wordpress\/plugins\/seo\/ -->\n<title>Who Is Robert Marchand: Life of the 105-Year-Old Phenomenon - \u0160koda We Love Cycling<\/title>\n<meta name=\"description\" content=\"You\u2019ve probably already heard about Robert, the 105-year-old cycling miracle from France, who recently managed to best his own record of furthest distance\" \/>\n<meta name=\"robots\" content=\"index, follow, max-snippet:-1, max-image-preview:large, max-video-preview:-1\" \/>\n<link rel=\"canonical\" href=\"https:\/\/www.welovecycling.com\/wide\/2017\/01\/06\/robert-marchand-life-105-year-old-phenomenon\/\" \/>\n<meta property=\"og:locale\" content=\"en_US\" \/>\n<meta property=\"og:type\" content=\"article\" \/>\n<meta property=\"og:title\" content=\"Who Is Robert Marchand: Life of the 105-Year-Old Phenomenon\" \/>\n<meta property=\"og:description\" content=\"You\u2019ve probably already heard about Robert, the 105-year-old cycling miracle from France, who recently managed to best his own record of furthest distance\" \/>\n<meta property=\"og:url\" content=\"https:\/\/www.welovecycling.com\/wide\/2017\/01\/06\/robert-marchand-life-105-year-old-phenomenon\/\" \/>\n<meta property=\"og:site_name\" content=\"\u0160koda We Love Cycling\" \/>\n<meta property=\"article:published_time\" content=\"2017-01-06T15:39:18+00:00\" \/>\n<meta property=\"og:image\" content=\"https:\/\/d2p6e6u75xmxt8.cloudfront.net\/2\/2017\/01\/2422442_422442.webp\" \/>\n\t<meta property=\"og:image:width\" content=\"900\" \/>\n\t<meta property=\"og:image:height\" content=\"600\" \/>\n\t<meta property=\"og:image:type\" content=\"image\/webp\" \/>\n<meta name=\"twitter:card\" content=\"summary_large_image\" \/>\n<meta name=\"twitter:label1\" content=\"Written by\" \/>\n\t<meta name=\"twitter:data1\" content=\"Frantiska Blazkova\" \/>\n\t<meta name=\"twitter:label2\" content=\"Est. reading time\" \/>\n\t<meta name=\"twitter:data2\" content=\"3 minutes\" \/>\n<script type=\"application\/ld+json\" class=\"yoast-schema-graph\">{\"@context\":\"https:\/\/schema.org\",\"@graph\":[{\"@type\":\"WebPage\",\"@id\":\"https:\/\/www.welovecycling.com\/wide\/2017\/01\/06\/robert-marchand-life-105-year-old-phenomenon\/\",\"url\":\"https:\/\/www.welovecycling.com\/wide\/2017\/01\/06\/robert-marchand-life-105-year-old-phenomenon\/\",\"name\":\"Who Is Robert Marchand: Life of the 105-Year-Old Phenomenon - \u0160koda We Love Cycling\",\"isPartOf\":{\"@id\":\"https:\/\/www.welovecycling.com\/wide\/#website\"},\"primaryImageOfPage\":{\"@id\":\"https:\/\/www.welovecycling.com\/wide\/2017\/01\/06\/robert-marchand-life-105-year-old-phenomenon\/#primaryimage\"},\"image\":{\"@id\":\"https:\/\/www.welovecycling.com\/wide\/2017\/01\/06\/robert-marchand-life-105-year-old-phenomenon\/#primaryimage\"},\"thumbnailUrl\":\"https:\/\/d2p6e6u75xmxt8.cloudfront.net\/2\/2017\/01\/2422442_422442.webp\",\"datePublished\":\"2017-01-06T15:39:18+00:00\",\"author\":{\"@id\":\"\"},\"description\":\"You\u2019ve probably already heard about Robert, the 105-year-old cycling miracle from France, who recently managed to best his own record of furthest distance\",\"breadcrumb\":{\"@id\":\"https:\/\/www.welovecycling.com\/wide\/2017\/01\/06\/robert-marchand-life-105-year-old-phenomenon\/#breadcrumb\"},\"inLanguage\":\"en-US\",\"potentialAction\":[{\"@type\":\"ReadAction\",\"target\":[\"https:\/\/www.welovecycling.com\/wide\/2017\/01\/06\/robert-marchand-life-105-year-old-phenomenon\/\"]}]},{\"@type\":\"ImageObject\",\"inLanguage\":\"en-US\",\"@id\":\"https:\/\/www.welovecycling.com\/wide\/2017\/01\/06\/robert-marchand-life-105-year-old-phenomenon\/#primaryimage\",\"url\":\"https:\/\/d2p6e6u75xmxt8.cloudfront.net\/2\/2017\/01\/2422442_422442.webp\",\"contentUrl\":\"https:\/\/d2p6e6u75xmxt8.cloudfront.net\/2\/2017\/01\/2422442_422442.webp\",\"width\":900,\"height\":600},{\"@type\":\"BreadcrumbList\",\"@id\":\"https:\/\/www.welovecycling.com\/wide\/2017\/01\/06\/robert-marchand-life-105-year-old-phenomenon\/#breadcrumb\",\"itemListElement\":[{\"@type\":\"ListItem\",\"position\":1,\"name\":\"Home\",\"item\":\"https:\/\/www.welovecycling.com\/wide\/\"},{\"@type\":\"ListItem\",\"position\":2,\"name\":\"Who Is Robert Marchand: Life of the 105-Year-Old Phenomenon\"}]},{\"@type\":\"WebSite\",\"@id\":\"https:\/\/www.welovecycling.com\/wide\/#website\",\"url\":\"https:\/\/www.welovecycling.com\/wide\/\",\"name\":\"\u0160koda We Love Cycling\",\"description\":\"\u0160koda We Love Cycling magazine\",\"alternateName\":\"\u0160koda WLC\",\"potentialAction\":[{\"@type\":\"SearchAction\",\"target\":{\"@type\":\"EntryPoint\",\"urlTemplate\":\"https:\/\/www.welovecycling.com\/wide\/?s={search_term_string}\"},\"query-input\":{\"@type\":\"PropertyValueSpecification\",\"valueRequired\":true,\"valueName\":\"search_term_string\"}}],\"inLanguage\":\"en-US\"},{\"@type\":\"Person\",\"@id\":\"\",\"url\":\"https:\/\/www.welovecycling.com\/wide\/author\/\"}]}<\/script>\n<!-- \/ Yoast SEO Premium plugin. -->","yoast_head_json":{"title":"Who Is Robert Marchand: Life of the 105-Year-Old Phenomenon - \u0160koda We Love Cycling","description":"You\u2019ve probably already heard about Robert, the 105-year-old cycling miracle from France, who recently managed to best his own record of furthest distance","robots":{"index":"index","follow":"follow","max-snippet":"max-snippet:-1","max-image-preview":"max-image-preview:large","max-video-preview":"max-video-preview:-1"},"canonical":"https:\/\/www.welovecycling.com\/wide\/2017\/01\/06\/robert-marchand-life-105-year-old-phenomenon\/","og_locale":"en_US","og_type":"article","og_title":"Who Is Robert Marchand: Life of the 105-Year-Old Phenomenon","og_description":"You\u2019ve probably already heard about Robert, the 105-year-old cycling miracle from France, who recently managed to best his own record of furthest distance","og_url":"https:\/\/www.welovecycling.com\/wide\/2017\/01\/06\/robert-marchand-life-105-year-old-phenomenon\/","og_site_name":"\u0160koda We Love Cycling","article_published_time":"2017-01-06T15:39:18+00:00","og_image":[{"width":900,"height":600,"url":"https:\/\/d2p6e6u75xmxt8.cloudfront.net\/2\/2017\/01\/2422442_422442.webp","type":"image\/webp"}],"twitter_card":"summary_large_image","twitter_misc":{"Written by":"Frantiska Blazkova","Est. reading time":"3 minutes"},"schema":{"@context":"https:\/\/schema.org","@graph":[{"@type":"WebPage","@id":"https:\/\/www.welovecycling.com\/wide\/2017\/01\/06\/robert-marchand-life-105-year-old-phenomenon\/","url":"https:\/\/www.welovecycling.com\/wide\/2017\/01\/06\/robert-marchand-life-105-year-old-phenomenon\/","name":"Who Is Robert Marchand: Life of the 105-Year-Old Phenomenon - \u0160koda We Love Cycling","isPartOf":{"@id":"https:\/\/www.welovecycling.com\/wide\/#website"},"primaryImageOfPage":{"@id":"https:\/\/www.welovecycling.com\/wide\/2017\/01\/06\/robert-marchand-life-105-year-old-phenomenon\/#primaryimage"},"image":{"@id":"https:\/\/www.welovecycling.com\/wide\/2017\/01\/06\/robert-marchand-life-105-year-old-phenomenon\/#primaryimage"},"thumbnailUrl":"https:\/\/d2p6e6u75xmxt8.cloudfront.net\/2\/2017\/01\/2422442_422442.webp","datePublished":"2017-01-06T15:39:18+00:00","author":{"@id":""},"description":"You\u2019ve probably already heard about Robert, the 105-year-old cycling miracle from France, who recently managed to best his own record of furthest distance","breadcrumb":{"@id":"https:\/\/www.welovecycling.com\/wide\/2017\/01\/06\/robert-marchand-life-105-year-old-phenomenon\/#breadcrumb"},"inLanguage":"en-US","potentialAction":[{"@type":"ReadAction","target":["https:\/\/www.welovecycling.com\/wide\/2017\/01\/06\/robert-marchand-life-105-year-old-phenomenon\/"]}]},{"@type":"ImageObject","inLanguage":"en-US","@id":"https:\/\/www.welovecycling.com\/wide\/2017\/01\/06\/robert-marchand-life-105-year-old-phenomenon\/#primaryimage","url":"https:\/\/d2p6e6u75xmxt8.cloudfront.net\/2\/2017\/01\/2422442_422442.webp","contentUrl":"https:\/\/d2p6e6u75xmxt8.cloudfront.net\/2\/2017\/01\/2422442_422442.webp","width":900,"height":600},{"@type":"BreadcrumbList","@id":"https:\/\/www.welovecycling.com\/wide\/2017\/01\/06\/robert-marchand-life-105-year-old-phenomenon\/#breadcrumb","itemListElement":[{"@type":"ListItem","position":1,"name":"Home","item":"https:\/\/www.welovecycling.com\/wide\/"},{"@type":"ListItem","position":2,"name":"Who Is Robert Marchand: Life of the 105-Year-Old Phenomenon"}]},{"@type":"WebSite","@id":"https:\/\/www.welovecycling.com\/wide\/#website","url":"https:\/\/www.welovecycling.com\/wide\/","name":"\u0160koda We Love Cycling","description":"\u0160koda We Love Cycling magazine","alternateName":"\u0160koda WLC","potentialAction":[{"@type":"SearchAction","target":{"@type":"EntryPoint","urlTemplate":"https:\/\/www.welovecycling.com\/wide\/?s={search_term_string}"},"query-input":{"@type":"PropertyValueSpecification","valueRequired":true,"valueName":"search_term_string"}}],"inLanguage":"en-US"},{"@type":"Person","@id":"","url":"https:\/\/www.welovecycling.com\/wide\/author\/"}]}},"_links":{"self":[{"href":"https:\/\/www.welovecycling.com\/wide\/wp-json\/wp\/v2\/posts\/145959","targetHints":{"allow":["GET"]}}],"collection":[{"href":"https:\/\/www.welovecycling.com\/wide\/wp-json\/wp\/v2\/posts"}],"about":[{"href":"https:\/\/www.welovecycling.com\/wide\/wp-json\/wp\/v2\/types\/post"}],"author":[{"embeddable":true,"href":"https:\/\/www.welovecycling.com\/wide\/wp-json\/wp\/v2\/users\/12"}],"replies":[{"embeddable":true,"href":"https:\/\/www.welovecycling.com\/wide\/wp-json\/wp\/v2\/comments?post=145959"}],"version-history":[{"count":1,"href":"https:\/\/www.welovecycling.com\/wide\/wp-json\/wp\/v2\/posts\/145959\/revisions"}],"predecessor-version":[{"id":145962,"href":"https:\/\/www.welovecycling.com\/wide\/wp-json\/wp\/v2\/posts\/145959\/revisions\/145962"}],"wp:featuredmedia":[{"embeddable":true,"href":"https:\/\/www.welovecycling.com\/wide\/wp-json\/wp\/v2\/media\/145963"}],"wp:attachment":[{"href":"https:\/\/www.welovecycling.com\/wide\/wp-json\/wp\/v2\/media?parent=145959"}],"wp:term":[{"taxonomy":"category","embeddable":true,"href":"https:\/\/www.welovecycling.com\/wide\/wp-json\/wp\/v2\/categories?post=145959"},{"taxonomy":"post_tag","embeddable":true,"href":"https:\/\/www.welovecycling.com\/wide\/wp-json\/wp\/v2\/tags?post=145959"},{"taxonomy":"global-categories","embeddable":true,"href":"https:\/\/www.welovecycling.com\/wide\/wp-json\/wp\/v2\/global-categories?post=145959"}],"curies":[{"name":"wp","href":"https:\/\/api.w.org\/{rel}","templated":true}]}}