{"id":145747,"date":"2016-12-22T12:59:26","date_gmt":"2016-12-22T12:59:26","guid":{"rendered":"https:\/\/www.welovecycling.com\/wide\/?p=145747"},"modified":"2016-12-22T13:01:22","modified_gmt":"2016-12-22T13:01:22","slug":"gallery-photographing-copenhagens-biking-vikings","status":"publish","type":"post","link":"https:\/\/www.welovecycling.com\/wide\/2016\/12\/22\/gallery-photographing-copenhagens-biking-vikings\/","title":{"rendered":"GALLERY: Photographing Copenhagen\u2019s \u201cBiking Vikings\u201d"},"content":{"rendered":"<p><strong>Mikael Collvile-Anderseen describes himself as an \u201cUrban fl\u00e2neur. Bicycle Urbanist. Single Dad. Copenhagener.\u201d on his Instagram account, but he\u2019s also a photographer. As a true citizen of the Danish capital he\u2019s very keen on cycling and boasting his city\u2019s treasures: perfect cycling infrastructure and the habit of 56% Copenhageners to cycle on a daily basis.<\/strong> <!--more--><\/p>\n<p>But there\u2019s a specific peculiarity he enjoys watching and documenting the most \u2013 75% of the aforementioned 56% don\u2019t give a single thought to leaving their bikes all warm and cosy in the garage over the winter and using public transport. Instead they continue to commute be there hell or high water. Or, more precisely, a snow- or a hailstorm, as Copenhagen isn\u2019t exactly known for its mild winter climate. He started calling his photo series \u201cViking Biking\u201d and even started using a namesake hashtag that has taken root quickly. Take a look at some of his favourite shots below.<\/p>\n<figure id=\"attachment_145749\" aria-describedby=\"caption-attachment-145749\" style=\"width: 880px\" class=\"wp-caption alignnone\"><img loading=\"lazy\" decoding=\"async\" class=\"size-full wp-image-145749\" src=\"https:\/\/d2p6e6u75xmxt8.cloudfront.net\/2\/2016\/12\/A_020_F_-581f08a9a2d38__880.jpg\" alt=\"You can\u2019t see an arctic explorer\u2019s gear nowhere near (a rhyme, see?), there\u2019s casual elegance everywhere.\" width=\"880\" height=\"587\" srcset=\"https:\/\/d2p6e6u75xmxt8.cloudfront.net\/2\/2016\/12\/A_020_F_-581f08a9a2d38__880.jpg 880w, https:\/\/d2p6e6u75xmxt8.cloudfront.net\/2\/2016\/12\/A_020_F_-581f08a9a2d38__880-300x200.jpg 300w, https:\/\/d2p6e6u75xmxt8.cloudfront.net\/2\/2016\/12\/A_020_F_-581f08a9a2d38__880-768x512.jpg 768w, https:\/\/d2p6e6u75xmxt8.cloudfront.net\/2\/2016\/12\/A_020_F_-581f08a9a2d38__880-272x182.jpg 272w\" sizes=\"auto, (max-width: 880px) 100vw, 880px\" \/><figcaption id=\"caption-attachment-145749\" class=\"wp-caption-text\">You can\u2019t see an arctic explorer\u2019s gear nowhere near (a rhyme, see?), there\u2019s casual elegance everywhere.<\/figcaption><\/figure>\n<figure id=\"attachment_145750\" aria-describedby=\"caption-attachment-145750\" style=\"width: 880px\" class=\"wp-caption alignnone\"><img loading=\"lazy\" decoding=\"async\" class=\"size-full wp-image-145750\" src=\"https:\/\/d2p6e6u75xmxt8.cloudfront.net\/2\/2016\/12\/A_018-581f0882b0860__880.jpg\" alt=\"What are they made of?\" width=\"880\" height=\"660\" srcset=\"https:\/\/d2p6e6u75xmxt8.cloudfront.net\/2\/2016\/12\/A_018-581f0882b0860__880.jpg 880w, https:\/\/d2p6e6u75xmxt8.cloudfront.net\/2\/2016\/12\/A_018-581f0882b0860__880-300x225.jpg 300w, https:\/\/d2p6e6u75xmxt8.cloudfront.net\/2\/2016\/12\/A_018-581f0882b0860__880-768x576.jpg 768w\" sizes=\"auto, (max-width: 880px) 100vw, 880px\" \/><figcaption id=\"caption-attachment-145750\" class=\"wp-caption-text\">What are they made of?<\/figcaption><\/figure>\n<figure id=\"attachment_145751\" aria-describedby=\"caption-attachment-145751\" style=\"width: 880px\" class=\"wp-caption alignnone\"><img loading=\"lazy\" decoding=\"async\" class=\"size-full wp-image-145751\" src=\"https:\/\/d2p6e6u75xmxt8.cloudfront.net\/2\/2016\/12\/Copenhagen-Winter-Cycling-The-Bridge-Winter-Traffic_5340523586_o-581f07ff8f102__880.jpg\" alt=\"The world\u2019s busiest bicycle street \u2013 N\u00f8rrebrogade in the morning rush hour. Temperature -20 C, outsch.\" width=\"880\" height=\"494\" srcset=\"https:\/\/d2p6e6u75xmxt8.cloudfront.net\/2\/2016\/12\/Copenhagen-Winter-Cycling-The-Bridge-Winter-Traffic_5340523586_o-581f07ff8f102__880.jpg 880w, https:\/\/d2p6e6u75xmxt8.cloudfront.net\/2\/2016\/12\/Copenhagen-Winter-Cycling-The-Bridge-Winter-Traffic_5340523586_o-581f07ff8f102__880-300x168.jpg 300w, https:\/\/d2p6e6u75xmxt8.cloudfront.net\/2\/2016\/12\/Copenhagen-Winter-Cycling-The-Bridge-Winter-Traffic_5340523586_o-581f07ff8f102__880-768x431.jpg 768w\" sizes=\"auto, (max-width: 880px) 100vw, 880px\" \/><figcaption id=\"caption-attachment-145751\" class=\"wp-caption-text\">The world\u2019s busiest bicycle street \u2013 N\u00f8rrebrogade in the morning rush hour. Temperature -20 C, outsch.<\/figcaption><\/figure>\n<figure id=\"attachment_145752\" aria-describedby=\"caption-attachment-145752\" style=\"width: 880px\" class=\"wp-caption alignnone\"><img loading=\"lazy\" decoding=\"async\" class=\"size-full wp-image-145752\" src=\"https:\/\/d2p6e6u75xmxt8.cloudfront.net\/2\/2016\/12\/B_054-581f07f39c322__880.jpg\" alt=\"And you thought you had a dreadful morning commute.\" width=\"880\" height=\"587\" srcset=\"https:\/\/d2p6e6u75xmxt8.cloudfront.net\/2\/2016\/12\/B_054-581f07f39c322__880.jpg 880w, https:\/\/d2p6e6u75xmxt8.cloudfront.net\/2\/2016\/12\/B_054-581f07f39c322__880-300x200.jpg 300w, https:\/\/d2p6e6u75xmxt8.cloudfront.net\/2\/2016\/12\/B_054-581f07f39c322__880-768x512.jpg 768w, https:\/\/d2p6e6u75xmxt8.cloudfront.net\/2\/2016\/12\/B_054-581f07f39c322__880-272x182.jpg 272w\" sizes=\"auto, (max-width: 880px) 100vw, 880px\" \/><figcaption id=\"caption-attachment-145752\" class=\"wp-caption-text\">And you thought you had a dreadful morning commute.<\/figcaption><\/figure>\n<figure id=\"attachment_145753\" aria-describedby=\"caption-attachment-145753\" style=\"width: 880px\" class=\"wp-caption alignnone\"><img loading=\"lazy\" decoding=\"async\" class=\"size-full wp-image-145753\" src=\"https:\/\/d2p6e6u75xmxt8.cloudfront.net\/2\/2016\/12\/B_041-581f07b71f38a__880.jpg\" alt=\"We can\u2019t manage to look this stylish even when walking.\" width=\"880\" height=\"587\" srcset=\"https:\/\/d2p6e6u75xmxt8.cloudfront.net\/2\/2016\/12\/B_041-581f07b71f38a__880.jpg 880w, https:\/\/d2p6e6u75xmxt8.cloudfront.net\/2\/2016\/12\/B_041-581f07b71f38a__880-300x200.jpg 300w, https:\/\/d2p6e6u75xmxt8.cloudfront.net\/2\/2016\/12\/B_041-581f07b71f38a__880-768x512.jpg 768w, https:\/\/d2p6e6u75xmxt8.cloudfront.net\/2\/2016\/12\/B_041-581f07b71f38a__880-272x182.jpg 272w\" sizes=\"auto, (max-width: 880px) 100vw, 880px\" \/><figcaption id=\"caption-attachment-145753\" class=\"wp-caption-text\">We can\u2019t manage to look this stylish even when walking.<\/figcaption><\/figure>\n<figure id=\"attachment_145754\" aria-describedby=\"caption-attachment-145754\" style=\"width: 880px\" class=\"wp-caption alignnone\"><img loading=\"lazy\" decoding=\"async\" class=\"size-full wp-image-145754\" src=\"https:\/\/d2p6e6u75xmxt8.cloudfront.net\/2\/2016\/12\/B_032-581f0758f1849__880.jpg\" alt=\"Even if this looks super annoying, it\u2019s still the fastest way to get through the city.\" width=\"880\" height=\"587\" srcset=\"https:\/\/d2p6e6u75xmxt8.cloudfront.net\/2\/2016\/12\/B_032-581f0758f1849__880.jpg 880w, https:\/\/d2p6e6u75xmxt8.cloudfront.net\/2\/2016\/12\/B_032-581f0758f1849__880-300x200.jpg 300w, https:\/\/d2p6e6u75xmxt8.cloudfront.net\/2\/2016\/12\/B_032-581f0758f1849__880-768x512.jpg 768w, https:\/\/d2p6e6u75xmxt8.cloudfront.net\/2\/2016\/12\/B_032-581f0758f1849__880-272x182.jpg 272w\" sizes=\"auto, (max-width: 880px) 100vw, 880px\" \/><figcaption id=\"caption-attachment-145754\" class=\"wp-caption-text\">Even if this looks super annoying, it\u2019s still the fastest way to get through the city.<\/figcaption><\/figure>\n<figure id=\"attachment_145755\" aria-describedby=\"caption-attachment-145755\" style=\"width: 880px\" class=\"wp-caption alignnone\"><img loading=\"lazy\" decoding=\"async\" class=\"size-full wp-image-145755\" src=\"https:\/\/d2p6e6u75xmxt8.cloudfront.net\/2\/2016\/12\/B_040-581f07a991428__880.jpg\" alt=\"You don\u2019t see such cycling density in any other city even during springtime.\" width=\"880\" height=\"587\" srcset=\"https:\/\/d2p6e6u75xmxt8.cloudfront.net\/2\/2016\/12\/B_040-581f07a991428__880.jpg 880w, https:\/\/d2p6e6u75xmxt8.cloudfront.net\/2\/2016\/12\/B_040-581f07a991428__880-300x200.jpg 300w, https:\/\/d2p6e6u75xmxt8.cloudfront.net\/2\/2016\/12\/B_040-581f07a991428__880-768x512.jpg 768w, https:\/\/d2p6e6u75xmxt8.cloudfront.net\/2\/2016\/12\/B_040-581f07a991428__880-272x182.jpg 272w\" sizes=\"auto, (max-width: 880px) 100vw, 880px\" \/><figcaption id=\"caption-attachment-145755\" class=\"wp-caption-text\">You don\u2019t see such cycling density in any other city even during springtime.<\/figcaption><\/figure>\n<figure id=\"attachment_145756\" aria-describedby=\"caption-attachment-145756\" style=\"width: 880px\" class=\"wp-caption alignnone\"><img loading=\"lazy\" decoding=\"async\" class=\"size-full wp-image-145756\" src=\"https:\/\/d2p6e6u75xmxt8.cloudfront.net\/2\/2016\/12\/B_035-581f0762dd03f__880.jpg\" alt=\"Sure looks comfortable.\" width=\"880\" height=\"1320\" srcset=\"https:\/\/d2p6e6u75xmxt8.cloudfront.net\/2\/2016\/12\/B_035-581f0762dd03f__880.jpg 880w, https:\/\/d2p6e6u75xmxt8.cloudfront.net\/2\/2016\/12\/B_035-581f0762dd03f__880-200x300.jpg 200w, https:\/\/d2p6e6u75xmxt8.cloudfront.net\/2\/2016\/12\/B_035-581f0762dd03f__880-768x1152.jpg 768w, https:\/\/d2p6e6u75xmxt8.cloudfront.net\/2\/2016\/12\/B_035-581f0762dd03f__880-683x1024.jpg 683w\" sizes=\"auto, (max-width: 880px) 100vw, 880px\" \/><figcaption id=\"caption-attachment-145756\" class=\"wp-caption-text\">Sure looks comfortable.<\/figcaption><\/figure>\n<figure id=\"attachment_145757\" aria-describedby=\"caption-attachment-145757\" style=\"width: 880px\" class=\"wp-caption alignnone\"><img loading=\"lazy\" decoding=\"async\" class=\"size-full wp-image-145757\" src=\"https:\/\/d2p6e6u75xmxt8.cloudfront.net\/2\/2016\/12\/B_017-581f0712ca24e__880.jpg\" alt=\"Smalltalk, like it\u2019snow big deal. (Sorry.)\" width=\"880\" height=\"587\" srcset=\"https:\/\/d2p6e6u75xmxt8.cloudfront.net\/2\/2016\/12\/B_017-581f0712ca24e__880.jpg 880w, https:\/\/d2p6e6u75xmxt8.cloudfront.net\/2\/2016\/12\/B_017-581f0712ca24e__880-300x200.jpg 300w, https:\/\/d2p6e6u75xmxt8.cloudfront.net\/2\/2016\/12\/B_017-581f0712ca24e__880-768x512.jpg 768w, https:\/\/d2p6e6u75xmxt8.cloudfront.net\/2\/2016\/12\/B_017-581f0712ca24e__880-272x182.jpg 272w\" sizes=\"auto, (max-width: 880px) 100vw, 880px\" \/><figcaption id=\"caption-attachment-145757\" class=\"wp-caption-text\">Smalltalk, like it\u2019snow big deal. (Sorry.)<\/figcaption><\/figure>\n<p>For more of Mikael\u2019s snapshots visit his Tumblr page.<\/p>\n","protected":false},"excerpt":{"rendered":"<p>Mikael Collvile-Anderseen describes himself as an \u201cUrban fl\u00e2neur. Bicycle Urbanist. Single Dad. Copenhagener.\u201d on his Instagram account, but he\u2019s also [&hellip;]<\/p>\n","protected":false},"author":12,"featured_media":145759,"comment_status":"open","ping_status":"open","sticky":false,"template":"","format":"standard","meta":{"footnotes":""},"categories":[330],"tags":[563,723],"global-categories":[],"class_list":["post-145747","post","type-post","status-publish","format-standard","has-post-thumbnail","hentry","category-urban-cycling","tag-copenhagen","tag-snow"],"yoast_head":"<!-- This site is optimized with the Yoast SEO Premium plugin v25.3 (Yoast SEO v25.9) - https:\/\/yoast.com\/wordpress\/plugins\/seo\/ -->\n<title>GALLERY: Photographing Copenhagen\u2019s \u201cBiking Vikings\u201d - \u0160koda We Love Cycling<\/title>\n<meta name=\"description\" content=\"Mikael Collvile-Anderseen describes himself as an \u201cUrban fl\u00e2neur. Bicycle Urbanist. Single Dad. Copenhagener.\u201d on his Instagram account, but he\u2019s also a\" \/>\n<meta name=\"robots\" content=\"index, follow, max-snippet:-1, max-image-preview:large, max-video-preview:-1\" \/>\n<link rel=\"canonical\" href=\"https:\/\/www.welovecycling.com\/wide\/2016\/12\/22\/gallery-photographing-copenhagens-biking-vikings\/\" \/>\n<meta property=\"og:locale\" content=\"en_US\" \/>\n<meta property=\"og:type\" content=\"article\" \/>\n<meta property=\"og:title\" content=\"GALLERY: Photographing Copenhagen\u2019s \u201cBiking Vikings\u201d\" \/>\n<meta property=\"og:description\" content=\"Mikael Collvile-Anderseen describes himself as an \u201cUrban fl\u00e2neur. Bicycle Urbanist. Single Dad. Copenhagener.\u201d on his Instagram account, but he\u2019s also a\" \/>\n<meta property=\"og:url\" content=\"https:\/\/www.welovecycling.com\/wide\/2016\/12\/22\/gallery-photographing-copenhagens-biking-vikings\/\" \/>\n<meta property=\"og:site_name\" content=\"\u0160koda We Love Cycling\" \/>\n<meta property=\"article:published_time\" content=\"2016-12-22T12:59:26+00:00\" \/>\n<meta property=\"article:modified_time\" content=\"2016-12-22T13:01:22+00:00\" \/>\n<meta property=\"og:image\" content=\"https:\/\/d2p6e6u75xmxt8.cloudfront.net\/2\/2016\/12\/841781871.webp\" \/>\n\t<meta property=\"og:image:width\" content=\"900\" \/>\n\t<meta property=\"og:image:height\" content=\"600\" \/>\n\t<meta property=\"og:image:type\" content=\"image\/webp\" \/>\n<meta name=\"twitter:card\" content=\"summary_large_image\" \/>\n<meta name=\"twitter:label1\" content=\"Written by\" \/>\n\t<meta name=\"twitter:data1\" content=\"Franti\u0161ka Bla\u017ekov\u00e1\" \/>\n\t<meta name=\"twitter:label2\" content=\"Est. reading time\" \/>\n\t<meta name=\"twitter:data2\" content=\"2 minutes\" \/>\n<script type=\"application\/ld+json\" class=\"yoast-schema-graph\">{\"@context\":\"https:\/\/schema.org\",\"@graph\":[{\"@type\":\"WebPage\",\"@id\":\"https:\/\/www.welovecycling.com\/wide\/2016\/12\/22\/gallery-photographing-copenhagens-biking-vikings\/\",\"url\":\"https:\/\/www.welovecycling.com\/wide\/2016\/12\/22\/gallery-photographing-copenhagens-biking-vikings\/\",\"name\":\"GALLERY: Photographing Copenhagen\u2019s \u201cBiking Vikings\u201d - \u0160koda We Love Cycling\",\"isPartOf\":{\"@id\":\"https:\/\/www.welovecycling.com\/wide\/#website\"},\"primaryImageOfPage\":{\"@id\":\"https:\/\/www.welovecycling.com\/wide\/2016\/12\/22\/gallery-photographing-copenhagens-biking-vikings\/#primaryimage\"},\"image\":{\"@id\":\"https:\/\/www.welovecycling.com\/wide\/2016\/12\/22\/gallery-photographing-copenhagens-biking-vikings\/#primaryimage\"},\"thumbnailUrl\":\"https:\/\/d2p6e6u75xmxt8.cloudfront.net\/2\/2016\/12\/841781871.webp\",\"datePublished\":\"2016-12-22T12:59:26+00:00\",\"dateModified\":\"2016-12-22T13:01:22+00:00\",\"author\":{\"@id\":\"\"},\"description\":\"Mikael Collvile-Anderseen describes himself as an \u201cUrban fl\u00e2neur. Bicycle Urbanist. Single Dad. Copenhagener.\u201d on his Instagram account, but he\u2019s also a\",\"breadcrumb\":{\"@id\":\"https:\/\/www.welovecycling.com\/wide\/2016\/12\/22\/gallery-photographing-copenhagens-biking-vikings\/#breadcrumb\"},\"inLanguage\":\"en-US\",\"potentialAction\":[{\"@type\":\"ReadAction\",\"target\":[\"https:\/\/www.welovecycling.com\/wide\/2016\/12\/22\/gallery-photographing-copenhagens-biking-vikings\/\"]}]},{\"@type\":\"ImageObject\",\"inLanguage\":\"en-US\",\"@id\":\"https:\/\/www.welovecycling.com\/wide\/2016\/12\/22\/gallery-photographing-copenhagens-biking-vikings\/#primaryimage\",\"url\":\"https:\/\/d2p6e6u75xmxt8.cloudfront.net\/2\/2016\/12\/841781871.webp\",\"contentUrl\":\"https:\/\/d2p6e6u75xmxt8.cloudfront.net\/2\/2016\/12\/841781871.webp\",\"width\":900,\"height\":600},{\"@type\":\"BreadcrumbList\",\"@id\":\"https:\/\/www.welovecycling.com\/wide\/2016\/12\/22\/gallery-photographing-copenhagens-biking-vikings\/#breadcrumb\",\"itemListElement\":[{\"@type\":\"ListItem\",\"position\":1,\"name\":\"Home\",\"item\":\"https:\/\/www.welovecycling.com\/wide\/\"},{\"@type\":\"ListItem\",\"position\":2,\"name\":\"GALLERY: Photographing Copenhagen\u2019s \u201cBiking Vikings\u201d\"}]},{\"@type\":\"WebSite\",\"@id\":\"https:\/\/www.welovecycling.com\/wide\/#website\",\"url\":\"https:\/\/www.welovecycling.com\/wide\/\",\"name\":\"\u0160koda We Love Cycling\",\"description\":\"\u0160koda We Love Cycling magazine\",\"alternateName\":\"\u0160koda WLC\",\"potentialAction\":[{\"@type\":\"SearchAction\",\"target\":{\"@type\":\"EntryPoint\",\"urlTemplate\":\"https:\/\/www.welovecycling.com\/wide\/?s={search_term_string}\"},\"query-input\":{\"@type\":\"PropertyValueSpecification\",\"valueRequired\":true,\"valueName\":\"search_term_string\"}}],\"inLanguage\":\"en-US\"},{\"@type\":\"Person\",\"@id\":\"\",\"url\":\"https:\/\/www.welovecycling.com\/wide\/author\/\"}]}<\/script>\n<!-- \/ Yoast SEO Premium plugin. -->","yoast_head_json":{"title":"GALLERY: Photographing Copenhagen\u2019s \u201cBiking Vikings\u201d - \u0160koda We Love Cycling","description":"Mikael Collvile-Anderseen describes himself as an \u201cUrban fl\u00e2neur. Bicycle Urbanist. Single Dad. Copenhagener.\u201d on his Instagram account, but he\u2019s also a","robots":{"index":"index","follow":"follow","max-snippet":"max-snippet:-1","max-image-preview":"max-image-preview:large","max-video-preview":"max-video-preview:-1"},"canonical":"https:\/\/www.welovecycling.com\/wide\/2016\/12\/22\/gallery-photographing-copenhagens-biking-vikings\/","og_locale":"en_US","og_type":"article","og_title":"GALLERY: Photographing Copenhagen\u2019s \u201cBiking Vikings\u201d","og_description":"Mikael Collvile-Anderseen describes himself as an \u201cUrban fl\u00e2neur. Bicycle Urbanist. Single Dad. Copenhagener.\u201d on his Instagram account, but he\u2019s also a","og_url":"https:\/\/www.welovecycling.com\/wide\/2016\/12\/22\/gallery-photographing-copenhagens-biking-vikings\/","og_site_name":"\u0160koda We Love Cycling","article_published_time":"2016-12-22T12:59:26+00:00","article_modified_time":"2016-12-22T13:01:22+00:00","og_image":[{"width":900,"height":600,"url":"https:\/\/d2p6e6u75xmxt8.cloudfront.net\/2\/2016\/12\/841781871.webp","type":"image\/webp"}],"twitter_card":"summary_large_image","twitter_misc":{"Written by":"Franti\u0161ka Bla\u017ekov\u00e1","Est. reading time":"2 minutes"},"schema":{"@context":"https:\/\/schema.org","@graph":[{"@type":"WebPage","@id":"https:\/\/www.welovecycling.com\/wide\/2016\/12\/22\/gallery-photographing-copenhagens-biking-vikings\/","url":"https:\/\/www.welovecycling.com\/wide\/2016\/12\/22\/gallery-photographing-copenhagens-biking-vikings\/","name":"GALLERY: Photographing Copenhagen\u2019s \u201cBiking Vikings\u201d - \u0160koda We Love Cycling","isPartOf":{"@id":"https:\/\/www.welovecycling.com\/wide\/#website"},"primaryImageOfPage":{"@id":"https:\/\/www.welovecycling.com\/wide\/2016\/12\/22\/gallery-photographing-copenhagens-biking-vikings\/#primaryimage"},"image":{"@id":"https:\/\/www.welovecycling.com\/wide\/2016\/12\/22\/gallery-photographing-copenhagens-biking-vikings\/#primaryimage"},"thumbnailUrl":"https:\/\/d2p6e6u75xmxt8.cloudfront.net\/2\/2016\/12\/841781871.webp","datePublished":"2016-12-22T12:59:26+00:00","dateModified":"2016-12-22T13:01:22+00:00","author":{"@id":""},"description":"Mikael Collvile-Anderseen describes himself as an \u201cUrban fl\u00e2neur. Bicycle Urbanist. Single Dad. Copenhagener.\u201d on his Instagram account, but he\u2019s also a","breadcrumb":{"@id":"https:\/\/www.welovecycling.com\/wide\/2016\/12\/22\/gallery-photographing-copenhagens-biking-vikings\/#breadcrumb"},"inLanguage":"en-US","potentialAction":[{"@type":"ReadAction","target":["https:\/\/www.welovecycling.com\/wide\/2016\/12\/22\/gallery-photographing-copenhagens-biking-vikings\/"]}]},{"@type":"ImageObject","inLanguage":"en-US","@id":"https:\/\/www.welovecycling.com\/wide\/2016\/12\/22\/gallery-photographing-copenhagens-biking-vikings\/#primaryimage","url":"https:\/\/d2p6e6u75xmxt8.cloudfront.net\/2\/2016\/12\/841781871.webp","contentUrl":"https:\/\/d2p6e6u75xmxt8.cloudfront.net\/2\/2016\/12\/841781871.webp","width":900,"height":600},{"@type":"BreadcrumbList","@id":"https:\/\/www.welovecycling.com\/wide\/2016\/12\/22\/gallery-photographing-copenhagens-biking-vikings\/#breadcrumb","itemListElement":[{"@type":"ListItem","position":1,"name":"Home","item":"https:\/\/www.welovecycling.com\/wide\/"},{"@type":"ListItem","position":2,"name":"GALLERY: Photographing Copenhagen\u2019s \u201cBiking Vikings\u201d"}]},{"@type":"WebSite","@id":"https:\/\/www.welovecycling.com\/wide\/#website","url":"https:\/\/www.welovecycling.com\/wide\/","name":"\u0160koda We Love Cycling","description":"\u0160koda We Love Cycling magazine","alternateName":"\u0160koda WLC","potentialAction":[{"@type":"SearchAction","target":{"@type":"EntryPoint","urlTemplate":"https:\/\/www.welovecycling.com\/wide\/?s={search_term_string}"},"query-input":{"@type":"PropertyValueSpecification","valueRequired":true,"valueName":"search_term_string"}}],"inLanguage":"en-US"},{"@type":"Person","@id":"","url":"https:\/\/www.welovecycling.com\/wide\/author\/"}]}},"_links":{"self":[{"href":"https:\/\/www.welovecycling.com\/wide\/wp-json\/wp\/v2\/posts\/145747","targetHints":{"allow":["GET"]}}],"collection":[{"href":"https:\/\/www.welovecycling.com\/wide\/wp-json\/wp\/v2\/posts"}],"about":[{"href":"https:\/\/www.welovecycling.com\/wide\/wp-json\/wp\/v2\/types\/post"}],"author":[{"embeddable":true,"href":"https:\/\/www.welovecycling.com\/wide\/wp-json\/wp\/v2\/users\/12"}],"replies":[{"embeddable":true,"href":"https:\/\/www.welovecycling.com\/wide\/wp-json\/wp\/v2\/comments?post=145747"}],"version-history":[{"count":2,"href":"https:\/\/www.welovecycling.com\/wide\/wp-json\/wp\/v2\/posts\/145747\/revisions"}],"predecessor-version":[{"id":145760,"href":"https:\/\/www.welovecycling.com\/wide\/wp-json\/wp\/v2\/posts\/145747\/revisions\/145760"}],"wp:featuredmedia":[{"embeddable":true,"href":"https:\/\/www.welovecycling.com\/wide\/wp-json\/wp\/v2\/media\/145759"}],"wp:attachment":[{"href":"https:\/\/www.welovecycling.com\/wide\/wp-json\/wp\/v2\/media?parent=145747"}],"wp:term":[{"taxonomy":"category","embeddable":true,"href":"https:\/\/www.welovecycling.com\/wide\/wp-json\/wp\/v2\/categories?post=145747"},{"taxonomy":"post_tag","embeddable":true,"href":"https:\/\/www.welovecycling.com\/wide\/wp-json\/wp\/v2\/tags?post=145747"},{"taxonomy":"global-categories","embeddable":true,"href":"https:\/\/www.welovecycling.com\/wide\/wp-json\/wp\/v2\/global-categories?post=145747"}],"curies":[{"name":"wp","href":"https:\/\/api.w.org\/{rel}","templated":true}]}}