{"id":143565,"date":"2016-11-07T09:54:27","date_gmt":"2016-11-07T09:54:27","guid":{"rendered":"https:\/\/www.welovecycling.com\/wide\/?p=143565"},"modified":"2016-11-07T09:54:27","modified_gmt":"2016-11-07T09:54:27","slug":"travelling-world-hera-van-willick-back-bike-snow","status":"publish","type":"post","link":"https:\/\/www.welovecycling.com\/wide\/2016\/11\/07\/travelling-world-hera-van-willick-back-bike-snow\/","title":{"rendered":"Travelling the World with Hera van Willick: Back on the Bike and INTO THE SNOW!"},"content":{"rendered":"<p><strong>9 days, that\u2019s how long it took before I felt good enough to get back on the bike.\u00a09 days in which I felt a little bit better every day, but in which my head would still go a bit hazy and blurry in the evenings. At the end of those 9 days my consciousness seemed to have settled, my headaches were pretty much gone, I had purchased extensive health insurance and my body felt steady again.<\/strong><!--more--><\/p>\n<p>Together with my host Bruce I got started on the <strong>Icefields Parkway<\/strong> two weeks ago.\u00a0Finally!\u00a0We were going to make short bikedays (60km). Taking it easy.<\/p>\n<p>As we started biking I still felt a bit worrisome, but with every turn of the pedals I regained trust in my body and mind. It felt good to be outside again in nature and to put up my tent in the open air. Make a fire, read a book and crawl into my sleeping bag for an early night in one of the closed campsites.<\/p>\n<div id='gallery-1' class='gallery galleryid-143565 gallery-columns-2 gallery-size-large'><figure class='gallery-item'>\n\t\t\t<div class='gallery-icon landscape'>\n\t\t\t\t<a href='https:\/\/d2p6e6u75xmxt8.cloudfront.net\/2\/2016\/11\/PA192419.webp'><img loading=\"lazy\" decoding=\"async\" width=\"1024\" height=\"683\" src=\"https:\/\/d2p6e6u75xmxt8.cloudfront.net\/2\/2016\/11\/PA192419-1024x683.webp\" class=\"attachment-large size-large\" alt=\"\" srcset=\"https:\/\/d2p6e6u75xmxt8.cloudfront.net\/2\/2016\/11\/PA192419-1024x683.webp 1024w, https:\/\/d2p6e6u75xmxt8.cloudfront.net\/2\/2016\/11\/PA192419-300x200.webp 300w, https:\/\/d2p6e6u75xmxt8.cloudfront.net\/2\/2016\/11\/PA192419-768x512.webp 768w, https:\/\/d2p6e6u75xmxt8.cloudfront.net\/2\/2016\/11\/PA192419-272x182.webp 272w, https:\/\/d2p6e6u75xmxt8.cloudfront.net\/2\/2016\/11\/PA192419.webp 1280w\" sizes=\"auto, (max-width: 1024px) 100vw, 1024px\" \/><\/a>\n\t\t\t<\/div><\/figure><figure class='gallery-item'>\n\t\t\t<div class='gallery-icon landscape'>\n\t\t\t\t<a href='https:\/\/d2p6e6u75xmxt8.cloudfront.net\/2\/2016\/11\/PA192424.webp'><img loading=\"lazy\" decoding=\"async\" width=\"1024\" height=\"683\" src=\"https:\/\/d2p6e6u75xmxt8.cloudfront.net\/2\/2016\/11\/PA192424-1024x683.webp\" class=\"attachment-large size-large\" alt=\"\" srcset=\"https:\/\/d2p6e6u75xmxt8.cloudfront.net\/2\/2016\/11\/PA192424-1024x683.webp 1024w, https:\/\/d2p6e6u75xmxt8.cloudfront.net\/2\/2016\/11\/PA192424-300x200.webp 300w, https:\/\/d2p6e6u75xmxt8.cloudfront.net\/2\/2016\/11\/PA192424-768x512.webp 768w, https:\/\/d2p6e6u75xmxt8.cloudfront.net\/2\/2016\/11\/PA192424-272x182.webp 272w, https:\/\/d2p6e6u75xmxt8.cloudfront.net\/2\/2016\/11\/PA192424.webp 1280w\" sizes=\"auto, (max-width: 1024px) 100vw, 1024px\" \/><\/a>\n\t\t\t<\/div><\/figure>\n\t\t<\/div>\n\n<p>At day two already THE \u2018<strong>Columbia Icefield<\/strong>\u2018 was on the menu. As we biked up towards <strong>Sunwapta Pass<\/strong> it started snowing lightly and a strong wind picked up. Reaching the Columbia Icefield in snow and wind, only two days back in the saddle, reassured me that I was ready to bike again. The circumstances were bleaker then I\u2019d expected but all I could feel was happiness to be back on the bike and healthy.<\/p>\n<lite-youtube videoid=rJjicgjXmzI params=\"enablejsapi=1\" style=\"background-image: url('https:\/\/i.ytimg.com\/vi_webp\/rJjicgjXmzI\/maxresdefault.webp');\"><\/lite-youtube>\n<div id='gallery-2' class='gallery galleryid-143565 gallery-columns-2 gallery-size-large'><figure class='gallery-item'>\n\t\t\t<div class='gallery-icon landscape'>\n\t\t\t\t<a href='https:\/\/d2p6e6u75xmxt8.cloudfront.net\/2\/2016\/11\/PA232736.webp'><img loading=\"lazy\" decoding=\"async\" width=\"1024\" height=\"683\" src=\"https:\/\/d2p6e6u75xmxt8.cloudfront.net\/2\/2016\/11\/PA232736-1024x683.webp\" class=\"attachment-large size-large\" alt=\"\" srcset=\"https:\/\/d2p6e6u75xmxt8.cloudfront.net\/2\/2016\/11\/PA232736-1024x683.webp 1024w, https:\/\/d2p6e6u75xmxt8.cloudfront.net\/2\/2016\/11\/PA232736-300x200.webp 300w, https:\/\/d2p6e6u75xmxt8.cloudfront.net\/2\/2016\/11\/PA232736-768x512.webp 768w, https:\/\/d2p6e6u75xmxt8.cloudfront.net\/2\/2016\/11\/PA232736-272x182.webp 272w, https:\/\/d2p6e6u75xmxt8.cloudfront.net\/2\/2016\/11\/PA232736.webp 1280w\" sizes=\"auto, (max-width: 1024px) 100vw, 1024px\" \/><\/a>\n\t\t\t<\/div><\/figure><figure class='gallery-item'>\n\t\t\t<div class='gallery-icon landscape'>\n\t\t\t\t<a href='https:\/\/d2p6e6u75xmxt8.cloudfront.net\/2\/2016\/11\/PA202480.webp'><img loading=\"lazy\" decoding=\"async\" width=\"1024\" height=\"683\" src=\"https:\/\/d2p6e6u75xmxt8.cloudfront.net\/2\/2016\/11\/PA202480-1024x683.webp\" class=\"attachment-large size-large\" alt=\"\" aria-describedby=\"gallery-2-143581\" srcset=\"https:\/\/d2p6e6u75xmxt8.cloudfront.net\/2\/2016\/11\/PA202480-1024x683.webp 1024w, https:\/\/d2p6e6u75xmxt8.cloudfront.net\/2\/2016\/11\/PA202480-300x200.webp 300w, https:\/\/d2p6e6u75xmxt8.cloudfront.net\/2\/2016\/11\/PA202480-768x512.webp 768w, https:\/\/d2p6e6u75xmxt8.cloudfront.net\/2\/2016\/11\/PA202480-272x182.webp 272w, https:\/\/d2p6e6u75xmxt8.cloudfront.net\/2\/2016\/11\/PA202480.webp 1280w\" sizes=\"auto, (max-width: 1024px) 100vw, 1024px\" \/><\/a>\n\t\t\t<\/div>\n\t\t\t\t<figcaption class='wp-caption-text gallery-caption' id='gallery-2-143581'>\n\t\t\t\tIn the distance I see the Columbia Icefield\n\t\t\t\t<\/figcaption><\/figure>\n\t\t<\/div>\n\n<div id='gallery-3' class='gallery galleryid-143565 gallery-columns-2 gallery-size-large'><figure class='gallery-item'>\n\t\t\t<div class='gallery-icon landscape'>\n\t\t\t\t<a href='https:\/\/d2p6e6u75xmxt8.cloudfront.net\/2\/2016\/11\/PA202497.webp'><img loading=\"lazy\" decoding=\"async\" width=\"1024\" height=\"683\" src=\"https:\/\/d2p6e6u75xmxt8.cloudfront.net\/2\/2016\/11\/PA202497-1024x683.webp\" class=\"attachment-large size-large\" alt=\"\" srcset=\"https:\/\/d2p6e6u75xmxt8.cloudfront.net\/2\/2016\/11\/PA202497-1024x683.webp 1024w, https:\/\/d2p6e6u75xmxt8.cloudfront.net\/2\/2016\/11\/PA202497-300x200.webp 300w, https:\/\/d2p6e6u75xmxt8.cloudfront.net\/2\/2016\/11\/PA202497-768x512.webp 768w, https:\/\/d2p6e6u75xmxt8.cloudfront.net\/2\/2016\/11\/PA202497-272x182.webp 272w, https:\/\/d2p6e6u75xmxt8.cloudfront.net\/2\/2016\/11\/PA202497.webp 1280w\" sizes=\"auto, (max-width: 1024px) 100vw, 1024px\" \/><\/a>\n\t\t\t<\/div><\/figure><figure class='gallery-item'>\n\t\t\t<div class='gallery-icon landscape'>\n\t\t\t\t<a href='https:\/\/d2p6e6u75xmxt8.cloudfront.net\/2\/2016\/11\/PA202512.webp'><img loading=\"lazy\" decoding=\"async\" width=\"1024\" height=\"683\" src=\"https:\/\/d2p6e6u75xmxt8.cloudfront.net\/2\/2016\/11\/PA202512-1024x683.webp\" class=\"attachment-large size-large\" alt=\"\" aria-describedby=\"gallery-3-143583\" srcset=\"https:\/\/d2p6e6u75xmxt8.cloudfront.net\/2\/2016\/11\/PA202512-1024x683.webp 1024w, https:\/\/d2p6e6u75xmxt8.cloudfront.net\/2\/2016\/11\/PA202512-300x200.webp 300w, https:\/\/d2p6e6u75xmxt8.cloudfront.net\/2\/2016\/11\/PA202512-768x512.webp 768w, https:\/\/d2p6e6u75xmxt8.cloudfront.net\/2\/2016\/11\/PA202512-272x182.webp 272w, https:\/\/d2p6e6u75xmxt8.cloudfront.net\/2\/2016\/11\/PA202512.webp 1280w\" sizes=\"auto, (max-width: 1024px) 100vw, 1024px\" \/><\/a>\n\t\t\t<\/div>\n\t\t\t\t<figcaption class='wp-caption-text gallery-caption' id='gallery-3-143583'>\n\t\t\t\tColumbia Icefield\n\t\t\t\t<\/figcaption><\/figure>\n\t\t<\/div>\n\n<p>Later that afternoon we arrived at Hilda Creek hostel. A hostel without staff but with a code to open the door. After we dragged our bikes into the snow about 10m towards the hostel, we decided to leave them behind at the road and lock them to the guardrail and only haul our bags through the 60cm deep snow up to the hostel. Those 100m were more tiring for me then the full day biking and crossing the pass. In the shed we found a sled which made it much easier to bring our bags back to the bikes the next morning.<\/p>\n<div id='gallery-4' class='gallery galleryid-143565 gallery-columns-2 gallery-size-large'><figure class='gallery-item'>\n\t\t\t<div class='gallery-icon landscape'>\n\t\t\t\t<a href='https:\/\/d2p6e6u75xmxt8.cloudfront.net\/2\/2016\/11\/PA202571.webp'><img loading=\"lazy\" decoding=\"async\" width=\"1024\" height=\"683\" src=\"https:\/\/d2p6e6u75xmxt8.cloudfront.net\/2\/2016\/11\/PA202571-1024x683.webp\" class=\"attachment-large size-large\" alt=\"\" aria-describedby=\"gallery-4-143587\" srcset=\"https:\/\/d2p6e6u75xmxt8.cloudfront.net\/2\/2016\/11\/PA202571-1024x683.webp 1024w, https:\/\/d2p6e6u75xmxt8.cloudfront.net\/2\/2016\/11\/PA202571-300x200.webp 300w, https:\/\/d2p6e6u75xmxt8.cloudfront.net\/2\/2016\/11\/PA202571-768x512.webp 768w, https:\/\/d2p6e6u75xmxt8.cloudfront.net\/2\/2016\/11\/PA202571-272x182.webp 272w, https:\/\/d2p6e6u75xmxt8.cloudfront.net\/2\/2016\/11\/PA202571.webp 1280w\" sizes=\"auto, (max-width: 1024px) 100vw, 1024px\" \/><\/a>\n\t\t\t<\/div>\n\t\t\t\t<figcaption class='wp-caption-text gallery-caption' id='gallery-4-143587'>\n\t\t\t\tMorning start from Hilda Creek\n\t\t\t\t<\/figcaption><\/figure><figure class='gallery-item'>\n\t\t\t<div class='gallery-icon landscape'>\n\t\t\t\t<a href='https:\/\/d2p6e6u75xmxt8.cloudfront.net\/2\/2016\/11\/PA202622.webp'><img loading=\"lazy\" decoding=\"async\" width=\"1024\" height=\"683\" src=\"https:\/\/d2p6e6u75xmxt8.cloudfront.net\/2\/2016\/11\/PA202622-1024x683.webp\" class=\"attachment-large size-large\" alt=\"\" aria-describedby=\"gallery-4-143590\" srcset=\"https:\/\/d2p6e6u75xmxt8.cloudfront.net\/2\/2016\/11\/PA202622-1024x683.webp 1024w, https:\/\/d2p6e6u75xmxt8.cloudfront.net\/2\/2016\/11\/PA202622-300x200.webp 300w, https:\/\/d2p6e6u75xmxt8.cloudfront.net\/2\/2016\/11\/PA202622-768x512.webp 768w, https:\/\/d2p6e6u75xmxt8.cloudfront.net\/2\/2016\/11\/PA202622-272x182.webp 272w, https:\/\/d2p6e6u75xmxt8.cloudfront.net\/2\/2016\/11\/PA202622.webp 1280w\" sizes=\"auto, (max-width: 1024px) 100vw, 1024px\" \/><\/a>\n\t\t\t<\/div>\n\t\t\t\t<figcaption class='wp-caption-text gallery-caption' id='gallery-4-143590'>\n\t\t\t\t\u2019The weeping rock\u2019\n\t\t\t\t<\/figcaption><\/figure>\n\t\t<\/div>\n\n<p>That day we only had an easy 60km ride to do, mainly downhill. At the end of the afternoon we arrived at another closed campground where we made a fire and started cooking dinner as suddenly a \u2018<strong>Park Ranger<\/strong>\u2018 appeared. If we were planning on spending the night there, he wanted to know. I felt there was not much use in denying it so I responded: \u2018yeah, well, I think so\u2026\u2019.<\/p>\n<p>Obviously that was the wrong answer. Camping on a closed campground is forbidden, just like wilderness camping in a National Park. So his idea was we should get back on our bikes even though the next \u2018legal\u2019 accommodation was 60km up the road! It was already getting dark and that 60km included a 2067m pass. So, we couldn\u2019t stay on the campsite because he was \u2018looking out for our safety\u2019, he said. If anything happened to us nobody would know we were there, because the campsite was closed. But he did want to send us back on the road in the freezing night up a pass?<\/p>\n<div id='gallery-5' class='gallery galleryid-143565 gallery-columns-2 gallery-size-large'><figure class='gallery-item'>\n\t\t\t<div class='gallery-icon landscape'>\n\t\t\t\t<a href='https:\/\/d2p6e6u75xmxt8.cloudfront.net\/2\/2016\/11\/PA202639.webp'><img loading=\"lazy\" decoding=\"async\" width=\"1024\" height=\"683\" src=\"https:\/\/d2p6e6u75xmxt8.cloudfront.net\/2\/2016\/11\/PA202639-1024x683.webp\" class=\"attachment-large size-large\" alt=\"\" srcset=\"https:\/\/d2p6e6u75xmxt8.cloudfront.net\/2\/2016\/11\/PA202639-1024x683.webp 1024w, https:\/\/d2p6e6u75xmxt8.cloudfront.net\/2\/2016\/11\/PA202639-300x200.webp 300w, https:\/\/d2p6e6u75xmxt8.cloudfront.net\/2\/2016\/11\/PA202639-768x512.webp 768w, https:\/\/d2p6e6u75xmxt8.cloudfront.net\/2\/2016\/11\/PA202639-272x182.webp 272w, https:\/\/d2p6e6u75xmxt8.cloudfront.net\/2\/2016\/11\/PA202639.webp 1280w\" sizes=\"auto, (max-width: 1024px) 100vw, 1024px\" \/><\/a>\n\t\t\t<\/div><\/figure><figure class='gallery-item'>\n\t\t\t<div class='gallery-icon landscape'>\n\t\t\t\t<a href='https:\/\/d2p6e6u75xmxt8.cloudfront.net\/2\/2016\/11\/PA202602.webp'><img loading=\"lazy\" decoding=\"async\" width=\"1024\" height=\"683\" src=\"https:\/\/d2p6e6u75xmxt8.cloudfront.net\/2\/2016\/11\/PA202602-1024x683.webp\" class=\"attachment-large size-large\" alt=\"\" srcset=\"https:\/\/d2p6e6u75xmxt8.cloudfront.net\/2\/2016\/11\/PA202602-1024x683.webp 1024w, https:\/\/d2p6e6u75xmxt8.cloudfront.net\/2\/2016\/11\/PA202602-300x200.webp 300w, https:\/\/d2p6e6u75xmxt8.cloudfront.net\/2\/2016\/11\/PA202602-768x512.webp 768w, https:\/\/d2p6e6u75xmxt8.cloudfront.net\/2\/2016\/11\/PA202602-272x182.webp 272w, https:\/\/d2p6e6u75xmxt8.cloudfront.net\/2\/2016\/11\/PA202602.webp 1280w\" sizes=\"auto, (max-width: 1024px) 100vw, 1024px\" \/><\/a>\n\t\t\t<\/div><\/figure>\n\t\t<\/div>\n\n<p>He wasn\u2019t going to change his mind about our stay there and I wasn\u2019t gonna let him send us back on the road in the dark. Not much later we were loading our bikes in his pick-up truck to get a ride with him to <strong>Lake Louise<\/strong>, 60km up the road and at the end of the Icefields Parkway. An hour and a half later we sat perplexed in the restaurant having a burger and cola. From camping in the cold air, far away from \u2018everything\u2019 to a warm restaurant in a hostel surrounded by tourists and a shower and made beds waiting for us. A downer and a little party in one..<\/p>\n<p>Because I didn\u2019t want to leave the Icefields Parkway this way we hitchhiked back up with our bikes to <strong>Bow Pass<\/strong> the next day. The further we drove up the Parkway the bigger the snowflakes got. Up on Bow Pass out driver dropped us off in a blizzard.<\/p>\n<p>As I dug into my pannier and took off my coat to dress a little warmer they both filled with big snowflakes immediately.<\/p>\n<p>We could hardly see the road and I figured this was the perfect moment to wear my bright orange vest that I usually keep on the back end of my bike. Carefully we pedaled down the pass as the snowplow passed us in the opposite direction only putting gravel down for the traffic driving uphill. But as we descended the fog cleared and the snowfall got lighter and because we were riding without panniers that day we arrived back at the hostel halfway the afternoon. Time to put my feet up and relax on the couch with a hot chocolate and a book.<\/p>\n<div id='gallery-6' class='gallery galleryid-143565 gallery-columns-2 gallery-size-large'><figure class='gallery-item'>\n\t\t\t<div class='gallery-icon landscape'>\n\t\t\t\t<a href='https:\/\/d2p6e6u75xmxt8.cloudfront.net\/2\/2016\/11\/PA212687.webp'><img loading=\"lazy\" decoding=\"async\" width=\"1024\" height=\"683\" src=\"https:\/\/d2p6e6u75xmxt8.cloudfront.net\/2\/2016\/11\/PA212687-1024x683.webp\" class=\"attachment-large size-large\" alt=\"\" srcset=\"https:\/\/d2p6e6u75xmxt8.cloudfront.net\/2\/2016\/11\/PA212687-1024x683.webp 1024w, https:\/\/d2p6e6u75xmxt8.cloudfront.net\/2\/2016\/11\/PA212687-300x200.webp 300w, https:\/\/d2p6e6u75xmxt8.cloudfront.net\/2\/2016\/11\/PA212687-768x512.webp 768w, https:\/\/d2p6e6u75xmxt8.cloudfront.net\/2\/2016\/11\/PA212687-272x182.webp 272w, https:\/\/d2p6e6u75xmxt8.cloudfront.net\/2\/2016\/11\/PA212687.webp 1280w\" sizes=\"auto, (max-width: 1024px) 100vw, 1024px\" \/><\/a>\n\t\t\t<\/div><\/figure><figure class='gallery-item'>\n\t\t\t<div class='gallery-icon landscape'>\n\t\t\t\t<a href='https:\/\/d2p6e6u75xmxt8.cloudfront.net\/2\/2016\/11\/PA212685.webp'><img loading=\"lazy\" decoding=\"async\" width=\"1024\" height=\"683\" src=\"https:\/\/d2p6e6u75xmxt8.cloudfront.net\/2\/2016\/11\/PA212685-1024x683.webp\" class=\"attachment-large size-large\" alt=\"\" aria-describedby=\"gallery-6-143595\" srcset=\"https:\/\/d2p6e6u75xmxt8.cloudfront.net\/2\/2016\/11\/PA212685-1024x683.webp 1024w, https:\/\/d2p6e6u75xmxt8.cloudfront.net\/2\/2016\/11\/PA212685-300x200.webp 300w, https:\/\/d2p6e6u75xmxt8.cloudfront.net\/2\/2016\/11\/PA212685-768x512.webp 768w, https:\/\/d2p6e6u75xmxt8.cloudfront.net\/2\/2016\/11\/PA212685-272x182.webp 272w, https:\/\/d2p6e6u75xmxt8.cloudfront.net\/2\/2016\/11\/PA212685.webp 1280w\" sizes=\"auto, (max-width: 1024px) 100vw, 1024px\" \/><\/a>\n\t\t\t<\/div>\n\t\t\t\t<figcaption class='wp-caption-text gallery-caption' id='gallery-6-143595'>\n\t\t\t\tBruce in the blizzard on Bow Pass\n\t\t\t\t<\/figcaption><\/figure>\n\t\t<\/div>\n\n<p>The next day we reached <strong>Banff<\/strong>, where we camped together with Shaun who just returned from Calgary (and who I met previously in Alaska an Jasper).\u00a0We spend the morning in a coffeeshop discussing routes, plans, bikes etc. I enjoyed talking about bike travel as our \u2018daily life\u2019. I talk about bike travel almost every day, but it\u2019s always my story that I\u2019m sharing. With three cyclists at a table we could exchange stories, information and inspire each other.<\/p>\n<p>I said goodbye to Bruce (who was going on a bus back to Jasper) and Shaun (who was heading to Vancouver) and biked a short ride to <strong>Canmore<\/strong> only to return to Banff two days later.<\/p>\n<div id='gallery-7' class='gallery galleryid-143565 gallery-columns-2 gallery-size-large'><figure class='gallery-item'>\n\t\t\t<div class='gallery-icon landscape'>\n\t\t\t\t<a href='https:\/\/d2p6e6u75xmxt8.cloudfront.net\/2\/2016\/11\/FullSizeRender-45.webp'><img loading=\"lazy\" decoding=\"async\" width=\"1024\" height=\"768\" src=\"https:\/\/d2p6e6u75xmxt8.cloudfront.net\/2\/2016\/11\/FullSizeRender-45-1024x768.webp\" class=\"attachment-large size-large\" alt=\"\" aria-describedby=\"gallery-7-143574\" srcset=\"https:\/\/d2p6e6u75xmxt8.cloudfront.net\/2\/2016\/11\/FullSizeRender-45-1024x768.webp 1024w, https:\/\/d2p6e6u75xmxt8.cloudfront.net\/2\/2016\/11\/FullSizeRender-45-300x225.webp 300w, https:\/\/d2p6e6u75xmxt8.cloudfront.net\/2\/2016\/11\/FullSizeRender-45-768x576.webp 768w, https:\/\/d2p6e6u75xmxt8.cloudfront.net\/2\/2016\/11\/FullSizeRender-45.webp 1280w\" sizes=\"auto, (max-width: 1024px) 100vw, 1024px\" \/><\/a>\n\t\t\t<\/div>\n\t\t\t\t<figcaption class='wp-caption-text gallery-caption' id='gallery-7-143574'>\n\t\t\t\tWe made it!\n\t\t\t\t<\/figcaption><\/figure><figure class='gallery-item'>\n\t\t\t<div class='gallery-icon landscape'>\n\t\t\t\t<a href='https:\/\/d2p6e6u75xmxt8.cloudfront.net\/2\/2016\/11\/PA222721.webp'><img loading=\"lazy\" decoding=\"async\" width=\"1024\" height=\"683\" src=\"https:\/\/d2p6e6u75xmxt8.cloudfront.net\/2\/2016\/11\/PA222721-1024x683.webp\" class=\"attachment-large size-large\" alt=\"\" aria-describedby=\"gallery-7-143598\" srcset=\"https:\/\/d2p6e6u75xmxt8.cloudfront.net\/2\/2016\/11\/PA222721-1024x683.webp 1024w, https:\/\/d2p6e6u75xmxt8.cloudfront.net\/2\/2016\/11\/PA222721-300x200.webp 300w, https:\/\/d2p6e6u75xmxt8.cloudfront.net\/2\/2016\/11\/PA222721-768x512.webp 768w, https:\/\/d2p6e6u75xmxt8.cloudfront.net\/2\/2016\/11\/PA222721-272x182.webp 272w, https:\/\/d2p6e6u75xmxt8.cloudfront.net\/2\/2016\/11\/PA222721.webp 1280w\" sizes=\"auto, (max-width: 1024px) 100vw, 1024px\" \/><\/a>\n\t\t\t<\/div>\n\t\t\t\t<figcaption class='wp-caption-text gallery-caption' id='gallery-7-143598'>\n\t\t\t\tOn the right is Mount Rundle. The \u2018famous\u2019 mountain at Banff.\n\t\t\t\t<\/figcaption><\/figure>\n\t\t<\/div>\n\n<p><strong>BANFF!<\/strong><\/p>\n<p>Some weeks ago I found out that from oct 29th to nov 6th the <strong>Banff Mountain Film and Book festival<\/strong> would be happening. I knew it from the \u2018world tour\u2019, a annually tour through 40 countries where they organise an evening full of outdoor and adventure movies. During the nine day long festival in Banff they select the movies for the world tour. 9 days, over 75 movies, 20.000 visitors, book presentations, discussions, workshops by National Geographic. All that and more happens during \u2018nine epic days\u2019 at the Banff centre for arts and creativity. When I heard about it I send them an email to see if they needed any more volunteers and here I am now, participating in this amazing festival!<\/p>\n<lite-youtube videoid=4Ywrb-_P5oE params=\"enablejsapi=1\" style=\"background-image: url('https:\/\/i.ytimg.com\/vi_webp\/4Ywrb-_P5oE\/maxresdefault.webp');\"><\/lite-youtube>\n<div id='gallery-8' class='gallery galleryid-143565 gallery-columns-2 gallery-size-large'><figure class='gallery-item'>\n\t\t\t<div class='gallery-icon portrait'>\n\t\t\t\t<a href='https:\/\/d2p6e6u75xmxt8.cloudfront.net\/2\/2016\/11\/Cvyzb5XUsAA8nXT.webp'><img loading=\"lazy\" decoding=\"async\" width=\"768\" height=\"1024\" src=\"https:\/\/d2p6e6u75xmxt8.cloudfront.net\/2\/2016\/11\/Cvyzb5XUsAA8nXT-768x1024.webp\" class=\"attachment-large size-large\" alt=\"\" aria-describedby=\"gallery-8-143572\" srcset=\"https:\/\/d2p6e6u75xmxt8.cloudfront.net\/2\/2016\/11\/Cvyzb5XUsAA8nXT-768x1024.webp 768w, https:\/\/d2p6e6u75xmxt8.cloudfront.net\/2\/2016\/11\/Cvyzb5XUsAA8nXT-225x300.webp 225w, https:\/\/d2p6e6u75xmxt8.cloudfront.net\/2\/2016\/11\/Cvyzb5XUsAA8nXT.webp 900w\" sizes=\"auto, (max-width: 768px) 100vw, 768px\" \/><\/a>\n\t\t\t<\/div>\n\t\t\t\t<figcaption class='wp-caption-text gallery-caption' id='gallery-8-143572'>\n\t\t\t\tA part of the new volunteer group.\n\t\t\t\t<\/figcaption><\/figure><figure class='gallery-item'>\n\t\t\t<div class='gallery-icon portrait'>\n\t\t\t\t<a href='https:\/\/d2p6e6u75xmxt8.cloudfront.net\/2\/2016\/11\/PA272739.webp'><img loading=\"lazy\" decoding=\"async\" width=\"768\" height=\"1024\" src=\"https:\/\/d2p6e6u75xmxt8.cloudfront.net\/2\/2016\/11\/PA272739-768x1024.webp\" class=\"attachment-large size-large\" alt=\"\" aria-describedby=\"gallery-8-143600\" srcset=\"https:\/\/d2p6e6u75xmxt8.cloudfront.net\/2\/2016\/11\/PA272739-768x1024.webp 768w, https:\/\/d2p6e6u75xmxt8.cloudfront.net\/2\/2016\/11\/PA272739-225x300.webp 225w, https:\/\/d2p6e6u75xmxt8.cloudfront.net\/2\/2016\/11\/PA272739.webp 960w\" sizes=\"auto, (max-width: 768px) 100vw, 768px\" \/><\/a>\n\t\t\t<\/div>\n\t\t\t\t<figcaption class='wp-caption-text gallery-caption' id='gallery-8-143600'>\n\t\t\t\tPosing for the cover \ud83d\ude42\n\t\t\t\t<\/figcaption><\/figure>\n\t\t<\/div>\n\n<p>We\u2019re halfway the festival now and still have the busiest and exciting days coming up!<\/p>\n<p>The atmosphere is great. What I hope for during this festival is to get inspired for new adventures and maybe place my bar a bit higher again. Over and over I tell my story to people, and I enjoy doing that, but what I\u2019d REALLY like now is to be impressed myself, to look up to other adventurers, to get inspired and let new plans grow. And I have to say the movies I\u2019ve watched so far did a good job on that, but I also hope to meet people in the next days that will impress me with their stories, their courage and their ideas.<\/p>\n<div id='gallery-9' class='gallery galleryid-143565 gallery-columns-2 gallery-size-large'><figure class='gallery-item'>\n\t\t\t<div class='gallery-icon landscape'>\n\t\t\t\t<a href='https:\/\/d2p6e6u75xmxt8.cloudfront.net\/2\/2016\/11\/PA302773.webp'><img loading=\"lazy\" decoding=\"async\" width=\"1024\" height=\"683\" src=\"https:\/\/d2p6e6u75xmxt8.cloudfront.net\/2\/2016\/11\/PA302773-1024x683.webp\" class=\"attachment-large size-large\" alt=\"\" aria-describedby=\"gallery-9-143601\" srcset=\"https:\/\/d2p6e6u75xmxt8.cloudfront.net\/2\/2016\/11\/PA302773-1024x683.webp 1024w, https:\/\/d2p6e6u75xmxt8.cloudfront.net\/2\/2016\/11\/PA302773-300x200.webp 300w, https:\/\/d2p6e6u75xmxt8.cloudfront.net\/2\/2016\/11\/PA302773-768x512.webp 768w, https:\/\/d2p6e6u75xmxt8.cloudfront.net\/2\/2016\/11\/PA302773-272x182.webp 272w, https:\/\/d2p6e6u75xmxt8.cloudfront.net\/2\/2016\/11\/PA302773.webp 1280w\" sizes=\"auto, (max-width: 1024px) 100vw, 1024px\" \/><\/a>\n\t\t\t<\/div>\n\t\t\t\t<figcaption class='wp-caption-text gallery-caption' id='gallery-9-143601'>\n\t\t\t\tView over Canmore.\n\t\t\t\t<\/figcaption><\/figure><figure class='gallery-item'>\n\t\t\t<div class='gallery-icon landscape'>\n\t\t\t\t<a href='https:\/\/d2p6e6u75xmxt8.cloudfront.net\/2\/2016\/11\/4.webp'><img loading=\"lazy\" decoding=\"async\" width=\"1024\" height=\"682\" src=\"https:\/\/d2p6e6u75xmxt8.cloudfront.net\/2\/2016\/11\/4-1024x682.webp\" class=\"attachment-large size-large\" alt=\"\" aria-describedby=\"gallery-9-143567\" srcset=\"https:\/\/d2p6e6u75xmxt8.cloudfront.net\/2\/2016\/11\/4-1024x682.webp 1024w, https:\/\/d2p6e6u75xmxt8.cloudfront.net\/2\/2016\/11\/4-300x200.webp 300w, https:\/\/d2p6e6u75xmxt8.cloudfront.net\/2\/2016\/11\/4-768x512.webp 768w, https:\/\/d2p6e6u75xmxt8.cloudfront.net\/2\/2016\/11\/4-272x182.webp 272w, https:\/\/d2p6e6u75xmxt8.cloudfront.net\/2\/2016\/11\/4.webp 1280w\" sizes=\"auto, (max-width: 1024px) 100vw, 1024px\" \/><\/a>\n\t\t\t<\/div>\n\t\t\t\t<figcaption class='wp-caption-text gallery-caption' id='gallery-9-143567'>\n\t\t\t\tWent for a ride on my hosts full suspension mountainbike.\n\t\t\t\t<\/figcaption><\/figure>\n\t\t<\/div>\n\n<figure id=\"attachment_143570\" aria-describedby=\"caption-attachment-143570\" style=\"width: 1280px\" class=\"wp-caption alignnone\"><img loading=\"lazy\" decoding=\"async\" class=\"size-full wp-image-143570\" src=\"https:\/\/d2p6e6u75xmxt8.cloudfront.net\/2\/2016\/11\/17.jpg\" alt=\"Hiking with other volunteers.\" width=\"1280\" height=\"442\" \/><figcaption id=\"caption-attachment-143570\" class=\"wp-caption-text\">Hiking with other volunteers.<\/figcaption><\/figure>\n<p><strong>After the festival<\/strong> I\u2019m heading south into the States. I\u2019ll leave Vancouver for what it is. I want to go south! I feel that I\u2019ve spend enough time in \u2018the west\u2019. I keep struggling with my longing for the purity and simplicity that I know from Asia. I\u2019ve given North America a chance and I will remain doing so as I bike down the States, but I really look forward to exploring central and south America. It\u2019s not the people, it\u2019s not the nature, it\u2019s how I felt before, that\u2019s what I miss!<\/p>\n<p>During my travels I was never \u2018in search\u2019 of something. But from this moment on I am, I am in search of the happiness I felt during my time in Asia and eastern Europe. And until I find it, wherever, I fully enjoy the search and the road leading to it!<\/p>\n","protected":false},"excerpt":{"rendered":"<p>9 days, that\u2019s how long it took before I felt good enough to get back on the bike.\u00a09 days in [&hellip;]<\/p>\n","protected":false},"author":12,"featured_media":143605,"comment_status":"open","ping_status":"open","sticky":false,"template":"","format":"standard","meta":{"footnotes":""},"categories":[4142],"tags":[482,460,418],"global-categories":[],"class_list":["post-143565","post","type-post","status-publish","format-standard","has-post-thumbnail","hentry","category-ride2unite","tag-blog","tag-hera-van-willick","tag-travel"],"yoast_head":"<!-- This site is optimized with the Yoast SEO Premium plugin v25.3 (Yoast SEO v25.9) - https:\/\/yoast.com\/wordpress\/plugins\/seo\/ -->\n<title>Travelling the World with Hera van Willick: Back on the Bike and INTO THE SNOW! - \u0160koda We Love Cycling<\/title>\n<meta name=\"description\" content=\"9 days, that\u2019s how long it took before I felt good enough to get back on the bike.\u00a09 days in which I felt a little bit better every day, but in which my\" \/>\n<meta name=\"robots\" content=\"index, follow, max-snippet:-1, max-image-preview:large, max-video-preview:-1\" \/>\n<link rel=\"canonical\" href=\"https:\/\/www.welovecycling.com\/wide\/2016\/11\/07\/travelling-world-hera-van-willick-back-bike-snow\/\" \/>\n<meta property=\"og:locale\" content=\"en_US\" \/>\n<meta property=\"og:type\" content=\"article\" \/>\n<meta property=\"og:title\" content=\"Travelling the World with Hera van Willick: Back on the Bike and INTO THE SNOW!\" \/>\n<meta property=\"og:description\" content=\"9 days, that\u2019s how long it took before I felt good enough to get back on the bike.\u00a09 days in which I felt a little bit better every day, but in which my\" \/>\n<meta property=\"og:url\" content=\"https:\/\/www.welovecycling.com\/wide\/2016\/11\/07\/travelling-world-hera-van-willick-back-bike-snow\/\" \/>\n<meta property=\"og:site_name\" content=\"\u0160koda We Love Cycling\" \/>\n<meta property=\"article:published_time\" content=\"2016-11-07T09:54:27+00:00\" \/>\n<meta property=\"og:image\" content=\"https:\/\/d2p6e6u75xmxt8.cloudfront.net\/2\/2016\/11\/232244242_244442.webp\" \/>\n\t<meta property=\"og:image:width\" content=\"900\" \/>\n\t<meta property=\"og:image:height\" content=\"600\" \/>\n\t<meta property=\"og:image:type\" content=\"image\/webp\" \/>\n<meta name=\"twitter:card\" content=\"summary_large_image\" \/>\n<meta name=\"twitter:label1\" content=\"Written by\" \/>\n\t<meta name=\"twitter:data1\" content=\"Hera van Willick\" \/>\n\t<meta name=\"twitter:label2\" content=\"Est. reading time\" \/>\n\t<meta name=\"twitter:data2\" content=\"7 minutes\" \/>\n<script type=\"application\/ld+json\" class=\"yoast-schema-graph\">{\"@context\":\"https:\/\/schema.org\",\"@graph\":[{\"@type\":\"WebPage\",\"@id\":\"https:\/\/www.welovecycling.com\/wide\/2016\/11\/07\/travelling-world-hera-van-willick-back-bike-snow\/\",\"url\":\"https:\/\/www.welovecycling.com\/wide\/2016\/11\/07\/travelling-world-hera-van-willick-back-bike-snow\/\",\"name\":\"Travelling the World with Hera van Willick: Back on the Bike and INTO THE SNOW! - \u0160koda We Love Cycling\",\"isPartOf\":{\"@id\":\"https:\/\/www.welovecycling.com\/wide\/#website\"},\"primaryImageOfPage\":{\"@id\":\"https:\/\/www.welovecycling.com\/wide\/2016\/11\/07\/travelling-world-hera-van-willick-back-bike-snow\/#primaryimage\"},\"image\":{\"@id\":\"https:\/\/www.welovecycling.com\/wide\/2016\/11\/07\/travelling-world-hera-van-willick-back-bike-snow\/#primaryimage\"},\"thumbnailUrl\":\"https:\/\/d2p6e6u75xmxt8.cloudfront.net\/2\/2016\/11\/232244242_244442.webp\",\"datePublished\":\"2016-11-07T09:54:27+00:00\",\"author\":{\"@id\":\"\"},\"description\":\"9 days, that\u2019s how long it took before I felt good enough to get back on the bike.\u00a09 days in which I felt a little bit better every day, but in which my\",\"breadcrumb\":{\"@id\":\"https:\/\/www.welovecycling.com\/wide\/2016\/11\/07\/travelling-world-hera-van-willick-back-bike-snow\/#breadcrumb\"},\"inLanguage\":\"en-US\",\"potentialAction\":[{\"@type\":\"ReadAction\",\"target\":[\"https:\/\/www.welovecycling.com\/wide\/2016\/11\/07\/travelling-world-hera-van-willick-back-bike-snow\/\"]}]},{\"@type\":\"ImageObject\",\"inLanguage\":\"en-US\",\"@id\":\"https:\/\/www.welovecycling.com\/wide\/2016\/11\/07\/travelling-world-hera-van-willick-back-bike-snow\/#primaryimage\",\"url\":\"https:\/\/d2p6e6u75xmxt8.cloudfront.net\/2\/2016\/11\/232244242_244442.webp\",\"contentUrl\":\"https:\/\/d2p6e6u75xmxt8.cloudfront.net\/2\/2016\/11\/232244242_244442.webp\",\"width\":900,\"height\":600},{\"@type\":\"BreadcrumbList\",\"@id\":\"https:\/\/www.welovecycling.com\/wide\/2016\/11\/07\/travelling-world-hera-van-willick-back-bike-snow\/#breadcrumb\",\"itemListElement\":[{\"@type\":\"ListItem\",\"position\":1,\"name\":\"Home\",\"item\":\"https:\/\/www.welovecycling.com\/wide\/\"},{\"@type\":\"ListItem\",\"position\":2,\"name\":\"Travelling the World with Hera van Willick: Back on the Bike and INTO THE SNOW!\"}]},{\"@type\":\"WebSite\",\"@id\":\"https:\/\/www.welovecycling.com\/wide\/#website\",\"url\":\"https:\/\/www.welovecycling.com\/wide\/\",\"name\":\"\u0160koda We Love Cycling\",\"description\":\"\u0160koda We Love Cycling magazine\",\"alternateName\":\"\u0160koda WLC\",\"potentialAction\":[{\"@type\":\"SearchAction\",\"target\":{\"@type\":\"EntryPoint\",\"urlTemplate\":\"https:\/\/www.welovecycling.com\/wide\/?s={search_term_string}\"},\"query-input\":{\"@type\":\"PropertyValueSpecification\",\"valueRequired\":true,\"valueName\":\"search_term_string\"}}],\"inLanguage\":\"en-US\"},{\"@type\":\"Person\",\"@id\":\"\",\"url\":\"https:\/\/www.welovecycling.com\/wide\/author\/\"}]}<\/script>\n<!-- \/ Yoast SEO Premium plugin. -->","yoast_head_json":{"title":"Travelling the World with Hera van Willick: Back on the Bike and INTO THE SNOW! - \u0160koda We Love Cycling","description":"9 days, that\u2019s how long it took before I felt good enough to get back on the bike.\u00a09 days in which I felt a little bit better every day, but in which my","robots":{"index":"index","follow":"follow","max-snippet":"max-snippet:-1","max-image-preview":"max-image-preview:large","max-video-preview":"max-video-preview:-1"},"canonical":"https:\/\/www.welovecycling.com\/wide\/2016\/11\/07\/travelling-world-hera-van-willick-back-bike-snow\/","og_locale":"en_US","og_type":"article","og_title":"Travelling the World with Hera van Willick: Back on the Bike and INTO THE SNOW!","og_description":"9 days, that\u2019s how long it took before I felt good enough to get back on the bike.\u00a09 days in which I felt a little bit better every day, but in which my","og_url":"https:\/\/www.welovecycling.com\/wide\/2016\/11\/07\/travelling-world-hera-van-willick-back-bike-snow\/","og_site_name":"\u0160koda We Love Cycling","article_published_time":"2016-11-07T09:54:27+00:00","og_image":[{"width":900,"height":600,"url":"https:\/\/d2p6e6u75xmxt8.cloudfront.net\/2\/2016\/11\/232244242_244442.webp","type":"image\/webp"}],"twitter_card":"summary_large_image","twitter_misc":{"Written by":"Hera van Willick","Est. reading time":"7 minutes"},"schema":{"@context":"https:\/\/schema.org","@graph":[{"@type":"WebPage","@id":"https:\/\/www.welovecycling.com\/wide\/2016\/11\/07\/travelling-world-hera-van-willick-back-bike-snow\/","url":"https:\/\/www.welovecycling.com\/wide\/2016\/11\/07\/travelling-world-hera-van-willick-back-bike-snow\/","name":"Travelling the World with Hera van Willick: Back on the Bike and INTO THE SNOW! - \u0160koda We Love Cycling","isPartOf":{"@id":"https:\/\/www.welovecycling.com\/wide\/#website"},"primaryImageOfPage":{"@id":"https:\/\/www.welovecycling.com\/wide\/2016\/11\/07\/travelling-world-hera-van-willick-back-bike-snow\/#primaryimage"},"image":{"@id":"https:\/\/www.welovecycling.com\/wide\/2016\/11\/07\/travelling-world-hera-van-willick-back-bike-snow\/#primaryimage"},"thumbnailUrl":"https:\/\/d2p6e6u75xmxt8.cloudfront.net\/2\/2016\/11\/232244242_244442.webp","datePublished":"2016-11-07T09:54:27+00:00","author":{"@id":""},"description":"9 days, that\u2019s how long it took before I felt good enough to get back on the bike.\u00a09 days in which I felt a little bit better every day, but in which my","breadcrumb":{"@id":"https:\/\/www.welovecycling.com\/wide\/2016\/11\/07\/travelling-world-hera-van-willick-back-bike-snow\/#breadcrumb"},"inLanguage":"en-US","potentialAction":[{"@type":"ReadAction","target":["https:\/\/www.welovecycling.com\/wide\/2016\/11\/07\/travelling-world-hera-van-willick-back-bike-snow\/"]}]},{"@type":"ImageObject","inLanguage":"en-US","@id":"https:\/\/www.welovecycling.com\/wide\/2016\/11\/07\/travelling-world-hera-van-willick-back-bike-snow\/#primaryimage","url":"https:\/\/d2p6e6u75xmxt8.cloudfront.net\/2\/2016\/11\/232244242_244442.webp","contentUrl":"https:\/\/d2p6e6u75xmxt8.cloudfront.net\/2\/2016\/11\/232244242_244442.webp","width":900,"height":600},{"@type":"BreadcrumbList","@id":"https:\/\/www.welovecycling.com\/wide\/2016\/11\/07\/travelling-world-hera-van-willick-back-bike-snow\/#breadcrumb","itemListElement":[{"@type":"ListItem","position":1,"name":"Home","item":"https:\/\/www.welovecycling.com\/wide\/"},{"@type":"ListItem","position":2,"name":"Travelling the World with Hera van Willick: Back on the Bike and INTO THE SNOW!"}]},{"@type":"WebSite","@id":"https:\/\/www.welovecycling.com\/wide\/#website","url":"https:\/\/www.welovecycling.com\/wide\/","name":"\u0160koda We Love Cycling","description":"\u0160koda We Love Cycling magazine","alternateName":"\u0160koda WLC","potentialAction":[{"@type":"SearchAction","target":{"@type":"EntryPoint","urlTemplate":"https:\/\/www.welovecycling.com\/wide\/?s={search_term_string}"},"query-input":{"@type":"PropertyValueSpecification","valueRequired":true,"valueName":"search_term_string"}}],"inLanguage":"en-US"},{"@type":"Person","@id":"","url":"https:\/\/www.welovecycling.com\/wide\/author\/"}]}},"_links":{"self":[{"href":"https:\/\/www.welovecycling.com\/wide\/wp-json\/wp\/v2\/posts\/143565","targetHints":{"allow":["GET"]}}],"collection":[{"href":"https:\/\/www.welovecycling.com\/wide\/wp-json\/wp\/v2\/posts"}],"about":[{"href":"https:\/\/www.welovecycling.com\/wide\/wp-json\/wp\/v2\/types\/post"}],"author":[{"embeddable":true,"href":"https:\/\/www.welovecycling.com\/wide\/wp-json\/wp\/v2\/users\/12"}],"replies":[{"embeddable":true,"href":"https:\/\/www.welovecycling.com\/wide\/wp-json\/wp\/v2\/comments?post=143565"}],"version-history":[{"count":2,"href":"https:\/\/www.welovecycling.com\/wide\/wp-json\/wp\/v2\/posts\/143565\/revisions"}],"predecessor-version":[{"id":143604,"href":"https:\/\/www.welovecycling.com\/wide\/wp-json\/wp\/v2\/posts\/143565\/revisions\/143604"}],"wp:featuredmedia":[{"embeddable":true,"href":"https:\/\/www.welovecycling.com\/wide\/wp-json\/wp\/v2\/media\/143605"}],"wp:attachment":[{"href":"https:\/\/www.welovecycling.com\/wide\/wp-json\/wp\/v2\/media?parent=143565"}],"wp:term":[{"taxonomy":"category","embeddable":true,"href":"https:\/\/www.welovecycling.com\/wide\/wp-json\/wp\/v2\/categories?post=143565"},{"taxonomy":"post_tag","embeddable":true,"href":"https:\/\/www.welovecycling.com\/wide\/wp-json\/wp\/v2\/tags?post=143565"},{"taxonomy":"global-categories","embeddable":true,"href":"https:\/\/www.welovecycling.com\/wide\/wp-json\/wp\/v2\/global-categories?post=143565"}],"curies":[{"name":"wp","href":"https:\/\/api.w.org\/{rel}","templated":true}]}}