{"id":143384,"date":"2016-10-28T06:35:45","date_gmt":"2016-10-28T06:35:45","guid":{"rendered":"https:\/\/www.welovecycling.com\/wide\/?p=143384"},"modified":"2016-10-28T12:24:50","modified_gmt":"2016-10-28T12:24:50","slug":"15-spectacular-vintage-photos-giro-ditalia","status":"publish","type":"post","link":"https:\/\/www.welovecycling.com\/wide\/2016\/10\/28\/15-spectacular-vintage-photos-giro-ditalia\/","title":{"rendered":"15 Spectacular Vintage Photos of Giro d\u2018Italia"},"content":{"rendered":"<p><strong>Let\u2018s stroll down the memory lane once again with another part of our Retro Series. This article is all about Italy and its unique Giro. Whether it\u2018s Charly Gaul collapsing from cold and exhaustion after the infamous 1956 Dolomites stage or Vittorio Adorni eating the most Italian thing possible \u2013 spaghetti, Giro offered us many moments worth remembering over the past 99 editions. And the photo gallery you\u2018ll find below will make sure you don\u2018t forget about them for a long long time. Check out all the unique pictures and let us know which one is your favourite!<\/strong><br \/>\n<!--more--><\/p>\n<figure id=\"attachment_143400\" aria-describedby=\"caption-attachment-143400\" style=\"width: 1010px\" class=\"wp-caption alignnone\"><img loading=\"lazy\" decoding=\"async\" class=\"size-full wp-image-143400\" src=\"https:\/\/d2p6e6u75xmxt8.cloudfront.net\/2\/2016\/10\/The-Stelvio-Pass-in-1975.jpeg\" alt=\"The Stelvio Pass in 1975.\" width=\"1010\" height=\"833\" \/><figcaption id=\"caption-attachment-143400\" class=\"wp-caption-text\">The Stelvio Pass in 1975.<\/figcaption><\/figure>\n<figure id=\"attachment_143399\" aria-describedby=\"caption-attachment-143399\" style=\"width: 1010px\" class=\"wp-caption alignnone\"><img loading=\"lazy\" decoding=\"async\" class=\"size-full wp-image-143399\" src=\"https:\/\/d2p6e6u75xmxt8.cloudfront.net\/2\/2016\/10\/The-1921-Giro-winner-Giovanni-Brunero.-It-was-the-first-of-his-three-Giro-victories-the-others-came-in-1922-and-1926..jpeg\" alt=\"The 1921 Giro winner Giovanni Brunero. It was the first of his three Giro-victories the others came in 1922 and 1926.\" width=\"1010\" height=\"668\" \/><figcaption id=\"caption-attachment-143399\" class=\"wp-caption-text\">The 1921 Giro winner Giovanni Brunero. It was the first of his three Giro-victories the others came in 1922 and 1926.<\/figcaption><\/figure>\n<figure id=\"attachment_143397\" aria-describedby=\"caption-attachment-143397\" style=\"width: 1010px\" class=\"wp-caption alignnone\"><img loading=\"lazy\" decoding=\"async\" class=\"size-full wp-image-143397\" src=\"https:\/\/d2p6e6u75xmxt8.cloudfront.net\/2\/2016\/10\/Riders-eating-spaghetti-during-a-stage-in-1966.jpeg\" alt=\"Riders eating spaghetti during a stage in 1966.\" width=\"1010\" height=\"739\" \/><figcaption id=\"caption-attachment-143397\" class=\"wp-caption-text\">Riders eating spaghetti during a stage in 1966.<\/figcaption><\/figure>\n<figure id=\"attachment_143398\" aria-describedby=\"caption-attachment-143398\" style=\"width: 1010px\" class=\"wp-caption alignnone\"><img loading=\"lazy\" decoding=\"async\" class=\"size-full wp-image-143398\" src=\"https:\/\/d2p6e6u75xmxt8.cloudfront.net\/2\/2016\/10\/Rossignoli-takes-the-sprint-stage-in-Naples-during-the-inaugural-race.jpeg\" alt=\"Rossignoli takes the sprint stage in Naples during the inaugural race.\" width=\"1010\" height=\"606\" \/><figcaption id=\"caption-attachment-143398\" class=\"wp-caption-text\">Rossignoli takes the sprint stage in Naples during the inaugural race.<\/figcaption><\/figure>\n<figure id=\"attachment_143396\" aria-describedby=\"caption-attachment-143396\" style=\"width: 460px\" class=\"wp-caption alignnone\"><img loading=\"lazy\" decoding=\"async\" class=\"size-full wp-image-143396\" src=\"https:\/\/d2p6e6u75xmxt8.cloudfront.net\/2\/2016\/10\/Italian-Fiorenzo-Magni-is-ch-eered-on-around-Milan\u2019s-Viggorelli-Velodrome-after-winning-the-38th-Giro-1955.jpeg\" alt=\"Italian Fiorenzo Magni is cheered on around Milan\u2019s Viggorelli Velodrome after winning the 38th Giro 1955.\" width=\"460\" height=\"413\" \/><figcaption id=\"caption-attachment-143396\" class=\"wp-caption-text\">Italian Fiorenzo Magni is cheered on around Milan\u2019s Viggorelli Velodrome after winning the 38th Giro 1955.<\/figcaption><\/figure>\n<figure id=\"attachment_143395\" aria-describedby=\"caption-attachment-143395\" style=\"width: 1010px\" class=\"wp-caption alignnone\"><img loading=\"lazy\" decoding=\"async\" class=\"size-full wp-image-143395\" src=\"https:\/\/d2p6e6u75xmxt8.cloudfront.net\/2\/2016\/10\/Giro-in-1965.jpeg\" alt=\"Giro in 1965.\" width=\"1010\" height=\"657\" \/><figcaption id=\"caption-attachment-143395\" class=\"wp-caption-text\">Giro in 1965.<\/figcaption><\/figure>\n<figure id=\"attachment_143394\" aria-describedby=\"caption-attachment-143394\" style=\"width: 1010px\" class=\"wp-caption alignnone\"><img loading=\"lazy\" decoding=\"async\" class=\"size-full wp-image-143394\" src=\"https:\/\/d2p6e6u75xmxt8.cloudfront.net\/2\/2016\/10\/Gino-Bartali-tackles-a-mountain-stage-1940.jpeg\" alt=\"Gino Bartali tackles a mountain stage 1940.\" width=\"1010\" height=\"698\" \/><figcaption id=\"caption-attachment-143394\" class=\"wp-caption-text\">Gino Bartali tackles a mountain stage 1940.<\/figcaption><\/figure>\n<figure id=\"attachment_143393\" aria-describedby=\"caption-attachment-143393\" style=\"width: 1010px\" class=\"wp-caption alignnone\"><img loading=\"lazy\" decoding=\"async\" class=\"size-full wp-image-143393\" src=\"https:\/\/d2p6e6u75xmxt8.cloudfront.net\/2\/2016\/10\/Francesco-Moser-celebrating-his-1984-Giro-win-in-the-Verona-Arena.jpeg\" alt=\"Francesco Moser celebrating his 1984 Giro win in the Verona Arena.\" width=\"1010\" height=\"675\" \/><figcaption id=\"caption-attachment-143393\" class=\"wp-caption-text\">Francesco Moser celebrating his 1984 Giro win in the Verona Arena.<\/figcaption><\/figure>\n<figure id=\"attachment_143392\" aria-describedby=\"caption-attachment-143392\" style=\"width: 1010px\" class=\"wp-caption alignnone\"><img loading=\"lazy\" decoding=\"async\" class=\"size-full wp-image-143392\" src=\"https:\/\/d2p6e6u75xmxt8.cloudfront.net\/2\/2016\/10\/Fiorenzo-Magni-wins-a-stage-1955.jpeg\" alt=\"Fiorenzo Magni wins a stage 1955.\" width=\"1010\" height=\"694\" \/><figcaption id=\"caption-attachment-143392\" class=\"wp-caption-text\">Fiorenzo Magni wins a stage 1955.<\/figcaption><\/figure>\n<figure id=\"attachment_143391\" aria-describedby=\"caption-attachment-143391\" style=\"width: 1010px\" class=\"wp-caption alignnone\"><img loading=\"lazy\" decoding=\"async\" class=\"size-full wp-image-143391\" src=\"https:\/\/d2p6e6u75xmxt8.cloudfront.net\/2\/2016\/10\/Federico-Martin-1956.jpeg\" alt=\"Federico Martin 1956.\" width=\"1010\" height=\"707\" \/><figcaption id=\"caption-attachment-143391\" class=\"wp-caption-text\">Federico Martin 1956.<\/figcaption><\/figure>\n<figure id=\"attachment_143389\" aria-describedby=\"caption-attachment-143389\" style=\"width: 1010px\" class=\"wp-caption alignnone\"><img loading=\"lazy\" decoding=\"async\" class=\"size-full wp-image-143389\" src=\"https:\/\/d2p6e6u75xmxt8.cloudfront.net\/2\/2016\/10\/Daily-ration-of-Felice-Gimondi.jpeg\" alt=\"Daily ration of Felice Gimondi.\" width=\"1010\" height=\"684\" \/><figcaption id=\"caption-attachment-143389\" class=\"wp-caption-text\">Daily ration of Felice Gimondi.<\/figcaption><\/figure>\n<figure id=\"attachment_143390\" aria-describedby=\"caption-attachment-143390\" style=\"width: 1010px\" class=\"wp-caption alignnone\"><img loading=\"lazy\" decoding=\"async\" class=\"size-full wp-image-143390\" src=\"https:\/\/d2p6e6u75xmxt8.cloudfront.net\/2\/2016\/10\/Fausto-Coppi-Il-Campionissimo-1951.jpeg\" alt=\"Fausto Coppi Il Campionissimo 1951.\" width=\"1010\" height=\"1043\" \/><figcaption id=\"caption-attachment-143390\" class=\"wp-caption-text\">Fausto Coppi Il Campionissimo 1951.<\/figcaption><\/figure>\n<figure id=\"attachment_143388\" aria-describedby=\"caption-attachment-143388\" style=\"width: 1010px\" class=\"wp-caption alignnone\"><img loading=\"lazy\" decoding=\"async\" class=\"size-full wp-image-143388\" src=\"https:\/\/d2p6e6u75xmxt8.cloudfront.net\/2\/2016\/10\/Charly-Gaul-collapsed-after-winning-the-Dolomites-stage-in-1956.-Rain-wind-and-heavy-snow-forced-half-the-riders-to-abandon-the-rstage.-Gaul-eventually-went-on-to-win-the-whole-Tour..jpeg\" alt=\"Charly Gaul collapsed after winning the Dolomites stage in 1956. Rain, wind and heavy snow forced half of the riders to abandon the stage. Gaul eventually went on to win the whole Tour.\" width=\"1010\" height=\"1415\" \/><figcaption id=\"caption-attachment-143388\" class=\"wp-caption-text\">Charly Gaul collapsed after winning the Dolomites stage in 1956. Rain, wind and heavy snow forced half of the riders to abandon the stage. Gaul eventually went on to win the whole Tour.<\/figcaption><\/figure>\n<figure id=\"attachment_143386\" aria-describedby=\"caption-attachment-143386\" style=\"width: 1010px\" class=\"wp-caption alignnone\"><img loading=\"lazy\" decoding=\"async\" class=\"size-full wp-image-143386\" src=\"https:\/\/d2p6e6u75xmxt8.cloudfront.net\/2\/2016\/10\/Alfonsina-Morini-at-her-cycling-shop-on-Via-Varesina-in-Milan.-Morini-is-the-only-woman-to-have-competed-in-the-Giro-d\u2019Italia-she-took-part-in-the-1924-race.jpeg\" alt=\"Alfonsina Morini at her cycling shop on Via Varesina in Milan. Morini is the only woman to have competed in the Giro d\u2019Italia, she took part in the 1924 race.\" width=\"1010\" height=\"1007\" \/><figcaption id=\"caption-attachment-143386\" class=\"wp-caption-text\">Alfonsina Morini at her cycling shop on Via Varesina in Milan. Morini is the only woman to have competed in the Giro d\u2019Italia, she took part in the 1924 race.<\/figcaption><\/figure>\n<figure id=\"attachment_143387\" aria-describedby=\"caption-attachment-143387\" style=\"width: 1010px\" class=\"wp-caption alignnone\"><img loading=\"lazy\" decoding=\"async\" class=\"size-full wp-image-143387\" src=\"https:\/\/d2p6e6u75xmxt8.cloudfront.net\/2\/2016\/10\/Capo-Rizzuto-on-the-Ionian-coast-in-Calabria-1961.jpeg\" alt=\"Capo Rizzuto on the Ionian coast in Calabria 1961.\" width=\"1010\" height=\"769\" \/><figcaption id=\"caption-attachment-143387\" class=\"wp-caption-text\">Capo Rizzuto on the Ionian coast in Calabria 1961.<\/figcaption><\/figure>\n<p>&nbsp;<\/p>\n","protected":false},"excerpt":{"rendered":"<p>Let\u2018s stroll down the memory lane once again with another part of our Retro Series. This article is all about [&hellip;]<\/p>\n","protected":false},"author":11,"featured_media":143413,"comment_status":"open","ping_status":"open","sticky":false,"template":"","format":"standard","meta":{"footnotes":""},"categories":[329],"tags":[402,583],"global-categories":[],"class_list":["post-143384","post","type-post","status-publish","format-standard","has-post-thumbnail","hentry","category-road-cycling","tag-giro-ditalia","tag-road-cycling"],"yoast_head":"<!-- This site is optimized with the Yoast SEO Premium plugin v25.3 (Yoast SEO v25.9) - https:\/\/yoast.com\/wordpress\/plugins\/seo\/ -->\n<title>15 Spectacular Vintage Photos of Giro d\u2018Italia - \u0160koda We Love Cycling<\/title>\n<meta name=\"description\" content=\"Let\u2018s stroll down the memory lane once again with another part of our Retro Series. This article is all about Italy and its unique Giro. Whether it\u2018s\" \/>\n<meta name=\"robots\" content=\"index, follow, max-snippet:-1, max-image-preview:large, max-video-preview:-1\" \/>\n<link rel=\"canonical\" href=\"https:\/\/www.welovecycling.com\/wide\/2016\/10\/28\/15-spectacular-vintage-photos-giro-ditalia\/\" \/>\n<meta property=\"og:locale\" content=\"en_US\" \/>\n<meta property=\"og:type\" content=\"article\" \/>\n<meta property=\"og:title\" content=\"15 Spectacular Vintage Photos of Giro d\u2018Italia\" \/>\n<meta property=\"og:description\" content=\"Let\u2018s stroll down the memory lane once again with another part of our Retro Series. This article is all about Italy and its unique Giro. Whether it\u2018s\" \/>\n<meta property=\"og:url\" content=\"https:\/\/www.welovecycling.com\/wide\/2016\/10\/28\/15-spectacular-vintage-photos-giro-ditalia\/\" \/>\n<meta property=\"og:site_name\" content=\"\u0160koda We Love Cycling\" \/>\n<meta property=\"article:published_time\" content=\"2016-10-28T06:35:45+00:00\" \/>\n<meta property=\"article:modified_time\" content=\"2016-10-28T12:24:50+00:00\" \/>\n<meta property=\"og:image\" content=\"https:\/\/d2p6e6u75xmxt8.cloudfront.net\/2\/2016\/10\/cov.webp\" \/>\n\t<meta property=\"og:image:width\" content=\"900\" \/>\n\t<meta property=\"og:image:height\" content=\"600\" \/>\n\t<meta property=\"og:image:type\" content=\"image\/webp\" \/>\n<meta name=\"author\" content=\"ondrejfilgas\" \/>\n<meta name=\"twitter:card\" content=\"summary_large_image\" \/>\n<meta name=\"twitter:label1\" content=\"Written by\" \/>\n\t<meta name=\"twitter:data1\" content=\"Monica Buck\" \/>\n\t<meta name=\"twitter:label2\" content=\"Est. reading time\" \/>\n\t<meta name=\"twitter:data2\" content=\"2 minutes\" \/>\n<script type=\"application\/ld+json\" class=\"yoast-schema-graph\">{\"@context\":\"https:\/\/schema.org\",\"@graph\":[{\"@type\":\"WebPage\",\"@id\":\"https:\/\/www.welovecycling.com\/wide\/2016\/10\/28\/15-spectacular-vintage-photos-giro-ditalia\/\",\"url\":\"https:\/\/www.welovecycling.com\/wide\/2016\/10\/28\/15-spectacular-vintage-photos-giro-ditalia\/\",\"name\":\"15 Spectacular Vintage Photos of Giro d\u2018Italia - \u0160koda We Love Cycling\",\"isPartOf\":{\"@id\":\"https:\/\/www.welovecycling.com\/wide\/#website\"},\"primaryImageOfPage\":{\"@id\":\"https:\/\/www.welovecycling.com\/wide\/2016\/10\/28\/15-spectacular-vintage-photos-giro-ditalia\/#primaryimage\"},\"image\":{\"@id\":\"https:\/\/www.welovecycling.com\/wide\/2016\/10\/28\/15-spectacular-vintage-photos-giro-ditalia\/#primaryimage\"},\"thumbnailUrl\":\"https:\/\/d2p6e6u75xmxt8.cloudfront.net\/2\/2016\/10\/cov.webp\",\"datePublished\":\"2016-10-28T06:35:45+00:00\",\"dateModified\":\"2016-10-28T12:24:50+00:00\",\"author\":{\"@id\":\"https:\/\/www.welovecycling.com\/wide\/#\/schema\/person\/9e2e86835e0bb27fb0d57ed5a91e76af\"},\"description\":\"Let\u2018s stroll down the memory lane once again with another part of our Retro Series. This article is all about Italy and its unique Giro. Whether it\u2018s\",\"breadcrumb\":{\"@id\":\"https:\/\/www.welovecycling.com\/wide\/2016\/10\/28\/15-spectacular-vintage-photos-giro-ditalia\/#breadcrumb\"},\"inLanguage\":\"en-US\",\"potentialAction\":[{\"@type\":\"ReadAction\",\"target\":[\"https:\/\/www.welovecycling.com\/wide\/2016\/10\/28\/15-spectacular-vintage-photos-giro-ditalia\/\"]}]},{\"@type\":\"ImageObject\",\"inLanguage\":\"en-US\",\"@id\":\"https:\/\/www.welovecycling.com\/wide\/2016\/10\/28\/15-spectacular-vintage-photos-giro-ditalia\/#primaryimage\",\"url\":\"https:\/\/d2p6e6u75xmxt8.cloudfront.net\/2\/2016\/10\/cov.webp\",\"contentUrl\":\"https:\/\/d2p6e6u75xmxt8.cloudfront.net\/2\/2016\/10\/cov.webp\",\"width\":900,\"height\":600},{\"@type\":\"BreadcrumbList\",\"@id\":\"https:\/\/www.welovecycling.com\/wide\/2016\/10\/28\/15-spectacular-vintage-photos-giro-ditalia\/#breadcrumb\",\"itemListElement\":[{\"@type\":\"ListItem\",\"position\":1,\"name\":\"Home\",\"item\":\"https:\/\/www.welovecycling.com\/wide\/\"},{\"@type\":\"ListItem\",\"position\":2,\"name\":\"15 Spectacular Vintage Photos of Giro d\u2018Italia\"}]},{\"@type\":\"WebSite\",\"@id\":\"https:\/\/www.welovecycling.com\/wide\/#website\",\"url\":\"https:\/\/www.welovecycling.com\/wide\/\",\"name\":\"\u0160koda We Love Cycling\",\"description\":\"\u0160koda We Love Cycling magazine\",\"alternateName\":\"\u0160koda WLC\",\"potentialAction\":[{\"@type\":\"SearchAction\",\"target\":{\"@type\":\"EntryPoint\",\"urlTemplate\":\"https:\/\/www.welovecycling.com\/wide\/?s={search_term_string}\"},\"query-input\":{\"@type\":\"PropertyValueSpecification\",\"valueRequired\":true,\"valueName\":\"search_term_string\"}}],\"inLanguage\":\"en-US\"},{\"@type\":\"Person\",\"@id\":\"https:\/\/www.welovecycling.com\/wide\/#\/schema\/person\/9e2e86835e0bb27fb0d57ed5a91e76af\",\"name\":\"ondrejfilgas\",\"image\":{\"@type\":\"ImageObject\",\"inLanguage\":\"en-US\",\"@id\":\"https:\/\/www.welovecycling.com\/wide\/#\/schema\/person\/image\/\",\"url\":\"https:\/\/secure.gravatar.com\/avatar\/02fc81aabb3935fbbc0730be0dad75bfa59dd0ad02d2945f9121c307ebd1bace?s=96&d=mm&r=g\",\"contentUrl\":\"https:\/\/secure.gravatar.com\/avatar\/02fc81aabb3935fbbc0730be0dad75bfa59dd0ad02d2945f9121c307ebd1bace?s=96&d=mm&r=g\",\"caption\":\"ondrejfilgas\"},\"url\":\"https:\/\/www.welovecycling.com\/wide\/author\/ondrejfilgas\/\"}]}<\/script>\n<!-- \/ Yoast SEO Premium plugin. -->","yoast_head_json":{"title":"15 Spectacular Vintage Photos of Giro d\u2018Italia - \u0160koda We Love Cycling","description":"Let\u2018s stroll down the memory lane once again with another part of our Retro Series. This article is all about Italy and its unique Giro. Whether it\u2018s","robots":{"index":"index","follow":"follow","max-snippet":"max-snippet:-1","max-image-preview":"max-image-preview:large","max-video-preview":"max-video-preview:-1"},"canonical":"https:\/\/www.welovecycling.com\/wide\/2016\/10\/28\/15-spectacular-vintage-photos-giro-ditalia\/","og_locale":"en_US","og_type":"article","og_title":"15 Spectacular Vintage Photos of Giro d\u2018Italia","og_description":"Let\u2018s stroll down the memory lane once again with another part of our Retro Series. This article is all about Italy and its unique Giro. Whether it\u2018s","og_url":"https:\/\/www.welovecycling.com\/wide\/2016\/10\/28\/15-spectacular-vintage-photos-giro-ditalia\/","og_site_name":"\u0160koda We Love Cycling","article_published_time":"2016-10-28T06:35:45+00:00","article_modified_time":"2016-10-28T12:24:50+00:00","og_image":[{"width":900,"height":600,"url":"https:\/\/d2p6e6u75xmxt8.cloudfront.net\/2\/2016\/10\/cov.webp","type":"image\/webp"}],"author":"ondrejfilgas","twitter_card":"summary_large_image","twitter_misc":{"Written by":"Monica Buck","Est. reading time":"2 minutes"},"schema":{"@context":"https:\/\/schema.org","@graph":[{"@type":"WebPage","@id":"https:\/\/www.welovecycling.com\/wide\/2016\/10\/28\/15-spectacular-vintage-photos-giro-ditalia\/","url":"https:\/\/www.welovecycling.com\/wide\/2016\/10\/28\/15-spectacular-vintage-photos-giro-ditalia\/","name":"15 Spectacular Vintage Photos of Giro d\u2018Italia - \u0160koda We Love Cycling","isPartOf":{"@id":"https:\/\/www.welovecycling.com\/wide\/#website"},"primaryImageOfPage":{"@id":"https:\/\/www.welovecycling.com\/wide\/2016\/10\/28\/15-spectacular-vintage-photos-giro-ditalia\/#primaryimage"},"image":{"@id":"https:\/\/www.welovecycling.com\/wide\/2016\/10\/28\/15-spectacular-vintage-photos-giro-ditalia\/#primaryimage"},"thumbnailUrl":"https:\/\/d2p6e6u75xmxt8.cloudfront.net\/2\/2016\/10\/cov.webp","datePublished":"2016-10-28T06:35:45+00:00","dateModified":"2016-10-28T12:24:50+00:00","author":{"@id":"https:\/\/www.welovecycling.com\/wide\/#\/schema\/person\/9e2e86835e0bb27fb0d57ed5a91e76af"},"description":"Let\u2018s stroll down the memory lane once again with another part of our Retro Series. This article is all about Italy and its unique Giro. Whether it\u2018s","breadcrumb":{"@id":"https:\/\/www.welovecycling.com\/wide\/2016\/10\/28\/15-spectacular-vintage-photos-giro-ditalia\/#breadcrumb"},"inLanguage":"en-US","potentialAction":[{"@type":"ReadAction","target":["https:\/\/www.welovecycling.com\/wide\/2016\/10\/28\/15-spectacular-vintage-photos-giro-ditalia\/"]}]},{"@type":"ImageObject","inLanguage":"en-US","@id":"https:\/\/www.welovecycling.com\/wide\/2016\/10\/28\/15-spectacular-vintage-photos-giro-ditalia\/#primaryimage","url":"https:\/\/d2p6e6u75xmxt8.cloudfront.net\/2\/2016\/10\/cov.webp","contentUrl":"https:\/\/d2p6e6u75xmxt8.cloudfront.net\/2\/2016\/10\/cov.webp","width":900,"height":600},{"@type":"BreadcrumbList","@id":"https:\/\/www.welovecycling.com\/wide\/2016\/10\/28\/15-spectacular-vintage-photos-giro-ditalia\/#breadcrumb","itemListElement":[{"@type":"ListItem","position":1,"name":"Home","item":"https:\/\/www.welovecycling.com\/wide\/"},{"@type":"ListItem","position":2,"name":"15 Spectacular Vintage Photos of Giro d\u2018Italia"}]},{"@type":"WebSite","@id":"https:\/\/www.welovecycling.com\/wide\/#website","url":"https:\/\/www.welovecycling.com\/wide\/","name":"\u0160koda We Love Cycling","description":"\u0160koda We Love Cycling magazine","alternateName":"\u0160koda WLC","potentialAction":[{"@type":"SearchAction","target":{"@type":"EntryPoint","urlTemplate":"https:\/\/www.welovecycling.com\/wide\/?s={search_term_string}"},"query-input":{"@type":"PropertyValueSpecification","valueRequired":true,"valueName":"search_term_string"}}],"inLanguage":"en-US"},{"@type":"Person","@id":"https:\/\/www.welovecycling.com\/wide\/#\/schema\/person\/9e2e86835e0bb27fb0d57ed5a91e76af","name":"ondrejfilgas","image":{"@type":"ImageObject","inLanguage":"en-US","@id":"https:\/\/www.welovecycling.com\/wide\/#\/schema\/person\/image\/","url":"https:\/\/secure.gravatar.com\/avatar\/02fc81aabb3935fbbc0730be0dad75bfa59dd0ad02d2945f9121c307ebd1bace?s=96&d=mm&r=g","contentUrl":"https:\/\/secure.gravatar.com\/avatar\/02fc81aabb3935fbbc0730be0dad75bfa59dd0ad02d2945f9121c307ebd1bace?s=96&d=mm&r=g","caption":"ondrejfilgas"},"url":"https:\/\/www.welovecycling.com\/wide\/author\/ondrejfilgas\/"}]}},"_links":{"self":[{"href":"https:\/\/www.welovecycling.com\/wide\/wp-json\/wp\/v2\/posts\/143384","targetHints":{"allow":["GET"]}}],"collection":[{"href":"https:\/\/www.welovecycling.com\/wide\/wp-json\/wp\/v2\/posts"}],"about":[{"href":"https:\/\/www.welovecycling.com\/wide\/wp-json\/wp\/v2\/types\/post"}],"author":[{"embeddable":true,"href":"https:\/\/www.welovecycling.com\/wide\/wp-json\/wp\/v2\/users\/11"}],"replies":[{"embeddable":true,"href":"https:\/\/www.welovecycling.com\/wide\/wp-json\/wp\/v2\/comments?post=143384"}],"version-history":[{"count":2,"href":"https:\/\/www.welovecycling.com\/wide\/wp-json\/wp\/v2\/posts\/143384\/revisions"}],"predecessor-version":[{"id":143415,"href":"https:\/\/www.welovecycling.com\/wide\/wp-json\/wp\/v2\/posts\/143384\/revisions\/143415"}],"wp:featuredmedia":[{"embeddable":true,"href":"https:\/\/www.welovecycling.com\/wide\/wp-json\/wp\/v2\/media\/143413"}],"wp:attachment":[{"href":"https:\/\/www.welovecycling.com\/wide\/wp-json\/wp\/v2\/media?parent=143384"}],"wp:term":[{"taxonomy":"category","embeddable":true,"href":"https:\/\/www.welovecycling.com\/wide\/wp-json\/wp\/v2\/categories?post=143384"},{"taxonomy":"post_tag","embeddable":true,"href":"https:\/\/www.welovecycling.com\/wide\/wp-json\/wp\/v2\/tags?post=143384"},{"taxonomy":"global-categories","embeddable":true,"href":"https:\/\/www.welovecycling.com\/wide\/wp-json\/wp\/v2\/global-categories?post=143384"}],"curies":[{"name":"wp","href":"https:\/\/api.w.org\/{rel}","templated":true}]}}