{"id":143360,"date":"2016-10-26T11:48:55","date_gmt":"2016-10-26T11:48:55","guid":{"rendered":"https:\/\/www.welovecycling.com\/wide\/?p=143360"},"modified":"2016-10-26T11:54:20","modified_gmt":"2016-10-26T11:54:20","slug":"best-autumn-bike-videos","status":"publish","type":"post","link":"https:\/\/www.welovecycling.com\/wide\/2016\/10\/26\/best-autumn-bike-videos\/","title":{"rendered":"Best Autumn Bike Videos"},"content":{"rendered":"<p><strong>Depending on where you\u2019re living, the leaves may be changing colours, or the branches may be more or less bare.\u00a0 Of course, the weather has probably gotten chilly, too \u2013 brrrr! What do you associate the fall season with? Halloween perhaps? We\u2019ve compiled a few crazy MTB videos just for this wonderful time of the year.<\/strong><!--more--><\/p>\n<p>Want to see what Danny MacAskill does on his day off?<\/p>\n<lite-youtube videoid=K_7k3fnxPq0 params=\"enablejsapi=1\" style=\"background-image: url('https:\/\/i.ytimg.com\/vi_webp\/K_7k3fnxPq0\/maxresdefault.webp');\"><\/lite-youtube>\n<p>For those who are\u00a0into Halloween, here is the \u201ccreepy, special Halloween edit\u201d of an MTB video:<\/p>\n<p>https:\/\/www.youtube.com\/watch?v=jFq1Cm3KS0U<\/p>\n<p>This short clip features someone on his mountain bike, in the forest with lots of leaves on the ground, which is good for him, because he takes a bad fall!<\/p>\n<lite-youtube videoid=DyWFaNHSxyo params=\"enablejsapi=1\" style=\"background-image: url('https:\/\/i.ytimg.com\/vi_webp\/DyWFaNHSxyo\/maxresdefault.webp');\"><\/lite-youtube>\n<p>Here\u2019s another one for those who like Halloween\u2026 or costumes in general.\u00a0 Have you ever heard of a \u201cZombie Bike Ride\u201d?\u00a0 It\u2019s not that scary \u2013 kids were invited!<\/p>\n<lite-youtube videoid=0dwZIrTonRU params=\"enablejsapi=1\" style=\"background-image: url('https:\/\/i.ytimg.com\/vi_webp\/0dwZIrTonRU\/maxresdefault.webp');\"><\/lite-youtube>\n<p>Using the autumn cityscape as a background Max Schrom, two-time Guinness world record holder, shows us some extreme MTB stunts.<\/p>\n<lite-youtube videoid=GfFfGpvNdRs params=\"enablejsapi=1\" style=\"background-image: url('https:\/\/i.ytimg.com\/vi_webp\/GfFfGpvNdRs\/maxresdefault.webp');\"><\/lite-youtube>\n<p>Okay, I couldn\u2019t resist leaving you with another Halloween video in here.\u00a0 Have you ever gone cycling in a Halloween costume?\u00a0 These people did some dirt biking in their festive gear.<\/p>\n<lite-youtube videoid=Q6-fYHQMgQM params=\"enablejsapi=1\" style=\"background-image: url('https:\/\/i.ytimg.com\/vi_webp\/Q6-fYHQMgQM\/maxresdefault.webp');\"><\/lite-youtube>\n","protected":false},"excerpt":{"rendered":"<p>Depending on where you\u2019re living, the leaves may be changing colours, or the branches may be more or less bare.\u00a0 [&hellip;]<\/p>\n","protected":false},"author":27,"featured_media":143366,"comment_status":"open","ping_status":"open","sticky":false,"template":"","format":"standard","meta":{"footnotes":""},"categories":[328,334],"tags":[397],"global-categories":[],"class_list":["post-143360","post","type-post","status-publish","format-standard","has-post-thumbnail","hentry","category-outdoor-mountain","category-socialising-and-culture","tag-mtb"],"yoast_head":"<!-- This site is optimized with the Yoast SEO Premium plugin v25.3 (Yoast SEO v25.9) - https:\/\/yoast.com\/wordpress\/plugins\/seo\/ -->\n<title>Best Autumn Bike Videos - \u0160koda We Love Cycling<\/title>\n<meta name=\"description\" content=\"Depending on where you\u2019re living, the leaves may be changing colours, or the branches may be more or less bare.\u00a0 Of course, the weather has probably\" \/>\n<meta name=\"robots\" content=\"index, follow, max-snippet:-1, max-image-preview:large, max-video-preview:-1\" \/>\n<link rel=\"canonical\" href=\"https:\/\/www.welovecycling.com\/wide\/2016\/10\/26\/best-autumn-bike-videos\/\" \/>\n<meta property=\"og:locale\" content=\"en_US\" \/>\n<meta property=\"og:type\" content=\"article\" \/>\n<meta property=\"og:title\" content=\"Best Autumn Bike Videos\" \/>\n<meta property=\"og:description\" content=\"Depending on where you\u2019re living, the leaves may be changing colours, or the branches may be more or less bare.\u00a0 Of course, the weather has probably\" \/>\n<meta property=\"og:url\" content=\"https:\/\/www.welovecycling.com\/wide\/2016\/10\/26\/best-autumn-bike-videos\/\" \/>\n<meta property=\"og:site_name\" content=\"\u0160koda We Love Cycling\" \/>\n<meta property=\"article:published_time\" content=\"2016-10-26T11:48:55+00:00\" \/>\n<meta property=\"article:modified_time\" content=\"2016-10-26T11:54:20+00:00\" \/>\n<meta property=\"og:image\" content=\"https:\/\/d2p6e6u75xmxt8.cloudfront.net\/2\/2016\/10\/we.webp\" \/>\n\t<meta property=\"og:image:width\" content=\"900\" \/>\n\t<meta property=\"og:image:height\" content=\"600\" \/>\n\t<meta property=\"og:image:type\" content=\"image\/webp\" \/>\n<meta name=\"author\" content=\"jakubstepanek\" \/>\n<meta name=\"twitter:card\" content=\"summary_large_image\" \/>\n<meta name=\"twitter:label1\" content=\"Written by\" \/>\n\t<meta name=\"twitter:data1\" content=\"Angie Ng\" \/>\n\t<meta name=\"twitter:label2\" content=\"Est. reading time\" \/>\n\t<meta name=\"twitter:data2\" content=\"1 minute\" \/>\n<script type=\"application\/ld+json\" class=\"yoast-schema-graph\">{\"@context\":\"https:\/\/schema.org\",\"@graph\":[{\"@type\":\"WebPage\",\"@id\":\"https:\/\/www.welovecycling.com\/wide\/2016\/10\/26\/best-autumn-bike-videos\/\",\"url\":\"https:\/\/www.welovecycling.com\/wide\/2016\/10\/26\/best-autumn-bike-videos\/\",\"name\":\"Best Autumn Bike Videos - \u0160koda We Love Cycling\",\"isPartOf\":{\"@id\":\"https:\/\/www.welovecycling.com\/wide\/#website\"},\"primaryImageOfPage\":{\"@id\":\"https:\/\/www.welovecycling.com\/wide\/2016\/10\/26\/best-autumn-bike-videos\/#primaryimage\"},\"image\":{\"@id\":\"https:\/\/www.welovecycling.com\/wide\/2016\/10\/26\/best-autumn-bike-videos\/#primaryimage\"},\"thumbnailUrl\":\"https:\/\/d2p6e6u75xmxt8.cloudfront.net\/2\/2016\/10\/we.webp\",\"datePublished\":\"2016-10-26T11:48:55+00:00\",\"dateModified\":\"2016-10-26T11:54:20+00:00\",\"author\":{\"@id\":\"https:\/\/www.welovecycling.com\/wide\/#\/schema\/person\/d42ede5c64c67b5db7ea181a1a82b2d5\"},\"description\":\"Depending on where you\u2019re living, the leaves may be changing colours, or the branches may be more or less bare.\u00a0 Of course, the weather has probably\",\"breadcrumb\":{\"@id\":\"https:\/\/www.welovecycling.com\/wide\/2016\/10\/26\/best-autumn-bike-videos\/#breadcrumb\"},\"inLanguage\":\"en-US\",\"potentialAction\":[{\"@type\":\"ReadAction\",\"target\":[\"https:\/\/www.welovecycling.com\/wide\/2016\/10\/26\/best-autumn-bike-videos\/\"]}]},{\"@type\":\"ImageObject\",\"inLanguage\":\"en-US\",\"@id\":\"https:\/\/www.welovecycling.com\/wide\/2016\/10\/26\/best-autumn-bike-videos\/#primaryimage\",\"url\":\"https:\/\/d2p6e6u75xmxt8.cloudfront.net\/2\/2016\/10\/we.webp\",\"contentUrl\":\"https:\/\/d2p6e6u75xmxt8.cloudfront.net\/2\/2016\/10\/we.webp\",\"width\":900,\"height\":600},{\"@type\":\"BreadcrumbList\",\"@id\":\"https:\/\/www.welovecycling.com\/wide\/2016\/10\/26\/best-autumn-bike-videos\/#breadcrumb\",\"itemListElement\":[{\"@type\":\"ListItem\",\"position\":1,\"name\":\"Home\",\"item\":\"https:\/\/www.welovecycling.com\/wide\/\"},{\"@type\":\"ListItem\",\"position\":2,\"name\":\"Best Autumn Bike Videos\"}]},{\"@type\":\"WebSite\",\"@id\":\"https:\/\/www.welovecycling.com\/wide\/#website\",\"url\":\"https:\/\/www.welovecycling.com\/wide\/\",\"name\":\"\u0160koda We Love Cycling\",\"description\":\"\u0160koda We Love Cycling magazine\",\"alternateName\":\"\u0160koda WLC\",\"potentialAction\":[{\"@type\":\"SearchAction\",\"target\":{\"@type\":\"EntryPoint\",\"urlTemplate\":\"https:\/\/www.welovecycling.com\/wide\/?s={search_term_string}\"},\"query-input\":{\"@type\":\"PropertyValueSpecification\",\"valueRequired\":true,\"valueName\":\"search_term_string\"}}],\"inLanguage\":\"en-US\"},{\"@type\":\"Person\",\"@id\":\"https:\/\/www.welovecycling.com\/wide\/#\/schema\/person\/d42ede5c64c67b5db7ea181a1a82b2d5\",\"name\":\"jakubstepanek\",\"image\":{\"@type\":\"ImageObject\",\"inLanguage\":\"en-US\",\"@id\":\"https:\/\/www.welovecycling.com\/wide\/#\/schema\/person\/image\/\",\"url\":\"https:\/\/secure.gravatar.com\/avatar\/6088ff8a87539139d91121309dad6f7aee973467a9fee79888aeb2a7f7dc88a2?s=96&d=mm&r=g\",\"contentUrl\":\"https:\/\/secure.gravatar.com\/avatar\/6088ff8a87539139d91121309dad6f7aee973467a9fee79888aeb2a7f7dc88a2?s=96&d=mm&r=g\",\"caption\":\"jakubstepanek\"},\"url\":\"https:\/\/www.welovecycling.com\/wide\/author\/jakubstepanek\/\"}]}<\/script>\n<!-- \/ Yoast SEO Premium plugin. -->","yoast_head_json":{"title":"Best Autumn Bike Videos - \u0160koda We Love Cycling","description":"Depending on where you\u2019re living, the leaves may be changing colours, or the branches may be more or less bare.\u00a0 Of course, the weather has probably","robots":{"index":"index","follow":"follow","max-snippet":"max-snippet:-1","max-image-preview":"max-image-preview:large","max-video-preview":"max-video-preview:-1"},"canonical":"https:\/\/www.welovecycling.com\/wide\/2016\/10\/26\/best-autumn-bike-videos\/","og_locale":"en_US","og_type":"article","og_title":"Best Autumn Bike Videos","og_description":"Depending on where you\u2019re living, the leaves may be changing colours, or the branches may be more or less bare.\u00a0 Of course, the weather has probably","og_url":"https:\/\/www.welovecycling.com\/wide\/2016\/10\/26\/best-autumn-bike-videos\/","og_site_name":"\u0160koda We Love Cycling","article_published_time":"2016-10-26T11:48:55+00:00","article_modified_time":"2016-10-26T11:54:20+00:00","og_image":[{"width":900,"height":600,"url":"https:\/\/d2p6e6u75xmxt8.cloudfront.net\/2\/2016\/10\/we.webp","type":"image\/webp"}],"author":"jakubstepanek","twitter_card":"summary_large_image","twitter_misc":{"Written by":"Angie Ng","Est. reading time":"1 minute"},"schema":{"@context":"https:\/\/schema.org","@graph":[{"@type":"WebPage","@id":"https:\/\/www.welovecycling.com\/wide\/2016\/10\/26\/best-autumn-bike-videos\/","url":"https:\/\/www.welovecycling.com\/wide\/2016\/10\/26\/best-autumn-bike-videos\/","name":"Best Autumn Bike Videos - \u0160koda We Love Cycling","isPartOf":{"@id":"https:\/\/www.welovecycling.com\/wide\/#website"},"primaryImageOfPage":{"@id":"https:\/\/www.welovecycling.com\/wide\/2016\/10\/26\/best-autumn-bike-videos\/#primaryimage"},"image":{"@id":"https:\/\/www.welovecycling.com\/wide\/2016\/10\/26\/best-autumn-bike-videos\/#primaryimage"},"thumbnailUrl":"https:\/\/d2p6e6u75xmxt8.cloudfront.net\/2\/2016\/10\/we.webp","datePublished":"2016-10-26T11:48:55+00:00","dateModified":"2016-10-26T11:54:20+00:00","author":{"@id":"https:\/\/www.welovecycling.com\/wide\/#\/schema\/person\/d42ede5c64c67b5db7ea181a1a82b2d5"},"description":"Depending on where you\u2019re living, the leaves may be changing colours, or the branches may be more or less bare.\u00a0 Of course, the weather has probably","breadcrumb":{"@id":"https:\/\/www.welovecycling.com\/wide\/2016\/10\/26\/best-autumn-bike-videos\/#breadcrumb"},"inLanguage":"en-US","potentialAction":[{"@type":"ReadAction","target":["https:\/\/www.welovecycling.com\/wide\/2016\/10\/26\/best-autumn-bike-videos\/"]}]},{"@type":"ImageObject","inLanguage":"en-US","@id":"https:\/\/www.welovecycling.com\/wide\/2016\/10\/26\/best-autumn-bike-videos\/#primaryimage","url":"https:\/\/d2p6e6u75xmxt8.cloudfront.net\/2\/2016\/10\/we.webp","contentUrl":"https:\/\/d2p6e6u75xmxt8.cloudfront.net\/2\/2016\/10\/we.webp","width":900,"height":600},{"@type":"BreadcrumbList","@id":"https:\/\/www.welovecycling.com\/wide\/2016\/10\/26\/best-autumn-bike-videos\/#breadcrumb","itemListElement":[{"@type":"ListItem","position":1,"name":"Home","item":"https:\/\/www.welovecycling.com\/wide\/"},{"@type":"ListItem","position":2,"name":"Best Autumn Bike Videos"}]},{"@type":"WebSite","@id":"https:\/\/www.welovecycling.com\/wide\/#website","url":"https:\/\/www.welovecycling.com\/wide\/","name":"\u0160koda We Love Cycling","description":"\u0160koda We Love Cycling magazine","alternateName":"\u0160koda WLC","potentialAction":[{"@type":"SearchAction","target":{"@type":"EntryPoint","urlTemplate":"https:\/\/www.welovecycling.com\/wide\/?s={search_term_string}"},"query-input":{"@type":"PropertyValueSpecification","valueRequired":true,"valueName":"search_term_string"}}],"inLanguage":"en-US"},{"@type":"Person","@id":"https:\/\/www.welovecycling.com\/wide\/#\/schema\/person\/d42ede5c64c67b5db7ea181a1a82b2d5","name":"jakubstepanek","image":{"@type":"ImageObject","inLanguage":"en-US","@id":"https:\/\/www.welovecycling.com\/wide\/#\/schema\/person\/image\/","url":"https:\/\/secure.gravatar.com\/avatar\/6088ff8a87539139d91121309dad6f7aee973467a9fee79888aeb2a7f7dc88a2?s=96&d=mm&r=g","contentUrl":"https:\/\/secure.gravatar.com\/avatar\/6088ff8a87539139d91121309dad6f7aee973467a9fee79888aeb2a7f7dc88a2?s=96&d=mm&r=g","caption":"jakubstepanek"},"url":"https:\/\/www.welovecycling.com\/wide\/author\/jakubstepanek\/"}]}},"_links":{"self":[{"href":"https:\/\/www.welovecycling.com\/wide\/wp-json\/wp\/v2\/posts\/143360","targetHints":{"allow":["GET"]}}],"collection":[{"href":"https:\/\/www.welovecycling.com\/wide\/wp-json\/wp\/v2\/posts"}],"about":[{"href":"https:\/\/www.welovecycling.com\/wide\/wp-json\/wp\/v2\/types\/post"}],"author":[{"embeddable":true,"href":"https:\/\/www.welovecycling.com\/wide\/wp-json\/wp\/v2\/users\/27"}],"replies":[{"embeddable":true,"href":"https:\/\/www.welovecycling.com\/wide\/wp-json\/wp\/v2\/comments?post=143360"}],"version-history":[{"count":2,"href":"https:\/\/www.welovecycling.com\/wide\/wp-json\/wp\/v2\/posts\/143360\/revisions"}],"predecessor-version":[{"id":143368,"href":"https:\/\/www.welovecycling.com\/wide\/wp-json\/wp\/v2\/posts\/143360\/revisions\/143368"}],"wp:featuredmedia":[{"embeddable":true,"href":"https:\/\/www.welovecycling.com\/wide\/wp-json\/wp\/v2\/media\/143366"}],"wp:attachment":[{"href":"https:\/\/www.welovecycling.com\/wide\/wp-json\/wp\/v2\/media?parent=143360"}],"wp:term":[{"taxonomy":"category","embeddable":true,"href":"https:\/\/www.welovecycling.com\/wide\/wp-json\/wp\/v2\/categories?post=143360"},{"taxonomy":"post_tag","embeddable":true,"href":"https:\/\/www.welovecycling.com\/wide\/wp-json\/wp\/v2\/tags?post=143360"},{"taxonomy":"global-categories","embeddable":true,"href":"https:\/\/www.welovecycling.com\/wide\/wp-json\/wp\/v2\/global-categories?post=143360"}],"curies":[{"name":"wp","href":"https:\/\/api.w.org\/{rel}","templated":true}]}}