{"id":143100,"date":"2016-10-07T08:58:56","date_gmt":"2016-10-07T08:58:56","guid":{"rendered":"https:\/\/www.welovecycling.com\/wide\/?p=143100"},"modified":"2016-10-07T08:58:56","modified_gmt":"2016-10-07T08:58:56","slug":"olympic-cyclist-vs-toaster-can-power","status":"publish","type":"post","link":"https:\/\/www.welovecycling.com\/wide\/2016\/10\/07\/olympic-cyclist-vs-toaster-can-power\/","title":{"rendered":"Olympic Cyclist Vs. Toaster: Can He Power It?"},"content":{"rendered":"<p><strong>Robert F\u00f6rstemann is a world famous track cyclist, who took up the challenge to use his legs to power a humble toaster. With thighs the size of tree trunks \u2013 74 cm in circumference to be exact \u2013 it doesn\u2019t seem to be much of a challenge at first. However, this video will change your mind.<\/strong><!--more--><\/p>\n<p>We are constantly using electricity, whether it is by charging our phones and computers or by using household appliances, such as toasters. Have you ever thought about how much energy even a simple toaster uses? I hadn\u2019t until watching this video, in which F\u00f6rstemann pedals a stationary bicycle adapted to generate electricity in order to power a 700 watt toaster oven. Can he keep producing enough energy to run the toaster, for as long as it takes to toast a slice of bread?<\/p>\n<lite-youtube videoid=S4O5voOCqAQ params=\"enablejsapi=1\" style=\"background-image: url('https:\/\/i.ytimg.com\/vi_webp\/S4O5voOCqAQ\/maxresdefault.webp');\"><\/lite-youtube>\n<p>The challenge was set up to illustrate how much energy we use in comparison to how much we can actually generate. The video ends with a message about how it takes one Robert F\u00f6rstemann to toast a slice of bread, and would take 180 to power a car and 43,000 to power an airplane.<\/p>\n","protected":false},"excerpt":{"rendered":"<p>Robert F\u00f6rstemann is a world famous track cyclist, who took up the challenge to use his legs to power a [&hellip;]<\/p>\n","protected":false},"author":12,"featured_media":143102,"comment_status":"open","ping_status":"open","sticky":false,"template":"","format":"video","meta":{"footnotes":""},"categories":[4142],"tags":[549,346,548,389],"global-categories":[],"class_list":["post-143100","post","type-post","status-publish","format-video","has-post-thumbnail","hentry","category-ride2unite","tag-friday-fun","tag-fun","tag-toaster-challenge","tag-video","post_format-post-format-video"],"yoast_head":"<!-- This site is optimized with the Yoast SEO Premium plugin v25.3 (Yoast SEO v25.9) - https:\/\/yoast.com\/wordpress\/plugins\/seo\/ -->\n<title>Olympic Cyclist Vs. Toaster: Can He Power It? - \u0160koda We Love Cycling<\/title>\n<meta name=\"description\" content=\"Robert F\u00f6rstemann is a world famous track cyclist, who took up the challenge to use his legs to power a humble toaster. With thighs the size of tree\" \/>\n<meta name=\"robots\" content=\"index, follow, max-snippet:-1, max-image-preview:large, max-video-preview:-1\" \/>\n<link rel=\"canonical\" href=\"https:\/\/www.welovecycling.com\/wide\/2016\/10\/07\/olympic-cyclist-vs-toaster-can-power\/\" \/>\n<meta property=\"og:locale\" content=\"en_US\" \/>\n<meta property=\"og:type\" content=\"article\" \/>\n<meta property=\"og:title\" content=\"Olympic Cyclist Vs. Toaster: Can He Power It?\" \/>\n<meta property=\"og:description\" content=\"Robert F\u00f6rstemann is a world famous track cyclist, who took up the challenge to use his legs to power a humble toaster. With thighs the size of tree\" \/>\n<meta property=\"og:url\" content=\"https:\/\/www.welovecycling.com\/wide\/2016\/10\/07\/olympic-cyclist-vs-toaster-can-power\/\" \/>\n<meta property=\"og:site_name\" content=\"\u0160koda We Love Cycling\" \/>\n<meta property=\"article:published_time\" content=\"2016-10-07T08:58:56+00:00\" \/>\n<meta property=\"og:image\" content=\"https:\/\/d2p6e6u75xmxt8.cloudfront.net\/2\/2016\/10\/48448448.webp\" \/>\n\t<meta property=\"og:image:width\" content=\"900\" \/>\n\t<meta property=\"og:image:height\" content=\"600\" \/>\n\t<meta property=\"og:image:type\" content=\"image\/webp\" \/>\n<meta name=\"twitter:card\" content=\"summary_large_image\" \/>\n<meta name=\"twitter:label1\" content=\"Written by\" \/>\n\t<meta name=\"twitter:data1\" content=\"Angie Ng\" \/>\n\t<meta name=\"twitter:label2\" content=\"Est. reading time\" \/>\n\t<meta name=\"twitter:data2\" content=\"1 minute\" \/>\n<script type=\"application\/ld+json\" class=\"yoast-schema-graph\">{\"@context\":\"https:\/\/schema.org\",\"@graph\":[{\"@type\":\"WebPage\",\"@id\":\"https:\/\/www.welovecycling.com\/wide\/2016\/10\/07\/olympic-cyclist-vs-toaster-can-power\/\",\"url\":\"https:\/\/www.welovecycling.com\/wide\/2016\/10\/07\/olympic-cyclist-vs-toaster-can-power\/\",\"name\":\"Olympic Cyclist Vs. Toaster: Can He Power It? - \u0160koda We Love Cycling\",\"isPartOf\":{\"@id\":\"https:\/\/www.welovecycling.com\/wide\/#website\"},\"primaryImageOfPage\":{\"@id\":\"https:\/\/www.welovecycling.com\/wide\/2016\/10\/07\/olympic-cyclist-vs-toaster-can-power\/#primaryimage\"},\"image\":{\"@id\":\"https:\/\/www.welovecycling.com\/wide\/2016\/10\/07\/olympic-cyclist-vs-toaster-can-power\/#primaryimage\"},\"thumbnailUrl\":\"https:\/\/d2p6e6u75xmxt8.cloudfront.net\/2\/2016\/10\/48448448.webp\",\"datePublished\":\"2016-10-07T08:58:56+00:00\",\"author\":{\"@id\":\"\"},\"description\":\"Robert F\u00f6rstemann is a world famous track cyclist, who took up the challenge to use his legs to power a humble toaster. With thighs the size of tree\",\"breadcrumb\":{\"@id\":\"https:\/\/www.welovecycling.com\/wide\/2016\/10\/07\/olympic-cyclist-vs-toaster-can-power\/#breadcrumb\"},\"inLanguage\":\"en-US\",\"potentialAction\":[{\"@type\":\"ReadAction\",\"target\":[\"https:\/\/www.welovecycling.com\/wide\/2016\/10\/07\/olympic-cyclist-vs-toaster-can-power\/\"]}]},{\"@type\":\"ImageObject\",\"inLanguage\":\"en-US\",\"@id\":\"https:\/\/www.welovecycling.com\/wide\/2016\/10\/07\/olympic-cyclist-vs-toaster-can-power\/#primaryimage\",\"url\":\"https:\/\/d2p6e6u75xmxt8.cloudfront.net\/2\/2016\/10\/48448448.webp\",\"contentUrl\":\"https:\/\/d2p6e6u75xmxt8.cloudfront.net\/2\/2016\/10\/48448448.webp\",\"width\":900,\"height\":600},{\"@type\":\"BreadcrumbList\",\"@id\":\"https:\/\/www.welovecycling.com\/wide\/2016\/10\/07\/olympic-cyclist-vs-toaster-can-power\/#breadcrumb\",\"itemListElement\":[{\"@type\":\"ListItem\",\"position\":1,\"name\":\"Home\",\"item\":\"https:\/\/www.welovecycling.com\/wide\/\"},{\"@type\":\"ListItem\",\"position\":2,\"name\":\"Olympic Cyclist Vs. Toaster: Can He Power It?\"}]},{\"@type\":\"WebSite\",\"@id\":\"https:\/\/www.welovecycling.com\/wide\/#website\",\"url\":\"https:\/\/www.welovecycling.com\/wide\/\",\"name\":\"\u0160koda We Love Cycling\",\"description\":\"\u0160koda We Love Cycling magazine\",\"alternateName\":\"\u0160koda WLC\",\"potentialAction\":[{\"@type\":\"SearchAction\",\"target\":{\"@type\":\"EntryPoint\",\"urlTemplate\":\"https:\/\/www.welovecycling.com\/wide\/?s={search_term_string}\"},\"query-input\":{\"@type\":\"PropertyValueSpecification\",\"valueRequired\":true,\"valueName\":\"search_term_string\"}}],\"inLanguage\":\"en-US\"},{\"@type\":\"Person\",\"@id\":\"\",\"url\":\"https:\/\/www.welovecycling.com\/wide\/author\/\"}]}<\/script>\n<!-- \/ Yoast SEO Premium plugin. -->","yoast_head_json":{"title":"Olympic Cyclist Vs. Toaster: Can He Power It? - \u0160koda We Love Cycling","description":"Robert F\u00f6rstemann is a world famous track cyclist, who took up the challenge to use his legs to power a humble toaster. With thighs the size of tree","robots":{"index":"index","follow":"follow","max-snippet":"max-snippet:-1","max-image-preview":"max-image-preview:large","max-video-preview":"max-video-preview:-1"},"canonical":"https:\/\/www.welovecycling.com\/wide\/2016\/10\/07\/olympic-cyclist-vs-toaster-can-power\/","og_locale":"en_US","og_type":"article","og_title":"Olympic Cyclist Vs. Toaster: Can He Power It?","og_description":"Robert F\u00f6rstemann is a world famous track cyclist, who took up the challenge to use his legs to power a humble toaster. With thighs the size of tree","og_url":"https:\/\/www.welovecycling.com\/wide\/2016\/10\/07\/olympic-cyclist-vs-toaster-can-power\/","og_site_name":"\u0160koda We Love Cycling","article_published_time":"2016-10-07T08:58:56+00:00","og_image":[{"width":900,"height":600,"url":"https:\/\/d2p6e6u75xmxt8.cloudfront.net\/2\/2016\/10\/48448448.webp","type":"image\/webp"}],"twitter_card":"summary_large_image","twitter_misc":{"Written by":"Angie Ng","Est. reading time":"1 minute"},"schema":{"@context":"https:\/\/schema.org","@graph":[{"@type":"WebPage","@id":"https:\/\/www.welovecycling.com\/wide\/2016\/10\/07\/olympic-cyclist-vs-toaster-can-power\/","url":"https:\/\/www.welovecycling.com\/wide\/2016\/10\/07\/olympic-cyclist-vs-toaster-can-power\/","name":"Olympic Cyclist Vs. Toaster: Can He Power It? - \u0160koda We Love Cycling","isPartOf":{"@id":"https:\/\/www.welovecycling.com\/wide\/#website"},"primaryImageOfPage":{"@id":"https:\/\/www.welovecycling.com\/wide\/2016\/10\/07\/olympic-cyclist-vs-toaster-can-power\/#primaryimage"},"image":{"@id":"https:\/\/www.welovecycling.com\/wide\/2016\/10\/07\/olympic-cyclist-vs-toaster-can-power\/#primaryimage"},"thumbnailUrl":"https:\/\/d2p6e6u75xmxt8.cloudfront.net\/2\/2016\/10\/48448448.webp","datePublished":"2016-10-07T08:58:56+00:00","author":{"@id":""},"description":"Robert F\u00f6rstemann is a world famous track cyclist, who took up the challenge to use his legs to power a humble toaster. With thighs the size of tree","breadcrumb":{"@id":"https:\/\/www.welovecycling.com\/wide\/2016\/10\/07\/olympic-cyclist-vs-toaster-can-power\/#breadcrumb"},"inLanguage":"en-US","potentialAction":[{"@type":"ReadAction","target":["https:\/\/www.welovecycling.com\/wide\/2016\/10\/07\/olympic-cyclist-vs-toaster-can-power\/"]}]},{"@type":"ImageObject","inLanguage":"en-US","@id":"https:\/\/www.welovecycling.com\/wide\/2016\/10\/07\/olympic-cyclist-vs-toaster-can-power\/#primaryimage","url":"https:\/\/d2p6e6u75xmxt8.cloudfront.net\/2\/2016\/10\/48448448.webp","contentUrl":"https:\/\/d2p6e6u75xmxt8.cloudfront.net\/2\/2016\/10\/48448448.webp","width":900,"height":600},{"@type":"BreadcrumbList","@id":"https:\/\/www.welovecycling.com\/wide\/2016\/10\/07\/olympic-cyclist-vs-toaster-can-power\/#breadcrumb","itemListElement":[{"@type":"ListItem","position":1,"name":"Home","item":"https:\/\/www.welovecycling.com\/wide\/"},{"@type":"ListItem","position":2,"name":"Olympic Cyclist Vs. Toaster: Can He Power It?"}]},{"@type":"WebSite","@id":"https:\/\/www.welovecycling.com\/wide\/#website","url":"https:\/\/www.welovecycling.com\/wide\/","name":"\u0160koda We Love Cycling","description":"\u0160koda We Love Cycling magazine","alternateName":"\u0160koda WLC","potentialAction":[{"@type":"SearchAction","target":{"@type":"EntryPoint","urlTemplate":"https:\/\/www.welovecycling.com\/wide\/?s={search_term_string}"},"query-input":{"@type":"PropertyValueSpecification","valueRequired":true,"valueName":"search_term_string"}}],"inLanguage":"en-US"},{"@type":"Person","@id":"","url":"https:\/\/www.welovecycling.com\/wide\/author\/"}]}},"_links":{"self":[{"href":"https:\/\/www.welovecycling.com\/wide\/wp-json\/wp\/v2\/posts\/143100","targetHints":{"allow":["GET"]}}],"collection":[{"href":"https:\/\/www.welovecycling.com\/wide\/wp-json\/wp\/v2\/posts"}],"about":[{"href":"https:\/\/www.welovecycling.com\/wide\/wp-json\/wp\/v2\/types\/post"}],"author":[{"embeddable":true,"href":"https:\/\/www.welovecycling.com\/wide\/wp-json\/wp\/v2\/users\/12"}],"replies":[{"embeddable":true,"href":"https:\/\/www.welovecycling.com\/wide\/wp-json\/wp\/v2\/comments?post=143100"}],"version-history":[{"count":1,"href":"https:\/\/www.welovecycling.com\/wide\/wp-json\/wp\/v2\/posts\/143100\/revisions"}],"predecessor-version":[{"id":143101,"href":"https:\/\/www.welovecycling.com\/wide\/wp-json\/wp\/v2\/posts\/143100\/revisions\/143101"}],"wp:featuredmedia":[{"embeddable":true,"href":"https:\/\/www.welovecycling.com\/wide\/wp-json\/wp\/v2\/media\/143102"}],"wp:attachment":[{"href":"https:\/\/www.welovecycling.com\/wide\/wp-json\/wp\/v2\/media?parent=143100"}],"wp:term":[{"taxonomy":"category","embeddable":true,"href":"https:\/\/www.welovecycling.com\/wide\/wp-json\/wp\/v2\/categories?post=143100"},{"taxonomy":"post_tag","embeddable":true,"href":"https:\/\/www.welovecycling.com\/wide\/wp-json\/wp\/v2\/tags?post=143100"},{"taxonomy":"global-categories","embeddable":true,"href":"https:\/\/www.welovecycling.com\/wide\/wp-json\/wp\/v2\/global-categories?post=143100"}],"curies":[{"name":"wp","href":"https:\/\/api.w.org\/{rel}","templated":true}]}}