{"id":142809,"date":"2016-09-21T07:47:37","date_gmt":"2016-09-21T07:47:37","guid":{"rendered":"https:\/\/www.welovecycling.com\/wide\/?p=142809"},"modified":"2016-09-21T08:26:01","modified_gmt":"2016-09-21T08:26:01","slug":"adventure-camp-2016-glorious-icelandic-highlands","status":"publish","type":"post","link":"https:\/\/www.welovecycling.com\/wide\/2016\/09\/21\/adventure-camp-2016-glorious-icelandic-highlands\/","title":{"rendered":"Adventure Camp 2016: Glorious Icelandic Highlands"},"content":{"rendered":"<p><strong>After about a month from our summer Adventure Camp, we are still reeling from the excitement and enthusiasm that exuded from everyone involved with the event. Taking place in Iceland, 2016 saw three winners of our contest\u00a0from Poland, France, and Iceland come together with a crew that set out to create the experience of a lifetime.<\/strong><br \/>\n<!--more--><\/p>\n<lite-youtube videoid=kDgV578vbAY params=\"enablejsapi=1\" style=\"background-image: url('https:\/\/i.ytimg.com\/vi_webp\/kDgV578vbAY\/maxresdefault.webp');\"><\/lite-youtube>\n<p>Because we wanted to make this year even more spectacular, we crafted an epic 4-day adventure into the heart of one of the most topographically unique countries in the world. But first our readers had to upload an adventurous photo with a description why should we invite them to be a part of our expedition. Three lucky winners than became our teammates for the trip. Like last year from our <a href=\"https:\/\/www.welovecycling.com\/wide\/2015\/08\/17\/lago-di-garda-adventure-camp\/\">Lago di Garda Adventure Camp<\/a>, feedback from the riders indicates that the camp was challenging, but extremely rewarding.<\/p>\n<figure id=\"attachment_142813\" aria-describedby=\"caption-attachment-142813\" style=\"width: 900px\" class=\"wp-caption alignnone\"><img loading=\"lazy\" decoding=\"async\" class=\"wp-image-142813 size-full\" src=\"https:\/\/d2p6e6u75xmxt8.cloudfront.net\/2\/2016\/09\/Skoda_LowRez-2917.jpg\" width=\"900\" height=\"599\" \/><figcaption id=\"caption-attachment-142813\" class=\"wp-caption-text\">Climbing Brennisteinsalda volcano<\/figcaption><\/figure>\n<blockquote><p><em>\u201cAdventure camp was the best four days of my life,\u201d <\/em>says Slawomir Bednarski of Poland.<\/p><\/blockquote>\n<div id='gallery-1' class='gallery galleryid-142809 gallery-columns-2 gallery-size-large'><figure class='gallery-item'>\n\t\t\t<div class='gallery-icon landscape'>\n\t\t\t\t<a href='https:\/\/d2p6e6u75xmxt8.cloudfront.net\/2\/2016\/09\/Skoda_LowRez-780.webp'><img loading=\"lazy\" decoding=\"async\" width=\"900\" height=\"599\" src=\"https:\/\/d2p6e6u75xmxt8.cloudfront.net\/2\/2016\/09\/Skoda_LowRez-780.webp\" class=\"attachment-large size-large\" alt=\"\" aria-describedby=\"gallery-1-142816\" srcset=\"https:\/\/d2p6e6u75xmxt8.cloudfront.net\/2\/2016\/09\/Skoda_LowRez-780.webp 900w, https:\/\/d2p6e6u75xmxt8.cloudfront.net\/2\/2016\/09\/Skoda_LowRez-780-300x200.webp 300w, https:\/\/d2p6e6u75xmxt8.cloudfront.net\/2\/2016\/09\/Skoda_LowRez-780-768x511.webp 768w, https:\/\/d2p6e6u75xmxt8.cloudfront.net\/2\/2016\/09\/Skoda_LowRez-780-272x182.webp 272w\" sizes=\"auto, (max-width: 900px) 100vw, 900px\" \/><\/a>\n\t\t\t<\/div>\n\t\t\t\t<figcaption class='wp-caption-text gallery-caption' id='gallery-1-142816'>\n\t\t\t\tKeeping steady down the trail\n\t\t\t\t<\/figcaption><\/figure><figure class='gallery-item'>\n\t\t\t<div class='gallery-icon landscape'>\n\t\t\t\t<a href='https:\/\/d2p6e6u75xmxt8.cloudfront.net\/2\/2016\/09\/Skoda_LowRez-1222.webp'><img loading=\"lazy\" decoding=\"async\" width=\"900\" height=\"599\" src=\"https:\/\/d2p6e6u75xmxt8.cloudfront.net\/2\/2016\/09\/Skoda_LowRez-1222.webp\" class=\"attachment-large size-large\" alt=\"\" aria-describedby=\"gallery-1-142818\" srcset=\"https:\/\/d2p6e6u75xmxt8.cloudfront.net\/2\/2016\/09\/Skoda_LowRez-1222.webp 900w, https:\/\/d2p6e6u75xmxt8.cloudfront.net\/2\/2016\/09\/Skoda_LowRez-1222-300x200.webp 300w, https:\/\/d2p6e6u75xmxt8.cloudfront.net\/2\/2016\/09\/Skoda_LowRez-1222-768x511.webp 768w, https:\/\/d2p6e6u75xmxt8.cloudfront.net\/2\/2016\/09\/Skoda_LowRez-1222-272x182.webp 272w\" sizes=\"auto, (max-width: 900px) 100vw, 900px\" \/><\/a>\n\t\t\t<\/div>\n\t\t\t\t<figcaption class='wp-caption-text gallery-caption' id='gallery-1-142818'>\n\t\t\t\tSome much needed rest at \u201cGj\u00e1in\u201d in \u00dej\u00f3rs\u00e1rdalur\n\t\t\t\t<\/figcaption><\/figure><figure class='gallery-item'>\n\t\t\t<div class='gallery-icon landscape'>\n\t\t\t\t<a href='https:\/\/d2p6e6u75xmxt8.cloudfront.net\/2\/2016\/09\/Skoda_LowRez-1038.webp'><img loading=\"lazy\" decoding=\"async\" width=\"900\" height=\"599\" src=\"https:\/\/d2p6e6u75xmxt8.cloudfront.net\/2\/2016\/09\/Skoda_LowRez-1038.webp\" class=\"attachment-large size-large\" alt=\"\" aria-describedby=\"gallery-1-142817\" srcset=\"https:\/\/d2p6e6u75xmxt8.cloudfront.net\/2\/2016\/09\/Skoda_LowRez-1038.webp 900w, https:\/\/d2p6e6u75xmxt8.cloudfront.net\/2\/2016\/09\/Skoda_LowRez-1038-300x200.webp 300w, https:\/\/d2p6e6u75xmxt8.cloudfront.net\/2\/2016\/09\/Skoda_LowRez-1038-768x511.webp 768w, https:\/\/d2p6e6u75xmxt8.cloudfront.net\/2\/2016\/09\/Skoda_LowRez-1038-272x182.webp 272w\" sizes=\"auto, (max-width: 900px) 100vw, 900px\" \/><\/a>\n\t\t\t<\/div>\n\t\t\t\t<figcaption class='wp-caption-text gallery-caption' id='gallery-1-142817'>\n\t\t\t\tMade it to the top\n\t\t\t\t<\/figcaption><\/figure><figure class='gallery-item'>\n\t\t\t<div class='gallery-icon landscape'>\n\t\t\t\t<a href='https:\/\/d2p6e6u75xmxt8.cloudfront.net\/2\/2016\/09\/Skoda_LowRez-1592.webp'><img loading=\"lazy\" decoding=\"async\" width=\"900\" height=\"599\" src=\"https:\/\/d2p6e6u75xmxt8.cloudfront.net\/2\/2016\/09\/Skoda_LowRez-1592.webp\" class=\"attachment-large size-large\" alt=\"\" aria-describedby=\"gallery-1-142819\" srcset=\"https:\/\/d2p6e6u75xmxt8.cloudfront.net\/2\/2016\/09\/Skoda_LowRez-1592.webp 900w, https:\/\/d2p6e6u75xmxt8.cloudfront.net\/2\/2016\/09\/Skoda_LowRez-1592-300x200.webp 300w, https:\/\/d2p6e6u75xmxt8.cloudfront.net\/2\/2016\/09\/Skoda_LowRez-1592-768x511.webp 768w, https:\/\/d2p6e6u75xmxt8.cloudfront.net\/2\/2016\/09\/Skoda_LowRez-1592-272x182.webp 272w\" sizes=\"auto, (max-width: 900px) 100vw, 900px\" \/><\/a>\n\t\t\t<\/div>\n\t\t\t\t<figcaption class='wp-caption-text gallery-caption' id='gallery-1-142819'>\n\t\t\t\tLooking out on Lj\u00f3tipollur\n\t\t\t\t<\/figcaption><\/figure>\n\t\t<\/div>\n\n<p>Against the backdrop of Iceland\u2019s breath-taking natural wonder, each one of these three riders set out to improve their mountain biking skills and take on a new challenge. Embarking on a downhill adventure in an exotic location is a dream for many riders, and this lucky trio made the most of every second.<\/p>\n<figure id=\"attachment_142820\" aria-describedby=\"caption-attachment-142820\" style=\"width: 900px\" class=\"wp-caption alignnone\"><img loading=\"lazy\" decoding=\"async\" class=\"wp-image-142820 size-full\" src=\"https:\/\/d2p6e6u75xmxt8.cloudfront.net\/2\/2016\/09\/Skoda_LowRez-3074.jpg\" width=\"900\" height=\"599\" \/><figcaption id=\"caption-attachment-142820\" class=\"wp-caption-text\">Watching the sulfur rise from the natural thermal spring<\/figcaption><\/figure>\n<p>Day 1 saw crew and riders arrive in Reykjavik to conquer a local trail and get to know their fellow adventurers. Bright and early on Day 2, it was off to the highlands. Landmannalaugar, known for its natural geothermal hot springs and spectacular surrounding landscape, would serve as a home base for the next two days of action-packed riding.<\/p>\n<figure id=\"attachment_142821\" aria-describedby=\"caption-attachment-142821\" style=\"width: 900px\" class=\"wp-caption alignnone\"><img loading=\"lazy\" decoding=\"async\" class=\"wp-image-142821 size-full\" src=\"https:\/\/d2p6e6u75xmxt8.cloudfront.net\/2\/2016\/09\/Skoda_LowRez-3569.jpg\" width=\"900\" height=\"599\" \/><figcaption id=\"caption-attachment-142821\" class=\"wp-caption-text\">Home base for this unforgettable adventure<\/figcaption><\/figure>\n<p>Even taking their skills to slopes of volcanic proportions, the trio conquered Hengill, a volcano in the southwest of the country, which covers an area of about 100 square kilometres. Weather conditions dashed the hopes of a helicopter drop, but didn\u2019t stop our team from tackling alternative trails. Equipped with everything to make the most of the rugged landscape, crew and riders all made memories that will last a lifetime and achieved some new personal cycling milestones. Cheers to another successful Adventure Camp for the books!<\/p>\n<div id='gallery-2' class='gallery galleryid-142809 gallery-columns-2 gallery-size-large'><figure class='gallery-item'>\n\t\t\t<div class='gallery-icon landscape'>\n\t\t\t\t<a href='https:\/\/d2p6e6u75xmxt8.cloudfront.net\/2\/2016\/09\/Skoda_LowRez-3363.webp'><img loading=\"lazy\" decoding=\"async\" width=\"900\" height=\"599\" src=\"https:\/\/d2p6e6u75xmxt8.cloudfront.net\/2\/2016\/09\/Skoda_LowRez-3363.webp\" class=\"attachment-large size-large\" alt=\"\" aria-describedby=\"gallery-2-142822\" srcset=\"https:\/\/d2p6e6u75xmxt8.cloudfront.net\/2\/2016\/09\/Skoda_LowRez-3363.webp 900w, https:\/\/d2p6e6u75xmxt8.cloudfront.net\/2\/2016\/09\/Skoda_LowRez-3363-300x200.webp 300w, https:\/\/d2p6e6u75xmxt8.cloudfront.net\/2\/2016\/09\/Skoda_LowRez-3363-768x511.webp 768w, https:\/\/d2p6e6u75xmxt8.cloudfront.net\/2\/2016\/09\/Skoda_LowRez-3363-272x182.webp 272w\" sizes=\"auto, (max-width: 900px) 100vw, 900px\" \/><\/a>\n\t\t\t<\/div>\n\t\t\t\t<figcaption class='wp-caption-text gallery-caption' id='gallery-2-142822'>\n\t\t\t\tGood food is important when tackling the trails\n\t\t\t\t<\/figcaption><\/figure><figure class='gallery-item'>\n\t\t\t<div class='gallery-icon landscape'>\n\t\t\t\t<a href='https:\/\/d2p6e6u75xmxt8.cloudfront.net\/2\/2016\/09\/Skoda_LowRez-3319.webp'><img loading=\"lazy\" decoding=\"async\" width=\"900\" height=\"599\" src=\"https:\/\/d2p6e6u75xmxt8.cloudfront.net\/2\/2016\/09\/Skoda_LowRez-3319.webp\" class=\"attachment-large size-large\" alt=\"\" aria-describedby=\"gallery-2-142823\" srcset=\"https:\/\/d2p6e6u75xmxt8.cloudfront.net\/2\/2016\/09\/Skoda_LowRez-3319.webp 900w, https:\/\/d2p6e6u75xmxt8.cloudfront.net\/2\/2016\/09\/Skoda_LowRez-3319-300x200.webp 300w, https:\/\/d2p6e6u75xmxt8.cloudfront.net\/2\/2016\/09\/Skoda_LowRez-3319-768x511.webp 768w, https:\/\/d2p6e6u75xmxt8.cloudfront.net\/2\/2016\/09\/Skoda_LowRez-3319-272x182.webp 272w\" sizes=\"auto, (max-width: 900px) 100vw, 900px\" \/><\/a>\n\t\t\t<\/div>\n\t\t\t\t<figcaption class='wp-caption-text gallery-caption' id='gallery-2-142823'>\n\t\t\t\tSome well earned relaxation in the hot spring\n\t\t\t\t<\/figcaption><\/figure><figure class='gallery-item'>\n\t\t\t<div class='gallery-icon landscape'>\n\t\t\t\t<a href='https:\/\/d2p6e6u75xmxt8.cloudfront.net\/2\/2016\/09\/Skoda_LowRez-229.webp'><img loading=\"lazy\" decoding=\"async\" width=\"900\" height=\"599\" src=\"https:\/\/d2p6e6u75xmxt8.cloudfront.net\/2\/2016\/09\/Skoda_LowRez-229.webp\" class=\"attachment-large size-large\" alt=\"\" srcset=\"https:\/\/d2p6e6u75xmxt8.cloudfront.net\/2\/2016\/09\/Skoda_LowRez-229.webp 900w, https:\/\/d2p6e6u75xmxt8.cloudfront.net\/2\/2016\/09\/Skoda_LowRez-229-300x200.webp 300w, https:\/\/d2p6e6u75xmxt8.cloudfront.net\/2\/2016\/09\/Skoda_LowRez-229-768x511.webp 768w, https:\/\/d2p6e6u75xmxt8.cloudfront.net\/2\/2016\/09\/Skoda_LowRez-229-272x182.webp 272w\" sizes=\"auto, (max-width: 900px) 100vw, 900px\" \/><\/a>\n\t\t\t<\/div><\/figure>\n\t\t<\/div>\n\n<figure id=\"attachment_142824\" aria-describedby=\"caption-attachment-142824\" style=\"width: 900px\" class=\"wp-caption alignnone\"><img loading=\"lazy\" decoding=\"async\" class=\"wp-image-142824 size-full\" src=\"https:\/\/d2p6e6u75xmxt8.cloudfront.net\/2\/2016\/09\/Skoda_LowRez-948.jpg\" width=\"900\" height=\"599\" \/><figcaption id=\"caption-attachment-142824\" class=\"wp-caption-text\">H\u00e1ifoss \u00dej\u00f3rs\u00e1rdalur, the 2nd highest waterfall in Iceland<\/figcaption><\/figure>\n","protected":false},"excerpt":{"rendered":"<p>After about a month from our summer Adventure Camp, we are still reeling from the excitement and enthusiasm that exuded [&hellip;]<\/p>\n","protected":false},"author":27,"featured_media":142826,"comment_status":"open","ping_status":"open","sticky":false,"template":"","format":"video","meta":{"footnotes":""},"categories":[328,334],"tags":[430,456,397],"global-categories":[],"class_list":["post-142809","post","type-post","status-publish","format-video","has-post-thumbnail","hentry","category-outdoor-mountain","category-socialising-and-culture","tag-adventure-camp","tag-iceland","tag-mtb","post_format-post-format-video"],"yoast_head":"<!-- This site is optimized with the Yoast SEO Premium plugin v25.3 (Yoast SEO v25.9) - https:\/\/yoast.com\/wordpress\/plugins\/seo\/ -->\n<title>Adventure Camp 2016: Glorious Icelandic Highlands - \u0160koda We Love Cycling<\/title>\n<meta name=\"description\" content=\"After about a month from our summer Adventure Camp, we are still reeling from the excitement and enthusiasm that exuded from everyone involved with the\" \/>\n<meta name=\"robots\" content=\"index, follow, max-snippet:-1, max-image-preview:large, max-video-preview:-1\" \/>\n<link rel=\"canonical\" href=\"https:\/\/www.welovecycling.com\/wide\/2016\/09\/21\/adventure-camp-2016-glorious-icelandic-highlands\/\" \/>\n<meta property=\"og:locale\" content=\"en_US\" \/>\n<meta property=\"og:type\" content=\"article\" \/>\n<meta property=\"og:title\" content=\"Adventure Camp 2016: Glorious Icelandic Highlands\" \/>\n<meta property=\"og:description\" content=\"After about a month from our summer Adventure Camp, we are still reeling from the excitement and enthusiasm that exuded from everyone involved with the\" \/>\n<meta property=\"og:url\" content=\"https:\/\/www.welovecycling.com\/wide\/2016\/09\/21\/adventure-camp-2016-glorious-icelandic-highlands\/\" \/>\n<meta property=\"og:site_name\" content=\"\u0160koda We Love Cycling\" \/>\n<meta property=\"article:published_time\" content=\"2016-09-21T07:47:37+00:00\" \/>\n<meta property=\"article:modified_time\" content=\"2016-09-21T08:26:01+00:00\" \/>\n<meta property=\"og:image\" content=\"https:\/\/d2p6e6u75xmxt8.cloudfront.net\/2\/2016\/09\/webcover_wlc.webp\" \/>\n\t<meta property=\"og:image:width\" content=\"900\" \/>\n\t<meta property=\"og:image:height\" content=\"600\" \/>\n\t<meta property=\"og:image:type\" content=\"image\/webp\" \/>\n<meta name=\"author\" content=\"jakubstepanek\" \/>\n<meta name=\"twitter:card\" content=\"summary_large_image\" \/>\n<meta name=\"twitter:label1\" content=\"Written by\" \/>\n\t<meta name=\"twitter:data1\" content=\"Megan Flottorp\" \/>\n\t<meta name=\"twitter:label2\" content=\"Est. watching time\" \/>\n\t<meta name=\"twitter:data2\" content=\"2:16\" \/>\n<script type=\"application\/ld+json\" class=\"yoast-schema-graph\">{\"@context\":\"https:\/\/schema.org\",\"@graph\":[{\"@type\":\"WebPage\",\"@id\":\"https:\/\/www.welovecycling.com\/wide\/2016\/09\/21\/adventure-camp-2016-glorious-icelandic-highlands\/\",\"url\":\"https:\/\/www.welovecycling.com\/wide\/2016\/09\/21\/adventure-camp-2016-glorious-icelandic-highlands\/\",\"name\":\"Adventure Camp 2016: Glorious Icelandic Highlands - \u0160koda We Love Cycling\",\"isPartOf\":{\"@id\":\"https:\/\/www.welovecycling.com\/wide\/#website\"},\"primaryImageOfPage\":{\"@id\":\"https:\/\/www.welovecycling.com\/wide\/2016\/09\/21\/adventure-camp-2016-glorious-icelandic-highlands\/#primaryimage\"},\"image\":{\"@id\":\"https:\/\/www.welovecycling.com\/wide\/2016\/09\/21\/adventure-camp-2016-glorious-icelandic-highlands\/#primaryimage\"},\"thumbnailUrl\":\"https:\/\/d2p6e6u75xmxt8.cloudfront.net\/2\/2016\/09\/webcover_wlc.webp\",\"datePublished\":\"2016-09-21T07:47:37+00:00\",\"dateModified\":\"2016-09-21T08:26:01+00:00\",\"author\":{\"@id\":\"https:\/\/www.welovecycling.com\/wide\/#\/schema\/person\/d42ede5c64c67b5db7ea181a1a82b2d5\"},\"description\":\"After about a month from our summer Adventure Camp, we are still reeling from the excitement and enthusiasm that exuded from everyone involved with the\",\"breadcrumb\":{\"@id\":\"https:\/\/www.welovecycling.com\/wide\/2016\/09\/21\/adventure-camp-2016-glorious-icelandic-highlands\/#breadcrumb\"},\"inLanguage\":\"en-US\",\"potentialAction\":[{\"@type\":\"ReadAction\",\"target\":[\"https:\/\/www.welovecycling.com\/wide\/2016\/09\/21\/adventure-camp-2016-glorious-icelandic-highlands\/\"]}]},{\"@type\":\"ImageObject\",\"inLanguage\":\"en-US\",\"@id\":\"https:\/\/www.welovecycling.com\/wide\/2016\/09\/21\/adventure-camp-2016-glorious-icelandic-highlands\/#primaryimage\",\"url\":\"https:\/\/d2p6e6u75xmxt8.cloudfront.net\/2\/2016\/09\/webcover_wlc.webp\",\"contentUrl\":\"https:\/\/d2p6e6u75xmxt8.cloudfront.net\/2\/2016\/09\/webcover_wlc.webp\",\"width\":900,\"height\":600},{\"@type\":\"BreadcrumbList\",\"@id\":\"https:\/\/www.welovecycling.com\/wide\/2016\/09\/21\/adventure-camp-2016-glorious-icelandic-highlands\/#breadcrumb\",\"itemListElement\":[{\"@type\":\"ListItem\",\"position\":1,\"name\":\"Home\",\"item\":\"https:\/\/www.welovecycling.com\/wide\/\"},{\"@type\":\"ListItem\",\"position\":2,\"name\":\"Adventure Camp 2016: Glorious Icelandic Highlands\"}]},{\"@type\":\"WebSite\",\"@id\":\"https:\/\/www.welovecycling.com\/wide\/#website\",\"url\":\"https:\/\/www.welovecycling.com\/wide\/\",\"name\":\"\u0160koda We Love Cycling\",\"description\":\"\u0160koda We Love Cycling magazine\",\"alternateName\":\"\u0160koda WLC\",\"potentialAction\":[{\"@type\":\"SearchAction\",\"target\":{\"@type\":\"EntryPoint\",\"urlTemplate\":\"https:\/\/www.welovecycling.com\/wide\/?s={search_term_string}\"},\"query-input\":{\"@type\":\"PropertyValueSpecification\",\"valueRequired\":true,\"valueName\":\"search_term_string\"}}],\"inLanguage\":\"en-US\"},{\"@type\":\"Person\",\"@id\":\"https:\/\/www.welovecycling.com\/wide\/#\/schema\/person\/d42ede5c64c67b5db7ea181a1a82b2d5\",\"name\":\"jakubstepanek\",\"image\":{\"@type\":\"ImageObject\",\"inLanguage\":\"en-US\",\"@id\":\"https:\/\/www.welovecycling.com\/wide\/#\/schema\/person\/image\/\",\"url\":\"https:\/\/secure.gravatar.com\/avatar\/6088ff8a87539139d91121309dad6f7aee973467a9fee79888aeb2a7f7dc88a2?s=96&d=mm&r=g\",\"contentUrl\":\"https:\/\/secure.gravatar.com\/avatar\/6088ff8a87539139d91121309dad6f7aee973467a9fee79888aeb2a7f7dc88a2?s=96&d=mm&r=g\",\"caption\":\"jakubstepanek\"},\"url\":\"https:\/\/www.welovecycling.com\/wide\/author\/jakubstepanek\/\"}]}<\/script>\n<!-- \/ Yoast SEO Premium plugin. -->","yoast_head_json":{"title":"Adventure Camp 2016: Glorious Icelandic Highlands - \u0160koda We Love Cycling","description":"After about a month from our summer Adventure Camp, we are still reeling from the excitement and enthusiasm that exuded from everyone involved with the","robots":{"index":"index","follow":"follow","max-snippet":"max-snippet:-1","max-image-preview":"max-image-preview:large","max-video-preview":"max-video-preview:-1"},"canonical":"https:\/\/www.welovecycling.com\/wide\/2016\/09\/21\/adventure-camp-2016-glorious-icelandic-highlands\/","og_locale":"en_US","og_type":"article","og_title":"Adventure Camp 2016: Glorious Icelandic Highlands","og_description":"After about a month from our summer Adventure Camp, we are still reeling from the excitement and enthusiasm that exuded from everyone involved with the","og_url":"https:\/\/www.welovecycling.com\/wide\/2016\/09\/21\/adventure-camp-2016-glorious-icelandic-highlands\/","og_site_name":"\u0160koda We Love Cycling","article_published_time":"2016-09-21T07:47:37+00:00","article_modified_time":"2016-09-21T08:26:01+00:00","og_image":[{"width":900,"height":600,"url":"https:\/\/d2p6e6u75xmxt8.cloudfront.net\/2\/2016\/09\/webcover_wlc.webp","type":"image\/webp"}],"author":"jakubstepanek","twitter_card":"summary_large_image","twitter_misc":{"Written by":"Megan Flottorp","Est. watching time":"2:16"},"schema":{"@context":"https:\/\/schema.org","@graph":[{"@type":"WebPage","@id":"https:\/\/www.welovecycling.com\/wide\/2016\/09\/21\/adventure-camp-2016-glorious-icelandic-highlands\/","url":"https:\/\/www.welovecycling.com\/wide\/2016\/09\/21\/adventure-camp-2016-glorious-icelandic-highlands\/","name":"Adventure Camp 2016: Glorious Icelandic Highlands - \u0160koda We Love Cycling","isPartOf":{"@id":"https:\/\/www.welovecycling.com\/wide\/#website"},"primaryImageOfPage":{"@id":"https:\/\/www.welovecycling.com\/wide\/2016\/09\/21\/adventure-camp-2016-glorious-icelandic-highlands\/#primaryimage"},"image":{"@id":"https:\/\/www.welovecycling.com\/wide\/2016\/09\/21\/adventure-camp-2016-glorious-icelandic-highlands\/#primaryimage"},"thumbnailUrl":"https:\/\/d2p6e6u75xmxt8.cloudfront.net\/2\/2016\/09\/webcover_wlc.webp","datePublished":"2016-09-21T07:47:37+00:00","dateModified":"2016-09-21T08:26:01+00:00","author":{"@id":"https:\/\/www.welovecycling.com\/wide\/#\/schema\/person\/d42ede5c64c67b5db7ea181a1a82b2d5"},"description":"After about a month from our summer Adventure Camp, we are still reeling from the excitement and enthusiasm that exuded from everyone involved with the","breadcrumb":{"@id":"https:\/\/www.welovecycling.com\/wide\/2016\/09\/21\/adventure-camp-2016-glorious-icelandic-highlands\/#breadcrumb"},"inLanguage":"en-US","potentialAction":[{"@type":"ReadAction","target":["https:\/\/www.welovecycling.com\/wide\/2016\/09\/21\/adventure-camp-2016-glorious-icelandic-highlands\/"]}]},{"@type":"ImageObject","inLanguage":"en-US","@id":"https:\/\/www.welovecycling.com\/wide\/2016\/09\/21\/adventure-camp-2016-glorious-icelandic-highlands\/#primaryimage","url":"https:\/\/d2p6e6u75xmxt8.cloudfront.net\/2\/2016\/09\/webcover_wlc.webp","contentUrl":"https:\/\/d2p6e6u75xmxt8.cloudfront.net\/2\/2016\/09\/webcover_wlc.webp","width":900,"height":600},{"@type":"BreadcrumbList","@id":"https:\/\/www.welovecycling.com\/wide\/2016\/09\/21\/adventure-camp-2016-glorious-icelandic-highlands\/#breadcrumb","itemListElement":[{"@type":"ListItem","position":1,"name":"Home","item":"https:\/\/www.welovecycling.com\/wide\/"},{"@type":"ListItem","position":2,"name":"Adventure Camp 2016: Glorious Icelandic Highlands"}]},{"@type":"WebSite","@id":"https:\/\/www.welovecycling.com\/wide\/#website","url":"https:\/\/www.welovecycling.com\/wide\/","name":"\u0160koda We Love Cycling","description":"\u0160koda We Love Cycling magazine","alternateName":"\u0160koda WLC","potentialAction":[{"@type":"SearchAction","target":{"@type":"EntryPoint","urlTemplate":"https:\/\/www.welovecycling.com\/wide\/?s={search_term_string}"},"query-input":{"@type":"PropertyValueSpecification","valueRequired":true,"valueName":"search_term_string"}}],"inLanguage":"en-US"},{"@type":"Person","@id":"https:\/\/www.welovecycling.com\/wide\/#\/schema\/person\/d42ede5c64c67b5db7ea181a1a82b2d5","name":"jakubstepanek","image":{"@type":"ImageObject","inLanguage":"en-US","@id":"https:\/\/www.welovecycling.com\/wide\/#\/schema\/person\/image\/","url":"https:\/\/secure.gravatar.com\/avatar\/6088ff8a87539139d91121309dad6f7aee973467a9fee79888aeb2a7f7dc88a2?s=96&d=mm&r=g","contentUrl":"https:\/\/secure.gravatar.com\/avatar\/6088ff8a87539139d91121309dad6f7aee973467a9fee79888aeb2a7f7dc88a2?s=96&d=mm&r=g","caption":"jakubstepanek"},"url":"https:\/\/www.welovecycling.com\/wide\/author\/jakubstepanek\/"}]}},"_links":{"self":[{"href":"https:\/\/www.welovecycling.com\/wide\/wp-json\/wp\/v2\/posts\/142809","targetHints":{"allow":["GET"]}}],"collection":[{"href":"https:\/\/www.welovecycling.com\/wide\/wp-json\/wp\/v2\/posts"}],"about":[{"href":"https:\/\/www.welovecycling.com\/wide\/wp-json\/wp\/v2\/types\/post"}],"author":[{"embeddable":true,"href":"https:\/\/www.welovecycling.com\/wide\/wp-json\/wp\/v2\/users\/27"}],"replies":[{"embeddable":true,"href":"https:\/\/www.welovecycling.com\/wide\/wp-json\/wp\/v2\/comments?post=142809"}],"version-history":[{"count":2,"href":"https:\/\/www.welovecycling.com\/wide\/wp-json\/wp\/v2\/posts\/142809\/revisions"}],"predecessor-version":[{"id":142851,"href":"https:\/\/www.welovecycling.com\/wide\/wp-json\/wp\/v2\/posts\/142809\/revisions\/142851"}],"wp:featuredmedia":[{"embeddable":true,"href":"https:\/\/www.welovecycling.com\/wide\/wp-json\/wp\/v2\/media\/142826"}],"wp:attachment":[{"href":"https:\/\/www.welovecycling.com\/wide\/wp-json\/wp\/v2\/media?parent=142809"}],"wp:term":[{"taxonomy":"category","embeddable":true,"href":"https:\/\/www.welovecycling.com\/wide\/wp-json\/wp\/v2\/categories?post=142809"},{"taxonomy":"post_tag","embeddable":true,"href":"https:\/\/www.welovecycling.com\/wide\/wp-json\/wp\/v2\/tags?post=142809"},{"taxonomy":"global-categories","embeddable":true,"href":"https:\/\/www.welovecycling.com\/wide\/wp-json\/wp\/v2\/global-categories?post=142809"}],"curies":[{"name":"wp","href":"https:\/\/api.w.org\/{rel}","templated":true}]}}