{"id":142719,"date":"2016-09-14T12:14:02","date_gmt":"2016-09-14T12:14:02","guid":{"rendered":"https:\/\/www.welovecycling.com\/wide\/?p=142719"},"modified":"2016-09-14T12:14:02","modified_gmt":"2016-09-14T12:14:02","slug":"physiotherapist-cycling-stretching-arms","status":"publish","type":"post","link":"https:\/\/www.welovecycling.com\/wide\/2016\/09\/14\/physiotherapist-cycling-stretching-arms\/","title":{"rendered":"Physiotherapist on Cycling: STRETCHING \u2013 Arms"},"content":{"rendered":"<p><strong>Today\u2019s stretching is recommended especially but not only to cyclists, who most often have shortened pectoral muscles, stiffened shoulders and strained forearm muscles. The following stretches are also suitable for people who work many hours a day in front of a computer or often sit in a car, as both have similar effects.<\/strong><!--more--><\/p>\n<h3><strong>Stretching the extensors<\/strong><\/h3>\n<p>Assume the correct standing posture.<\/p>\n<p>Stretch your right arm forwards, no higher than your chest, or rather a little lower. Keep your elbow straightened and don\u2019t raise your shoulder. Bend your right wrist, so the fingers point to the floor and the palm points towards your body. Grasp your right arm with your left hand and draw it slightly towards your body while exhaling.<\/p>\n<p><img loading=\"lazy\" decoding=\"async\" class=\"alignnone size-full wp-image-142725\" src=\"https:\/\/d2p6e6u75xmxt8.cloudfront.net\/2\/2016\/09\/1.jpg\" alt=\"1\" width=\"3456\" height=\"2304\" \/><\/p>\n<p>Repeat the stretch 2 times on each side.<\/p>\n<h3><strong>Stretching the flexors<\/strong><\/h3>\n<p>Assume the correct standing posture.<\/p>\n<p>Stretch your right arm forwards, no higher than your chest, or rather a little lower. Keep your elbow straightened and don\u2019t raise your shoulder. Bend your right wrist, so the fingers point to the floor and the palm points away from your body. The cubital fossa is pointed upwards. Grasp your right arm including your right thumb with your left hand and draw it slightly towards your body while exhaling.<\/p>\n<p><img loading=\"lazy\" decoding=\"async\" class=\"alignnone size-full wp-image-142726\" src=\"https:\/\/d2p6e6u75xmxt8.cloudfront.net\/2\/2016\/09\/2.jpg\" alt=\"2\" width=\"3456\" height=\"2304\" \/><\/p>\n<p>Repeat the stretch 2 times on each side.<\/p>\n<h3><strong>Triceps<\/strong><\/h3>\n<p>Assume the correct standing posture.<\/p>\n<p>Bend your right elbow and place the arm behind your head. The edge of the hand with the little finger is turned towards the body. Grasp your right elbow with your left hand. The head is in alignment with the body and pushes slightly against the arms. While exhaling, slightly push with your left arm behind your head and downwards.<\/p>\n<p><img loading=\"lazy\" decoding=\"async\" class=\"alignnone size-full wp-image-142724\" src=\"https:\/\/d2p6e6u75xmxt8.cloudfront.net\/2\/2016\/09\/3.jpg\" alt=\"3\" width=\"3600\" height=\"2700\" \/><\/p>\n<p>Hold the stretching position for 10-15 seconds.<\/p>\n<p>Repeat the stretch 2 times on each side.<\/p>\n<h3><strong>Stretching the shoulders and the shoulder blade area<\/strong><\/h3>\n<p>Assume the correct standing posture.<\/p>\n<p>Stretch your right arm forwards in front of your body with the palm up. Pull both shoulders downwards, especially focus on the right one and prevent it from getting raised up towards the ear. Grasp your right elbow with your left hand and pull it away from yourself while exhaling. Doing so, turn your head to the right, as if you wanted to look behind your right shoulder.<\/p>\n<p><img loading=\"lazy\" decoding=\"async\" class=\"alignnone size-full wp-image-142723\" src=\"https:\/\/d2p6e6u75xmxt8.cloudfront.net\/2\/2016\/09\/4-1.jpg\" alt=\"4\" width=\"3456\" height=\"2304\" \/><\/p>\n<p>Repeat the stretch 2 times on each side.<\/p>\n<h3><strong>Pectoral muscle and anterior shoulder<\/strong><\/h3>\n<p>Stand next to something solid, ideally a doorframe. Assume the correct standing posture, but put your right foot slightly forwards, keeping the pelvis still straight. Bend your right elbow and brace the forearm against the doorframe, keeping the arm above the shoulder level. Pull your shoulders downwards from your ears. Then slightly push your forearm against the doorframe and move your weight forwards a little, as if you wanted to step forwards. Make sure not to rotate your pelvis.<\/p>\n<p><img loading=\"lazy\" decoding=\"async\" class=\"alignnone size-full wp-image-142722\" src=\"https:\/\/d2p6e6u75xmxt8.cloudfront.net\/2\/2016\/09\/5a-2.jpg\" alt=\"5a-2\" width=\"3249\" height=\"2215\" \/><\/p>\n<p>Hold the stretching position for 20 seconds. Then do the exercise on the other side.<\/p>\n<p>Middle fibres<\/p>\n<p><img loading=\"lazy\" decoding=\"async\" class=\"alignnone size-full wp-image-142721\" src=\"https:\/\/d2p6e6u75xmxt8.cloudfront.net\/2\/2016\/09\/5b-2.jpg\" alt=\"5b-2\" width=\"3248\" height=\"2177\" \/><\/p>\n<p>The only change is in the position of the arm; the elbow is level with the shoulders.<\/p>\n<p>Upper fibres<\/p>\n<p><img loading=\"lazy\" decoding=\"async\" class=\"alignnone size-full wp-image-142720\" src=\"https:\/\/d2p6e6u75xmxt8.cloudfront.net\/2\/2016\/09\/5c.jpg\" alt=\"5c\" width=\"3278\" height=\"2174\" \/><\/p>\n<p>The only change is in the position of the arm; the elbow is under the shoulder level.<\/p>\n","protected":false},"excerpt":{"rendered":"<p>Today\u2019s stretching is recommended especially but not only to cyclists, who most often have shortened pectoral muscles, stiffened shoulders and [&hellip;]<\/p>\n","protected":false},"author":12,"featured_media":142727,"comment_status":"open","ping_status":"open","sticky":false,"template":"","format":"standard","meta":{"footnotes":""},"categories":[332],"tags":[409,498],"global-categories":[],"class_list":["post-142719","post","type-post","status-publish","format-standard","has-post-thumbnail","hentry","category-health-and-training","tag-physiotherapist","tag-stretching"],"yoast_head":"<!-- This site is optimized with the Yoast SEO Premium plugin v25.3 (Yoast SEO v25.9) - https:\/\/yoast.com\/wordpress\/plugins\/seo\/ -->\n<title>Physiotherapist on Cycling: STRETCHING \u2013 Arms - \u0160koda We Love Cycling<\/title>\n<meta name=\"description\" content=\"Today\u2019s stretching is recommended especially but not only to cyclists, who most often have shortened pectoral muscles, stiffened shoulders and strained\" \/>\n<meta name=\"robots\" content=\"index, follow, max-snippet:-1, max-image-preview:large, max-video-preview:-1\" \/>\n<link rel=\"canonical\" href=\"https:\/\/www.welovecycling.com\/wide\/2016\/09\/14\/physiotherapist-cycling-stretching-arms\/\" \/>\n<meta property=\"og:locale\" content=\"en_US\" \/>\n<meta property=\"og:type\" content=\"article\" \/>\n<meta property=\"og:title\" content=\"Physiotherapist on Cycling: STRETCHING \u2013 Arms\" \/>\n<meta property=\"og:description\" content=\"Today\u2019s stretching is recommended especially but not only to cyclists, who most often have shortened pectoral muscles, stiffened shoulders and strained\" \/>\n<meta property=\"og:url\" content=\"https:\/\/www.welovecycling.com\/wide\/2016\/09\/14\/physiotherapist-cycling-stretching-arms\/\" \/>\n<meta property=\"og:site_name\" content=\"\u0160koda We Love Cycling\" \/>\n<meta property=\"article:published_time\" content=\"2016-09-14T12:14:02+00:00\" \/>\n<meta property=\"og:image\" content=\"https:\/\/d2p6e6u75xmxt8.cloudfront.net\/2\/2016\/09\/242442_442244.webp\" \/>\n\t<meta property=\"og:image:width\" content=\"900\" \/>\n\t<meta property=\"og:image:height\" content=\"600\" \/>\n\t<meta property=\"og:image:type\" content=\"image\/webp\" \/>\n<meta name=\"twitter:card\" content=\"summary_large_image\" \/>\n<meta name=\"twitter:label1\" content=\"Written by\" \/>\n\t<meta name=\"twitter:data1\" content=\"Tereza Gasperotti\" \/>\n\t<meta name=\"twitter:label2\" content=\"Est. reading time\" \/>\n\t<meta name=\"twitter:data2\" content=\"3 minutes\" \/>\n<script type=\"application\/ld+json\" class=\"yoast-schema-graph\">{\"@context\":\"https:\/\/schema.org\",\"@graph\":[{\"@type\":\"WebPage\",\"@id\":\"https:\/\/www.welovecycling.com\/wide\/2016\/09\/14\/physiotherapist-cycling-stretching-arms\/\",\"url\":\"https:\/\/www.welovecycling.com\/wide\/2016\/09\/14\/physiotherapist-cycling-stretching-arms\/\",\"name\":\"Physiotherapist on Cycling: STRETCHING \u2013 Arms - \u0160koda We Love Cycling\",\"isPartOf\":{\"@id\":\"https:\/\/www.welovecycling.com\/wide\/#website\"},\"primaryImageOfPage\":{\"@id\":\"https:\/\/www.welovecycling.com\/wide\/2016\/09\/14\/physiotherapist-cycling-stretching-arms\/#primaryimage\"},\"image\":{\"@id\":\"https:\/\/www.welovecycling.com\/wide\/2016\/09\/14\/physiotherapist-cycling-stretching-arms\/#primaryimage\"},\"thumbnailUrl\":\"https:\/\/d2p6e6u75xmxt8.cloudfront.net\/2\/2016\/09\/242442_442244.webp\",\"datePublished\":\"2016-09-14T12:14:02+00:00\",\"author\":{\"@id\":\"\"},\"description\":\"Today\u2019s stretching is recommended especially but not only to cyclists, who most often have shortened pectoral muscles, stiffened shoulders and strained\",\"breadcrumb\":{\"@id\":\"https:\/\/www.welovecycling.com\/wide\/2016\/09\/14\/physiotherapist-cycling-stretching-arms\/#breadcrumb\"},\"inLanguage\":\"en-US\",\"potentialAction\":[{\"@type\":\"ReadAction\",\"target\":[\"https:\/\/www.welovecycling.com\/wide\/2016\/09\/14\/physiotherapist-cycling-stretching-arms\/\"]}]},{\"@type\":\"ImageObject\",\"inLanguage\":\"en-US\",\"@id\":\"https:\/\/www.welovecycling.com\/wide\/2016\/09\/14\/physiotherapist-cycling-stretching-arms\/#primaryimage\",\"url\":\"https:\/\/d2p6e6u75xmxt8.cloudfront.net\/2\/2016\/09\/242442_442244.webp\",\"contentUrl\":\"https:\/\/d2p6e6u75xmxt8.cloudfront.net\/2\/2016\/09\/242442_442244.webp\",\"width\":900,\"height\":600},{\"@type\":\"BreadcrumbList\",\"@id\":\"https:\/\/www.welovecycling.com\/wide\/2016\/09\/14\/physiotherapist-cycling-stretching-arms\/#breadcrumb\",\"itemListElement\":[{\"@type\":\"ListItem\",\"position\":1,\"name\":\"Home\",\"item\":\"https:\/\/www.welovecycling.com\/wide\/\"},{\"@type\":\"ListItem\",\"position\":2,\"name\":\"Physiotherapist on Cycling: STRETCHING \u2013 Arms\"}]},{\"@type\":\"WebSite\",\"@id\":\"https:\/\/www.welovecycling.com\/wide\/#website\",\"url\":\"https:\/\/www.welovecycling.com\/wide\/\",\"name\":\"\u0160koda We Love Cycling\",\"description\":\"\u0160koda We Love Cycling magazine\",\"alternateName\":\"\u0160koda WLC\",\"potentialAction\":[{\"@type\":\"SearchAction\",\"target\":{\"@type\":\"EntryPoint\",\"urlTemplate\":\"https:\/\/www.welovecycling.com\/wide\/?s={search_term_string}\"},\"query-input\":{\"@type\":\"PropertyValueSpecification\",\"valueRequired\":true,\"valueName\":\"search_term_string\"}}],\"inLanguage\":\"en-US\"},{\"@type\":\"Person\",\"@id\":\"\",\"url\":\"https:\/\/www.welovecycling.com\/wide\/author\/\"}]}<\/script>\n<!-- \/ Yoast SEO Premium plugin. -->","yoast_head_json":{"title":"Physiotherapist on Cycling: STRETCHING \u2013 Arms - \u0160koda We Love Cycling","description":"Today\u2019s stretching is recommended especially but not only to cyclists, who most often have shortened pectoral muscles, stiffened shoulders and strained","robots":{"index":"index","follow":"follow","max-snippet":"max-snippet:-1","max-image-preview":"max-image-preview:large","max-video-preview":"max-video-preview:-1"},"canonical":"https:\/\/www.welovecycling.com\/wide\/2016\/09\/14\/physiotherapist-cycling-stretching-arms\/","og_locale":"en_US","og_type":"article","og_title":"Physiotherapist on Cycling: STRETCHING \u2013 Arms","og_description":"Today\u2019s stretching is recommended especially but not only to cyclists, who most often have shortened pectoral muscles, stiffened shoulders and strained","og_url":"https:\/\/www.welovecycling.com\/wide\/2016\/09\/14\/physiotherapist-cycling-stretching-arms\/","og_site_name":"\u0160koda We Love Cycling","article_published_time":"2016-09-14T12:14:02+00:00","og_image":[{"width":900,"height":600,"url":"https:\/\/d2p6e6u75xmxt8.cloudfront.net\/2\/2016\/09\/242442_442244.webp","type":"image\/webp"}],"twitter_card":"summary_large_image","twitter_misc":{"Written by":"Tereza Gasperotti","Est. reading time":"3 minutes"},"schema":{"@context":"https:\/\/schema.org","@graph":[{"@type":"WebPage","@id":"https:\/\/www.welovecycling.com\/wide\/2016\/09\/14\/physiotherapist-cycling-stretching-arms\/","url":"https:\/\/www.welovecycling.com\/wide\/2016\/09\/14\/physiotherapist-cycling-stretching-arms\/","name":"Physiotherapist on Cycling: STRETCHING \u2013 Arms - \u0160koda We Love Cycling","isPartOf":{"@id":"https:\/\/www.welovecycling.com\/wide\/#website"},"primaryImageOfPage":{"@id":"https:\/\/www.welovecycling.com\/wide\/2016\/09\/14\/physiotherapist-cycling-stretching-arms\/#primaryimage"},"image":{"@id":"https:\/\/www.welovecycling.com\/wide\/2016\/09\/14\/physiotherapist-cycling-stretching-arms\/#primaryimage"},"thumbnailUrl":"https:\/\/d2p6e6u75xmxt8.cloudfront.net\/2\/2016\/09\/242442_442244.webp","datePublished":"2016-09-14T12:14:02+00:00","author":{"@id":""},"description":"Today\u2019s stretching is recommended especially but not only to cyclists, who most often have shortened pectoral muscles, stiffened shoulders and strained","breadcrumb":{"@id":"https:\/\/www.welovecycling.com\/wide\/2016\/09\/14\/physiotherapist-cycling-stretching-arms\/#breadcrumb"},"inLanguage":"en-US","potentialAction":[{"@type":"ReadAction","target":["https:\/\/www.welovecycling.com\/wide\/2016\/09\/14\/physiotherapist-cycling-stretching-arms\/"]}]},{"@type":"ImageObject","inLanguage":"en-US","@id":"https:\/\/www.welovecycling.com\/wide\/2016\/09\/14\/physiotherapist-cycling-stretching-arms\/#primaryimage","url":"https:\/\/d2p6e6u75xmxt8.cloudfront.net\/2\/2016\/09\/242442_442244.webp","contentUrl":"https:\/\/d2p6e6u75xmxt8.cloudfront.net\/2\/2016\/09\/242442_442244.webp","width":900,"height":600},{"@type":"BreadcrumbList","@id":"https:\/\/www.welovecycling.com\/wide\/2016\/09\/14\/physiotherapist-cycling-stretching-arms\/#breadcrumb","itemListElement":[{"@type":"ListItem","position":1,"name":"Home","item":"https:\/\/www.welovecycling.com\/wide\/"},{"@type":"ListItem","position":2,"name":"Physiotherapist on Cycling: STRETCHING \u2013 Arms"}]},{"@type":"WebSite","@id":"https:\/\/www.welovecycling.com\/wide\/#website","url":"https:\/\/www.welovecycling.com\/wide\/","name":"\u0160koda We Love Cycling","description":"\u0160koda We Love Cycling magazine","alternateName":"\u0160koda WLC","potentialAction":[{"@type":"SearchAction","target":{"@type":"EntryPoint","urlTemplate":"https:\/\/www.welovecycling.com\/wide\/?s={search_term_string}"},"query-input":{"@type":"PropertyValueSpecification","valueRequired":true,"valueName":"search_term_string"}}],"inLanguage":"en-US"},{"@type":"Person","@id":"","url":"https:\/\/www.welovecycling.com\/wide\/author\/"}]}},"_links":{"self":[{"href":"https:\/\/www.welovecycling.com\/wide\/wp-json\/wp\/v2\/posts\/142719","targetHints":{"allow":["GET"]}}],"collection":[{"href":"https:\/\/www.welovecycling.com\/wide\/wp-json\/wp\/v2\/posts"}],"about":[{"href":"https:\/\/www.welovecycling.com\/wide\/wp-json\/wp\/v2\/types\/post"}],"author":[{"embeddable":true,"href":"https:\/\/www.welovecycling.com\/wide\/wp-json\/wp\/v2\/users\/12"}],"replies":[{"embeddable":true,"href":"https:\/\/www.welovecycling.com\/wide\/wp-json\/wp\/v2\/comments?post=142719"}],"version-history":[{"count":1,"href":"https:\/\/www.welovecycling.com\/wide\/wp-json\/wp\/v2\/posts\/142719\/revisions"}],"predecessor-version":[{"id":142728,"href":"https:\/\/www.welovecycling.com\/wide\/wp-json\/wp\/v2\/posts\/142719\/revisions\/142728"}],"wp:featuredmedia":[{"embeddable":true,"href":"https:\/\/www.welovecycling.com\/wide\/wp-json\/wp\/v2\/media\/142727"}],"wp:attachment":[{"href":"https:\/\/www.welovecycling.com\/wide\/wp-json\/wp\/v2\/media?parent=142719"}],"wp:term":[{"taxonomy":"category","embeddable":true,"href":"https:\/\/www.welovecycling.com\/wide\/wp-json\/wp\/v2\/categories?post=142719"},{"taxonomy":"post_tag","embeddable":true,"href":"https:\/\/www.welovecycling.com\/wide\/wp-json\/wp\/v2\/tags?post=142719"},{"taxonomy":"global-categories","embeddable":true,"href":"https:\/\/www.welovecycling.com\/wide\/wp-json\/wp\/v2\/global-categories?post=142719"}],"curies":[{"name":"wp","href":"https:\/\/api.w.org\/{rel}","templated":true}]}}