{"id":142693,"date":"2016-09-13T13:37:04","date_gmt":"2016-09-13T13:37:04","guid":{"rendered":"https:\/\/www.welovecycling.com\/wide\/?p=142693"},"modified":"2016-09-13T13:37:04","modified_gmt":"2016-09-13T13:37:04","slug":"18-photographs-first-tour-de-france-1903","status":"publish","type":"post","link":"https:\/\/www.welovecycling.com\/wide\/2016\/09\/13\/18-photographs-first-tour-de-france-1903\/","title":{"rendered":"18 Photographs of the Very First Tour de France in 1903"},"content":{"rendered":"<p><strong>The Tour de France was founded in 1903 to promote L\u2019Auto, the ancestor of the current newspaper L&#8217;\u00c9quipe. What is today without a doubt the biggest celebration of cycling in the world was a much, much smaller event back at the beginning of the 20th century. It consisted of just six stages but those six were extraordinarily long, with the average distance of over 400 kilometres. That\u2019s why the riders had to have 1-3 days off between those long rides and the whole Tour ran from 1st to 19th of July. The stages were almost completely flat, just one of them featured a significant mountain.<\/strong><!--more--><\/p>\n<p>You can check out the unique atmosphere from the beginning of this huge cycling phenomenon in the photographs below.<\/p>\n<figure id=\"attachment_142711\" aria-describedby=\"caption-attachment-142711\" style=\"width: 640px\" class=\"wp-caption alignnone\"><img loading=\"lazy\" decoding=\"async\" class=\"size-full wp-image-142711\" src=\"https:\/\/d2p6e6u75xmxt8.cloudfront.net\/2\/2016\/09\/1903-Tour-de-France-3.jpg\" alt=\"The riders getting ready to start. First ever stage of Tour de France.\" width=\"640\" height=\"196\" \/><figcaption id=\"caption-attachment-142711\" class=\"wp-caption-text\">The riders getting ready to start. First ever stage of Tour de France.<\/figcaption><\/figure>\n<figure id=\"attachment_142708\" aria-describedby=\"caption-attachment-142708\" style=\"width: 640px\" class=\"wp-caption alignnone\"><img loading=\"lazy\" decoding=\"async\" class=\"wp-image-142708 size-full\" src=\"https:\/\/d2p6e6u75xmxt8.cloudfront.net\/2\/2016\/09\/1903-Tour-de-France-8.jpg\" alt=\"1903 Tour de France (8)\" width=\"640\" height=\"417\" \/><figcaption id=\"caption-attachment-142708\" class=\"wp-caption-text\">The ancient bidon \ud83d\ude42<\/figcaption><\/figure>\n<figure id=\"attachment_142707\" aria-describedby=\"caption-attachment-142707\" style=\"width: 640px\" class=\"wp-caption alignnone\"><img loading=\"lazy\" decoding=\"async\" class=\"wp-image-142707 size-full\" src=\"https:\/\/d2p6e6u75xmxt8.cloudfront.net\/2\/2016\/09\/1903-Tour-de-France-9.jpg\" alt=\"1903 Tour de France (9)\" width=\"640\" height=\"335\" \/><figcaption id=\"caption-attachment-142707\" class=\"wp-caption-text\">60-man peloton<\/figcaption><\/figure>\n<p><img loading=\"lazy\" decoding=\"async\" class=\"alignnone size-full wp-image-142710\" src=\"https:\/\/d2p6e6u75xmxt8.cloudfront.net\/2\/2016\/09\/1903-Tour-de-France-2.jpg\" alt=\"1903 Tour de France (2)\" width=\"640\" height=\"297\" \/><\/p>\n<figure id=\"attachment_142705\" aria-describedby=\"caption-attachment-142705\" style=\"width: 640px\" class=\"wp-caption alignnone\"><img loading=\"lazy\" decoding=\"async\" class=\"wp-image-142705 size-full\" src=\"https:\/\/d2p6e6u75xmxt8.cloudfront.net\/2\/2016\/09\/1903-Tour-de-France-10.jpg\" alt=\"1903 Tour de France (10)\" width=\"640\" height=\"438\" \/><figcaption id=\"caption-attachment-142705\" class=\"wp-caption-text\">First stage finish in Lyon<\/figcaption><\/figure>\n<figure id=\"attachment_142704\" aria-describedby=\"caption-attachment-142704\" style=\"width: 640px\" class=\"wp-caption alignnone\"><img loading=\"lazy\" decoding=\"async\" class=\"wp-image-142704 size-full\" src=\"https:\/\/d2p6e6u75xmxt8.cloudfront.net\/2\/2016\/09\/1903-Tour-de-France-19.jpg\" alt=\"1903 Tour de France (19)\" width=\"640\" height=\"571\" \/><figcaption id=\"caption-attachment-142704\" class=\"wp-caption-text\">Finish in Bordeaux. This stage was the first to be won be a foreigner &#8211; the Swiss Charles Leaser.<\/figcaption><\/figure>\n<figure id=\"attachment_142703\" aria-describedby=\"caption-attachment-142703\" style=\"width: 640px\" class=\"wp-caption alignnone\"><img loading=\"lazy\" decoding=\"async\" class=\"wp-image-142703 size-full\" src=\"https:\/\/d2p6e6u75xmxt8.cloudfront.net\/2\/2016\/09\/1903-Tour-de-France-12.jpg\" alt=\"1903 Tour de France (12)\" width=\"640\" height=\"445\" \/><figcaption id=\"caption-attachment-142703\" class=\"wp-caption-text\">The 1903 Tour de France winner Maurice Garin in his trademark white coat and flat cap.<\/figcaption><\/figure>\n<figure id=\"attachment_142709\" aria-describedby=\"caption-attachment-142709\" style=\"width: 640px\" class=\"wp-caption alignnone\"><img loading=\"lazy\" decoding=\"async\" class=\"wp-image-142709 size-full\" src=\"https:\/\/d2p6e6u75xmxt8.cloudfront.net\/2\/2016\/09\/1903-Tour-de-France-7.jpg\" alt=\"1903 Tour de France (7)\" width=\"640\" height=\"523\" \/><figcaption id=\"caption-attachment-142709\" class=\"wp-caption-text\">Maurice Garin with his son.<\/figcaption><\/figure>\n<figure id=\"attachment_142702\" aria-describedby=\"caption-attachment-142702\" style=\"width: 640px\" class=\"wp-caption alignnone\"><img loading=\"lazy\" decoding=\"async\" class=\"wp-image-142702 size-full\" src=\"https:\/\/d2p6e6u75xmxt8.cloudfront.net\/2\/2016\/09\/1903-Tour-de-France-4.jpg\" alt=\"1903 Tour de France (4)\" width=\"640\" height=\"808\" \/><figcaption id=\"caption-attachment-142702\" class=\"wp-caption-text\">Maurice Garin greeted by enthusiastic fans.<\/figcaption><\/figure>\n<figure id=\"attachment_142701\" aria-describedby=\"caption-attachment-142701\" style=\"width: 640px\" class=\"wp-caption alignnone\"><img loading=\"lazy\" decoding=\"async\" class=\"wp-image-142701 size-full\" src=\"https:\/\/d2p6e6u75xmxt8.cloudfront.net\/2\/2016\/09\/1903-Tour-de-France-5.jpg\" alt=\"1903 Tour de France (5)\" width=\"640\" height=\"715\" \/><figcaption id=\"caption-attachment-142701\" class=\"wp-caption-text\">1903 Tour de France winner Maurice Garin<\/figcaption><\/figure>\n<figure id=\"attachment_142700\" aria-describedby=\"caption-attachment-142700\" style=\"width: 640px\" class=\"wp-caption alignnone\"><img loading=\"lazy\" decoding=\"async\" class=\"wp-image-142700 size-full\" src=\"https:\/\/d2p6e6u75xmxt8.cloudfront.net\/2\/2016\/09\/1903-Tour-de-France-6.jpg\" alt=\"1903 Tour de France (6)\" width=\"640\" height=\"853\" \/><figcaption id=\"caption-attachment-142700\" class=\"wp-caption-text\">Finish of the first Tour de France<\/figcaption><\/figure>\n<figure id=\"attachment_142699\" aria-describedby=\"caption-attachment-142699\" style=\"width: 640px\" class=\"wp-caption alignnone\"><img loading=\"lazy\" decoding=\"async\" class=\"wp-image-142699 size-full\" src=\"https:\/\/d2p6e6u75xmxt8.cloudfront.net\/2\/2016\/09\/1903-Tour-de-France-14.jpg\" alt=\"1903 Tour de France (14)\" width=\"640\" height=\"561\" \/><figcaption id=\"caption-attachment-142699\" class=\"wp-caption-text\">To minimize cheating, riders had to sign in at stops along each stage.<\/figcaption><\/figure>\n<figure id=\"attachment_142695\" aria-describedby=\"caption-attachment-142695\" style=\"width: 640px\" class=\"wp-caption alignnone\"><img loading=\"lazy\" decoding=\"async\" class=\"wp-image-142695 size-full\" src=\"https:\/\/d2p6e6u75xmxt8.cloudfront.net\/2\/2016\/09\/1903-Tour-de-France-21.jpg\" alt=\"1903 Tour de France (21)\" width=\"640\" height=\"612\" \/><figcaption id=\"caption-attachment-142695\" class=\"wp-caption-text\">Lucien Pothier<\/figcaption><\/figure>\n<figure id=\"attachment_142698\" aria-describedby=\"caption-attachment-142698\" style=\"width: 640px\" class=\"wp-caption alignnone\"><img loading=\"lazy\" decoding=\"async\" class=\"wp-image-142698 size-full\" src=\"https:\/\/d2p6e6u75xmxt8.cloudfront.net\/2\/2016\/09\/1903-Tour-de-France-16.jpg\" alt=\"1903 Tour de France (16)\" width=\"640\" height=\"913\" \/><figcaption id=\"caption-attachment-142698\" class=\"wp-caption-text\">Willie Hume<\/figcaption><\/figure>\n<figure id=\"attachment_142697\" aria-describedby=\"caption-attachment-142697\" style=\"width: 640px\" class=\"wp-caption alignnone\"><img loading=\"lazy\" decoding=\"async\" class=\"wp-image-142697 size-full\" src=\"https:\/\/d2p6e6u75xmxt8.cloudfront.net\/2\/2016\/09\/1903-Tour-de-France-17.jpg\" alt=\"1903 Tour de France (17)\" width=\"640\" height=\"480\" \/><figcaption id=\"caption-attachment-142697\" class=\"wp-caption-text\">Fernand Augereau<\/figcaption><\/figure>\n<figure id=\"attachment_142696\" aria-describedby=\"caption-attachment-142696\" style=\"width: 640px\" class=\"wp-caption alignnone\"><img loading=\"lazy\" decoding=\"async\" class=\"wp-image-142696 size-full\" src=\"https:\/\/d2p6e6u75xmxt8.cloudfront.net\/2\/2016\/09\/1903-Tour-de-France-20.jpg\" alt=\"1903 Tour de France (20)\" width=\"640\" height=\"789\" \/><figcaption id=\"caption-attachment-142696\" class=\"wp-caption-text\">Maurice Garin after his victory in the first stage<\/figcaption><\/figure>\n<figure id=\"attachment_142694\" aria-describedby=\"caption-attachment-142694\" style=\"width: 640px\" class=\"wp-caption alignnone\"><img loading=\"lazy\" decoding=\"async\" class=\"wp-image-142694 size-full\" src=\"https:\/\/d2p6e6u75xmxt8.cloudfront.net\/2\/2016\/09\/1903-Tour-de-France-18.jpg\" alt=\"1903 Tour de France (18)\" width=\"640\" height=\"517\" \/><figcaption id=\"caption-attachment-142694\" class=\"wp-caption-text\">Marcel Kerff<\/figcaption><\/figure>\n","protected":false},"excerpt":{"rendered":"<p>The Tour de France was founded in 1903 to promote L\u2019Auto, the ancestor of the current newspaper L&#8217;\u00c9quipe. What is [&hellip;]<\/p>\n","protected":false},"author":12,"featured_media":142714,"comment_status":"open","ping_status":"open","sticky":false,"template":"","format":"standard","meta":{"footnotes":""},"categories":[329],"tags":[487,433],"global-categories":[],"class_list":["post-142693","post","type-post","status-publish","format-standard","has-post-thumbnail","hentry","category-road-cycling","tag-retro","tag-tour-de-france"],"yoast_head":"<!-- This site is optimized with the Yoast SEO Premium plugin v25.3 (Yoast SEO v25.9) - https:\/\/yoast.com\/wordpress\/plugins\/seo\/ -->\n<title>18 Photographs of the Very First Tour de France in 1903 - \u0160koda We Love Cycling<\/title>\n<meta name=\"description\" content=\"The Tour de France was founded in 1903 to promote L\u2019Auto, the ancestor of the current newspaper L&#039;\u00c9quipe. What is today without a doubt the biggest\" \/>\n<meta name=\"robots\" content=\"index, follow, max-snippet:-1, max-image-preview:large, max-video-preview:-1\" \/>\n<link rel=\"canonical\" href=\"https:\/\/www.welovecycling.com\/wide\/2016\/09\/13\/18-photographs-first-tour-de-france-1903\/\" \/>\n<meta property=\"og:locale\" content=\"en_US\" \/>\n<meta property=\"og:type\" content=\"article\" \/>\n<meta property=\"og:title\" content=\"18 Photographs of the Very First Tour de France in 1903\" \/>\n<meta property=\"og:description\" content=\"The Tour de France was founded in 1903 to promote L\u2019Auto, the ancestor of the current newspaper L&#039;\u00c9quipe. What is today without a doubt the biggest\" \/>\n<meta property=\"og:url\" content=\"https:\/\/www.welovecycling.com\/wide\/2016\/09\/13\/18-photographs-first-tour-de-france-1903\/\" \/>\n<meta property=\"og:site_name\" content=\"\u0160koda We Love Cycling\" \/>\n<meta property=\"article:published_time\" content=\"2016-09-13T13:37:04+00:00\" \/>\n<meta property=\"og:image\" content=\"https:\/\/d2p6e6u75xmxt8.cloudfront.net\/2\/2016\/09\/422424124_2441235214.webp\" \/>\n\t<meta property=\"og:image:width\" content=\"900\" \/>\n\t<meta property=\"og:image:height\" content=\"600\" \/>\n\t<meta property=\"og:image:type\" content=\"image\/webp\" \/>\n<meta name=\"twitter:card\" content=\"summary_large_image\" \/>\n<meta name=\"twitter:label1\" content=\"Written by\" \/>\n\t<meta name=\"twitter:data1\" content=\"Monica Buck\" \/>\n\t<meta name=\"twitter:label2\" content=\"Est. reading time\" \/>\n\t<meta name=\"twitter:data2\" content=\"2 minutes\" \/>\n<script type=\"application\/ld+json\" class=\"yoast-schema-graph\">{\"@context\":\"https:\/\/schema.org\",\"@graph\":[{\"@type\":\"WebPage\",\"@id\":\"https:\/\/www.welovecycling.com\/wide\/2016\/09\/13\/18-photographs-first-tour-de-france-1903\/\",\"url\":\"https:\/\/www.welovecycling.com\/wide\/2016\/09\/13\/18-photographs-first-tour-de-france-1903\/\",\"name\":\"18 Photographs of the Very First Tour de France in 1903 - \u0160koda We Love Cycling\",\"isPartOf\":{\"@id\":\"https:\/\/www.welovecycling.com\/wide\/#website\"},\"primaryImageOfPage\":{\"@id\":\"https:\/\/www.welovecycling.com\/wide\/2016\/09\/13\/18-photographs-first-tour-de-france-1903\/#primaryimage\"},\"image\":{\"@id\":\"https:\/\/www.welovecycling.com\/wide\/2016\/09\/13\/18-photographs-first-tour-de-france-1903\/#primaryimage\"},\"thumbnailUrl\":\"https:\/\/d2p6e6u75xmxt8.cloudfront.net\/2\/2016\/09\/422424124_2441235214.webp\",\"datePublished\":\"2016-09-13T13:37:04+00:00\",\"author\":{\"@id\":\"\"},\"description\":\"The Tour de France was founded in 1903 to promote L\u2019Auto, the ancestor of the current newspaper L'\u00c9quipe. What is today without a doubt the biggest\",\"breadcrumb\":{\"@id\":\"https:\/\/www.welovecycling.com\/wide\/2016\/09\/13\/18-photographs-first-tour-de-france-1903\/#breadcrumb\"},\"inLanguage\":\"en-US\",\"potentialAction\":[{\"@type\":\"ReadAction\",\"target\":[\"https:\/\/www.welovecycling.com\/wide\/2016\/09\/13\/18-photographs-first-tour-de-france-1903\/\"]}]},{\"@type\":\"ImageObject\",\"inLanguage\":\"en-US\",\"@id\":\"https:\/\/www.welovecycling.com\/wide\/2016\/09\/13\/18-photographs-first-tour-de-france-1903\/#primaryimage\",\"url\":\"https:\/\/d2p6e6u75xmxt8.cloudfront.net\/2\/2016\/09\/422424124_2441235214.webp\",\"contentUrl\":\"https:\/\/d2p6e6u75xmxt8.cloudfront.net\/2\/2016\/09\/422424124_2441235214.webp\",\"width\":900,\"height\":600},{\"@type\":\"BreadcrumbList\",\"@id\":\"https:\/\/www.welovecycling.com\/wide\/2016\/09\/13\/18-photographs-first-tour-de-france-1903\/#breadcrumb\",\"itemListElement\":[{\"@type\":\"ListItem\",\"position\":1,\"name\":\"Home\",\"item\":\"https:\/\/www.welovecycling.com\/wide\/\"},{\"@type\":\"ListItem\",\"position\":2,\"name\":\"18 Photographs of the Very First Tour de France in 1903\"}]},{\"@type\":\"WebSite\",\"@id\":\"https:\/\/www.welovecycling.com\/wide\/#website\",\"url\":\"https:\/\/www.welovecycling.com\/wide\/\",\"name\":\"\u0160koda We Love Cycling\",\"description\":\"\u0160koda We Love Cycling magazine\",\"alternateName\":\"\u0160koda WLC\",\"potentialAction\":[{\"@type\":\"SearchAction\",\"target\":{\"@type\":\"EntryPoint\",\"urlTemplate\":\"https:\/\/www.welovecycling.com\/wide\/?s={search_term_string}\"},\"query-input\":{\"@type\":\"PropertyValueSpecification\",\"valueRequired\":true,\"valueName\":\"search_term_string\"}}],\"inLanguage\":\"en-US\"},{\"@type\":\"Person\",\"@id\":\"\",\"url\":\"https:\/\/www.welovecycling.com\/wide\/author\/\"}]}<\/script>\n<!-- \/ Yoast SEO Premium plugin. -->","yoast_head_json":{"title":"18 Photographs of the Very First Tour de France in 1903 - \u0160koda We Love Cycling","description":"The Tour de France was founded in 1903 to promote L\u2019Auto, the ancestor of the current newspaper L'\u00c9quipe. What is today without a doubt the biggest","robots":{"index":"index","follow":"follow","max-snippet":"max-snippet:-1","max-image-preview":"max-image-preview:large","max-video-preview":"max-video-preview:-1"},"canonical":"https:\/\/www.welovecycling.com\/wide\/2016\/09\/13\/18-photographs-first-tour-de-france-1903\/","og_locale":"en_US","og_type":"article","og_title":"18 Photographs of the Very First Tour de France in 1903","og_description":"The Tour de France was founded in 1903 to promote L\u2019Auto, the ancestor of the current newspaper L'\u00c9quipe. What is today without a doubt the biggest","og_url":"https:\/\/www.welovecycling.com\/wide\/2016\/09\/13\/18-photographs-first-tour-de-france-1903\/","og_site_name":"\u0160koda We Love Cycling","article_published_time":"2016-09-13T13:37:04+00:00","og_image":[{"width":900,"height":600,"url":"https:\/\/d2p6e6u75xmxt8.cloudfront.net\/2\/2016\/09\/422424124_2441235214.webp","type":"image\/webp"}],"twitter_card":"summary_large_image","twitter_misc":{"Written by":"Monica Buck","Est. reading time":"2 minutes"},"schema":{"@context":"https:\/\/schema.org","@graph":[{"@type":"WebPage","@id":"https:\/\/www.welovecycling.com\/wide\/2016\/09\/13\/18-photographs-first-tour-de-france-1903\/","url":"https:\/\/www.welovecycling.com\/wide\/2016\/09\/13\/18-photographs-first-tour-de-france-1903\/","name":"18 Photographs of the Very First Tour de France in 1903 - \u0160koda We Love Cycling","isPartOf":{"@id":"https:\/\/www.welovecycling.com\/wide\/#website"},"primaryImageOfPage":{"@id":"https:\/\/www.welovecycling.com\/wide\/2016\/09\/13\/18-photographs-first-tour-de-france-1903\/#primaryimage"},"image":{"@id":"https:\/\/www.welovecycling.com\/wide\/2016\/09\/13\/18-photographs-first-tour-de-france-1903\/#primaryimage"},"thumbnailUrl":"https:\/\/d2p6e6u75xmxt8.cloudfront.net\/2\/2016\/09\/422424124_2441235214.webp","datePublished":"2016-09-13T13:37:04+00:00","author":{"@id":""},"description":"The Tour de France was founded in 1903 to promote L\u2019Auto, the ancestor of the current newspaper L'\u00c9quipe. What is today without a doubt the biggest","breadcrumb":{"@id":"https:\/\/www.welovecycling.com\/wide\/2016\/09\/13\/18-photographs-first-tour-de-france-1903\/#breadcrumb"},"inLanguage":"en-US","potentialAction":[{"@type":"ReadAction","target":["https:\/\/www.welovecycling.com\/wide\/2016\/09\/13\/18-photographs-first-tour-de-france-1903\/"]}]},{"@type":"ImageObject","inLanguage":"en-US","@id":"https:\/\/www.welovecycling.com\/wide\/2016\/09\/13\/18-photographs-first-tour-de-france-1903\/#primaryimage","url":"https:\/\/d2p6e6u75xmxt8.cloudfront.net\/2\/2016\/09\/422424124_2441235214.webp","contentUrl":"https:\/\/d2p6e6u75xmxt8.cloudfront.net\/2\/2016\/09\/422424124_2441235214.webp","width":900,"height":600},{"@type":"BreadcrumbList","@id":"https:\/\/www.welovecycling.com\/wide\/2016\/09\/13\/18-photographs-first-tour-de-france-1903\/#breadcrumb","itemListElement":[{"@type":"ListItem","position":1,"name":"Home","item":"https:\/\/www.welovecycling.com\/wide\/"},{"@type":"ListItem","position":2,"name":"18 Photographs of the Very First Tour de France in 1903"}]},{"@type":"WebSite","@id":"https:\/\/www.welovecycling.com\/wide\/#website","url":"https:\/\/www.welovecycling.com\/wide\/","name":"\u0160koda We Love Cycling","description":"\u0160koda We Love Cycling magazine","alternateName":"\u0160koda WLC","potentialAction":[{"@type":"SearchAction","target":{"@type":"EntryPoint","urlTemplate":"https:\/\/www.welovecycling.com\/wide\/?s={search_term_string}"},"query-input":{"@type":"PropertyValueSpecification","valueRequired":true,"valueName":"search_term_string"}}],"inLanguage":"en-US"},{"@type":"Person","@id":"","url":"https:\/\/www.welovecycling.com\/wide\/author\/"}]}},"_links":{"self":[{"href":"https:\/\/www.welovecycling.com\/wide\/wp-json\/wp\/v2\/posts\/142693","targetHints":{"allow":["GET"]}}],"collection":[{"href":"https:\/\/www.welovecycling.com\/wide\/wp-json\/wp\/v2\/posts"}],"about":[{"href":"https:\/\/www.welovecycling.com\/wide\/wp-json\/wp\/v2\/types\/post"}],"author":[{"embeddable":true,"href":"https:\/\/www.welovecycling.com\/wide\/wp-json\/wp\/v2\/users\/12"}],"replies":[{"embeddable":true,"href":"https:\/\/www.welovecycling.com\/wide\/wp-json\/wp\/v2\/comments?post=142693"}],"version-history":[{"count":2,"href":"https:\/\/www.welovecycling.com\/wide\/wp-json\/wp\/v2\/posts\/142693\/revisions"}],"predecessor-version":[{"id":142716,"href":"https:\/\/www.welovecycling.com\/wide\/wp-json\/wp\/v2\/posts\/142693\/revisions\/142716"}],"wp:featuredmedia":[{"embeddable":true,"href":"https:\/\/www.welovecycling.com\/wide\/wp-json\/wp\/v2\/media\/142714"}],"wp:attachment":[{"href":"https:\/\/www.welovecycling.com\/wide\/wp-json\/wp\/v2\/media?parent=142693"}],"wp:term":[{"taxonomy":"category","embeddable":true,"href":"https:\/\/www.welovecycling.com\/wide\/wp-json\/wp\/v2\/categories?post=142693"},{"taxonomy":"post_tag","embeddable":true,"href":"https:\/\/www.welovecycling.com\/wide\/wp-json\/wp\/v2\/tags?post=142693"},{"taxonomy":"global-categories","embeddable":true,"href":"https:\/\/www.welovecycling.com\/wide\/wp-json\/wp\/v2\/global-categories?post=142693"}],"curies":[{"name":"wp","href":"https:\/\/api.w.org\/{rel}","templated":true}]}}