{"id":142284,"date":"2016-08-13T13:47:42","date_gmt":"2016-08-13T13:47:42","guid":{"rendered":"https:\/\/www.welovecycling.com\/wide\/?p=142284"},"modified":"2016-08-13T13:47:42","modified_gmt":"2016-08-13T13:47:42","slug":"will-vail-takeover-mean-whistler-bike-park","status":"publish","type":"post","link":"https:\/\/www.welovecycling.com\/wide\/2016\/08\/13\/will-vail-takeover-mean-whistler-bike-park\/","title":{"rendered":"What Will Vail Takeover Mean for Whistler Bike Park?"},"content":{"rendered":"<p><strong>Good news for mountain bikers? A local trail builder weighs in.<\/strong><!--more--><\/p>\n<p>Whistler Blackcomb, home to one of the most famous bike parks in the world, is going ever more corporate. Veil Resorts Inc. is expanding to Canada and announced they will buy the resort, which was a venue for the 2010 Olympic Winter Games, for $1.06 billion. Of course, this news caused a degree unrest amongst the locals.<\/p>\n<p>https:\/\/www.youtube.com\/watch?v=dzGc-VT31go<\/p>\n<p>Despite some initial hysteria though, those familiar with the park aren\u2019t expecting things to be all that different. Roman Levy, a Czech native currently living and riding in British Columbia, doesn\u2019t think much is going to change. He told us that although the presence of a mega-corporation might have some impact, the resort is already very much a corporate money-generating mountain. Defined by high prices, big crowds, and luxury services, Levy told us that this is not the kind of place you\u2019d expect to find a ma and pa shop.<\/p>\n<p><img loading=\"lazy\" decoding=\"async\" class=\"alignnone size-large wp-image-142289\" src=\"https:\/\/d2p6e6u75xmxt8.cloudfront.net\/2\/2016\/08\/11838610_10206423517698444_2994214452889849857_o-804x1024.jpg\" alt=\"\" width=\"804\" height=\"1024\" srcset=\"https:\/\/d2p6e6u75xmxt8.cloudfront.net\/2\/2016\/08\/11838610_10206423517698444_2994214452889849857_o-804x1024.jpg 804w, https:\/\/d2p6e6u75xmxt8.cloudfront.net\/2\/2016\/08\/11838610_10206423517698444_2994214452889849857_o-236x300.jpg 236w, https:\/\/d2p6e6u75xmxt8.cloudfront.net\/2\/2016\/08\/11838610_10206423517698444_2994214452889849857_o-768x978.jpg 768w, https:\/\/d2p6e6u75xmxt8.cloudfront.net\/2\/2016\/08\/11838610_10206423517698444_2994214452889849857_o.jpg 1608w\" sizes=\"auto, (max-width: 804px) 100vw, 804px\" \/><\/p>\n<p>What he did point out though, is that for bikers, this takeover might actually not be such bad news. Due to the fact that Vail has already stated that the park has suffered some bad snow years, they are planning to focus on summer\/non-snow dependent activities to ensure a balanced budget. This is definitely positive news for mountain bikers in Levy\u2019s opinion. But of course, only time will tell how much things are really going to change. We hope that at the very least, if Vail is planning to increase already steep prices, we see some significant additions and improvements to the trails.<\/p>\n","protected":false},"excerpt":{"rendered":"<p>Good news for mountain bikers? A local trail builder weighs in.<\/p>\n","protected":false},"author":27,"featured_media":142288,"comment_status":"open","ping_status":"open","sticky":false,"template":"","format":"standard","meta":{"footnotes":""},"categories":[328,334],"tags":[],"global-categories":[],"class_list":["post-142284","post","type-post","status-publish","format-standard","has-post-thumbnail","hentry","category-outdoor-mountain","category-socialising-and-culture"],"yoast_head":"<!-- This site is optimized with the Yoast SEO Premium plugin v25.3 (Yoast SEO v25.9) - https:\/\/yoast.com\/wordpress\/plugins\/seo\/ -->\n<title>What Will Vail Takeover Mean for Whistler Bike Park? - \u0160koda We Love Cycling<\/title>\n<meta name=\"description\" content=\"Good news for mountain bikers? A local trail builder weighs in. Whistler Blackcomb, home to one of the most famous bike parks in the world, is going ever\" \/>\n<meta name=\"robots\" content=\"index, follow, max-snippet:-1, max-image-preview:large, max-video-preview:-1\" \/>\n<link rel=\"canonical\" href=\"https:\/\/www.welovecycling.com\/wide\/2016\/08\/13\/will-vail-takeover-mean-whistler-bike-park\/\" \/>\n<meta property=\"og:locale\" content=\"en_US\" \/>\n<meta property=\"og:type\" content=\"article\" \/>\n<meta property=\"og:title\" content=\"What Will Vail Takeover Mean for Whistler Bike Park?\" \/>\n<meta property=\"og:description\" content=\"Good news for mountain bikers? A local trail builder weighs in. Whistler Blackcomb, home to one of the most famous bike parks in the world, is going ever\" \/>\n<meta property=\"og:url\" content=\"https:\/\/www.welovecycling.com\/wide\/2016\/08\/13\/will-vail-takeover-mean-whistler-bike-park\/\" \/>\n<meta property=\"og:site_name\" content=\"\u0160koda We Love Cycling\" \/>\n<meta property=\"article:published_time\" content=\"2016-08-13T13:47:42+00:00\" \/>\n<meta property=\"og:image\" content=\"https:\/\/d2p6e6u75xmxt8.cloudfront.net\/2\/2016\/08\/qw.webp\" \/>\n\t<meta property=\"og:image:width\" content=\"900\" \/>\n\t<meta property=\"og:image:height\" content=\"600\" \/>\n\t<meta property=\"og:image:type\" content=\"image\/webp\" \/>\n<meta name=\"author\" content=\"jakubstepanek\" \/>\n<meta name=\"twitter:card\" content=\"summary_large_image\" \/>\n<meta name=\"twitter:label1\" content=\"Written by\" \/>\n\t<meta name=\"twitter:data1\" content=\"jakubstepanek\" \/>\n\t<meta name=\"twitter:label2\" content=\"Est. reading time\" \/>\n\t<meta name=\"twitter:data2\" content=\"1 minute\" \/>\n<script type=\"application\/ld+json\" class=\"yoast-schema-graph\">{\"@context\":\"https:\/\/schema.org\",\"@graph\":[{\"@type\":\"WebPage\",\"@id\":\"https:\/\/www.welovecycling.com\/wide\/2016\/08\/13\/will-vail-takeover-mean-whistler-bike-park\/\",\"url\":\"https:\/\/www.welovecycling.com\/wide\/2016\/08\/13\/will-vail-takeover-mean-whistler-bike-park\/\",\"name\":\"What Will Vail Takeover Mean for Whistler Bike Park? - \u0160koda We Love Cycling\",\"isPartOf\":{\"@id\":\"https:\/\/www.welovecycling.com\/wide\/#website\"},\"primaryImageOfPage\":{\"@id\":\"https:\/\/www.welovecycling.com\/wide\/2016\/08\/13\/will-vail-takeover-mean-whistler-bike-park\/#primaryimage\"},\"image\":{\"@id\":\"https:\/\/www.welovecycling.com\/wide\/2016\/08\/13\/will-vail-takeover-mean-whistler-bike-park\/#primaryimage\"},\"thumbnailUrl\":\"https:\/\/d2p6e6u75xmxt8.cloudfront.net\/2\/2016\/08\/qw.webp\",\"datePublished\":\"2016-08-13T13:47:42+00:00\",\"author\":{\"@id\":\"https:\/\/www.welovecycling.com\/wide\/#\/schema\/person\/d42ede5c64c67b5db7ea181a1a82b2d5\"},\"description\":\"Good news for mountain bikers? A local trail builder weighs in. Whistler Blackcomb, home to one of the most famous bike parks in the world, is going ever\",\"breadcrumb\":{\"@id\":\"https:\/\/www.welovecycling.com\/wide\/2016\/08\/13\/will-vail-takeover-mean-whistler-bike-park\/#breadcrumb\"},\"inLanguage\":\"en-US\",\"potentialAction\":[{\"@type\":\"ReadAction\",\"target\":[\"https:\/\/www.welovecycling.com\/wide\/2016\/08\/13\/will-vail-takeover-mean-whistler-bike-park\/\"]}]},{\"@type\":\"ImageObject\",\"inLanguage\":\"en-US\",\"@id\":\"https:\/\/www.welovecycling.com\/wide\/2016\/08\/13\/will-vail-takeover-mean-whistler-bike-park\/#primaryimage\",\"url\":\"https:\/\/d2p6e6u75xmxt8.cloudfront.net\/2\/2016\/08\/qw.webp\",\"contentUrl\":\"https:\/\/d2p6e6u75xmxt8.cloudfront.net\/2\/2016\/08\/qw.webp\",\"width\":900,\"height\":600},{\"@type\":\"BreadcrumbList\",\"@id\":\"https:\/\/www.welovecycling.com\/wide\/2016\/08\/13\/will-vail-takeover-mean-whistler-bike-park\/#breadcrumb\",\"itemListElement\":[{\"@type\":\"ListItem\",\"position\":1,\"name\":\"Home\",\"item\":\"https:\/\/www.welovecycling.com\/wide\/\"},{\"@type\":\"ListItem\",\"position\":2,\"name\":\"What Will Vail Takeover Mean for Whistler Bike Park?\"}]},{\"@type\":\"WebSite\",\"@id\":\"https:\/\/www.welovecycling.com\/wide\/#website\",\"url\":\"https:\/\/www.welovecycling.com\/wide\/\",\"name\":\"\u0160koda We Love Cycling\",\"description\":\"\u0160koda We Love Cycling magazine\",\"alternateName\":\"\u0160koda WLC\",\"potentialAction\":[{\"@type\":\"SearchAction\",\"target\":{\"@type\":\"EntryPoint\",\"urlTemplate\":\"https:\/\/www.welovecycling.com\/wide\/?s={search_term_string}\"},\"query-input\":{\"@type\":\"PropertyValueSpecification\",\"valueRequired\":true,\"valueName\":\"search_term_string\"}}],\"inLanguage\":\"en-US\"},{\"@type\":\"Person\",\"@id\":\"https:\/\/www.welovecycling.com\/wide\/#\/schema\/person\/d42ede5c64c67b5db7ea181a1a82b2d5\",\"name\":\"jakubstepanek\",\"image\":{\"@type\":\"ImageObject\",\"inLanguage\":\"en-US\",\"@id\":\"https:\/\/www.welovecycling.com\/wide\/#\/schema\/person\/image\/\",\"url\":\"https:\/\/secure.gravatar.com\/avatar\/6088ff8a87539139d91121309dad6f7aee973467a9fee79888aeb2a7f7dc88a2?s=96&d=mm&r=g\",\"contentUrl\":\"https:\/\/secure.gravatar.com\/avatar\/6088ff8a87539139d91121309dad6f7aee973467a9fee79888aeb2a7f7dc88a2?s=96&d=mm&r=g\",\"caption\":\"jakubstepanek\"},\"url\":\"https:\/\/www.welovecycling.com\/wide\/author\/jakubstepanek\/\"}]}<\/script>\n<!-- \/ Yoast SEO Premium plugin. -->","yoast_head_json":{"title":"What Will Vail Takeover Mean for Whistler Bike Park? - \u0160koda We Love Cycling","description":"Good news for mountain bikers? A local trail builder weighs in. Whistler Blackcomb, home to one of the most famous bike parks in the world, is going ever","robots":{"index":"index","follow":"follow","max-snippet":"max-snippet:-1","max-image-preview":"max-image-preview:large","max-video-preview":"max-video-preview:-1"},"canonical":"https:\/\/www.welovecycling.com\/wide\/2016\/08\/13\/will-vail-takeover-mean-whistler-bike-park\/","og_locale":"en_US","og_type":"article","og_title":"What Will Vail Takeover Mean for Whistler Bike Park?","og_description":"Good news for mountain bikers? A local trail builder weighs in. Whistler Blackcomb, home to one of the most famous bike parks in the world, is going ever","og_url":"https:\/\/www.welovecycling.com\/wide\/2016\/08\/13\/will-vail-takeover-mean-whistler-bike-park\/","og_site_name":"\u0160koda We Love Cycling","article_published_time":"2016-08-13T13:47:42+00:00","og_image":[{"width":900,"height":600,"url":"https:\/\/d2p6e6u75xmxt8.cloudfront.net\/2\/2016\/08\/qw.webp","type":"image\/webp"}],"author":"jakubstepanek","twitter_card":"summary_large_image","twitter_misc":{"Written by":"jakubstepanek","Est. reading time":"1 minute"},"schema":{"@context":"https:\/\/schema.org","@graph":[{"@type":"WebPage","@id":"https:\/\/www.welovecycling.com\/wide\/2016\/08\/13\/will-vail-takeover-mean-whistler-bike-park\/","url":"https:\/\/www.welovecycling.com\/wide\/2016\/08\/13\/will-vail-takeover-mean-whistler-bike-park\/","name":"What Will Vail Takeover Mean for Whistler Bike Park? - \u0160koda We Love Cycling","isPartOf":{"@id":"https:\/\/www.welovecycling.com\/wide\/#website"},"primaryImageOfPage":{"@id":"https:\/\/www.welovecycling.com\/wide\/2016\/08\/13\/will-vail-takeover-mean-whistler-bike-park\/#primaryimage"},"image":{"@id":"https:\/\/www.welovecycling.com\/wide\/2016\/08\/13\/will-vail-takeover-mean-whistler-bike-park\/#primaryimage"},"thumbnailUrl":"https:\/\/d2p6e6u75xmxt8.cloudfront.net\/2\/2016\/08\/qw.webp","datePublished":"2016-08-13T13:47:42+00:00","author":{"@id":"https:\/\/www.welovecycling.com\/wide\/#\/schema\/person\/d42ede5c64c67b5db7ea181a1a82b2d5"},"description":"Good news for mountain bikers? A local trail builder weighs in. Whistler Blackcomb, home to one of the most famous bike parks in the world, is going ever","breadcrumb":{"@id":"https:\/\/www.welovecycling.com\/wide\/2016\/08\/13\/will-vail-takeover-mean-whistler-bike-park\/#breadcrumb"},"inLanguage":"en-US","potentialAction":[{"@type":"ReadAction","target":["https:\/\/www.welovecycling.com\/wide\/2016\/08\/13\/will-vail-takeover-mean-whistler-bike-park\/"]}]},{"@type":"ImageObject","inLanguage":"en-US","@id":"https:\/\/www.welovecycling.com\/wide\/2016\/08\/13\/will-vail-takeover-mean-whistler-bike-park\/#primaryimage","url":"https:\/\/d2p6e6u75xmxt8.cloudfront.net\/2\/2016\/08\/qw.webp","contentUrl":"https:\/\/d2p6e6u75xmxt8.cloudfront.net\/2\/2016\/08\/qw.webp","width":900,"height":600},{"@type":"BreadcrumbList","@id":"https:\/\/www.welovecycling.com\/wide\/2016\/08\/13\/will-vail-takeover-mean-whistler-bike-park\/#breadcrumb","itemListElement":[{"@type":"ListItem","position":1,"name":"Home","item":"https:\/\/www.welovecycling.com\/wide\/"},{"@type":"ListItem","position":2,"name":"What Will Vail Takeover Mean for Whistler Bike Park?"}]},{"@type":"WebSite","@id":"https:\/\/www.welovecycling.com\/wide\/#website","url":"https:\/\/www.welovecycling.com\/wide\/","name":"\u0160koda We Love Cycling","description":"\u0160koda We Love Cycling magazine","alternateName":"\u0160koda WLC","potentialAction":[{"@type":"SearchAction","target":{"@type":"EntryPoint","urlTemplate":"https:\/\/www.welovecycling.com\/wide\/?s={search_term_string}"},"query-input":{"@type":"PropertyValueSpecification","valueRequired":true,"valueName":"search_term_string"}}],"inLanguage":"en-US"},{"@type":"Person","@id":"https:\/\/www.welovecycling.com\/wide\/#\/schema\/person\/d42ede5c64c67b5db7ea181a1a82b2d5","name":"jakubstepanek","image":{"@type":"ImageObject","inLanguage":"en-US","@id":"https:\/\/www.welovecycling.com\/wide\/#\/schema\/person\/image\/","url":"https:\/\/secure.gravatar.com\/avatar\/6088ff8a87539139d91121309dad6f7aee973467a9fee79888aeb2a7f7dc88a2?s=96&d=mm&r=g","contentUrl":"https:\/\/secure.gravatar.com\/avatar\/6088ff8a87539139d91121309dad6f7aee973467a9fee79888aeb2a7f7dc88a2?s=96&d=mm&r=g","caption":"jakubstepanek"},"url":"https:\/\/www.welovecycling.com\/wide\/author\/jakubstepanek\/"}]}},"_links":{"self":[{"href":"https:\/\/www.welovecycling.com\/wide\/wp-json\/wp\/v2\/posts\/142284","targetHints":{"allow":["GET"]}}],"collection":[{"href":"https:\/\/www.welovecycling.com\/wide\/wp-json\/wp\/v2\/posts"}],"about":[{"href":"https:\/\/www.welovecycling.com\/wide\/wp-json\/wp\/v2\/types\/post"}],"author":[{"embeddable":true,"href":"https:\/\/www.welovecycling.com\/wide\/wp-json\/wp\/v2\/users\/27"}],"replies":[{"embeddable":true,"href":"https:\/\/www.welovecycling.com\/wide\/wp-json\/wp\/v2\/comments?post=142284"}],"version-history":[{"count":2,"href":"https:\/\/www.welovecycling.com\/wide\/wp-json\/wp\/v2\/posts\/142284\/revisions"}],"predecessor-version":[{"id":142290,"href":"https:\/\/www.welovecycling.com\/wide\/wp-json\/wp\/v2\/posts\/142284\/revisions\/142290"}],"wp:featuredmedia":[{"embeddable":true,"href":"https:\/\/www.welovecycling.com\/wide\/wp-json\/wp\/v2\/media\/142288"}],"wp:attachment":[{"href":"https:\/\/www.welovecycling.com\/wide\/wp-json\/wp\/v2\/media?parent=142284"}],"wp:term":[{"taxonomy":"category","embeddable":true,"href":"https:\/\/www.welovecycling.com\/wide\/wp-json\/wp\/v2\/categories?post=142284"},{"taxonomy":"post_tag","embeddable":true,"href":"https:\/\/www.welovecycling.com\/wide\/wp-json\/wp\/v2\/tags?post=142284"},{"taxonomy":"global-categories","embeddable":true,"href":"https:\/\/www.welovecycling.com\/wide\/wp-json\/wp\/v2\/global-categories?post=142284"}],"curies":[{"name":"wp","href":"https:\/\/api.w.org\/{rel}","templated":true}]}}