{"id":142122,"date":"2016-08-01T13:50:45","date_gmt":"2016-08-01T13:50:45","guid":{"rendered":"https:\/\/www.welovecycling.com\/wide\/?p=142122"},"modified":"2018-06-01T12:40:40","modified_gmt":"2018-06-01T12:40:40","slug":"blog-whats-like-part-le-tour-de-france-winners-contest-thrilled-find","status":"publish","type":"post","link":"https:\/\/www.welovecycling.com\/wide\/2016\/08\/01\/blog-whats-like-part-le-tour-de-france-winners-contest-thrilled-find\/","title":{"rendered":"BLOG: What\u2019s It Like to Be a Part of Le Tour de France? The Winners of Our Contest Were Thrilled to Find Out"},"content":{"rendered":"<p><strong>Thanks to \u0160koda AUTO, WeLoveCycling.com was able to offer 5 of our fans an all-inclusive trip to the 19th\u00a0stage of the Tour de France. And what a stage it was! The 146-kilometer-long route from Albertville to Saint-Gervais was certainly one for the history books. With one sprint and 4 deadly climbs, the stage looked pretty tough already, but the unpredictable weather made sure the action was properly wild.<\/strong><br \/>\n<!--more--><\/p>\n<p>A lot of riders crashed, including the man himself \u2013 Chris Froome. The overall winner of this year\u2019s Tour de France managed to get back on the bike again and chase the T\u00eate de la Course. But to the delight of all French fans, one man was just too far away. Romain Bardet gave the hosting nation its first stage victory in stage 19 of the 103<sup>rd<\/sup> Tour de France, and the crowd went absolutely wild.<\/p>\n<p>Looking back at the 19<sup>th<\/sup> stage, it seems it kind of had it all, and I\u2019m really glad our winners were there to witness it.<\/p>\n<figure id=\"attachment_142123\" aria-describedby=\"caption-attachment-142123\" style=\"width: 800px\" class=\"wp-caption alignnone\"><img loading=\"lazy\" decoding=\"async\" class=\"wp-image-142123\" src=\"https:\/\/d2p6e6u75xmxt8.cloudfront.net\/2\/2016\/08\/profimedia-0294775861-1024x682.jpg\" alt=\"The hero of the day.\" width=\"800\" height=\"533\" \/><figcaption id=\"caption-attachment-142123\" class=\"wp-caption-text\">The hero of the day.<\/figcaption><\/figure>\n<p>\u201cYou\u2019ve just won a place in the \u0160koda Hospitality Programme on the Tour de France!\u201d said the e-mail received by our five winners, and according to their own words, they just couldn\u2019t believe it. \u201cIt must be some kind of mistake\u201d, they said to me even as we were having the welcome drink at our hotel overlooking the white peaks of Mont Blanc.<\/p>\n<figure id=\"attachment_142125\" aria-describedby=\"caption-attachment-142125\" style=\"width: 800px\" class=\"wp-caption alignnone\"><img loading=\"lazy\" decoding=\"async\" class=\"wp-image-142125\" src=\"https:\/\/d2p6e6u75xmxt8.cloudfront.net\/2\/2016\/08\/040_TDF_160722_KLN_1615-1024x683.jpg\" alt=\"Riding with Stephen Roche? The very best way to start a day, indeed.\" width=\"800\" height=\"533\" \/><figcaption id=\"caption-attachment-142125\" class=\"wp-caption-text\">Riding with Stephen Roche? The very best way to start a day, indeed.<\/figcaption><\/figure>\n<p>But soon things got very real. Later that night our winners met our celebrity drivers Tim Harris and John Robertson who drove them around during the whole stage, and even the triple crown victor Stephen Roche, whom they met again the next morning when he took them out for a ride.<\/p>\n<figure id=\"attachment_142129\" aria-describedby=\"caption-attachment-142129\" style=\"width: 800px\" class=\"wp-caption alignnone\"><img loading=\"lazy\" decoding=\"async\" class=\"wp-image-142129\" src=\"https:\/\/d2p6e6u75xmxt8.cloudfront.net\/2\/2016\/08\/IMG_0848-1024x575.jpg\" alt=\"It\u2019s all those little touches that make you feel like a true VIP.\" width=\"800\" height=\"450\" \/><figcaption id=\"caption-attachment-142129\" class=\"wp-caption-text\">It\u2019s all those little touches that make you feel like a true VIP.<\/figcaption><\/figure>\n<p>The people from the \u0160koda Hospitality Programme went above and beyond to make everyone in the group feel like they were the kings of Le Tour that day, and it were the small touches, like your name on the \u0160koda Superb car, that made all of our winners feel like true VIPs.<\/p>\n<figure id=\"attachment_142131\" aria-describedby=\"caption-attachment-142131\" style=\"width: 800px\" class=\"wp-caption alignnone\"><img loading=\"lazy\" decoding=\"async\" class=\"wp-image-142131\" src=\"https:\/\/d2p6e6u75xmxt8.cloudfront.net\/2\/2016\/08\/IMG_0875-1024x575.jpg\" alt=\"Our winners Bence, Sergei, Paul, Volker and Steve were having the time of their lives.\" width=\"800\" height=\"450\" \/><figcaption id=\"caption-attachment-142131\" class=\"wp-caption-text\">Our winners Bence, Sergei, Paul, Volker and Steve were having the time of their lives.<\/figcaption><\/figure>\n<p>Before the start of the stage, we were driven to the Village D\u00e9part, where everyone started to really feel the pre-race atmosphere. And as we walked through the \u201cpit lane\u201d, the perks of being driven by John Robertson and Tim Harris really started to show. Not only are they really funny guys, but they also seem to know literally everyone. Soon our winners found themselves talking to pros and some even got the selfies they always wanted.<\/p>\n<p>\u201cLook, it\u2019s Andr\u00e9 Greipel! \u201d said Volker, our winner from Germany, and in absolute delight showed us the photo with his national hero.<\/p>\n<p><img loading=\"lazy\" decoding=\"async\" class=\"size-full wp-image-142127\" src=\"https:\/\/d2p6e6u75xmxt8.cloudfront.net\/2\/2016\/08\/IMG_7416-1.jpg\" alt=\"Isn\u2019t Andr\u00e9 the nicest guy in the peloton?\" width=\"480\" height=\"640\" \/><\/p>\n<p>Isn\u2019t Andr\u00e9 the nicest guy in the peloton?<\/p>\n<p>We had to keep moving, however, to stay in front of the peloton, so our cars soon rolled out. The drivers stopped next to a lovely meadow occupied only by one French RV and the couple next to it. They were somewhat disturbed by our fleet of \u0160koda Superbs, but that was nothing in comparison with all the helicopters that started flying and landing there a moment later. The true highlight of the day was finally here. The HELICOPTER FLYOVER.<\/p>\n<figure id=\"attachment_142128\" aria-describedby=\"caption-attachment-142128\" style=\"width: 800px\" class=\"wp-caption alignnone\"><img loading=\"lazy\" decoding=\"async\" class=\"wp-image-142128\" src=\"https:\/\/d2p6e6u75xmxt8.cloudfront.net\/2\/2016\/08\/IMG_0888-1024x575.jpg\" alt=\"Flying in a helicopter over the peloton is something to be never forgotten.\" width=\"800\" height=\"450\" \/><figcaption id=\"caption-attachment-142128\" class=\"wp-caption-text\">Flying in a helicopter over the peloton is something to be never forgotten.<\/figcaption><\/figure>\n<p>We let the peloton go past with glasses of champagne in our hands and jumped in the helicopters right after. The pilots lifted off and soared over a nearby lake and the lovely countryside. We made one pass, then another pass above the peloton, and from the expressions on the faces of our winners, it was obvious that this was something truly special for every one of us.<\/p>\n<figure id=\"attachment_142132\" aria-describedby=\"caption-attachment-142132\" style=\"width: 800px\" class=\"wp-caption alignnone\"><img loading=\"lazy\" decoding=\"async\" class=\"wp-image-142132\" src=\"https:\/\/d2p6e6u75xmxt8.cloudfront.net\/2\/2016\/08\/IMG_0906-1024x575.jpg\" alt=\"No smoking! :-)\" width=\"800\" height=\"450\" \/><figcaption id=\"caption-attachment-142132\" class=\"wp-caption-text\">No smoking! \ud83d\ude42<\/figcaption><\/figure>\n<p>\u201cIt was absolutely unbelievable!\u201d said the guys right after we landed with wide smiles that stuck with them till the end of the day.<\/p>\n<p>After the flyover, our faithful cars and drivers took us to a prepared road-side barbeque before making our way along the rest of the course to the Club Tour de France right next to the 100-metre mark. By the time we got there, our arms were tired from waving at the cheering crowds lining the road. But it was worth it to see the thrilling finish of the stage.<\/p>\n<figure id=\"attachment_142134\" aria-describedby=\"caption-attachment-142134\" style=\"width: 800px\" class=\"wp-caption alignnone\"><img loading=\"lazy\" decoding=\"async\" class=\"wp-image-142134\" src=\"https:\/\/d2p6e6u75xmxt8.cloudfront.net\/2\/2016\/08\/IMG_0940-1024x575.jpg\" alt=\"Romain Bardet was the hero of the day.\" width=\"800\" height=\"450\" \/><figcaption id=\"caption-attachment-142134\" class=\"wp-caption-text\">Romain Bardet was the hero of the day.<\/figcaption><\/figure>\n<p>What else is there to say? Everyone had the time of their lives, met their heroes, experienced unbounded hospitality from the whole team, enjoyed local cuisine in a lovely hotel and brought home some unforgettable memories.<\/p>\n<p>There will be another contest next year, so be sure to take part in it. Our winners from this year certainly will.<\/p>\n","protected":false},"excerpt":{"rendered":"<p>Thanks to \u0160koda AUTO, WeLoveCycling.com was able to offer 5 of our fans an all-inclusive trip to the 19th\u00a0stage of [&hellip;]<\/p>\n","protected":false},"author":12,"featured_media":142135,"comment_status":"open","ping_status":"open","sticky":false,"template":"","format":"standard","meta":{"footnotes":""},"categories":[329],"tags":[411,473,433],"global-categories":[],"class_list":["post-142122","post","type-post","status-publish","format-standard","has-post-thumbnail","hentry","category-road-cycling","tag-contest","tag-romain-bardet","tag-tour-de-france"],"yoast_head":"<!-- This site is optimized with the Yoast SEO Premium plugin v25.3 (Yoast SEO v25.9) - https:\/\/yoast.com\/wordpress\/plugins\/seo\/ -->\n<title>BLOG: What\u2019s It Like to Be a Part of Le Tour de France? The Winners of Our Contest Were Thrilled to Find Out - \u0160koda We Love Cycling<\/title>\n<meta name=\"description\" content=\"Thanks to \u0160koda AUTO, WeLoveCycling.com was able to offer 5 of our fans an all-inclusive trip to the 19th\u00a0stage of the Tour de France. And what a stage it\" \/>\n<meta name=\"robots\" content=\"index, follow, max-snippet:-1, max-image-preview:large, max-video-preview:-1\" \/>\n<link rel=\"canonical\" href=\"https:\/\/www.welovecycling.com\/wide\/2016\/08\/01\/blog-whats-like-part-le-tour-de-france-winners-contest-thrilled-find\/\" \/>\n<meta property=\"og:locale\" content=\"en_US\" \/>\n<meta property=\"og:type\" content=\"article\" \/>\n<meta property=\"og:title\" content=\"BLOG: What\u2019s It Like to Be a Part of Le Tour de France? The Winners of Our Contest Were Thrilled to Find Out\" \/>\n<meta property=\"og:description\" content=\"Thanks to \u0160koda AUTO, WeLoveCycling.com was able to offer 5 of our fans an all-inclusive trip to the 19th\u00a0stage of the Tour de France. And what a stage it\" \/>\n<meta property=\"og:url\" content=\"https:\/\/www.welovecycling.com\/wide\/2016\/08\/01\/blog-whats-like-part-le-tour-de-france-winners-contest-thrilled-find\/\" \/>\n<meta property=\"og:site_name\" content=\"\u0160koda We Love Cycling\" \/>\n<meta property=\"article:published_time\" content=\"2016-08-01T13:50:45+00:00\" \/>\n<meta property=\"article:modified_time\" content=\"2018-06-01T12:40:40+00:00\" \/>\n<meta property=\"og:image\" content=\"https:\/\/d2p6e6u75xmxt8.cloudfront.net\/2\/2016\/08\/FotorCreated.webp\" \/>\n\t<meta property=\"og:image:width\" content=\"900\" \/>\n\t<meta property=\"og:image:height\" content=\"600\" \/>\n\t<meta property=\"og:image:type\" content=\"image\/webp\" \/>\n<meta name=\"twitter:card\" content=\"summary_large_image\" \/>\n<meta name=\"twitter:label1\" content=\"Written by\" \/>\n\t<meta name=\"twitter:data1\" content=\"Martin Mrazek\" \/>\n\t<meta name=\"twitter:label2\" content=\"Est. reading time\" \/>\n\t<meta name=\"twitter:data2\" content=\"4 minutes\" \/>\n<script type=\"application\/ld+json\" class=\"yoast-schema-graph\">{\"@context\":\"https:\/\/schema.org\",\"@graph\":[{\"@type\":\"WebPage\",\"@id\":\"https:\/\/www.welovecycling.com\/wide\/2016\/08\/01\/blog-whats-like-part-le-tour-de-france-winners-contest-thrilled-find\/\",\"url\":\"https:\/\/www.welovecycling.com\/wide\/2016\/08\/01\/blog-whats-like-part-le-tour-de-france-winners-contest-thrilled-find\/\",\"name\":\"BLOG: What\u2019s It Like to Be a Part of Le Tour de France? The Winners of Our Contest Were Thrilled to Find Out - \u0160koda We Love Cycling\",\"isPartOf\":{\"@id\":\"https:\/\/www.welovecycling.com\/wide\/#website\"},\"primaryImageOfPage\":{\"@id\":\"https:\/\/www.welovecycling.com\/wide\/2016\/08\/01\/blog-whats-like-part-le-tour-de-france-winners-contest-thrilled-find\/#primaryimage\"},\"image\":{\"@id\":\"https:\/\/www.welovecycling.com\/wide\/2016\/08\/01\/blog-whats-like-part-le-tour-de-france-winners-contest-thrilled-find\/#primaryimage\"},\"thumbnailUrl\":\"https:\/\/d2p6e6u75xmxt8.cloudfront.net\/2\/2016\/08\/FotorCreated.webp\",\"datePublished\":\"2016-08-01T13:50:45+00:00\",\"dateModified\":\"2018-06-01T12:40:40+00:00\",\"author\":{\"@id\":\"\"},\"description\":\"Thanks to \u0160koda AUTO, WeLoveCycling.com was able to offer 5 of our fans an all-inclusive trip to the 19th\u00a0stage of the Tour de France. And what a stage it\",\"breadcrumb\":{\"@id\":\"https:\/\/www.welovecycling.com\/wide\/2016\/08\/01\/blog-whats-like-part-le-tour-de-france-winners-contest-thrilled-find\/#breadcrumb\"},\"inLanguage\":\"en-US\",\"potentialAction\":[{\"@type\":\"ReadAction\",\"target\":[\"https:\/\/www.welovecycling.com\/wide\/2016\/08\/01\/blog-whats-like-part-le-tour-de-france-winners-contest-thrilled-find\/\"]}]},{\"@type\":\"ImageObject\",\"inLanguage\":\"en-US\",\"@id\":\"https:\/\/www.welovecycling.com\/wide\/2016\/08\/01\/blog-whats-like-part-le-tour-de-france-winners-contest-thrilled-find\/#primaryimage\",\"url\":\"https:\/\/d2p6e6u75xmxt8.cloudfront.net\/2\/2016\/08\/FotorCreated.webp\",\"contentUrl\":\"https:\/\/d2p6e6u75xmxt8.cloudfront.net\/2\/2016\/08\/FotorCreated.webp\",\"width\":900,\"height\":600},{\"@type\":\"BreadcrumbList\",\"@id\":\"https:\/\/www.welovecycling.com\/wide\/2016\/08\/01\/blog-whats-like-part-le-tour-de-france-winners-contest-thrilled-find\/#breadcrumb\",\"itemListElement\":[{\"@type\":\"ListItem\",\"position\":1,\"name\":\"Home\",\"item\":\"https:\/\/www.welovecycling.com\/wide\/\"},{\"@type\":\"ListItem\",\"position\":2,\"name\":\"BLOG: What\u2019s It Like to Be a Part of Le Tour de France? The Winners of Our Contest Were Thrilled to Find Out\"}]},{\"@type\":\"WebSite\",\"@id\":\"https:\/\/www.welovecycling.com\/wide\/#website\",\"url\":\"https:\/\/www.welovecycling.com\/wide\/\",\"name\":\"\u0160koda We Love Cycling\",\"description\":\"\u0160koda We Love Cycling magazine\",\"alternateName\":\"\u0160koda WLC\",\"potentialAction\":[{\"@type\":\"SearchAction\",\"target\":{\"@type\":\"EntryPoint\",\"urlTemplate\":\"https:\/\/www.welovecycling.com\/wide\/?s={search_term_string}\"},\"query-input\":{\"@type\":\"PropertyValueSpecification\",\"valueRequired\":true,\"valueName\":\"search_term_string\"}}],\"inLanguage\":\"en-US\"},{\"@type\":\"Person\",\"@id\":\"\",\"url\":\"https:\/\/www.welovecycling.com\/wide\/author\/\"}]}<\/script>\n<!-- \/ Yoast SEO Premium plugin. -->","yoast_head_json":{"title":"BLOG: What\u2019s It Like to Be a Part of Le Tour de France? The Winners of Our Contest Were Thrilled to Find Out - \u0160koda We Love Cycling","description":"Thanks to \u0160koda AUTO, WeLoveCycling.com was able to offer 5 of our fans an all-inclusive trip to the 19th\u00a0stage of the Tour de France. And what a stage it","robots":{"index":"index","follow":"follow","max-snippet":"max-snippet:-1","max-image-preview":"max-image-preview:large","max-video-preview":"max-video-preview:-1"},"canonical":"https:\/\/www.welovecycling.com\/wide\/2016\/08\/01\/blog-whats-like-part-le-tour-de-france-winners-contest-thrilled-find\/","og_locale":"en_US","og_type":"article","og_title":"BLOG: What\u2019s It Like to Be a Part of Le Tour de France? The Winners of Our Contest Were Thrilled to Find Out","og_description":"Thanks to \u0160koda AUTO, WeLoveCycling.com was able to offer 5 of our fans an all-inclusive trip to the 19th\u00a0stage of the Tour de France. And what a stage it","og_url":"https:\/\/www.welovecycling.com\/wide\/2016\/08\/01\/blog-whats-like-part-le-tour-de-france-winners-contest-thrilled-find\/","og_site_name":"\u0160koda We Love Cycling","article_published_time":"2016-08-01T13:50:45+00:00","article_modified_time":"2018-06-01T12:40:40+00:00","og_image":[{"width":900,"height":600,"url":"https:\/\/d2p6e6u75xmxt8.cloudfront.net\/2\/2016\/08\/FotorCreated.webp","type":"image\/webp"}],"twitter_card":"summary_large_image","twitter_misc":{"Written by":"Martin Mrazek","Est. reading time":"4 minutes"},"schema":{"@context":"https:\/\/schema.org","@graph":[{"@type":"WebPage","@id":"https:\/\/www.welovecycling.com\/wide\/2016\/08\/01\/blog-whats-like-part-le-tour-de-france-winners-contest-thrilled-find\/","url":"https:\/\/www.welovecycling.com\/wide\/2016\/08\/01\/blog-whats-like-part-le-tour-de-france-winners-contest-thrilled-find\/","name":"BLOG: What\u2019s It Like to Be a Part of Le Tour de France? The Winners of Our Contest Were Thrilled to Find Out - \u0160koda We Love Cycling","isPartOf":{"@id":"https:\/\/www.welovecycling.com\/wide\/#website"},"primaryImageOfPage":{"@id":"https:\/\/www.welovecycling.com\/wide\/2016\/08\/01\/blog-whats-like-part-le-tour-de-france-winners-contest-thrilled-find\/#primaryimage"},"image":{"@id":"https:\/\/www.welovecycling.com\/wide\/2016\/08\/01\/blog-whats-like-part-le-tour-de-france-winners-contest-thrilled-find\/#primaryimage"},"thumbnailUrl":"https:\/\/d2p6e6u75xmxt8.cloudfront.net\/2\/2016\/08\/FotorCreated.webp","datePublished":"2016-08-01T13:50:45+00:00","dateModified":"2018-06-01T12:40:40+00:00","author":{"@id":""},"description":"Thanks to \u0160koda AUTO, WeLoveCycling.com was able to offer 5 of our fans an all-inclusive trip to the 19th\u00a0stage of the Tour de France. And what a stage it","breadcrumb":{"@id":"https:\/\/www.welovecycling.com\/wide\/2016\/08\/01\/blog-whats-like-part-le-tour-de-france-winners-contest-thrilled-find\/#breadcrumb"},"inLanguage":"en-US","potentialAction":[{"@type":"ReadAction","target":["https:\/\/www.welovecycling.com\/wide\/2016\/08\/01\/blog-whats-like-part-le-tour-de-france-winners-contest-thrilled-find\/"]}]},{"@type":"ImageObject","inLanguage":"en-US","@id":"https:\/\/www.welovecycling.com\/wide\/2016\/08\/01\/blog-whats-like-part-le-tour-de-france-winners-contest-thrilled-find\/#primaryimage","url":"https:\/\/d2p6e6u75xmxt8.cloudfront.net\/2\/2016\/08\/FotorCreated.webp","contentUrl":"https:\/\/d2p6e6u75xmxt8.cloudfront.net\/2\/2016\/08\/FotorCreated.webp","width":900,"height":600},{"@type":"BreadcrumbList","@id":"https:\/\/www.welovecycling.com\/wide\/2016\/08\/01\/blog-whats-like-part-le-tour-de-france-winners-contest-thrilled-find\/#breadcrumb","itemListElement":[{"@type":"ListItem","position":1,"name":"Home","item":"https:\/\/www.welovecycling.com\/wide\/"},{"@type":"ListItem","position":2,"name":"BLOG: What\u2019s It Like to Be a Part of Le Tour de France? The Winners of Our Contest Were Thrilled to Find Out"}]},{"@type":"WebSite","@id":"https:\/\/www.welovecycling.com\/wide\/#website","url":"https:\/\/www.welovecycling.com\/wide\/","name":"\u0160koda We Love Cycling","description":"\u0160koda We Love Cycling magazine","alternateName":"\u0160koda WLC","potentialAction":[{"@type":"SearchAction","target":{"@type":"EntryPoint","urlTemplate":"https:\/\/www.welovecycling.com\/wide\/?s={search_term_string}"},"query-input":{"@type":"PropertyValueSpecification","valueRequired":true,"valueName":"search_term_string"}}],"inLanguage":"en-US"},{"@type":"Person","@id":"","url":"https:\/\/www.welovecycling.com\/wide\/author\/"}]}},"_links":{"self":[{"href":"https:\/\/www.welovecycling.com\/wide\/wp-json\/wp\/v2\/posts\/142122","targetHints":{"allow":["GET"]}}],"collection":[{"href":"https:\/\/www.welovecycling.com\/wide\/wp-json\/wp\/v2\/posts"}],"about":[{"href":"https:\/\/www.welovecycling.com\/wide\/wp-json\/wp\/v2\/types\/post"}],"author":[{"embeddable":true,"href":"https:\/\/www.welovecycling.com\/wide\/wp-json\/wp\/v2\/users\/12"}],"replies":[{"embeddable":true,"href":"https:\/\/www.welovecycling.com\/wide\/wp-json\/wp\/v2\/comments?post=142122"}],"version-history":[{"count":2,"href":"https:\/\/www.welovecycling.com\/wide\/wp-json\/wp\/v2\/posts\/142122\/revisions"}],"predecessor-version":[{"id":165142,"href":"https:\/\/www.welovecycling.com\/wide\/wp-json\/wp\/v2\/posts\/142122\/revisions\/165142"}],"wp:featuredmedia":[{"embeddable":true,"href":"https:\/\/www.welovecycling.com\/wide\/wp-json\/wp\/v2\/media\/142135"}],"wp:attachment":[{"href":"https:\/\/www.welovecycling.com\/wide\/wp-json\/wp\/v2\/media?parent=142122"}],"wp:term":[{"taxonomy":"category","embeddable":true,"href":"https:\/\/www.welovecycling.com\/wide\/wp-json\/wp\/v2\/categories?post=142122"},{"taxonomy":"post_tag","embeddable":true,"href":"https:\/\/www.welovecycling.com\/wide\/wp-json\/wp\/v2\/tags?post=142122"},{"taxonomy":"global-categories","embeddable":true,"href":"https:\/\/www.welovecycling.com\/wide\/wp-json\/wp\/v2\/global-categories?post=142122"}],"curies":[{"name":"wp","href":"https:\/\/api.w.org\/{rel}","templated":true}]}}