{"id":142049,"date":"2016-07-25T16:01:25","date_gmt":"2016-07-25T16:01:25","guid":{"rendered":"https:\/\/www.welovecycling.com\/wide\/?p=142049"},"modified":"2016-07-25T16:01:25","modified_gmt":"2016-07-25T16:01:25","slug":"heroes-2016-tour-de-france","status":"publish","type":"post","link":"https:\/\/www.welovecycling.com\/wide\/2016\/07\/25\/heroes-2016-tour-de-france\/","title":{"rendered":"The Heroes of the 2016 Tour de France"},"content":{"rendered":"<p><span style=\"font-size: 14pt\"><strong>The 2016 Tour de France will be remembered, above all, for the manner in which Chris Froome and his Team Sky stamped their superiority on the world\u2019s most grueling and prestigious road race. When he crossed the final finish line in Paris on Sunday, 4 minutes and 5 seconds ahead of the second-place Romain Bardet of France, the 31-year-old Froome became the first British rider to win the Tour three times and the first man in more than two decades to defend his title.<\/strong><\/span><br \/>\n<!--more--><\/p>\n<p>His title was not only well deserved, but it seemed inevitable as early as Stage 8, when he donned the race leader\u2019s yellow jersey for the first time. He never relinquished it thereafter. Froome overcame several crashes, including one with a camera motorcycle that had been blocked by spectators near the top of Mont Ventoux, to prove his resilience and his will to win. But the one stage that illustrated his vast superiority was Stage 18, a 17km uphill time trial in the Alps, which he won easily &#8211; by 21 seconds, a considerable margin in such a short time trial.<\/p>\n<p><img loading=\"lazy\" decoding=\"async\" class=\"alignnone wp-image-142051\" src=\"https:\/\/d2p6e6u75xmxt8.cloudfront.net\/2\/2016\/07\/profimedia-0294887647-1024x682.jpg\" alt=\"profimedia-0294887647\" width=\"800\" height=\"533\" \/><\/p>\n<p>Froome was so much the class of the field that he finished second in the other time trial, 37.5km over relatively flat going, and was never truly challenged in the four Alpine stages that marked the Tour\u2019s final week. Not only was Froome the best climber and one of the fastest time trailers in the race, he also had the most discipline and fittest team. If some challenger, such as Bardet or Colombia\u2019s Nairo Quintana, did put him to the test, his Team Sky teammates always disarmed the challenge, working like a relentless machine to control any and all breakaways that menaced his position.<\/p>\n<p>In winning the Tour de France\u2019s green jersey for the fifth consecutive time and being named the race\u2019s most combative rider, Slovak Peter Sagan cemented his place among the world\u2019s road-racing elite. Sagan showed his class particularly at the finish line of Stage 16. After a grueling 209 kilometers, Sagan seemed beaten with just inches to go, but he had the strength and presence of mind to thrust his bicycle forward, beating Norway\u2019s Alexander Kristoff by the smallest of margins. Comfortable in rolling hills and in flat-out sprints, and strong enough to climb the most difficult mountains, Sagan may become the best cyclist in history never to win a Tour de France title. And at age 26 he seems to have many years of combativeness and green jerseys ahead of him.<\/p>\n<p><img loading=\"lazy\" decoding=\"async\" class=\"alignnone wp-image-141885\" src=\"https:\/\/d2p6e6u75xmxt8.cloudfront.net\/2\/2016\/07\/profimedia-0294089844-1024x681.jpg\" alt=\"profimedia-0294089844\" width=\"800\" height=\"532\" \/><\/p>\n<p>Romain Bardet not only saved France\u2019s blushes by becoming the only home rider to win a stage of this year\u2019s Tour, but his second-place finish in the overall standings has given the entire country hope that there may well be another French winner of its national race before long. No French rider has won the Tour since Bernard Hinault\u2019s victory in 1985, 31 years ago! But the 25-year-old Bardet\u2019s performance in the Alps, and his gritty victory on Stage 19, a race plagued by rain along the route, suggests that this series of futility may soon be ended. However, Bardet needs to improve in several aspects of his cycling &#8211; and Christ Froome needs to retire\u2014before France can celebrate again.<\/p>\n","protected":false},"excerpt":{"rendered":"<p>The 2016 Tour de France will be remembered, above all, for the manner in which Chris Froome and his Team [&hellip;]<\/p>\n","protected":false},"author":12,"featured_media":142050,"comment_status":"open","ping_status":"open","sticky":false,"template":"","format":"standard","meta":{"footnotes":""},"categories":[329],"tags":[433],"global-categories":[],"class_list":["post-142049","post","type-post","status-publish","format-standard","has-post-thumbnail","hentry","category-road-cycling","tag-tour-de-france"],"yoast_head":"<!-- This site is optimized with the Yoast SEO Premium plugin v25.3 (Yoast SEO v25.9) - https:\/\/yoast.com\/wordpress\/plugins\/seo\/ -->\n<title>The Heroes of the 2016 Tour de France - \u0160koda We Love Cycling<\/title>\n<meta name=\"description\" content=\"The 2016 Tour de France will be remembered, above all, for the manner in which Chris Froome and his Team Sky stamped their superiority on the world\u2019s most\" \/>\n<meta name=\"robots\" content=\"index, follow, max-snippet:-1, max-image-preview:large, max-video-preview:-1\" \/>\n<link rel=\"canonical\" href=\"https:\/\/www.welovecycling.com\/wide\/2016\/07\/25\/heroes-2016-tour-de-france\/\" \/>\n<meta property=\"og:locale\" content=\"en_US\" \/>\n<meta property=\"og:type\" content=\"article\" \/>\n<meta property=\"og:title\" content=\"The Heroes of the 2016 Tour de France\" \/>\n<meta property=\"og:description\" content=\"The 2016 Tour de France will be remembered, above all, for the manner in which Chris Froome and his Team Sky stamped their superiority on the world\u2019s most\" \/>\n<meta property=\"og:url\" content=\"https:\/\/www.welovecycling.com\/wide\/2016\/07\/25\/heroes-2016-tour-de-france\/\" \/>\n<meta property=\"og:site_name\" content=\"\u0160koda We Love Cycling\" \/>\n<meta property=\"article:published_time\" content=\"2016-07-25T16:01:25+00:00\" \/>\n<meta property=\"og:image\" content=\"https:\/\/d2p6e6u75xmxt8.cloudfront.net\/2\/2016\/07\/15145145154_19641641641.webp\" \/>\n\t<meta property=\"og:image:width\" content=\"900\" \/>\n\t<meta property=\"og:image:height\" content=\"600\" \/>\n\t<meta property=\"og:image:type\" content=\"image\/webp\" \/>\n<meta name=\"twitter:card\" content=\"summary_large_image\" \/>\n<meta name=\"twitter:label1\" content=\"Written by\" \/>\n\t<meta name=\"twitter:data1\" content=\"Siegfried Mortkowitz\" \/>\n\t<meta name=\"twitter:label2\" content=\"Est. reading time\" \/>\n\t<meta name=\"twitter:data2\" content=\"3 minutes\" \/>\n<script type=\"application\/ld+json\" class=\"yoast-schema-graph\">{\"@context\":\"https:\/\/schema.org\",\"@graph\":[{\"@type\":\"WebPage\",\"@id\":\"https:\/\/www.welovecycling.com\/wide\/2016\/07\/25\/heroes-2016-tour-de-france\/\",\"url\":\"https:\/\/www.welovecycling.com\/wide\/2016\/07\/25\/heroes-2016-tour-de-france\/\",\"name\":\"The Heroes of the 2016 Tour de France - \u0160koda We Love Cycling\",\"isPartOf\":{\"@id\":\"https:\/\/www.welovecycling.com\/wide\/#website\"},\"primaryImageOfPage\":{\"@id\":\"https:\/\/www.welovecycling.com\/wide\/2016\/07\/25\/heroes-2016-tour-de-france\/#primaryimage\"},\"image\":{\"@id\":\"https:\/\/www.welovecycling.com\/wide\/2016\/07\/25\/heroes-2016-tour-de-france\/#primaryimage\"},\"thumbnailUrl\":\"https:\/\/d2p6e6u75xmxt8.cloudfront.net\/2\/2016\/07\/15145145154_19641641641.webp\",\"datePublished\":\"2016-07-25T16:01:25+00:00\",\"author\":{\"@id\":\"\"},\"description\":\"The 2016 Tour de France will be remembered, above all, for the manner in which Chris Froome and his Team Sky stamped their superiority on the world\u2019s most\",\"breadcrumb\":{\"@id\":\"https:\/\/www.welovecycling.com\/wide\/2016\/07\/25\/heroes-2016-tour-de-france\/#breadcrumb\"},\"inLanguage\":\"en-US\",\"potentialAction\":[{\"@type\":\"ReadAction\",\"target\":[\"https:\/\/www.welovecycling.com\/wide\/2016\/07\/25\/heroes-2016-tour-de-france\/\"]}]},{\"@type\":\"ImageObject\",\"inLanguage\":\"en-US\",\"@id\":\"https:\/\/www.welovecycling.com\/wide\/2016\/07\/25\/heroes-2016-tour-de-france\/#primaryimage\",\"url\":\"https:\/\/d2p6e6u75xmxt8.cloudfront.net\/2\/2016\/07\/15145145154_19641641641.webp\",\"contentUrl\":\"https:\/\/d2p6e6u75xmxt8.cloudfront.net\/2\/2016\/07\/15145145154_19641641641.webp\",\"width\":900,\"height\":600},{\"@type\":\"BreadcrumbList\",\"@id\":\"https:\/\/www.welovecycling.com\/wide\/2016\/07\/25\/heroes-2016-tour-de-france\/#breadcrumb\",\"itemListElement\":[{\"@type\":\"ListItem\",\"position\":1,\"name\":\"Home\",\"item\":\"https:\/\/www.welovecycling.com\/wide\/\"},{\"@type\":\"ListItem\",\"position\":2,\"name\":\"The Heroes of the 2016 Tour de France\"}]},{\"@type\":\"WebSite\",\"@id\":\"https:\/\/www.welovecycling.com\/wide\/#website\",\"url\":\"https:\/\/www.welovecycling.com\/wide\/\",\"name\":\"\u0160koda We Love Cycling\",\"description\":\"\u0160koda We Love Cycling magazine\",\"alternateName\":\"\u0160koda WLC\",\"potentialAction\":[{\"@type\":\"SearchAction\",\"target\":{\"@type\":\"EntryPoint\",\"urlTemplate\":\"https:\/\/www.welovecycling.com\/wide\/?s={search_term_string}\"},\"query-input\":{\"@type\":\"PropertyValueSpecification\",\"valueRequired\":true,\"valueName\":\"search_term_string\"}}],\"inLanguage\":\"en-US\"},{\"@type\":\"Person\",\"@id\":\"\",\"url\":\"https:\/\/www.welovecycling.com\/wide\/author\/\"}]}<\/script>\n<!-- \/ Yoast SEO Premium plugin. -->","yoast_head_json":{"title":"The Heroes of the 2016 Tour de France - \u0160koda We Love Cycling","description":"The 2016 Tour de France will be remembered, above all, for the manner in which Chris Froome and his Team Sky stamped their superiority on the world\u2019s most","robots":{"index":"index","follow":"follow","max-snippet":"max-snippet:-1","max-image-preview":"max-image-preview:large","max-video-preview":"max-video-preview:-1"},"canonical":"https:\/\/www.welovecycling.com\/wide\/2016\/07\/25\/heroes-2016-tour-de-france\/","og_locale":"en_US","og_type":"article","og_title":"The Heroes of the 2016 Tour de France","og_description":"The 2016 Tour de France will be remembered, above all, for the manner in which Chris Froome and his Team Sky stamped their superiority on the world\u2019s most","og_url":"https:\/\/www.welovecycling.com\/wide\/2016\/07\/25\/heroes-2016-tour-de-france\/","og_site_name":"\u0160koda We Love Cycling","article_published_time":"2016-07-25T16:01:25+00:00","og_image":[{"width":900,"height":600,"url":"https:\/\/d2p6e6u75xmxt8.cloudfront.net\/2\/2016\/07\/15145145154_19641641641.webp","type":"image\/webp"}],"twitter_card":"summary_large_image","twitter_misc":{"Written by":"Siegfried Mortkowitz","Est. reading time":"3 minutes"},"schema":{"@context":"https:\/\/schema.org","@graph":[{"@type":"WebPage","@id":"https:\/\/www.welovecycling.com\/wide\/2016\/07\/25\/heroes-2016-tour-de-france\/","url":"https:\/\/www.welovecycling.com\/wide\/2016\/07\/25\/heroes-2016-tour-de-france\/","name":"The Heroes of the 2016 Tour de France - \u0160koda We Love Cycling","isPartOf":{"@id":"https:\/\/www.welovecycling.com\/wide\/#website"},"primaryImageOfPage":{"@id":"https:\/\/www.welovecycling.com\/wide\/2016\/07\/25\/heroes-2016-tour-de-france\/#primaryimage"},"image":{"@id":"https:\/\/www.welovecycling.com\/wide\/2016\/07\/25\/heroes-2016-tour-de-france\/#primaryimage"},"thumbnailUrl":"https:\/\/d2p6e6u75xmxt8.cloudfront.net\/2\/2016\/07\/15145145154_19641641641.webp","datePublished":"2016-07-25T16:01:25+00:00","author":{"@id":""},"description":"The 2016 Tour de France will be remembered, above all, for the manner in which Chris Froome and his Team Sky stamped their superiority on the world\u2019s most","breadcrumb":{"@id":"https:\/\/www.welovecycling.com\/wide\/2016\/07\/25\/heroes-2016-tour-de-france\/#breadcrumb"},"inLanguage":"en-US","potentialAction":[{"@type":"ReadAction","target":["https:\/\/www.welovecycling.com\/wide\/2016\/07\/25\/heroes-2016-tour-de-france\/"]}]},{"@type":"ImageObject","inLanguage":"en-US","@id":"https:\/\/www.welovecycling.com\/wide\/2016\/07\/25\/heroes-2016-tour-de-france\/#primaryimage","url":"https:\/\/d2p6e6u75xmxt8.cloudfront.net\/2\/2016\/07\/15145145154_19641641641.webp","contentUrl":"https:\/\/d2p6e6u75xmxt8.cloudfront.net\/2\/2016\/07\/15145145154_19641641641.webp","width":900,"height":600},{"@type":"BreadcrumbList","@id":"https:\/\/www.welovecycling.com\/wide\/2016\/07\/25\/heroes-2016-tour-de-france\/#breadcrumb","itemListElement":[{"@type":"ListItem","position":1,"name":"Home","item":"https:\/\/www.welovecycling.com\/wide\/"},{"@type":"ListItem","position":2,"name":"The Heroes of the 2016 Tour de France"}]},{"@type":"WebSite","@id":"https:\/\/www.welovecycling.com\/wide\/#website","url":"https:\/\/www.welovecycling.com\/wide\/","name":"\u0160koda We Love Cycling","description":"\u0160koda We Love Cycling magazine","alternateName":"\u0160koda WLC","potentialAction":[{"@type":"SearchAction","target":{"@type":"EntryPoint","urlTemplate":"https:\/\/www.welovecycling.com\/wide\/?s={search_term_string}"},"query-input":{"@type":"PropertyValueSpecification","valueRequired":true,"valueName":"search_term_string"}}],"inLanguage":"en-US"},{"@type":"Person","@id":"","url":"https:\/\/www.welovecycling.com\/wide\/author\/"}]}},"_links":{"self":[{"href":"https:\/\/www.welovecycling.com\/wide\/wp-json\/wp\/v2\/posts\/142049","targetHints":{"allow":["GET"]}}],"collection":[{"href":"https:\/\/www.welovecycling.com\/wide\/wp-json\/wp\/v2\/posts"}],"about":[{"href":"https:\/\/www.welovecycling.com\/wide\/wp-json\/wp\/v2\/types\/post"}],"author":[{"embeddable":true,"href":"https:\/\/www.welovecycling.com\/wide\/wp-json\/wp\/v2\/users\/12"}],"replies":[{"embeddable":true,"href":"https:\/\/www.welovecycling.com\/wide\/wp-json\/wp\/v2\/comments?post=142049"}],"version-history":[{"count":1,"href":"https:\/\/www.welovecycling.com\/wide\/wp-json\/wp\/v2\/posts\/142049\/revisions"}],"predecessor-version":[{"id":142052,"href":"https:\/\/www.welovecycling.com\/wide\/wp-json\/wp\/v2\/posts\/142049\/revisions\/142052"}],"wp:featuredmedia":[{"embeddable":true,"href":"https:\/\/www.welovecycling.com\/wide\/wp-json\/wp\/v2\/media\/142050"}],"wp:attachment":[{"href":"https:\/\/www.welovecycling.com\/wide\/wp-json\/wp\/v2\/media?parent=142049"}],"wp:term":[{"taxonomy":"category","embeddable":true,"href":"https:\/\/www.welovecycling.com\/wide\/wp-json\/wp\/v2\/categories?post=142049"},{"taxonomy":"post_tag","embeddable":true,"href":"https:\/\/www.welovecycling.com\/wide\/wp-json\/wp\/v2\/tags?post=142049"},{"taxonomy":"global-categories","embeddable":true,"href":"https:\/\/www.welovecycling.com\/wide\/wp-json\/wp\/v2\/global-categories?post=142049"}],"curies":[{"name":"wp","href":"https:\/\/api.w.org\/{rel}","templated":true}]}}