{"id":141951,"date":"2016-07-21T10:06:34","date_gmt":"2016-07-21T10:06:34","guid":{"rendered":"https:\/\/www.welovecycling.com\/wide\/?p=141951"},"modified":"2016-07-21T10:14:13","modified_gmt":"2016-07-21T10:14:13","slug":"watts-vams-letape-du-tour-2016","status":"publish","type":"post","link":"https:\/\/www.welovecycling.com\/wide\/2016\/07\/21\/watts-vams-letape-du-tour-2016\/","title":{"rendered":"BLOG: Watts and VAMs at the l\u2019\u00c9tape du Tour 2016"},"content":{"rendered":"<p><strong>l\u2019\u00c9tape du Tour is an <a href=\"https:\/\/www.welovecycling.com\/wide\/2016\/07\/18\/blog-riding-letape-du-tour-dream-comes-true\/\">unforgettable experience for amateurs<\/a>. To see over 11 thousand cyclists enjoying the same atmosphere as the Tour de France riders is something that just stays engraved in the memory. At the same time, it\u2019s a great opportunity for us to compare the performance differences between pros and amateurs. Today\u2019s article is an introduction to problematics of measuring the cyclists\u2019 performances, and soon after the completion of the 20. Tour de France stage, which is practically identical to to l\u2019\u00c9tape du Tour route, you can look forward to comparison of the results of the \u0160koda WeLoveCycling team with the professional riders.<\/strong><!--more--><\/p>\n<p>The ambitions of individual participants of this race are diverse, obviously. Ranging from those who want to ride through that sweet finish gate in Morzine as the first, or at least be faster than a team-mate, to those who want to make it to the finishing town before dusk and not spend too much time on their feet. But the truth is that everyone without exception is interested in how their idols are going to fare in the real Tour &#8211; hunting stage laurels, uphill bonus awards, or on what place will the fly through the finish spurt. However, how close are their actions to the experiences of a hobby cyclist? The Megeve &#8211; Morzine route is going to host names such as Froome, Quintana, Valverde, and to support our comparison to them with some objective metrics, we will use the helping hand of Watts and VAMs \u2013 quantities that made themselves comfortable in cycling a long time ago, and can effectively describe the engine power that is hidden in every individual cyclist\u2019s legs, the juice that drives them towards the finish line.<\/p>\n<p>https:\/\/www.instagram.com\/p\/BHfLwgRB0O4\/?tagged=powermeter<\/p>\n<p><em><strong>VAM (vertical Ascend Meters)<\/strong> \u2013 they have proven to be a sufficiently exact indicators of rider\u2019s abilities in places where the hill incline reaches over 10%, because the rider is challenged only by the gravitational resistance while the aerodynamic one is negligible. The reached VAM, of course, can be determined from a shorter than an hour-long ascent, when we multiply the figures of ascended meters as many times as they would fit into an hour.<\/em><\/p>\n<p><em><strong>Watts<\/strong> function as a simple way to compare cyclists\u2019 performances. During ascents, the determining ratio for performance figures is Watt\/kg, therefore the ratio of the cyclist\u2019s performance and his\/her weight. For sprinter, on the other hand, the most important is the absolute figure of his maximal watt power. Cyclist\u2019s watts are measured with wattmeters, which sensors monitor the might of pedal strokes and the number of revolutions per minute (aka cadence). These numbers are then filled into a simple physical equation that very accurately shows the performance of every cyclist in every moment of his\/her ride, and this figure will be shown on the cyclocomputer next to speed, pulse etc.<\/em><\/p>\n<figure id=\"attachment_141956\" aria-describedby=\"caption-attachment-141956\" style=\"width: 939px\" class=\"wp-caption alignnone\"><img loading=\"lazy\" decoding=\"async\" class=\"wp-image-141956 size-full\" src=\"https:\/\/d2p6e6u75xmxt8.cloudfront.net\/2\/2016\/07\/unnamed.png\" alt=\"Megeve-Morzine route profile. (122km, elevation 2690m) with final ascent at Joux-Plane\" width=\"939\" height=\"140\" \/><figcaption id=\"caption-attachment-141956\" class=\"wp-caption-text\">Megeve-Morzine route profile. (122km, elevation 2690m) with final ascent at Joux-Plane<\/figcaption><\/figure>\n<p>If you would place yourself in the first starting wave, designed for the first 1000 performance riders, you\u2019d have the possibility to see the whole range of their racing dedication. The tempo after the start of the first wave is incomparable to the one the peloton dashes with through the Tour in the first hour of every race. The average speed of the EDT lead group amounted to nearly 50km\/h until the first \u2018testing hillock\u2019 on the route. In other words, if you want to be in the lead, prepare yourself for average performance power of 350W. Our first few-minute ascent was completed with average power of 400W, a figure that even Froome and Valverde wouldn\u2019t be ashamed of. The second test ride ended up being very similar and the first serious hill was reached with an average speed of 40km\/h.<\/p>\n<p>While a pro would consider this figures to be a standard meaningless prelude, for the hobby rider it\u2019s an extremely exhausting half-hour, after which comes the first true challenge \u2013 an impressive elevation of 500m and nearly 9 kilometres spent in a demanding ascent of 2. category. Immediately after that follows the Col de la Colombi\u00e9re (12 kilometres up the hill \u2013 classified as a 1. category in TdF) and after a 30-kilometer transfer to the 100-kilometer mark there awaits the final hill of Joux-Plane. It\u2019s an ascent of the HC category, which is the highest difficulty hill. Even the best hobby riders were met by an approximately hour-long ordeal, because this back-breaker exceeds the 10% incline in a few places, which forces the less persistent to get off their bikes and push them uphill.<\/p>\n<p>https:\/\/www.instagram.com\/p\/BHuGDHzDalR\/?taken-by=wlcmagazine<\/p>\n<p>The fastest participant in EDT Tao Quamere (\u0160koda France team) handled this ascent in 40 minutes and in a tempo that means 1440 ascended meters per hour. These figures are truly excellent. The Strava application registers 7,5 thousand performances on this hill to date and Tao Quamere is third, for now. Before he frontally collided with a motorbike, Christopher Froome reached the figure of VAM 1800 during the breakaway on Mont Ventoux. The winner of the Mont Ventoux stage, Thomas de Gendt, clocked approximately VAM 1600. To ascend the hill in the tempo of 1000 ascend meters per hour, 500 per 30 minutes, and 250 per 15 minutes is nothing short of difficult. Your body must be in a perfect shape, your muscles made of steel, and your weight mustn\u2019t be more than 70kg.<\/p>\n<p>Jirka Je\u017eek, our most famous paralympic athlete who is now rigorously preparing for Rio, reached VAM 1144 during ascent, and in general, everything that exceeds VAT 1000 is considered as a top figure for amateur league.<\/p>\n<p>Therefore, if we were to consider VAM 1800 as a maximum capability of the human organism after hard preparations of a talented individual, then Jirka, even with his handicap (one leg amputated under the knee) reached 63,5% of this maximum. Which is a figure hardly imaginable even for most of the healthy population. Everyone who is able to get over VAM 1000 is therefore figuratively over 55% of the maximum our human kind is capable of and belongs in the \u2018a really great cyclist\u2019 category.<\/p>\n<p>Anyway, it\u2019s going to be very interesting sight of the pros, fighting the last hill of this year\u2019s Tour de France and showing their resilience even after three hard weeks at the Tour.<\/p>\n<p>Prepared in cooperation with watt center <a href=\"http:\/\/www.s1w.cz\/watty-intro.html\">SPEEDWEAPONRY<\/a>.<\/p>\n","protected":false},"excerpt":{"rendered":"<p>l\u2019\u00c9tape du Tour is an unforgettable experience for amateurs. To see over 11 thousand cyclists enjoying the same atmosphere as [&hellip;]<\/p>\n","protected":false},"author":27,"featured_media":141953,"comment_status":"open","ping_status":"open","sticky":false,"template":"","format":"standard","meta":{"footnotes":""},"categories":[4142],"tags":[410,433],"global-categories":[],"class_list":["post-141951","post","type-post","status-publish","format-standard","has-post-thumbnail","hentry","category-ride2unite","tag-letape-du-tour","tag-tour-de-france"],"yoast_head":"<!-- This site is optimized with the Yoast SEO Premium plugin v25.3 (Yoast SEO v25.9) - https:\/\/yoast.com\/wordpress\/plugins\/seo\/ -->\n<title>BLOG: Watts and VAMs at the l\u2019\u00c9tape du Tour 2016 - \u0160koda We Love Cycling<\/title>\n<meta name=\"description\" content=\"l\u2019\u00c9tape du Tour is an unforgettable experience for amateurs. To see over 11 thousand cyclists enjoying the same atmosphere as the Tour de France riders is\" \/>\n<meta name=\"robots\" content=\"index, follow, max-snippet:-1, max-image-preview:large, max-video-preview:-1\" \/>\n<link rel=\"canonical\" href=\"https:\/\/www.welovecycling.com\/wide\/2016\/07\/21\/watts-vams-letape-du-tour-2016\/\" \/>\n<meta property=\"og:locale\" content=\"en_US\" \/>\n<meta property=\"og:type\" content=\"article\" \/>\n<meta property=\"og:title\" content=\"BLOG: Watts and VAMs at the l\u2019\u00c9tape du Tour 2016\" \/>\n<meta property=\"og:description\" content=\"l\u2019\u00c9tape du Tour is an unforgettable experience for amateurs. To see over 11 thousand cyclists enjoying the same atmosphere as the Tour de France riders is\" \/>\n<meta property=\"og:url\" content=\"https:\/\/www.welovecycling.com\/wide\/2016\/07\/21\/watts-vams-letape-du-tour-2016\/\" \/>\n<meta property=\"og:site_name\" content=\"\u0160koda We Love Cycling\" \/>\n<meta property=\"article:published_time\" content=\"2016-07-21T10:06:34+00:00\" \/>\n<meta property=\"article:modified_time\" content=\"2016-07-21T10:14:13+00:00\" \/>\n<meta property=\"og:image\" content=\"https:\/\/d2p6e6u75xmxt8.cloudfront.net\/2\/2016\/07\/letape_main1.webp\" \/>\n\t<meta property=\"og:image:width\" content=\"900\" \/>\n\t<meta property=\"og:image:height\" content=\"600\" \/>\n\t<meta property=\"og:image:type\" content=\"image\/webp\" \/>\n<meta name=\"author\" content=\"jakubstepanek\" \/>\n<meta name=\"twitter:card\" content=\"summary_large_image\" \/>\n<meta name=\"twitter:label1\" content=\"Written by\" \/>\n\t<meta name=\"twitter:data1\" content=\"Robert Kleiner\" \/>\n\t<meta name=\"twitter:label2\" content=\"Est. reading time\" \/>\n\t<meta name=\"twitter:data2\" content=\"5 minutes\" \/>\n<script type=\"application\/ld+json\" class=\"yoast-schema-graph\">{\"@context\":\"https:\/\/schema.org\",\"@graph\":[{\"@type\":\"WebPage\",\"@id\":\"https:\/\/www.welovecycling.com\/wide\/2016\/07\/21\/watts-vams-letape-du-tour-2016\/\",\"url\":\"https:\/\/www.welovecycling.com\/wide\/2016\/07\/21\/watts-vams-letape-du-tour-2016\/\",\"name\":\"BLOG: Watts and VAMs at the l\u2019\u00c9tape du Tour 2016 - \u0160koda We Love Cycling\",\"isPartOf\":{\"@id\":\"https:\/\/www.welovecycling.com\/wide\/#website\"},\"primaryImageOfPage\":{\"@id\":\"https:\/\/www.welovecycling.com\/wide\/2016\/07\/21\/watts-vams-letape-du-tour-2016\/#primaryimage\"},\"image\":{\"@id\":\"https:\/\/www.welovecycling.com\/wide\/2016\/07\/21\/watts-vams-letape-du-tour-2016\/#primaryimage\"},\"thumbnailUrl\":\"https:\/\/d2p6e6u75xmxt8.cloudfront.net\/2\/2016\/07\/letape_main1.webp\",\"datePublished\":\"2016-07-21T10:06:34+00:00\",\"dateModified\":\"2016-07-21T10:14:13+00:00\",\"author\":{\"@id\":\"https:\/\/www.welovecycling.com\/wide\/#\/schema\/person\/d42ede5c64c67b5db7ea181a1a82b2d5\"},\"description\":\"l\u2019\u00c9tape du Tour is an unforgettable experience for amateurs. To see over 11 thousand cyclists enjoying the same atmosphere as the Tour de France riders is\",\"breadcrumb\":{\"@id\":\"https:\/\/www.welovecycling.com\/wide\/2016\/07\/21\/watts-vams-letape-du-tour-2016\/#breadcrumb\"},\"inLanguage\":\"en-US\",\"potentialAction\":[{\"@type\":\"ReadAction\",\"target\":[\"https:\/\/www.welovecycling.com\/wide\/2016\/07\/21\/watts-vams-letape-du-tour-2016\/\"]}]},{\"@type\":\"ImageObject\",\"inLanguage\":\"en-US\",\"@id\":\"https:\/\/www.welovecycling.com\/wide\/2016\/07\/21\/watts-vams-letape-du-tour-2016\/#primaryimage\",\"url\":\"https:\/\/d2p6e6u75xmxt8.cloudfront.net\/2\/2016\/07\/letape_main1.webp\",\"contentUrl\":\"https:\/\/d2p6e6u75xmxt8.cloudfront.net\/2\/2016\/07\/letape_main1.webp\",\"width\":900,\"height\":600},{\"@type\":\"BreadcrumbList\",\"@id\":\"https:\/\/www.welovecycling.com\/wide\/2016\/07\/21\/watts-vams-letape-du-tour-2016\/#breadcrumb\",\"itemListElement\":[{\"@type\":\"ListItem\",\"position\":1,\"name\":\"Home\",\"item\":\"https:\/\/www.welovecycling.com\/wide\/\"},{\"@type\":\"ListItem\",\"position\":2,\"name\":\"BLOG: Watts and VAMs at the l\u2019\u00c9tape du Tour 2016\"}]},{\"@type\":\"WebSite\",\"@id\":\"https:\/\/www.welovecycling.com\/wide\/#website\",\"url\":\"https:\/\/www.welovecycling.com\/wide\/\",\"name\":\"\u0160koda We Love Cycling\",\"description\":\"\u0160koda We Love Cycling magazine\",\"alternateName\":\"\u0160koda WLC\",\"potentialAction\":[{\"@type\":\"SearchAction\",\"target\":{\"@type\":\"EntryPoint\",\"urlTemplate\":\"https:\/\/www.welovecycling.com\/wide\/?s={search_term_string}\"},\"query-input\":{\"@type\":\"PropertyValueSpecification\",\"valueRequired\":true,\"valueName\":\"search_term_string\"}}],\"inLanguage\":\"en-US\"},{\"@type\":\"Person\",\"@id\":\"https:\/\/www.welovecycling.com\/wide\/#\/schema\/person\/d42ede5c64c67b5db7ea181a1a82b2d5\",\"name\":\"jakubstepanek\",\"image\":{\"@type\":\"ImageObject\",\"inLanguage\":\"en-US\",\"@id\":\"https:\/\/www.welovecycling.com\/wide\/#\/schema\/person\/image\/\",\"url\":\"https:\/\/secure.gravatar.com\/avatar\/6088ff8a87539139d91121309dad6f7aee973467a9fee79888aeb2a7f7dc88a2?s=96&d=mm&r=g\",\"contentUrl\":\"https:\/\/secure.gravatar.com\/avatar\/6088ff8a87539139d91121309dad6f7aee973467a9fee79888aeb2a7f7dc88a2?s=96&d=mm&r=g\",\"caption\":\"jakubstepanek\"},\"url\":\"https:\/\/www.welovecycling.com\/wide\/author\/jakubstepanek\/\"}]}<\/script>\n<!-- \/ Yoast SEO Premium plugin. -->","yoast_head_json":{"title":"BLOG: Watts and VAMs at the l\u2019\u00c9tape du Tour 2016 - \u0160koda We Love Cycling","description":"l\u2019\u00c9tape du Tour is an unforgettable experience for amateurs. To see over 11 thousand cyclists enjoying the same atmosphere as the Tour de France riders is","robots":{"index":"index","follow":"follow","max-snippet":"max-snippet:-1","max-image-preview":"max-image-preview:large","max-video-preview":"max-video-preview:-1"},"canonical":"https:\/\/www.welovecycling.com\/wide\/2016\/07\/21\/watts-vams-letape-du-tour-2016\/","og_locale":"en_US","og_type":"article","og_title":"BLOG: Watts and VAMs at the l\u2019\u00c9tape du Tour 2016","og_description":"l\u2019\u00c9tape du Tour is an unforgettable experience for amateurs. To see over 11 thousand cyclists enjoying the same atmosphere as the Tour de France riders is","og_url":"https:\/\/www.welovecycling.com\/wide\/2016\/07\/21\/watts-vams-letape-du-tour-2016\/","og_site_name":"\u0160koda We Love Cycling","article_published_time":"2016-07-21T10:06:34+00:00","article_modified_time":"2016-07-21T10:14:13+00:00","og_image":[{"width":900,"height":600,"url":"https:\/\/d2p6e6u75xmxt8.cloudfront.net\/2\/2016\/07\/letape_main1.webp","type":"image\/webp"}],"author":"jakubstepanek","twitter_card":"summary_large_image","twitter_misc":{"Written by":"Robert Kleiner","Est. reading time":"5 minutes"},"schema":{"@context":"https:\/\/schema.org","@graph":[{"@type":"WebPage","@id":"https:\/\/www.welovecycling.com\/wide\/2016\/07\/21\/watts-vams-letape-du-tour-2016\/","url":"https:\/\/www.welovecycling.com\/wide\/2016\/07\/21\/watts-vams-letape-du-tour-2016\/","name":"BLOG: Watts and VAMs at the l\u2019\u00c9tape du Tour 2016 - \u0160koda We Love Cycling","isPartOf":{"@id":"https:\/\/www.welovecycling.com\/wide\/#website"},"primaryImageOfPage":{"@id":"https:\/\/www.welovecycling.com\/wide\/2016\/07\/21\/watts-vams-letape-du-tour-2016\/#primaryimage"},"image":{"@id":"https:\/\/www.welovecycling.com\/wide\/2016\/07\/21\/watts-vams-letape-du-tour-2016\/#primaryimage"},"thumbnailUrl":"https:\/\/d2p6e6u75xmxt8.cloudfront.net\/2\/2016\/07\/letape_main1.webp","datePublished":"2016-07-21T10:06:34+00:00","dateModified":"2016-07-21T10:14:13+00:00","author":{"@id":"https:\/\/www.welovecycling.com\/wide\/#\/schema\/person\/d42ede5c64c67b5db7ea181a1a82b2d5"},"description":"l\u2019\u00c9tape du Tour is an unforgettable experience for amateurs. To see over 11 thousand cyclists enjoying the same atmosphere as the Tour de France riders is","breadcrumb":{"@id":"https:\/\/www.welovecycling.com\/wide\/2016\/07\/21\/watts-vams-letape-du-tour-2016\/#breadcrumb"},"inLanguage":"en-US","potentialAction":[{"@type":"ReadAction","target":["https:\/\/www.welovecycling.com\/wide\/2016\/07\/21\/watts-vams-letape-du-tour-2016\/"]}]},{"@type":"ImageObject","inLanguage":"en-US","@id":"https:\/\/www.welovecycling.com\/wide\/2016\/07\/21\/watts-vams-letape-du-tour-2016\/#primaryimage","url":"https:\/\/d2p6e6u75xmxt8.cloudfront.net\/2\/2016\/07\/letape_main1.webp","contentUrl":"https:\/\/d2p6e6u75xmxt8.cloudfront.net\/2\/2016\/07\/letape_main1.webp","width":900,"height":600},{"@type":"BreadcrumbList","@id":"https:\/\/www.welovecycling.com\/wide\/2016\/07\/21\/watts-vams-letape-du-tour-2016\/#breadcrumb","itemListElement":[{"@type":"ListItem","position":1,"name":"Home","item":"https:\/\/www.welovecycling.com\/wide\/"},{"@type":"ListItem","position":2,"name":"BLOG: Watts and VAMs at the l\u2019\u00c9tape du Tour 2016"}]},{"@type":"WebSite","@id":"https:\/\/www.welovecycling.com\/wide\/#website","url":"https:\/\/www.welovecycling.com\/wide\/","name":"\u0160koda We Love Cycling","description":"\u0160koda We Love Cycling magazine","alternateName":"\u0160koda WLC","potentialAction":[{"@type":"SearchAction","target":{"@type":"EntryPoint","urlTemplate":"https:\/\/www.welovecycling.com\/wide\/?s={search_term_string}"},"query-input":{"@type":"PropertyValueSpecification","valueRequired":true,"valueName":"search_term_string"}}],"inLanguage":"en-US"},{"@type":"Person","@id":"https:\/\/www.welovecycling.com\/wide\/#\/schema\/person\/d42ede5c64c67b5db7ea181a1a82b2d5","name":"jakubstepanek","image":{"@type":"ImageObject","inLanguage":"en-US","@id":"https:\/\/www.welovecycling.com\/wide\/#\/schema\/person\/image\/","url":"https:\/\/secure.gravatar.com\/avatar\/6088ff8a87539139d91121309dad6f7aee973467a9fee79888aeb2a7f7dc88a2?s=96&d=mm&r=g","contentUrl":"https:\/\/secure.gravatar.com\/avatar\/6088ff8a87539139d91121309dad6f7aee973467a9fee79888aeb2a7f7dc88a2?s=96&d=mm&r=g","caption":"jakubstepanek"},"url":"https:\/\/www.welovecycling.com\/wide\/author\/jakubstepanek\/"}]}},"_links":{"self":[{"href":"https:\/\/www.welovecycling.com\/wide\/wp-json\/wp\/v2\/posts\/141951","targetHints":{"allow":["GET"]}}],"collection":[{"href":"https:\/\/www.welovecycling.com\/wide\/wp-json\/wp\/v2\/posts"}],"about":[{"href":"https:\/\/www.welovecycling.com\/wide\/wp-json\/wp\/v2\/types\/post"}],"author":[{"embeddable":true,"href":"https:\/\/www.welovecycling.com\/wide\/wp-json\/wp\/v2\/users\/27"}],"replies":[{"embeddable":true,"href":"https:\/\/www.welovecycling.com\/wide\/wp-json\/wp\/v2\/comments?post=141951"}],"version-history":[{"count":2,"href":"https:\/\/www.welovecycling.com\/wide\/wp-json\/wp\/v2\/posts\/141951\/revisions"}],"predecessor-version":[{"id":141961,"href":"https:\/\/www.welovecycling.com\/wide\/wp-json\/wp\/v2\/posts\/141951\/revisions\/141961"}],"wp:featuredmedia":[{"embeddable":true,"href":"https:\/\/www.welovecycling.com\/wide\/wp-json\/wp\/v2\/media\/141953"}],"wp:attachment":[{"href":"https:\/\/www.welovecycling.com\/wide\/wp-json\/wp\/v2\/media?parent=141951"}],"wp:term":[{"taxonomy":"category","embeddable":true,"href":"https:\/\/www.welovecycling.com\/wide\/wp-json\/wp\/v2\/categories?post=141951"},{"taxonomy":"post_tag","embeddable":true,"href":"https:\/\/www.welovecycling.com\/wide\/wp-json\/wp\/v2\/tags?post=141951"},{"taxonomy":"global-categories","embeddable":true,"href":"https:\/\/www.welovecycling.com\/wide\/wp-json\/wp\/v2\/global-categories?post=141951"}],"curies":[{"name":"wp","href":"https:\/\/api.w.org\/{rel}","templated":true}]}}