{"id":141719,"date":"2016-07-04T16:13:57","date_gmt":"2016-07-04T16:13:57","guid":{"rendered":"https:\/\/www.welovecycling.com\/wide\/?p=141719"},"modified":"2016-07-04T16:20:27","modified_gmt":"2016-07-04T16:20:27","slug":"tour-de-france-stage-3-cavendish-2-3","status":"publish","type":"post","link":"https:\/\/www.welovecycling.com\/wide\/2016\/07\/04\/tour-de-france-stage-3-cavendish-2-3\/","title":{"rendered":"Tour de France Stage 3: Cavendish Wins in Angers!"},"content":{"rendered":"<p><strong>Mark Cavendish is now level with Bernard Hinault on the all-time list of Tour de France stage winners with 28 wins after defeating Andr\u00e9 Greipel\u00a0in the close call finish! Read the provisional results below.<\/strong><!--more--><\/p>\n<div class=\"embed-controller-wrapper\">\n<blockquote class=\"twitter-tweet\" data-width=\"500\" data-dnt=\"true\">\n<p lang=\"en\" dir=\"ltr\">2\/3 pour Cavendish ! \/ 2\/3 for Cavendish ! <a href=\"https:\/\/twitter.com\/hashtag\/TDF2016?src=hash&amp;ref_src=twsrc%5Etfw\">#TDF2016<\/a> <a href=\"https:\/\/t.co\/gHcllrf4xK\">pic.twitter.com\/gHcllrf4xK<\/a><\/p>\n<p>&mdash; Tour de France\u2122 (@LeTour) <a href=\"https:\/\/twitter.com\/LeTour\/status\/749997104047808513?ref_src=twsrc%5Etfw\">July 4, 2016<\/a><\/p><\/blockquote>\n<p><script async data-src=\"https:\/\/platform.twitter.com\/widgets.js\" charset=\"utf-8\"><\/script><\/div>\n<h2><strong>Stage 3 Results<\/strong><\/h2>\n<table>\n<tbody>\n<tr class=\"alt\">\n<td class=\"count\" headers=\"position\">1<\/td>\n<td>Mark Cavendish (GBr) Dimension Data<\/td>\n<td class=\"result_column\" headers=\"result\">5:59:54<\/td>\n<td><\/td>\n<\/tr>\n<tr>\n<td class=\"count\" headers=\"position\">2<\/td>\n<td>Andr\u00e9 Greipel (Ger) Lotto Soudal<\/td>\n<td class=\"result_column\" headers=\"result\"><\/td>\n<td><\/td>\n<\/tr>\n<tr class=\"alt\">\n<td class=\"count\" headers=\"position\">3<\/td>\n<td>Bryan Coquard (Fra) Direct Energie<\/td>\n<td class=\"result_column\" headers=\"result\"><\/td>\n<td><\/td>\n<\/tr>\n<tr>\n<td class=\"count\" headers=\"position\">4<\/td>\n<td>Peter Sagan (Svk) Tinkoff Team<\/td>\n<td class=\"result_column\" headers=\"result\"><\/td>\n<td><\/td>\n<\/tr>\n<tr class=\"alt\">\n<td class=\"count\" headers=\"position\">5<\/td>\n<td>Edward Theuns (Bel) Trek-Segafredo<\/td>\n<td class=\"result_column\" headers=\"result\"><\/td>\n<td><\/td>\n<\/tr>\n<tr>\n<td class=\"count\" headers=\"position\">6<\/td>\n<td>Sondre Holst Enger (Nor) IAM Cycling<\/td>\n<td class=\"result_column\" headers=\"result\"><\/td>\n<td><\/td>\n<\/tr>\n<tr class=\"alt\">\n<td class=\"count\" headers=\"position\">7<\/td>\n<td>Marcel Kittel (Ger) Etixx &#8211; Quick-Step<\/td>\n<td class=\"result_column\" headers=\"result\"><\/td>\n<td><\/td>\n<\/tr>\n<tr>\n<td class=\"count\" headers=\"position\">8<\/td>\n<td>Christophe Laporte (Fra) Cofidis, Solutions Credits<\/td>\n<td class=\"result_column\" headers=\"result\"><\/td>\n<td><\/td>\n<\/tr>\n<tr class=\"alt\">\n<td class=\"count\" headers=\"position\">9<\/td>\n<td>Daniel Mclay (GBr) Fortuneo &#8211; Vital Concept<\/td>\n<td class=\"result_column\" headers=\"result\"><\/td>\n<td><\/td>\n<\/tr>\n<tr>\n<td class=\"count\" headers=\"position\">10<\/td>\n<td>Dylan Groenewegen (Ned) Team LottoNl-Jumbo<\/td>\n<td class=\"result_column\" headers=\"result\"><\/td>\n<\/tr>\n<\/tbody>\n<\/table>\n<div class=\"embed-controller-wrapper\">\n<blockquote class=\"twitter-tweet\" data-width=\"500\" data-dnt=\"true\">\n<p lang=\"en\" dir=\"ltr\">ONE MORE CAV !!! <a href=\"https:\/\/twitter.com\/hashtag\/TDF2016?src=hash&amp;ref_src=twsrc%5Etfw\">#TDF2016<\/a> <a href=\"https:\/\/t.co\/qxazvA6AJi\">pic.twitter.com\/qxazvA6AJi<\/a><\/p>\n<p>&mdash; Tour de France\u2122 (@LeTour) <a href=\"https:\/\/twitter.com\/LeTour\/status\/749997436148613120?ref_src=twsrc%5Etfw\">July 4, 2016<\/a><\/p><\/blockquote>\n<p><script async data-src=\"https:\/\/platform.twitter.com\/widgets.js\" charset=\"utf-8\"><\/script><\/div>\n<h2><strong>General Classification<\/strong><\/h2>\n<table>\n<caption>\u00a0<\/caption>\n<tbody>\n<tr class=\"headers\">\n<th class=\"position\" scope=\"col\"><\/th>\n<th class=\"rider\" scope=\"col\"><\/th>\n<th class=\"result\" scope=\"col\"><\/th>\n<\/tr>\n<tr class=\"alt\">\n<td class=\"count\" headers=\"position\">1<\/td>\n<td>Peter Sagan Tinkoff Team<\/td>\n<td class=\"result_column\" headers=\"result\"><\/td>\n<td><\/td>\n<\/tr>\n<tr>\n<td class=\"count\" headers=\"position\">2<\/td>\n<td>Julian Alaphilippe Etixx &#8211; Quick-Step<\/td>\n<td class=\"result_column\" headers=\"result\"><\/td>\n<td><\/td>\n<\/tr>\n<tr class=\"alt\">\n<td class=\"count\" headers=\"position\">3<\/td>\n<td>Alejandro Valverde Movistar Team<\/td>\n<td class=\"result_column\" headers=\"result\"><\/td>\n<td><\/td>\n<\/tr>\n<tr>\n<td class=\"count\" headers=\"position\">4<\/td>\n<td>Christopher Froome Team Sky<\/td>\n<td class=\"result_column\" headers=\"result\"><\/td>\n<td><\/td>\n<\/tr>\n<tr class=\"alt\">\n<td class=\"count\" headers=\"position\">5<\/td>\n<td>Warren Barguil Team Giant-Alpecin<\/td>\n<td class=\"result_column\" headers=\"result\"><\/td>\n<td><\/td>\n<\/tr>\n<tr>\n<td class=\"count\" headers=\"position\">6<\/td>\n<td>Nairo Quintana Movistar Team<\/td>\n<td class=\"result_column\" headers=\"result\"><\/td>\n<td><\/td>\n<\/tr>\n<tr class=\"alt\">\n<td class=\"count\" headers=\"position\">7<\/td>\n<td>Roman Kreuziger Tinkoff Team<\/td>\n<td class=\"result_column\" headers=\"result\"><\/td>\n<td><\/td>\n<\/tr>\n<tr>\n<td class=\"count\" headers=\"position\">8<\/td>\n<td>Tony Gallopin Lotto Soudal<\/td>\n<td class=\"result_column\" headers=\"result\"><\/td>\n<td><\/td>\n<\/tr>\n<tr class=\"alt\">\n<td class=\"count\" headers=\"position\">9<\/td>\n<td>Fabio Aru Astana Pro Team<\/td>\n<td class=\"result_column\" headers=\"result\"><\/td>\n<td><\/td>\n<\/tr>\n<tr>\n<td class=\"count\" headers=\"position\">10<\/td>\n<td>Daniel Martin Etixx &#8211; Quick-Step<\/td>\n<td class=\"result_column\" headers=\"result\"><\/td>\n<td><\/td>\n<\/tr>\n<\/tbody>\n<\/table>\n","protected":false},"excerpt":{"rendered":"<p>Mark Cavendish is now level with Bernard Hinault on the all-time list of Tour de France stage winners with 28 [&hellip;]<\/p>\n","protected":false},"author":12,"featured_media":141720,"comment_status":"open","ping_status":"open","sticky":false,"template":"","format":"standard","meta":{"footnotes":""},"categories":[329],"tags":[433],"global-categories":[],"class_list":["post-141719","post","type-post","status-publish","format-standard","has-post-thumbnail","hentry","category-road-cycling","tag-tour-de-france"],"yoast_head":"<!-- This site is optimized with the Yoast SEO Premium plugin v25.3 (Yoast SEO v25.9) - https:\/\/yoast.com\/wordpress\/plugins\/seo\/ -->\n<title>Tour de France Stage 3: Cavendish Wins in Angers! - \u0160koda We Love Cycling<\/title>\n<meta name=\"description\" content=\"Mark Cavendish is now level with Bernard Hinault on the all-time list of Tour de France stage winners with 28 wins after defeating Andr\u00e9 Greipel\u00a0in the\" \/>\n<meta name=\"robots\" content=\"index, follow, max-snippet:-1, max-image-preview:large, max-video-preview:-1\" \/>\n<link rel=\"canonical\" href=\"https:\/\/www.welovecycling.com\/wide\/2016\/07\/04\/tour-de-france-stage-3-cavendish-2-3\/\" \/>\n<meta property=\"og:locale\" content=\"en_US\" \/>\n<meta property=\"og:type\" content=\"article\" \/>\n<meta property=\"og:title\" content=\"Tour de France Stage 3: Cavendish Wins in Angers!\" \/>\n<meta property=\"og:description\" content=\"Mark Cavendish is now level with Bernard Hinault on the all-time list of Tour de France stage winners with 28 wins after defeating Andr\u00e9 Greipel\u00a0in the\" \/>\n<meta property=\"og:url\" content=\"https:\/\/www.welovecycling.com\/wide\/2016\/07\/04\/tour-de-france-stage-3-cavendish-2-3\/\" \/>\n<meta property=\"og:site_name\" content=\"\u0160koda We Love Cycling\" \/>\n<meta property=\"article:published_time\" content=\"2016-07-04T16:13:57+00:00\" \/>\n<meta property=\"article:modified_time\" content=\"2016-07-04T16:20:27+00:00\" \/>\n<meta property=\"og:image\" content=\"https:\/\/d2p6e6u75xmxt8.cloudfront.net\/2\/2016\/07\/313142_1313142.webp\" \/>\n\t<meta property=\"og:image:width\" content=\"900\" \/>\n\t<meta property=\"og:image:height\" content=\"600\" \/>\n\t<meta property=\"og:image:type\" content=\"image\/webp\" \/>\n<meta name=\"twitter:card\" content=\"summary_large_image\" \/>\n<meta name=\"twitter:label1\" content=\"Written by\" \/>\n\t<meta name=\"twitter:data1\" content=\"Martin Mrazek\" \/>\n\t<meta name=\"twitter:label2\" content=\"Est. reading time\" \/>\n\t<meta name=\"twitter:data2\" content=\"1 minute\" \/>\n<script type=\"application\/ld+json\" class=\"yoast-schema-graph\">{\"@context\":\"https:\/\/schema.org\",\"@graph\":[{\"@type\":\"WebPage\",\"@id\":\"https:\/\/www.welovecycling.com\/wide\/2016\/07\/04\/tour-de-france-stage-3-cavendish-2-3\/\",\"url\":\"https:\/\/www.welovecycling.com\/wide\/2016\/07\/04\/tour-de-france-stage-3-cavendish-2-3\/\",\"name\":\"Tour de France Stage 3: Cavendish Wins in Angers! - \u0160koda We Love Cycling\",\"isPartOf\":{\"@id\":\"https:\/\/www.welovecycling.com\/wide\/#website\"},\"primaryImageOfPage\":{\"@id\":\"https:\/\/www.welovecycling.com\/wide\/2016\/07\/04\/tour-de-france-stage-3-cavendish-2-3\/#primaryimage\"},\"image\":{\"@id\":\"https:\/\/www.welovecycling.com\/wide\/2016\/07\/04\/tour-de-france-stage-3-cavendish-2-3\/#primaryimage\"},\"thumbnailUrl\":\"https:\/\/d2p6e6u75xmxt8.cloudfront.net\/2\/2016\/07\/313142_1313142.webp\",\"datePublished\":\"2016-07-04T16:13:57+00:00\",\"dateModified\":\"2016-07-04T16:20:27+00:00\",\"author\":{\"@id\":\"\"},\"description\":\"Mark Cavendish is now level with Bernard Hinault on the all-time list of Tour de France stage winners with 28 wins after defeating Andr\u00e9 Greipel\u00a0in the\",\"breadcrumb\":{\"@id\":\"https:\/\/www.welovecycling.com\/wide\/2016\/07\/04\/tour-de-france-stage-3-cavendish-2-3\/#breadcrumb\"},\"inLanguage\":\"en-US\",\"potentialAction\":[{\"@type\":\"ReadAction\",\"target\":[\"https:\/\/www.welovecycling.com\/wide\/2016\/07\/04\/tour-de-france-stage-3-cavendish-2-3\/\"]}]},{\"@type\":\"ImageObject\",\"inLanguage\":\"en-US\",\"@id\":\"https:\/\/www.welovecycling.com\/wide\/2016\/07\/04\/tour-de-france-stage-3-cavendish-2-3\/#primaryimage\",\"url\":\"https:\/\/d2p6e6u75xmxt8.cloudfront.net\/2\/2016\/07\/313142_1313142.webp\",\"contentUrl\":\"https:\/\/d2p6e6u75xmxt8.cloudfront.net\/2\/2016\/07\/313142_1313142.webp\",\"width\":900,\"height\":600},{\"@type\":\"BreadcrumbList\",\"@id\":\"https:\/\/www.welovecycling.com\/wide\/2016\/07\/04\/tour-de-france-stage-3-cavendish-2-3\/#breadcrumb\",\"itemListElement\":[{\"@type\":\"ListItem\",\"position\":1,\"name\":\"Home\",\"item\":\"https:\/\/www.welovecycling.com\/wide\/\"},{\"@type\":\"ListItem\",\"position\":2,\"name\":\"Tour de France Stage 3: Cavendish Wins in Angers!\"}]},{\"@type\":\"WebSite\",\"@id\":\"https:\/\/www.welovecycling.com\/wide\/#website\",\"url\":\"https:\/\/www.welovecycling.com\/wide\/\",\"name\":\"\u0160koda We Love Cycling\",\"description\":\"\u0160koda We Love Cycling magazine\",\"alternateName\":\"\u0160koda WLC\",\"potentialAction\":[{\"@type\":\"SearchAction\",\"target\":{\"@type\":\"EntryPoint\",\"urlTemplate\":\"https:\/\/www.welovecycling.com\/wide\/?s={search_term_string}\"},\"query-input\":{\"@type\":\"PropertyValueSpecification\",\"valueRequired\":true,\"valueName\":\"search_term_string\"}}],\"inLanguage\":\"en-US\"},{\"@type\":\"Person\",\"@id\":\"\",\"url\":\"https:\/\/www.welovecycling.com\/wide\/author\/\"}]}<\/script>\n<!-- \/ Yoast SEO Premium plugin. -->","yoast_head_json":{"title":"Tour de France Stage 3: Cavendish Wins in Angers! - \u0160koda We Love Cycling","description":"Mark Cavendish is now level with Bernard Hinault on the all-time list of Tour de France stage winners with 28 wins after defeating Andr\u00e9 Greipel\u00a0in the","robots":{"index":"index","follow":"follow","max-snippet":"max-snippet:-1","max-image-preview":"max-image-preview:large","max-video-preview":"max-video-preview:-1"},"canonical":"https:\/\/www.welovecycling.com\/wide\/2016\/07\/04\/tour-de-france-stage-3-cavendish-2-3\/","og_locale":"en_US","og_type":"article","og_title":"Tour de France Stage 3: Cavendish Wins in Angers!","og_description":"Mark Cavendish is now level with Bernard Hinault on the all-time list of Tour de France stage winners with 28 wins after defeating Andr\u00e9 Greipel\u00a0in the","og_url":"https:\/\/www.welovecycling.com\/wide\/2016\/07\/04\/tour-de-france-stage-3-cavendish-2-3\/","og_site_name":"\u0160koda We Love Cycling","article_published_time":"2016-07-04T16:13:57+00:00","article_modified_time":"2016-07-04T16:20:27+00:00","og_image":[{"width":900,"height":600,"url":"https:\/\/d2p6e6u75xmxt8.cloudfront.net\/2\/2016\/07\/313142_1313142.webp","type":"image\/webp"}],"twitter_card":"summary_large_image","twitter_misc":{"Written by":"Martin Mrazek","Est. reading time":"1 minute"},"schema":{"@context":"https:\/\/schema.org","@graph":[{"@type":"WebPage","@id":"https:\/\/www.welovecycling.com\/wide\/2016\/07\/04\/tour-de-france-stage-3-cavendish-2-3\/","url":"https:\/\/www.welovecycling.com\/wide\/2016\/07\/04\/tour-de-france-stage-3-cavendish-2-3\/","name":"Tour de France Stage 3: Cavendish Wins in Angers! - \u0160koda We Love Cycling","isPartOf":{"@id":"https:\/\/www.welovecycling.com\/wide\/#website"},"primaryImageOfPage":{"@id":"https:\/\/www.welovecycling.com\/wide\/2016\/07\/04\/tour-de-france-stage-3-cavendish-2-3\/#primaryimage"},"image":{"@id":"https:\/\/www.welovecycling.com\/wide\/2016\/07\/04\/tour-de-france-stage-3-cavendish-2-3\/#primaryimage"},"thumbnailUrl":"https:\/\/d2p6e6u75xmxt8.cloudfront.net\/2\/2016\/07\/313142_1313142.webp","datePublished":"2016-07-04T16:13:57+00:00","dateModified":"2016-07-04T16:20:27+00:00","author":{"@id":""},"description":"Mark Cavendish is now level with Bernard Hinault on the all-time list of Tour de France stage winners with 28 wins after defeating Andr\u00e9 Greipel\u00a0in the","breadcrumb":{"@id":"https:\/\/www.welovecycling.com\/wide\/2016\/07\/04\/tour-de-france-stage-3-cavendish-2-3\/#breadcrumb"},"inLanguage":"en-US","potentialAction":[{"@type":"ReadAction","target":["https:\/\/www.welovecycling.com\/wide\/2016\/07\/04\/tour-de-france-stage-3-cavendish-2-3\/"]}]},{"@type":"ImageObject","inLanguage":"en-US","@id":"https:\/\/www.welovecycling.com\/wide\/2016\/07\/04\/tour-de-france-stage-3-cavendish-2-3\/#primaryimage","url":"https:\/\/d2p6e6u75xmxt8.cloudfront.net\/2\/2016\/07\/313142_1313142.webp","contentUrl":"https:\/\/d2p6e6u75xmxt8.cloudfront.net\/2\/2016\/07\/313142_1313142.webp","width":900,"height":600},{"@type":"BreadcrumbList","@id":"https:\/\/www.welovecycling.com\/wide\/2016\/07\/04\/tour-de-france-stage-3-cavendish-2-3\/#breadcrumb","itemListElement":[{"@type":"ListItem","position":1,"name":"Home","item":"https:\/\/www.welovecycling.com\/wide\/"},{"@type":"ListItem","position":2,"name":"Tour de France Stage 3: Cavendish Wins in Angers!"}]},{"@type":"WebSite","@id":"https:\/\/www.welovecycling.com\/wide\/#website","url":"https:\/\/www.welovecycling.com\/wide\/","name":"\u0160koda We Love Cycling","description":"\u0160koda We Love Cycling magazine","alternateName":"\u0160koda WLC","potentialAction":[{"@type":"SearchAction","target":{"@type":"EntryPoint","urlTemplate":"https:\/\/www.welovecycling.com\/wide\/?s={search_term_string}"},"query-input":{"@type":"PropertyValueSpecification","valueRequired":true,"valueName":"search_term_string"}}],"inLanguage":"en-US"},{"@type":"Person","@id":"","url":"https:\/\/www.welovecycling.com\/wide\/author\/"}]}},"_links":{"self":[{"href":"https:\/\/www.welovecycling.com\/wide\/wp-json\/wp\/v2\/posts\/141719","targetHints":{"allow":["GET"]}}],"collection":[{"href":"https:\/\/www.welovecycling.com\/wide\/wp-json\/wp\/v2\/posts"}],"about":[{"href":"https:\/\/www.welovecycling.com\/wide\/wp-json\/wp\/v2\/types\/post"}],"author":[{"embeddable":true,"href":"https:\/\/www.welovecycling.com\/wide\/wp-json\/wp\/v2\/users\/12"}],"replies":[{"embeddable":true,"href":"https:\/\/www.welovecycling.com\/wide\/wp-json\/wp\/v2\/comments?post=141719"}],"version-history":[{"count":2,"href":"https:\/\/www.welovecycling.com\/wide\/wp-json\/wp\/v2\/posts\/141719\/revisions"}],"predecessor-version":[{"id":141725,"href":"https:\/\/www.welovecycling.com\/wide\/wp-json\/wp\/v2\/posts\/141719\/revisions\/141725"}],"wp:featuredmedia":[{"embeddable":true,"href":"https:\/\/www.welovecycling.com\/wide\/wp-json\/wp\/v2\/media\/141720"}],"wp:attachment":[{"href":"https:\/\/www.welovecycling.com\/wide\/wp-json\/wp\/v2\/media?parent=141719"}],"wp:term":[{"taxonomy":"category","embeddable":true,"href":"https:\/\/www.welovecycling.com\/wide\/wp-json\/wp\/v2\/categories?post=141719"},{"taxonomy":"post_tag","embeddable":true,"href":"https:\/\/www.welovecycling.com\/wide\/wp-json\/wp\/v2\/tags?post=141719"},{"taxonomy":"global-categories","embeddable":true,"href":"https:\/\/www.welovecycling.com\/wide\/wp-json\/wp\/v2\/global-categories?post=141719"}],"curies":[{"name":"wp","href":"https:\/\/api.w.org\/{rel}","templated":true}]}}