{"id":141714,"date":"2016-07-04T12:17:49","date_gmt":"2016-07-04T12:17:49","guid":{"rendered":"https:\/\/www.welovecycling.com\/wide\/?p=141714"},"modified":"2016-07-04T12:25:27","modified_gmt":"2016-07-04T12:25:27","slug":"uci-mtb-world-championships","status":"publish","type":"post","link":"https:\/\/www.welovecycling.com\/wide\/2016\/07\/04\/uci-mtb-world-championships\/","title":{"rendered":"UCI MTB World Championships: Schurter Scores Fifth Elite Title!"},"content":{"rendered":"<p><strong>The 2016 UCI Mountain Bike World Championships concluded on Sunday in Nove Mesto na Morave, Czech Republic, with the Elite Men&#8217;s cross-country competition. Switzerland&#8217;s Nino Schurter successfully defended his title, tying Julien Absalon&#8217;s (France) record of five Elite titles. Czech hero Jaroslav Kulhavy was second and Absalon third. Earlier in the day, Jenny Rissveds of Sweden won the Under-23 Women&#8217;s title. Swiss riders took the other two podium spots, with Sina Frei finishing second and Alessandra Keller third.<\/strong><br \/>\n<!--more--><\/p>\n<p>The crowd of over 23,000 was hoping for a Czech victory, and initially the chances looked good, with Schurter, Kulhavy, and another Czech rider, Ondrej Cink, getting a gap on the start loop. Absalon was chasing, but wouldn&#8217;t join the leaders until the third lap, halfway into the race. A lap later, Schurter attacked, quickly gaining 20 seconds. Cink was dropped from the chase by Absalon and Kulhavy and then on the final lap, much to the delight of the Czech crowd, Kulhavy dropped Absalon to finish 17 seconds after Schurter, with Absalon coming in a further 13 seconds back.<\/p>\n<p><img loading=\"lazy\" decoding=\"async\" class=\"alignnone wp-image-141717\" src=\"https:\/\/d2p6e6u75xmxt8.cloudfront.net\/2\/2016\/07\/profimedia-0293044856-1024x682.jpg\" alt=\"3.7.2016 Nov\u00e9 m\u011bsto na Morav\u011b \u010cR \/Sport\/ Mountain bike\/ horsk\u00e1 kola mountain bike\/ 27.mistrovstv\u00ed sv\u011bta\/mu\u017ei Elite foto CPA\" width=\"800\" height=\"533\" \/><\/p>\n<p>&#8220;I\u2019m super happy about this race, this was a nice win,&#8221; Schurter said. &#8220;It was a nearly perfect race for me. Jaroslav went fast out from the start and I was able to go with him and draft quite nicely behind him. When Absalon joined us I thought \u00b4well, now it&#8217;s better to attack\u00b4 and see if the others could respond. It is amazing, the crowd goes wild when Jaroslav comes by. That&#8217;s really great atmosphere here. It is always nice to battle with Absalon, and the best feeling is to beat those two. I am really happy about this win.&#8221;<\/p>\n<p>Jaroslav Kulhavy was also happy, although he wanted to reach the golden medal too. \u201eIn Nove Mesto, the cheering of the crowd was the biggest I\u2019ve ever had in my life. The second place is fine for me as I couldn\u2019t find my own rhythm and pace during the race. I believe I\u2019ll be in a good shape for the Olympics in Rio now,\u201d Kulhavy said.<\/p>\n<p>In the Under-23 women&#8217;s race a group of four riders formed at the front of the race on the start lap, with Evie Richards of Great Britain joining Rissveds, Frei, and Keller. Rissveds delayed her attack until the second lap of the 19-kilometer race, mindful of how Frei had countered her attack at the European Championships to win that title.<\/p>\n<lite-youtube videoid=7UfOIYmHwqw params=\"enablejsapi=1\" style=\"background-image: url('https:\/\/i.ytimg.com\/vi_webp\/7UfOIYmHwqw\/maxresdefault.webp');\"><\/lite-youtube>\n<p>On the second lap Rissveds dropped the other riders to solo in for the title. Keller held the silver medal position until the final lap, when Frei surged by her team mate to finish 1:04 behind Rissveds. Keller finished a further 18 seconds back.<\/p>\n<p>&#8220;The course here is like in Sweden, with the rocks and the roots, so I like it very much and I think it is good for me,&#8221; commented Rissveds. &#8220;Sina surprised me in the Europeans, when she was so strong and I could not go with her. So, this time I was more cautious and rode with the others for a while to study and see where I was strong and they were strong, before I made my attack.&#8221;<\/p>\n","protected":false},"excerpt":{"rendered":"<p>The 2016 UCI Mountain Bike World Championships concluded on Sunday in Nove Mesto na Morave, Czech Republic, with the Elite [&hellip;]<\/p>\n","protected":false},"author":12,"featured_media":141715,"comment_status":"open","ping_status":"open","sticky":false,"template":"","format":"standard","meta":{"footnotes":""},"categories":[4142],"tags":[458,457],"global-categories":[],"class_list":["post-141714","post","type-post","status-publish","format-standard","has-post-thumbnail","hentry","category-ride2unite","tag-jaroslav-kulhavy","tag-uci-mtb-championships"],"yoast_head":"<!-- This site is optimized with the Yoast SEO Premium plugin v25.3 (Yoast SEO v25.9) - https:\/\/yoast.com\/wordpress\/plugins\/seo\/ -->\n<title>UCI MTB World Championships: Schurter Scores Fifth Elite Title! - \u0160koda We Love Cycling<\/title>\n<meta name=\"description\" content=\"The 2016 UCI Mountain Bike World Championships concluded on Sunday in Nove Mesto na Morave, Czech Republic, with the Elite Men&#039;s cross-country\" \/>\n<meta name=\"robots\" content=\"index, follow, max-snippet:-1, max-image-preview:large, max-video-preview:-1\" \/>\n<link rel=\"canonical\" href=\"https:\/\/www.welovecycling.com\/wide\/2016\/07\/04\/uci-mtb-world-championships\/\" \/>\n<meta property=\"og:locale\" content=\"en_US\" \/>\n<meta property=\"og:type\" content=\"article\" \/>\n<meta property=\"og:title\" content=\"UCI MTB World Championships: Schurter Scores Fifth Elite Title!\" \/>\n<meta property=\"og:description\" content=\"The 2016 UCI Mountain Bike World Championships concluded on Sunday in Nove Mesto na Morave, Czech Republic, with the Elite Men&#039;s cross-country\" \/>\n<meta property=\"og:url\" content=\"https:\/\/www.welovecycling.com\/wide\/2016\/07\/04\/uci-mtb-world-championships\/\" \/>\n<meta property=\"og:site_name\" content=\"\u0160koda We Love Cycling\" \/>\n<meta property=\"article:published_time\" content=\"2016-07-04T12:17:49+00:00\" \/>\n<meta property=\"article:modified_time\" content=\"2016-07-04T12:25:27+00:00\" \/>\n<meta property=\"og:image\" content=\"https:\/\/d2p6e6u75xmxt8.cloudfront.net\/2\/2016\/07\/5848948_594898.webp\" \/>\n\t<meta property=\"og:image:width\" content=\"900\" \/>\n\t<meta property=\"og:image:height\" content=\"600\" \/>\n\t<meta property=\"og:image:type\" content=\"image\/webp\" \/>\n<meta name=\"twitter:card\" content=\"summary_large_image\" \/>\n<meta name=\"twitter:label1\" content=\"Written by\" \/>\n\t<meta name=\"twitter:data1\" content=\"Adam Marsal\" \/>\n\t<meta name=\"twitter:label2\" content=\"Est. reading time\" \/>\n\t<meta name=\"twitter:data2\" content=\"3 minutes\" \/>\n<script type=\"application\/ld+json\" class=\"yoast-schema-graph\">{\"@context\":\"https:\/\/schema.org\",\"@graph\":[{\"@type\":\"WebPage\",\"@id\":\"https:\/\/www.welovecycling.com\/wide\/2016\/07\/04\/uci-mtb-world-championships\/\",\"url\":\"https:\/\/www.welovecycling.com\/wide\/2016\/07\/04\/uci-mtb-world-championships\/\",\"name\":\"UCI MTB World Championships: Schurter Scores Fifth Elite Title! - \u0160koda We Love Cycling\",\"isPartOf\":{\"@id\":\"https:\/\/www.welovecycling.com\/wide\/#website\"},\"primaryImageOfPage\":{\"@id\":\"https:\/\/www.welovecycling.com\/wide\/2016\/07\/04\/uci-mtb-world-championships\/#primaryimage\"},\"image\":{\"@id\":\"https:\/\/www.welovecycling.com\/wide\/2016\/07\/04\/uci-mtb-world-championships\/#primaryimage\"},\"thumbnailUrl\":\"https:\/\/d2p6e6u75xmxt8.cloudfront.net\/2\/2016\/07\/5848948_594898.webp\",\"datePublished\":\"2016-07-04T12:17:49+00:00\",\"dateModified\":\"2016-07-04T12:25:27+00:00\",\"author\":{\"@id\":\"\"},\"description\":\"The 2016 UCI Mountain Bike World Championships concluded on Sunday in Nove Mesto na Morave, Czech Republic, with the Elite Men's cross-country\",\"breadcrumb\":{\"@id\":\"https:\/\/www.welovecycling.com\/wide\/2016\/07\/04\/uci-mtb-world-championships\/#breadcrumb\"},\"inLanguage\":\"en-US\",\"potentialAction\":[{\"@type\":\"ReadAction\",\"target\":[\"https:\/\/www.welovecycling.com\/wide\/2016\/07\/04\/uci-mtb-world-championships\/\"]}]},{\"@type\":\"ImageObject\",\"inLanguage\":\"en-US\",\"@id\":\"https:\/\/www.welovecycling.com\/wide\/2016\/07\/04\/uci-mtb-world-championships\/#primaryimage\",\"url\":\"https:\/\/d2p6e6u75xmxt8.cloudfront.net\/2\/2016\/07\/5848948_594898.webp\",\"contentUrl\":\"https:\/\/d2p6e6u75xmxt8.cloudfront.net\/2\/2016\/07\/5848948_594898.webp\",\"width\":900,\"height\":600},{\"@type\":\"BreadcrumbList\",\"@id\":\"https:\/\/www.welovecycling.com\/wide\/2016\/07\/04\/uci-mtb-world-championships\/#breadcrumb\",\"itemListElement\":[{\"@type\":\"ListItem\",\"position\":1,\"name\":\"Home\",\"item\":\"https:\/\/www.welovecycling.com\/wide\/\"},{\"@type\":\"ListItem\",\"position\":2,\"name\":\"UCI MTB World Championships: Schurter Scores Fifth Elite Title!\"}]},{\"@type\":\"WebSite\",\"@id\":\"https:\/\/www.welovecycling.com\/wide\/#website\",\"url\":\"https:\/\/www.welovecycling.com\/wide\/\",\"name\":\"\u0160koda We Love Cycling\",\"description\":\"\u0160koda We Love Cycling magazine\",\"alternateName\":\"\u0160koda WLC\",\"potentialAction\":[{\"@type\":\"SearchAction\",\"target\":{\"@type\":\"EntryPoint\",\"urlTemplate\":\"https:\/\/www.welovecycling.com\/wide\/?s={search_term_string}\"},\"query-input\":{\"@type\":\"PropertyValueSpecification\",\"valueRequired\":true,\"valueName\":\"search_term_string\"}}],\"inLanguage\":\"en-US\"},{\"@type\":\"Person\",\"@id\":\"\",\"url\":\"https:\/\/www.welovecycling.com\/wide\/author\/\"}]}<\/script>\n<!-- \/ Yoast SEO Premium plugin. -->","yoast_head_json":{"title":"UCI MTB World Championships: Schurter Scores Fifth Elite Title! - \u0160koda We Love Cycling","description":"The 2016 UCI Mountain Bike World Championships concluded on Sunday in Nove Mesto na Morave, Czech Republic, with the Elite Men's cross-country","robots":{"index":"index","follow":"follow","max-snippet":"max-snippet:-1","max-image-preview":"max-image-preview:large","max-video-preview":"max-video-preview:-1"},"canonical":"https:\/\/www.welovecycling.com\/wide\/2016\/07\/04\/uci-mtb-world-championships\/","og_locale":"en_US","og_type":"article","og_title":"UCI MTB World Championships: Schurter Scores Fifth Elite Title!","og_description":"The 2016 UCI Mountain Bike World Championships concluded on Sunday in Nove Mesto na Morave, Czech Republic, with the Elite Men's cross-country","og_url":"https:\/\/www.welovecycling.com\/wide\/2016\/07\/04\/uci-mtb-world-championships\/","og_site_name":"\u0160koda We Love Cycling","article_published_time":"2016-07-04T12:17:49+00:00","article_modified_time":"2016-07-04T12:25:27+00:00","og_image":[{"width":900,"height":600,"url":"https:\/\/d2p6e6u75xmxt8.cloudfront.net\/2\/2016\/07\/5848948_594898.webp","type":"image\/webp"}],"twitter_card":"summary_large_image","twitter_misc":{"Written by":"Adam Marsal","Est. reading time":"3 minutes"},"schema":{"@context":"https:\/\/schema.org","@graph":[{"@type":"WebPage","@id":"https:\/\/www.welovecycling.com\/wide\/2016\/07\/04\/uci-mtb-world-championships\/","url":"https:\/\/www.welovecycling.com\/wide\/2016\/07\/04\/uci-mtb-world-championships\/","name":"UCI MTB World Championships: Schurter Scores Fifth Elite Title! - \u0160koda We Love Cycling","isPartOf":{"@id":"https:\/\/www.welovecycling.com\/wide\/#website"},"primaryImageOfPage":{"@id":"https:\/\/www.welovecycling.com\/wide\/2016\/07\/04\/uci-mtb-world-championships\/#primaryimage"},"image":{"@id":"https:\/\/www.welovecycling.com\/wide\/2016\/07\/04\/uci-mtb-world-championships\/#primaryimage"},"thumbnailUrl":"https:\/\/d2p6e6u75xmxt8.cloudfront.net\/2\/2016\/07\/5848948_594898.webp","datePublished":"2016-07-04T12:17:49+00:00","dateModified":"2016-07-04T12:25:27+00:00","author":{"@id":""},"description":"The 2016 UCI Mountain Bike World Championships concluded on Sunday in Nove Mesto na Morave, Czech Republic, with the Elite Men's cross-country","breadcrumb":{"@id":"https:\/\/www.welovecycling.com\/wide\/2016\/07\/04\/uci-mtb-world-championships\/#breadcrumb"},"inLanguage":"en-US","potentialAction":[{"@type":"ReadAction","target":["https:\/\/www.welovecycling.com\/wide\/2016\/07\/04\/uci-mtb-world-championships\/"]}]},{"@type":"ImageObject","inLanguage":"en-US","@id":"https:\/\/www.welovecycling.com\/wide\/2016\/07\/04\/uci-mtb-world-championships\/#primaryimage","url":"https:\/\/d2p6e6u75xmxt8.cloudfront.net\/2\/2016\/07\/5848948_594898.webp","contentUrl":"https:\/\/d2p6e6u75xmxt8.cloudfront.net\/2\/2016\/07\/5848948_594898.webp","width":900,"height":600},{"@type":"BreadcrumbList","@id":"https:\/\/www.welovecycling.com\/wide\/2016\/07\/04\/uci-mtb-world-championships\/#breadcrumb","itemListElement":[{"@type":"ListItem","position":1,"name":"Home","item":"https:\/\/www.welovecycling.com\/wide\/"},{"@type":"ListItem","position":2,"name":"UCI MTB World Championships: Schurter Scores Fifth Elite Title!"}]},{"@type":"WebSite","@id":"https:\/\/www.welovecycling.com\/wide\/#website","url":"https:\/\/www.welovecycling.com\/wide\/","name":"\u0160koda We Love Cycling","description":"\u0160koda We Love Cycling magazine","alternateName":"\u0160koda WLC","potentialAction":[{"@type":"SearchAction","target":{"@type":"EntryPoint","urlTemplate":"https:\/\/www.welovecycling.com\/wide\/?s={search_term_string}"},"query-input":{"@type":"PropertyValueSpecification","valueRequired":true,"valueName":"search_term_string"}}],"inLanguage":"en-US"},{"@type":"Person","@id":"","url":"https:\/\/www.welovecycling.com\/wide\/author\/"}]}},"_links":{"self":[{"href":"https:\/\/www.welovecycling.com\/wide\/wp-json\/wp\/v2\/posts\/141714","targetHints":{"allow":["GET"]}}],"collection":[{"href":"https:\/\/www.welovecycling.com\/wide\/wp-json\/wp\/v2\/posts"}],"about":[{"href":"https:\/\/www.welovecycling.com\/wide\/wp-json\/wp\/v2\/types\/post"}],"author":[{"embeddable":true,"href":"https:\/\/www.welovecycling.com\/wide\/wp-json\/wp\/v2\/users\/12"}],"replies":[{"embeddable":true,"href":"https:\/\/www.welovecycling.com\/wide\/wp-json\/wp\/v2\/comments?post=141714"}],"version-history":[{"count":2,"href":"https:\/\/www.welovecycling.com\/wide\/wp-json\/wp\/v2\/posts\/141714\/revisions"}],"predecessor-version":[{"id":141718,"href":"https:\/\/www.welovecycling.com\/wide\/wp-json\/wp\/v2\/posts\/141714\/revisions\/141718"}],"wp:featuredmedia":[{"embeddable":true,"href":"https:\/\/www.welovecycling.com\/wide\/wp-json\/wp\/v2\/media\/141715"}],"wp:attachment":[{"href":"https:\/\/www.welovecycling.com\/wide\/wp-json\/wp\/v2\/media?parent=141714"}],"wp:term":[{"taxonomy":"category","embeddable":true,"href":"https:\/\/www.welovecycling.com\/wide\/wp-json\/wp\/v2\/categories?post=141714"},{"taxonomy":"post_tag","embeddable":true,"href":"https:\/\/www.welovecycling.com\/wide\/wp-json\/wp\/v2\/tags?post=141714"},{"taxonomy":"global-categories","embeddable":true,"href":"https:\/\/www.welovecycling.com\/wide\/wp-json\/wp\/v2\/global-categories?post=141714"}],"curies":[{"name":"wp","href":"https:\/\/api.w.org\/{rel}","templated":true}]}}