{"id":141127,"date":"2016-05-31T14:47:14","date_gmt":"2016-05-31T14:47:14","guid":{"rendered":"https:\/\/www.welovecycling.com\/wide\/?p=141127"},"modified":"2016-05-31T14:47:14","modified_gmt":"2016-05-31T14:47:14","slug":"test-best-couldnt-miss-biggest-spanish-mtb-event","status":"publish","type":"post","link":"https:\/\/www.welovecycling.com\/wide\/2016\/05\/31\/test-best-couldnt-miss-biggest-spanish-mtb-event\/","title":{"rendered":"Test the Best: We Couldn\u2019t Miss the Biggest Spanish MTB Event"},"content":{"rendered":"<p><strong>The Guadarrama National Park in Cercedilla, possibly the best MTB haven in Spain, played a host to the biggest Spanish MTB event last weekend \u2013 the Test the Best! Our ambassador Juan Jos\u00e9 Sim\u00f3n was there as the official Mondraker rider so we\u2019re able to bring you his first-hand experience.<\/strong><br \/>\n<!--more--><\/p>\n<p>The fifth annual edition of Test the Best brought us Bike Marat\u00f3n Sierra de Madrid, B-PRO MTB de la Mujer, Women MTB race, and even many junior events, but the weekend itself wasn\u2019t just about the races.<\/p>\n<p><img loading=\"lazy\" decoding=\"async\" class=\"alignnone wp-image-141138\" src=\"https:\/\/d2p6e6u75xmxt8.cloudfront.net\/2\/2016\/05\/JJSIM\u00d3N-MONDRAKER-TEST-THE-BEST-20016-3-1.jpg\" alt=\"The fifth annual edition of Test the Best brought us Bike Marat\u00f3n Sierra de Madrid, B-PRO MTB de la Mujer, Women MTB race, and even many junior events, but the weekend itself wasn\u2019t just about the races.\" width=\"800\" height=\"533\" \/><\/p>\n<p>All the important brands from the MTB world were there, which gave the visitors a chance to test all the latest products. The possibility of trying out the bike you would like to buy and therefore easily making up your mind is a big part of this event, which has again attracted thousands of people throughout the weekend.<\/p>\n<p><img loading=\"lazy\" decoding=\"async\" class=\"alignnone wp-image-141131\" src=\"https:\/\/d2p6e6u75xmxt8.cloudfront.net\/2\/2016\/05\/JJSIM\u00d3N-MONDRAKER-TEST-THE-BEST-20016-WLC.jpg\" alt=\"Our ambassador Juan had the opportunity to test Mondraker bikes with more than 150 fans and was surprised to see that the kind of bikes people requested by far the most were e-bikes.\" width=\"800\" height=\"600\" \/><\/p>\n<p>Our ambassador Juan had the opportunity to test Mondraker bikes with more than 150 fans and was surprised to see that the kind of bikes people requested by far the most were e-bikes.<\/p>\n<p>There was even a stand promoting the \u0160koda Gran Fondo Buitrago, the unique MTB Marathon, which will take place in Sierra de Madrid this September. All in all, it was an amazing weekend!<\/p>\n<p><img loading=\"lazy\" decoding=\"async\" class=\"alignnone wp-image-141134\" src=\"https:\/\/d2p6e6u75xmxt8.cloudfront.net\/2\/2016\/05\/JJSIM\u00d3N-MONDRAKER-TEST-THE-BEST-20016-75.jpg\" alt=\"There was even a stand promoting the \u0160koda Gran Fondo Buitrago, the unique MTB Marathon, which will take place in Sierra de Madrid this September. All in all, it was an amazing weekend!\" width=\"800\" height=\"600\" \/><\/p>\n<p>&nbsp;<\/p>\n","protected":false},"excerpt":{"rendered":"<p>The Guadarrama National Park in Cercedilla, possibly the best MTB haven in Spain, played a host to the biggest Spanish [&hellip;]<\/p>\n","protected":false},"author":12,"featured_media":141130,"comment_status":"open","ping_status":"open","sticky":false,"template":"","format":"standard","meta":{"footnotes":""},"categories":[328],"tags":[417,429],"global-categories":[],"class_list":["post-141127","post","type-post","status-publish","format-standard","has-post-thumbnail","hentry","category-outdoor-mountain","tag-mondraker","tag-test-the-best"],"yoast_head":"<!-- This site is optimized with the Yoast SEO Premium plugin v25.3 (Yoast SEO v25.9) - https:\/\/yoast.com\/wordpress\/plugins\/seo\/ -->\n<title>Test the Best: We Couldn\u2019t Miss the Biggest Spanish MTB Event - \u0160koda We Love Cycling<\/title>\n<meta name=\"description\" content=\"The Guadarrama National Park in Cercedilla, possibly the best MTB haven in Spain, played a host to the biggest Spanish MTB event last weekend \u2013 the Test\" \/>\n<meta name=\"robots\" content=\"index, follow, max-snippet:-1, max-image-preview:large, max-video-preview:-1\" \/>\n<link rel=\"canonical\" href=\"https:\/\/www.welovecycling.com\/wide\/2016\/05\/31\/test-best-couldnt-miss-biggest-spanish-mtb-event\/\" \/>\n<meta property=\"og:locale\" content=\"en_US\" \/>\n<meta property=\"og:type\" content=\"article\" \/>\n<meta property=\"og:title\" content=\"Test the Best: We Couldn\u2019t Miss the Biggest Spanish MTB Event\" \/>\n<meta property=\"og:description\" content=\"The Guadarrama National Park in Cercedilla, possibly the best MTB haven in Spain, played a host to the biggest Spanish MTB event last weekend \u2013 the Test\" \/>\n<meta property=\"og:url\" content=\"https:\/\/www.welovecycling.com\/wide\/2016\/05\/31\/test-best-couldnt-miss-biggest-spanish-mtb-event\/\" \/>\n<meta property=\"og:site_name\" content=\"\u0160koda We Love Cycling\" \/>\n<meta property=\"article:published_time\" content=\"2016-05-31T14:47:14+00:00\" \/>\n<meta property=\"og:image\" content=\"https:\/\/d2p6e6u75xmxt8.cloudfront.net\/2\/2016\/05\/4854897841_848487485.webp\" \/>\n\t<meta property=\"og:image:width\" content=\"900\" \/>\n\t<meta property=\"og:image:height\" content=\"600\" \/>\n\t<meta property=\"og:image:type\" content=\"image\/webp\" \/>\n<meta name=\"twitter:card\" content=\"summary_large_image\" \/>\n<meta name=\"twitter:label1\" content=\"Written by\" \/>\n\t<meta name=\"twitter:data1\" content=\"Juan Jos\u00e9 Sim\u00f3n\" \/>\n\t<meta name=\"twitter:label2\" content=\"Est. reading time\" \/>\n\t<meta name=\"twitter:data2\" content=\"1 minute\" \/>\n<script type=\"application\/ld+json\" class=\"yoast-schema-graph\">{\"@context\":\"https:\/\/schema.org\",\"@graph\":[{\"@type\":\"WebPage\",\"@id\":\"https:\/\/www.welovecycling.com\/wide\/2016\/05\/31\/test-best-couldnt-miss-biggest-spanish-mtb-event\/\",\"url\":\"https:\/\/www.welovecycling.com\/wide\/2016\/05\/31\/test-best-couldnt-miss-biggest-spanish-mtb-event\/\",\"name\":\"Test the Best: We Couldn\u2019t Miss the Biggest Spanish MTB Event - \u0160koda We Love Cycling\",\"isPartOf\":{\"@id\":\"https:\/\/www.welovecycling.com\/wide\/#website\"},\"primaryImageOfPage\":{\"@id\":\"https:\/\/www.welovecycling.com\/wide\/2016\/05\/31\/test-best-couldnt-miss-biggest-spanish-mtb-event\/#primaryimage\"},\"image\":{\"@id\":\"https:\/\/www.welovecycling.com\/wide\/2016\/05\/31\/test-best-couldnt-miss-biggest-spanish-mtb-event\/#primaryimage\"},\"thumbnailUrl\":\"https:\/\/d2p6e6u75xmxt8.cloudfront.net\/2\/2016\/05\/4854897841_848487485.webp\",\"datePublished\":\"2016-05-31T14:47:14+00:00\",\"author\":{\"@id\":\"\"},\"description\":\"The Guadarrama National Park in Cercedilla, possibly the best MTB haven in Spain, played a host to the biggest Spanish MTB event last weekend \u2013 the Test\",\"breadcrumb\":{\"@id\":\"https:\/\/www.welovecycling.com\/wide\/2016\/05\/31\/test-best-couldnt-miss-biggest-spanish-mtb-event\/#breadcrumb\"},\"inLanguage\":\"en-US\",\"potentialAction\":[{\"@type\":\"ReadAction\",\"target\":[\"https:\/\/www.welovecycling.com\/wide\/2016\/05\/31\/test-best-couldnt-miss-biggest-spanish-mtb-event\/\"]}]},{\"@type\":\"ImageObject\",\"inLanguage\":\"en-US\",\"@id\":\"https:\/\/www.welovecycling.com\/wide\/2016\/05\/31\/test-best-couldnt-miss-biggest-spanish-mtb-event\/#primaryimage\",\"url\":\"https:\/\/d2p6e6u75xmxt8.cloudfront.net\/2\/2016\/05\/4854897841_848487485.webp\",\"contentUrl\":\"https:\/\/d2p6e6u75xmxt8.cloudfront.net\/2\/2016\/05\/4854897841_848487485.webp\",\"width\":900,\"height\":600},{\"@type\":\"BreadcrumbList\",\"@id\":\"https:\/\/www.welovecycling.com\/wide\/2016\/05\/31\/test-best-couldnt-miss-biggest-spanish-mtb-event\/#breadcrumb\",\"itemListElement\":[{\"@type\":\"ListItem\",\"position\":1,\"name\":\"Home\",\"item\":\"https:\/\/www.welovecycling.com\/wide\/\"},{\"@type\":\"ListItem\",\"position\":2,\"name\":\"Test the Best: We Couldn\u2019t Miss the Biggest Spanish MTB Event\"}]},{\"@type\":\"WebSite\",\"@id\":\"https:\/\/www.welovecycling.com\/wide\/#website\",\"url\":\"https:\/\/www.welovecycling.com\/wide\/\",\"name\":\"\u0160koda We Love Cycling\",\"description\":\"\u0160koda We Love Cycling magazine\",\"alternateName\":\"\u0160koda WLC\",\"potentialAction\":[{\"@type\":\"SearchAction\",\"target\":{\"@type\":\"EntryPoint\",\"urlTemplate\":\"https:\/\/www.welovecycling.com\/wide\/?s={search_term_string}\"},\"query-input\":{\"@type\":\"PropertyValueSpecification\",\"valueRequired\":true,\"valueName\":\"search_term_string\"}}],\"inLanguage\":\"en-US\"},{\"@type\":\"Person\",\"@id\":\"\",\"url\":\"https:\/\/www.welovecycling.com\/wide\/author\/\"}]}<\/script>\n<!-- \/ Yoast SEO Premium plugin. -->","yoast_head_json":{"title":"Test the Best: We Couldn\u2019t Miss the Biggest Spanish MTB Event - \u0160koda We Love Cycling","description":"The Guadarrama National Park in Cercedilla, possibly the best MTB haven in Spain, played a host to the biggest Spanish MTB event last weekend \u2013 the Test","robots":{"index":"index","follow":"follow","max-snippet":"max-snippet:-1","max-image-preview":"max-image-preview:large","max-video-preview":"max-video-preview:-1"},"canonical":"https:\/\/www.welovecycling.com\/wide\/2016\/05\/31\/test-best-couldnt-miss-biggest-spanish-mtb-event\/","og_locale":"en_US","og_type":"article","og_title":"Test the Best: We Couldn\u2019t Miss the Biggest Spanish MTB Event","og_description":"The Guadarrama National Park in Cercedilla, possibly the best MTB haven in Spain, played a host to the biggest Spanish MTB event last weekend \u2013 the Test","og_url":"https:\/\/www.welovecycling.com\/wide\/2016\/05\/31\/test-best-couldnt-miss-biggest-spanish-mtb-event\/","og_site_name":"\u0160koda We Love Cycling","article_published_time":"2016-05-31T14:47:14+00:00","og_image":[{"width":900,"height":600,"url":"https:\/\/d2p6e6u75xmxt8.cloudfront.net\/2\/2016\/05\/4854897841_848487485.webp","type":"image\/webp"}],"twitter_card":"summary_large_image","twitter_misc":{"Written by":"Juan Jos\u00e9 Sim\u00f3n","Est. reading time":"1 minute"},"schema":{"@context":"https:\/\/schema.org","@graph":[{"@type":"WebPage","@id":"https:\/\/www.welovecycling.com\/wide\/2016\/05\/31\/test-best-couldnt-miss-biggest-spanish-mtb-event\/","url":"https:\/\/www.welovecycling.com\/wide\/2016\/05\/31\/test-best-couldnt-miss-biggest-spanish-mtb-event\/","name":"Test the Best: We Couldn\u2019t Miss the Biggest Spanish MTB Event - \u0160koda We Love Cycling","isPartOf":{"@id":"https:\/\/www.welovecycling.com\/wide\/#website"},"primaryImageOfPage":{"@id":"https:\/\/www.welovecycling.com\/wide\/2016\/05\/31\/test-best-couldnt-miss-biggest-spanish-mtb-event\/#primaryimage"},"image":{"@id":"https:\/\/www.welovecycling.com\/wide\/2016\/05\/31\/test-best-couldnt-miss-biggest-spanish-mtb-event\/#primaryimage"},"thumbnailUrl":"https:\/\/d2p6e6u75xmxt8.cloudfront.net\/2\/2016\/05\/4854897841_848487485.webp","datePublished":"2016-05-31T14:47:14+00:00","author":{"@id":""},"description":"The Guadarrama National Park in Cercedilla, possibly the best MTB haven in Spain, played a host to the biggest Spanish MTB event last weekend \u2013 the Test","breadcrumb":{"@id":"https:\/\/www.welovecycling.com\/wide\/2016\/05\/31\/test-best-couldnt-miss-biggest-spanish-mtb-event\/#breadcrumb"},"inLanguage":"en-US","potentialAction":[{"@type":"ReadAction","target":["https:\/\/www.welovecycling.com\/wide\/2016\/05\/31\/test-best-couldnt-miss-biggest-spanish-mtb-event\/"]}]},{"@type":"ImageObject","inLanguage":"en-US","@id":"https:\/\/www.welovecycling.com\/wide\/2016\/05\/31\/test-best-couldnt-miss-biggest-spanish-mtb-event\/#primaryimage","url":"https:\/\/d2p6e6u75xmxt8.cloudfront.net\/2\/2016\/05\/4854897841_848487485.webp","contentUrl":"https:\/\/d2p6e6u75xmxt8.cloudfront.net\/2\/2016\/05\/4854897841_848487485.webp","width":900,"height":600},{"@type":"BreadcrumbList","@id":"https:\/\/www.welovecycling.com\/wide\/2016\/05\/31\/test-best-couldnt-miss-biggest-spanish-mtb-event\/#breadcrumb","itemListElement":[{"@type":"ListItem","position":1,"name":"Home","item":"https:\/\/www.welovecycling.com\/wide\/"},{"@type":"ListItem","position":2,"name":"Test the Best: We Couldn\u2019t Miss the Biggest Spanish MTB Event"}]},{"@type":"WebSite","@id":"https:\/\/www.welovecycling.com\/wide\/#website","url":"https:\/\/www.welovecycling.com\/wide\/","name":"\u0160koda We Love Cycling","description":"\u0160koda We Love Cycling magazine","alternateName":"\u0160koda WLC","potentialAction":[{"@type":"SearchAction","target":{"@type":"EntryPoint","urlTemplate":"https:\/\/www.welovecycling.com\/wide\/?s={search_term_string}"},"query-input":{"@type":"PropertyValueSpecification","valueRequired":true,"valueName":"search_term_string"}}],"inLanguage":"en-US"},{"@type":"Person","@id":"","url":"https:\/\/www.welovecycling.com\/wide\/author\/"}]}},"_links":{"self":[{"href":"https:\/\/www.welovecycling.com\/wide\/wp-json\/wp\/v2\/posts\/141127","targetHints":{"allow":["GET"]}}],"collection":[{"href":"https:\/\/www.welovecycling.com\/wide\/wp-json\/wp\/v2\/posts"}],"about":[{"href":"https:\/\/www.welovecycling.com\/wide\/wp-json\/wp\/v2\/types\/post"}],"author":[{"embeddable":true,"href":"https:\/\/www.welovecycling.com\/wide\/wp-json\/wp\/v2\/users\/12"}],"replies":[{"embeddable":true,"href":"https:\/\/www.welovecycling.com\/wide\/wp-json\/wp\/v2\/comments?post=141127"}],"version-history":[{"count":2,"href":"https:\/\/www.welovecycling.com\/wide\/wp-json\/wp\/v2\/posts\/141127\/revisions"}],"predecessor-version":[{"id":141140,"href":"https:\/\/www.welovecycling.com\/wide\/wp-json\/wp\/v2\/posts\/141127\/revisions\/141140"}],"wp:featuredmedia":[{"embeddable":true,"href":"https:\/\/www.welovecycling.com\/wide\/wp-json\/wp\/v2\/media\/141130"}],"wp:attachment":[{"href":"https:\/\/www.welovecycling.com\/wide\/wp-json\/wp\/v2\/media?parent=141127"}],"wp:term":[{"taxonomy":"category","embeddable":true,"href":"https:\/\/www.welovecycling.com\/wide\/wp-json\/wp\/v2\/categories?post=141127"},{"taxonomy":"post_tag","embeddable":true,"href":"https:\/\/www.welovecycling.com\/wide\/wp-json\/wp\/v2\/tags?post=141127"},{"taxonomy":"global-categories","embeddable":true,"href":"https:\/\/www.welovecycling.com\/wide\/wp-json\/wp\/v2\/global-categories?post=141127"}],"curies":[{"name":"wp","href":"https:\/\/api.w.org\/{rel}","templated":true}]}}