{"id":141036,"date":"2016-05-27T08:45:07","date_gmt":"2016-05-27T08:45:07","guid":{"rendered":"https:\/\/www.welovecycling.com\/wide\/?p=141036"},"modified":"2016-05-27T08:45:07","modified_gmt":"2016-05-27T08:45:07","slug":"legends-mtb-mayan-warrior-tinker-juarez","status":"publish","type":"post","link":"https:\/\/www.welovecycling.com\/wide\/2016\/05\/27\/legends-mtb-mayan-warrior-tinker-juarez\/","title":{"rendered":"Legends of MTB: The \u2018Mayan Warrior\u2019 Tinker Juarez"},"content":{"rendered":"<p><strong>With his distinctive dreadlocks poking from underneath the helmet, skinny build and dark skin, David \u2018Tinker\u2019 Juarez (55) is universally regarded as a legend in both mountain biking and BMX.<\/strong><br \/>\n<!--more--><\/p>\n<p><img loading=\"lazy\" decoding=\"async\" class=\"alignnone wp-image-141039\" src=\"https:\/\/d2p6e6u75xmxt8.cloudfront.net\/2\/2016\/05\/12728977_1291183147579861_3760937426100967819_n.jpg\" alt=\"With his distinctive dreadlocks poking from underneath the helmet, skinny build and dark skin, David \u2018Tinker\u2019 Juarez (55) is universally regarded as a legend in both mountain biking and BMX.\" width=\"800\" height=\"799\" \/><\/p>\n<p>Some people say that the 90\u2019 era of mountain biking was like a cartoon superhero comic book. All different characters were part of the scene with all that personas and styles. Tinker Juarez was one of these specials, because he looked like a Mayan warrior on a bike. His trademark dreadlocks make him perhaps the most identifiable mountain bike racer ever. But image was not what enabled him to achieve podium results. He\u2019s always been a competitive guy &#8211; every time he went to a race, he tried his best to get on the podium. But he was never the person who said he needed to win. He just wanted to do great. &#8220;This is what I&#8217;ve done my whole life,&#8221; says Juarez, who was elected to the Mountain Bike Hall of Fame in 2001. And he did it more than well on the memorable factory bikes by Klein and by Cannondale.<\/p>\n<h2><strong>BMX background<\/strong><\/h2>\n<p>Juarez made his debut in BMX racing by signing his first pro deal in 1977, when he was just 16. For the next decade, Juarez cobbled together an impressive career in BMX. But he got famous not only on BMX racing track. In April 1980, Tinker was named the first King of the Skateparks by Bicycle Motocross Action magazine. He even graced the April 1980 cover of the magazine, making it one of the first purely freestyle magazine covers on a BMX magazine. Although no contest was ever held, it was a general declaration for his highly advanced manoeuvres that no one could match at that time.<\/p>\n<p><img loading=\"lazy\" decoding=\"async\" class=\"alignnone size-full wp-image-141040\" src=\"https:\/\/d2p6e6u75xmxt8.cloudfront.net\/2\/2016\/05\/ba8004.jpg\" alt=\"Tinker was named the first King of the Skateparks by Bicycle Motocross Action magazine. He even graced the April 1980 cover of the magazine, making it one of the first purely freestyle magazine covers on a BMX magazine. Although no contest was ever held, it was a general declaration for his highly advanced manoeuvres that no one could match at that time.\" width=\"397\" height=\"508\" \/><\/p>\n<p>While he was also known as the &#8220;Hollified Flash&#8221;, after one of his home BMX tracks he used to race and dominate in the early 1970s, the moniker \u2018Tinker\u2019 is a nickname that was coined by his family. According to his mother Rose: &#8220;We used to say &#8216;Stinker&#8217; when he was a baby, everybody thought we were saying &#8216;Tinker\u2019.\u201d David Juarez is so well known by his nickname \u2018Tinker\u2019 many people probably think that this is his real first name.<\/p>\n<h2><strong>Lure of Mountain Biking \u00a0<\/strong><\/h2>\n<p>Regardless of his successes in BMX racing the lure of mountain biking pulled him in a different direction. In 1986, at 25, Juarez signed with General Bicycles and began competing on the American National Off-Road Bicycle Association (NORBA) circuit, rubbing elbows against other legends like John Tomac and Ned Overend. Since that time, Tinker has become a 3-time National Off-Road Bicycle Association (NORBA) cross-country (XC) champion and 4-time national champion in the 24-hour solo category. In 1996, he became one of the first to see the introduction of mountain biking as an Olympic sport and represented the United States. Tinker again represented the United States at the 2000 Summer Olympics in Sydney. Though his placings in those races\u201417<sup>th<\/sup> and 30<sup>th<\/sup>, respectively\u2014were disappointing, Juarez admits that making Team USA was a career highlight.<\/p>\n<p><img loading=\"lazy\" decoding=\"async\" class=\"alignnone wp-image-141041 size-full\" src=\"https:\/\/d2p6e6u75xmxt8.cloudfront.net\/2\/2016\/05\/13124555_1162234257133928_1112820855680298797_n.jpg\" alt=\"In the past 40 years he\u2019s become one of the most decorated mountain bike racers to ever wear a United States national jersey.\" width=\"640\" height=\"528\" \/><\/p>\n<p>In the past 40 years he\u2019s become one of the most decorated mountain bike racers to ever wear a United States national jersey. What truly sets Juarez apart is the fact that at 55 he&#8217;s still getting it done. He takes part in as many marathon races as he can. Even after suffering one of his most serious injuries in his four-decade career\u2014a broken pelvis and fractured rib during the Mega-marathon in Mexico last year &#8211; Juarez was back in the saddle and racing before the end of September.<\/p>\n<p>\u201cI have lived my life in this sport, and BMX too. And that\u2019s why I still hang in it. I still love it, it\u2019s still in my blood, I\u2019m not ready to hang it up. When I race long distance, I feel like I\u2019m at home. I\u2019m not nervous, I\u2019m not nothing. I just get out there and I know it\u2019s going to be tough, but I come ready for it,\u201d Tinker said in an interview for MTBR website.<\/p>\n<p><img loading=\"lazy\" decoding=\"async\" class=\"alignnone wp-image-141042\" src=\"https:\/\/d2p6e6u75xmxt8.cloudfront.net\/2\/2016\/05\/12710854_1291183340913175_5691742805851129698_o-1024x683.jpg\" alt=\"Even after suffering one of his most serious injuries in his four-decade career\u2014a broken pelvis and fractured rib during the Mega-marathon in Mexico last year - Juarez was back in the saddle and racing before the end of September.\" width=\"800\" height=\"534\" \/><\/p>\n<p>Visit Tinker\u2019s blog on: <a href=\"http:\/\/tinkerjuarez.blogspot.cz\/\"><em>http:\/\/tinkerjuarez.blogspot.cz<\/em><\/a><\/p>\n","protected":false},"excerpt":{"rendered":"<p>With his distinctive dreadlocks poking from underneath the helmet, skinny build and dark skin, David \u2018Tinker\u2019 Juarez (55) is universally [&hellip;]<\/p>\n","protected":false},"author":27,"featured_media":141038,"comment_status":"open","ping_status":"open","sticky":false,"template":"","format":"standard","meta":{"footnotes":""},"categories":[4142],"tags":[351],"global-categories":[],"class_list":["post-141036","post","type-post","status-publish","format-standard","has-post-thumbnail","hentry","category-ride2unite","tag-mtb-legends"],"yoast_head":"<!-- This site is optimized with the Yoast SEO Premium plugin v25.3 (Yoast SEO v25.9) - https:\/\/yoast.com\/wordpress\/plugins\/seo\/ -->\n<title>Legends of MTB: The \u2018Mayan Warrior\u2019 Tinker Juarez - \u0160koda We Love Cycling<\/title>\n<meta name=\"description\" content=\"With his distinctive dreadlocks poking from underneath the helmet, skinny build and dark skin, David \u2018Tinker\u2019 Juarez (55) is universally regarded as a\" \/>\n<meta name=\"robots\" content=\"index, follow, max-snippet:-1, max-image-preview:large, max-video-preview:-1\" \/>\n<link rel=\"canonical\" href=\"https:\/\/www.welovecycling.com\/wide\/2016\/05\/27\/legends-mtb-mayan-warrior-tinker-juarez\/\" \/>\n<meta property=\"og:locale\" content=\"en_US\" \/>\n<meta property=\"og:type\" content=\"article\" \/>\n<meta property=\"og:title\" content=\"Legends of MTB: The \u2018Mayan Warrior\u2019 Tinker Juarez\" \/>\n<meta property=\"og:description\" content=\"With his distinctive dreadlocks poking from underneath the helmet, skinny build and dark skin, David \u2018Tinker\u2019 Juarez (55) is universally regarded as a\" \/>\n<meta property=\"og:url\" content=\"https:\/\/www.welovecycling.com\/wide\/2016\/05\/27\/legends-mtb-mayan-warrior-tinker-juarez\/\" \/>\n<meta property=\"og:site_name\" content=\"\u0160koda We Love Cycling\" \/>\n<meta property=\"article:published_time\" content=\"2016-05-27T08:45:07+00:00\" \/>\n<meta property=\"og:image\" content=\"https:\/\/d2p6e6u75xmxt8.cloudfront.net\/2\/2016\/05\/77488748_84848.webp\" \/>\n\t<meta property=\"og:image:width\" content=\"900\" \/>\n\t<meta property=\"og:image:height\" content=\"600\" \/>\n\t<meta property=\"og:image:type\" content=\"image\/webp\" \/>\n<meta name=\"author\" content=\"jakubstepanek\" \/>\n<meta name=\"twitter:card\" content=\"summary_large_image\" \/>\n<meta name=\"twitter:label1\" content=\"Written by\" \/>\n\t<meta name=\"twitter:data1\" content=\"Adam Marsal\" \/>\n\t<meta name=\"twitter:label2\" content=\"Est. reading time\" \/>\n\t<meta name=\"twitter:data2\" content=\"3 minutes\" \/>\n<script type=\"application\/ld+json\" class=\"yoast-schema-graph\">{\"@context\":\"https:\/\/schema.org\",\"@graph\":[{\"@type\":\"WebPage\",\"@id\":\"https:\/\/www.welovecycling.com\/wide\/2016\/05\/27\/legends-mtb-mayan-warrior-tinker-juarez\/\",\"url\":\"https:\/\/www.welovecycling.com\/wide\/2016\/05\/27\/legends-mtb-mayan-warrior-tinker-juarez\/\",\"name\":\"Legends of MTB: The \u2018Mayan Warrior\u2019 Tinker Juarez - \u0160koda We Love Cycling\",\"isPartOf\":{\"@id\":\"https:\/\/www.welovecycling.com\/wide\/#website\"},\"primaryImageOfPage\":{\"@id\":\"https:\/\/www.welovecycling.com\/wide\/2016\/05\/27\/legends-mtb-mayan-warrior-tinker-juarez\/#primaryimage\"},\"image\":{\"@id\":\"https:\/\/www.welovecycling.com\/wide\/2016\/05\/27\/legends-mtb-mayan-warrior-tinker-juarez\/#primaryimage\"},\"thumbnailUrl\":\"https:\/\/d2p6e6u75xmxt8.cloudfront.net\/2\/2016\/05\/77488748_84848.webp\",\"datePublished\":\"2016-05-27T08:45:07+00:00\",\"author\":{\"@id\":\"https:\/\/www.welovecycling.com\/wide\/#\/schema\/person\/d42ede5c64c67b5db7ea181a1a82b2d5\"},\"description\":\"With his distinctive dreadlocks poking from underneath the helmet, skinny build and dark skin, David \u2018Tinker\u2019 Juarez (55) is universally regarded as a\",\"breadcrumb\":{\"@id\":\"https:\/\/www.welovecycling.com\/wide\/2016\/05\/27\/legends-mtb-mayan-warrior-tinker-juarez\/#breadcrumb\"},\"inLanguage\":\"en-US\",\"potentialAction\":[{\"@type\":\"ReadAction\",\"target\":[\"https:\/\/www.welovecycling.com\/wide\/2016\/05\/27\/legends-mtb-mayan-warrior-tinker-juarez\/\"]}]},{\"@type\":\"ImageObject\",\"inLanguage\":\"en-US\",\"@id\":\"https:\/\/www.welovecycling.com\/wide\/2016\/05\/27\/legends-mtb-mayan-warrior-tinker-juarez\/#primaryimage\",\"url\":\"https:\/\/d2p6e6u75xmxt8.cloudfront.net\/2\/2016\/05\/77488748_84848.webp\",\"contentUrl\":\"https:\/\/d2p6e6u75xmxt8.cloudfront.net\/2\/2016\/05\/77488748_84848.webp\",\"width\":900,\"height\":600},{\"@type\":\"BreadcrumbList\",\"@id\":\"https:\/\/www.welovecycling.com\/wide\/2016\/05\/27\/legends-mtb-mayan-warrior-tinker-juarez\/#breadcrumb\",\"itemListElement\":[{\"@type\":\"ListItem\",\"position\":1,\"name\":\"Home\",\"item\":\"https:\/\/www.welovecycling.com\/wide\/\"},{\"@type\":\"ListItem\",\"position\":2,\"name\":\"Legends of MTB: The \u2018Mayan Warrior\u2019 Tinker Juarez\"}]},{\"@type\":\"WebSite\",\"@id\":\"https:\/\/www.welovecycling.com\/wide\/#website\",\"url\":\"https:\/\/www.welovecycling.com\/wide\/\",\"name\":\"\u0160koda We Love Cycling\",\"description\":\"\u0160koda We Love Cycling magazine\",\"alternateName\":\"\u0160koda WLC\",\"potentialAction\":[{\"@type\":\"SearchAction\",\"target\":{\"@type\":\"EntryPoint\",\"urlTemplate\":\"https:\/\/www.welovecycling.com\/wide\/?s={search_term_string}\"},\"query-input\":{\"@type\":\"PropertyValueSpecification\",\"valueRequired\":true,\"valueName\":\"search_term_string\"}}],\"inLanguage\":\"en-US\"},{\"@type\":\"Person\",\"@id\":\"https:\/\/www.welovecycling.com\/wide\/#\/schema\/person\/d42ede5c64c67b5db7ea181a1a82b2d5\",\"name\":\"jakubstepanek\",\"image\":{\"@type\":\"ImageObject\",\"inLanguage\":\"en-US\",\"@id\":\"https:\/\/www.welovecycling.com\/wide\/#\/schema\/person\/image\/\",\"url\":\"https:\/\/secure.gravatar.com\/avatar\/6088ff8a87539139d91121309dad6f7aee973467a9fee79888aeb2a7f7dc88a2?s=96&d=mm&r=g\",\"contentUrl\":\"https:\/\/secure.gravatar.com\/avatar\/6088ff8a87539139d91121309dad6f7aee973467a9fee79888aeb2a7f7dc88a2?s=96&d=mm&r=g\",\"caption\":\"jakubstepanek\"},\"url\":\"https:\/\/www.welovecycling.com\/wide\/author\/jakubstepanek\/\"}]}<\/script>\n<!-- \/ Yoast SEO Premium plugin. -->","yoast_head_json":{"title":"Legends of MTB: The \u2018Mayan Warrior\u2019 Tinker Juarez - \u0160koda We Love Cycling","description":"With his distinctive dreadlocks poking from underneath the helmet, skinny build and dark skin, David \u2018Tinker\u2019 Juarez (55) is universally regarded as a","robots":{"index":"index","follow":"follow","max-snippet":"max-snippet:-1","max-image-preview":"max-image-preview:large","max-video-preview":"max-video-preview:-1"},"canonical":"https:\/\/www.welovecycling.com\/wide\/2016\/05\/27\/legends-mtb-mayan-warrior-tinker-juarez\/","og_locale":"en_US","og_type":"article","og_title":"Legends of MTB: The \u2018Mayan Warrior\u2019 Tinker Juarez","og_description":"With his distinctive dreadlocks poking from underneath the helmet, skinny build and dark skin, David \u2018Tinker\u2019 Juarez (55) is universally regarded as a","og_url":"https:\/\/www.welovecycling.com\/wide\/2016\/05\/27\/legends-mtb-mayan-warrior-tinker-juarez\/","og_site_name":"\u0160koda We Love Cycling","article_published_time":"2016-05-27T08:45:07+00:00","og_image":[{"width":900,"height":600,"url":"https:\/\/d2p6e6u75xmxt8.cloudfront.net\/2\/2016\/05\/77488748_84848.webp","type":"image\/webp"}],"author":"jakubstepanek","twitter_card":"summary_large_image","twitter_misc":{"Written by":"Adam Marsal","Est. reading time":"3 minutes"},"schema":{"@context":"https:\/\/schema.org","@graph":[{"@type":"WebPage","@id":"https:\/\/www.welovecycling.com\/wide\/2016\/05\/27\/legends-mtb-mayan-warrior-tinker-juarez\/","url":"https:\/\/www.welovecycling.com\/wide\/2016\/05\/27\/legends-mtb-mayan-warrior-tinker-juarez\/","name":"Legends of MTB: The \u2018Mayan Warrior\u2019 Tinker Juarez - \u0160koda We Love Cycling","isPartOf":{"@id":"https:\/\/www.welovecycling.com\/wide\/#website"},"primaryImageOfPage":{"@id":"https:\/\/www.welovecycling.com\/wide\/2016\/05\/27\/legends-mtb-mayan-warrior-tinker-juarez\/#primaryimage"},"image":{"@id":"https:\/\/www.welovecycling.com\/wide\/2016\/05\/27\/legends-mtb-mayan-warrior-tinker-juarez\/#primaryimage"},"thumbnailUrl":"https:\/\/d2p6e6u75xmxt8.cloudfront.net\/2\/2016\/05\/77488748_84848.webp","datePublished":"2016-05-27T08:45:07+00:00","author":{"@id":"https:\/\/www.welovecycling.com\/wide\/#\/schema\/person\/d42ede5c64c67b5db7ea181a1a82b2d5"},"description":"With his distinctive dreadlocks poking from underneath the helmet, skinny build and dark skin, David \u2018Tinker\u2019 Juarez (55) is universally regarded as a","breadcrumb":{"@id":"https:\/\/www.welovecycling.com\/wide\/2016\/05\/27\/legends-mtb-mayan-warrior-tinker-juarez\/#breadcrumb"},"inLanguage":"en-US","potentialAction":[{"@type":"ReadAction","target":["https:\/\/www.welovecycling.com\/wide\/2016\/05\/27\/legends-mtb-mayan-warrior-tinker-juarez\/"]}]},{"@type":"ImageObject","inLanguage":"en-US","@id":"https:\/\/www.welovecycling.com\/wide\/2016\/05\/27\/legends-mtb-mayan-warrior-tinker-juarez\/#primaryimage","url":"https:\/\/d2p6e6u75xmxt8.cloudfront.net\/2\/2016\/05\/77488748_84848.webp","contentUrl":"https:\/\/d2p6e6u75xmxt8.cloudfront.net\/2\/2016\/05\/77488748_84848.webp","width":900,"height":600},{"@type":"BreadcrumbList","@id":"https:\/\/www.welovecycling.com\/wide\/2016\/05\/27\/legends-mtb-mayan-warrior-tinker-juarez\/#breadcrumb","itemListElement":[{"@type":"ListItem","position":1,"name":"Home","item":"https:\/\/www.welovecycling.com\/wide\/"},{"@type":"ListItem","position":2,"name":"Legends of MTB: The \u2018Mayan Warrior\u2019 Tinker Juarez"}]},{"@type":"WebSite","@id":"https:\/\/www.welovecycling.com\/wide\/#website","url":"https:\/\/www.welovecycling.com\/wide\/","name":"\u0160koda We Love Cycling","description":"\u0160koda We Love Cycling magazine","alternateName":"\u0160koda WLC","potentialAction":[{"@type":"SearchAction","target":{"@type":"EntryPoint","urlTemplate":"https:\/\/www.welovecycling.com\/wide\/?s={search_term_string}"},"query-input":{"@type":"PropertyValueSpecification","valueRequired":true,"valueName":"search_term_string"}}],"inLanguage":"en-US"},{"@type":"Person","@id":"https:\/\/www.welovecycling.com\/wide\/#\/schema\/person\/d42ede5c64c67b5db7ea181a1a82b2d5","name":"jakubstepanek","image":{"@type":"ImageObject","inLanguage":"en-US","@id":"https:\/\/www.welovecycling.com\/wide\/#\/schema\/person\/image\/","url":"https:\/\/secure.gravatar.com\/avatar\/6088ff8a87539139d91121309dad6f7aee973467a9fee79888aeb2a7f7dc88a2?s=96&d=mm&r=g","contentUrl":"https:\/\/secure.gravatar.com\/avatar\/6088ff8a87539139d91121309dad6f7aee973467a9fee79888aeb2a7f7dc88a2?s=96&d=mm&r=g","caption":"jakubstepanek"},"url":"https:\/\/www.welovecycling.com\/wide\/author\/jakubstepanek\/"}]}},"_links":{"self":[{"href":"https:\/\/www.welovecycling.com\/wide\/wp-json\/wp\/v2\/posts\/141036","targetHints":{"allow":["GET"]}}],"collection":[{"href":"https:\/\/www.welovecycling.com\/wide\/wp-json\/wp\/v2\/posts"}],"about":[{"href":"https:\/\/www.welovecycling.com\/wide\/wp-json\/wp\/v2\/types\/post"}],"author":[{"embeddable":true,"href":"https:\/\/www.welovecycling.com\/wide\/wp-json\/wp\/v2\/users\/27"}],"replies":[{"embeddable":true,"href":"https:\/\/www.welovecycling.com\/wide\/wp-json\/wp\/v2\/comments?post=141036"}],"version-history":[{"count":2,"href":"https:\/\/www.welovecycling.com\/wide\/wp-json\/wp\/v2\/posts\/141036\/revisions"}],"predecessor-version":[{"id":141043,"href":"https:\/\/www.welovecycling.com\/wide\/wp-json\/wp\/v2\/posts\/141036\/revisions\/141043"}],"wp:featuredmedia":[{"embeddable":true,"href":"https:\/\/www.welovecycling.com\/wide\/wp-json\/wp\/v2\/media\/141038"}],"wp:attachment":[{"href":"https:\/\/www.welovecycling.com\/wide\/wp-json\/wp\/v2\/media?parent=141036"}],"wp:term":[{"taxonomy":"category","embeddable":true,"href":"https:\/\/www.welovecycling.com\/wide\/wp-json\/wp\/v2\/categories?post=141036"},{"taxonomy":"post_tag","embeddable":true,"href":"https:\/\/www.welovecycling.com\/wide\/wp-json\/wp\/v2\/tags?post=141036"},{"taxonomy":"global-categories","embeddable":true,"href":"https:\/\/www.welovecycling.com\/wide\/wp-json\/wp\/v2\/global-categories?post=141036"}],"curies":[{"name":"wp","href":"https:\/\/api.w.org\/{rel}","templated":true}]}}