{"id":137363,"date":"2016-04-14T13:46:56","date_gmt":"2016-04-14T11:46:56","guid":{"rendered":"https:\/\/www.welovecycling.com\/?p=137363"},"modified":"2016-04-21T10:21:43","modified_gmt":"2016-04-21T10:21:43","slug":"mtb-legends-tara-llanes-craves-to-walk-again","status":"publish","type":"post","link":"https:\/\/www.welovecycling.com\/wide\/2016\/04\/14\/mtb-legends-tara-llanes-craves-to-walk-again\/","title":{"rendered":"MTB Legends: Tara Llanes Craves to Walk Again"},"content":{"rendered":"<p><strong>Everybody remembers Californian Tara Janelle Llanes (39) as a beautiful, charming and fearless biker. She started with BMX racing in 1988 at the age of eleven. Her mother took her to a BMX race after she repeatedly asked to stop and watch one at the Orange &#8220;Y&#8221; BMX track one weekend and she started racing the following weekend.<\/strong><br \/>\n<!--more--><\/p>\n<p>In 1993, while still racing BMX, she asked her sponsor to support her in a mountain bike race. She liked it and soon transitioned from BMX to MTB and focused on Downhill, Dual Slalom and Four Cross events. During her mountain bike years she acquired the nickname of &#8220;T&#8221;, the first letter of her given name. Unlike BMX she turned pro in MTB in 1996. She almost immediately started doing well on the pro circuit, but it was not until 1999 when she won her first title. She got a gold medal in Dual Slalom downhill event of that year&#8217;s ESPN Winter Extreme Games, also known Winter &#8220;X&#8221; Games. She would go on to win further 14 medals in the next seven years of her career, including five championships.<\/p>\n<p><img loading=\"lazy\" decoding=\"async\" class=\"alignnone size-full wp-image-137368\" src=\"https:\/\/d2p6e6u75xmxt8.cloudfront.net\/2\/2016\/04\/Screen-Shot-2016-04-14-at-13.34.25.png\" alt=\"Thanks to her popularity, American edition of Maxim Men's magazine asked her to shoot a photostory for them and she was featured on the cover of the issue.\" width=\"392\" height=\"474\" \/><\/p>\n<p>Thanks to her popularity, American edition of Maxim Men&#8217;s magazine asked her to shoot a photostory for them and she was featured on the cover of the issue.<\/p>\n<p>She suffered numerous injuries during her career, however, the fateful accident came on September 1<sup>st<\/sup> in 2007. Llanes crashed at Beaver Creek, Colorado, host to the Jeep King of the Mountain finale. The accident happened on the second to last straight down on the Dual Slalom course as she raced head-to-head against Jill Kintner in the semifinals. Llanes hit an obstacle and the bicycle landed nose first on the ground. She was thrown over the handlebars and onto her head and then landed on her back, suffering massive and severe lower back trauma, resulting in a C-7 fracture and L-1 damage to her vertebrae, and paralyzing her lower extremities.<\/p>\n<lite-youtube videoid=mM9LEtB03Yk params=\"enablejsapi=1\" style=\"background-image: url('https:\/\/i.ytimg.com\/vi_webp\/mM9LEtB03Yk\/maxresdefault.webp');\"><\/lite-youtube>\n<p>The first who arrived to give her first aid was mountain biker Bryn Atkinson. Tara remembers lying there in the hot sun, looking at Bryan, holding his hand telling him: &#8221;I want to walk again&#8230; I want to ride my bike again. Tell me I\u2019m going to ride my bike again?<\/p>\n<p>She was first rushed to the Vail Valley Medical Center and then airlifted to the Denver Health Hospital. She underwent seven hours of surgery but still had no feeling from the waist down. According to the surgeons who worked on her, the condition is most likely permanent. Llanes recalls the moment of the accident: &#8220;This was my job and I was blessed. Then my life and everything I had dreamed of and accomplished flashed before my eyes as I lied there on the ground, trying to understand why I was in such pain and why my legs just wouldn&#8217;t move. When this happened I was completely devastated. I mean, this has been my life since I was 11 years old. This is what I know and it&#8217;s what I love. It&#8217;s what I absolutely without a doubt love. I mean, not being able to ride my bike again for the rest of my life&#8230; It would crush me,\u201d Tara says.<\/p>\n<p><a href=\"https:\/\/d2p6e6u75xmxt8.cloudfront.net\/2\/2016\/04\/11143126_772894119513166_3787076362151075914_n.jpg\"><img loading=\"lazy\" decoding=\"async\" class=\"alignnone size-medium wp-image-137369\" src=\"https:\/\/d2p6e6u75xmxt8.cloudfront.net\/2\/2016\/04\/11143126_772894119513166_3787076362151075914_n-600x600.jpg\" alt=\"She\u2019s undergoing a rigorous rehabilitation and despite physician's diagnosis of her never being able to walk again, she is determined to not only walk again, but to return to riding a bicycle and even competing. She is devoted to sit-skiing, and rides in a 3-wheeled hand-pedaled mountain bike. The last chapter of Llanes's racing career is probably still not written in the face of such determination.\" width=\"600\" height=\"600\" \/><\/a><\/p>\n<p>She\u2019s undergoing a rigorous rehabilitation and despite physician&#8217;s diagnosis of her never being able to walk again, she is determined to not only walk again, but to return to riding a bicycle and even competing. She is devoted to sit-skiing, and rides in a 3-wheeled hand-pedaled mountain bike. The last chapter of Llanes&#8217;s racing career is probably still not written in the face of such determination.<\/p>\n<p>Be sure to check the first part of our series &#8211; <a href=\"https:\/\/www.welovecycling.com\/blog\/137111\/jurgen-beneke-the-german-who-stole-the-title-from-americans\/\" target=\"_blank\">HERE<\/a>. J\u00fcrgen Beneke\u2019s story is truly fascinating.<\/p>\n","protected":false},"excerpt":{"rendered":"<p>Everybody remembers Californian Tara Janelle Llanes (39) as a beautiful, charming and fearless biker. She started with BMX racing in [&hellip;]<\/p>\n","protected":false},"author":1,"featured_media":137370,"comment_status":"open","ping_status":"open","sticky":false,"template":"","format":"standard","meta":{"footnotes":""},"categories":[328,335,334],"tags":[351],"global-categories":[],"class_list":["post-137363","post","type-post","status-publish","format-standard","has-post-thumbnail","hentry","category-outdoor-mountain","category-safety","category-socialising-and-culture","tag-mtb-legends"],"yoast_head":"<!-- This site is optimized with the Yoast SEO Premium plugin v25.3 (Yoast SEO v25.9) - https:\/\/yoast.com\/wordpress\/plugins\/seo\/ -->\n<title>MTB Legends: Tara Llanes Craves to Walk Again - \u0160koda We Love Cycling<\/title>\n<meta name=\"description\" content=\"Everybody remembers Californian Tara Janelle Llanes (39) as a beautiful, charming and fearless biker. She started with BMX racing in 1988 at the age of...\" \/>\n<meta name=\"robots\" content=\"index, follow, max-snippet:-1, max-image-preview:large, max-video-preview:-1\" \/>\n<link rel=\"canonical\" href=\"https:\/\/www.welovecycling.com\/wide\/2016\/04\/14\/mtb-legends-tara-llanes-craves-to-walk-again\/\" \/>\n<meta property=\"og:locale\" content=\"en_US\" \/>\n<meta property=\"og:type\" content=\"article\" \/>\n<meta property=\"og:title\" content=\"MTB Legends: Tara Llanes Craves to Walk Again\" \/>\n<meta property=\"og:description\" content=\"Everybody remembers Californian Tara Janelle Llanes (39) as a beautiful, charming and fearless biker. She started with BMX racing in 1988 at the age of...\" \/>\n<meta property=\"og:url\" content=\"https:\/\/www.welovecycling.com\/wide\/2016\/04\/14\/mtb-legends-tara-llanes-craves-to-walk-again\/\" \/>\n<meta property=\"og:site_name\" content=\"\u0160koda We Love Cycling\" \/>\n<meta property=\"article:published_time\" content=\"2016-04-14T11:46:56+00:00\" \/>\n<meta property=\"article:modified_time\" content=\"2016-04-21T10:21:43+00:00\" \/>\n<meta property=\"og:image\" content=\"https:\/\/d2p6e6u75xmxt8.cloudfront.net\/2\/2016\/04\/242422442_242424.webp\" \/>\n\t<meta property=\"og:image:width\" content=\"525\" \/>\n\t<meta property=\"og:image:height\" content=\"350\" \/>\n\t<meta property=\"og:image:type\" content=\"image\/webp\" \/>\n<meta name=\"author\" content=\"WeLoveCycling\" \/>\n<meta name=\"twitter:card\" content=\"summary_large_image\" \/>\n<meta name=\"twitter:label1\" content=\"Written by\" \/>\n\t<meta name=\"twitter:data1\" content=\"Adam Marsal\" \/>\n\t<meta name=\"twitter:label2\" content=\"Est. reading time\" \/>\n\t<meta name=\"twitter:data2\" content=\"3 minutes\" \/>\n<script type=\"application\/ld+json\" class=\"yoast-schema-graph\">{\"@context\":\"https:\/\/schema.org\",\"@graph\":[{\"@type\":\"WebPage\",\"@id\":\"https:\/\/www.welovecycling.com\/wide\/2016\/04\/14\/mtb-legends-tara-llanes-craves-to-walk-again\/\",\"url\":\"https:\/\/www.welovecycling.com\/wide\/2016\/04\/14\/mtb-legends-tara-llanes-craves-to-walk-again\/\",\"name\":\"MTB Legends: Tara Llanes Craves to Walk Again - \u0160koda We Love Cycling\",\"isPartOf\":{\"@id\":\"https:\/\/www.welovecycling.com\/wide\/#website\"},\"primaryImageOfPage\":{\"@id\":\"https:\/\/www.welovecycling.com\/wide\/2016\/04\/14\/mtb-legends-tara-llanes-craves-to-walk-again\/#primaryimage\"},\"image\":{\"@id\":\"https:\/\/www.welovecycling.com\/wide\/2016\/04\/14\/mtb-legends-tara-llanes-craves-to-walk-again\/#primaryimage\"},\"thumbnailUrl\":\"https:\/\/d2p6e6u75xmxt8.cloudfront.net\/2\/2016\/04\/242422442_242424.webp\",\"datePublished\":\"2016-04-14T11:46:56+00:00\",\"dateModified\":\"2016-04-21T10:21:43+00:00\",\"author\":{\"@id\":\"https:\/\/www.welovecycling.com\/wide\/#\/schema\/person\/e5187c9cac8dd619ebc7b41bd73c2fd9\"},\"description\":\"Everybody remembers Californian Tara Janelle Llanes (39) as a beautiful, charming and fearless biker. She started with BMX racing in 1988 at the age of...\",\"breadcrumb\":{\"@id\":\"https:\/\/www.welovecycling.com\/wide\/2016\/04\/14\/mtb-legends-tara-llanes-craves-to-walk-again\/#breadcrumb\"},\"inLanguage\":\"en-US\",\"potentialAction\":[{\"@type\":\"ReadAction\",\"target\":[\"https:\/\/www.welovecycling.com\/wide\/2016\/04\/14\/mtb-legends-tara-llanes-craves-to-walk-again\/\"]}]},{\"@type\":\"ImageObject\",\"inLanguage\":\"en-US\",\"@id\":\"https:\/\/www.welovecycling.com\/wide\/2016\/04\/14\/mtb-legends-tara-llanes-craves-to-walk-again\/#primaryimage\",\"url\":\"https:\/\/d2p6e6u75xmxt8.cloudfront.net\/2\/2016\/04\/242422442_242424.webp\",\"contentUrl\":\"https:\/\/d2p6e6u75xmxt8.cloudfront.net\/2\/2016\/04\/242422442_242424.webp\",\"width\":525,\"height\":350},{\"@type\":\"BreadcrumbList\",\"@id\":\"https:\/\/www.welovecycling.com\/wide\/2016\/04\/14\/mtb-legends-tara-llanes-craves-to-walk-again\/#breadcrumb\",\"itemListElement\":[{\"@type\":\"ListItem\",\"position\":1,\"name\":\"Home\",\"item\":\"https:\/\/www.welovecycling.com\/wide\/\"},{\"@type\":\"ListItem\",\"position\":2,\"name\":\"MTB Legends: Tara Llanes Craves to Walk Again\"}]},{\"@type\":\"WebSite\",\"@id\":\"https:\/\/www.welovecycling.com\/wide\/#website\",\"url\":\"https:\/\/www.welovecycling.com\/wide\/\",\"name\":\"\u0160koda We Love Cycling\",\"description\":\"\u0160koda We Love Cycling magazine\",\"alternateName\":\"\u0160koda WLC\",\"potentialAction\":[{\"@type\":\"SearchAction\",\"target\":{\"@type\":\"EntryPoint\",\"urlTemplate\":\"https:\/\/www.welovecycling.com\/wide\/?s={search_term_string}\"},\"query-input\":{\"@type\":\"PropertyValueSpecification\",\"valueRequired\":true,\"valueName\":\"search_term_string\"}}],\"inLanguage\":\"en-US\"},{\"@type\":\"Person\",\"@id\":\"https:\/\/www.welovecycling.com\/wide\/#\/schema\/person\/e5187c9cac8dd619ebc7b41bd73c2fd9\",\"name\":\"WeLoveCycling\",\"image\":{\"@type\":\"ImageObject\",\"inLanguage\":\"en-US\",\"@id\":\"https:\/\/www.welovecycling.com\/wide\/#\/schema\/person\/image\/\",\"url\":\"https:\/\/secure.gravatar.com\/avatar\/7e1ee0ecc5e294b19ef32b9f6086e0afbb9da00c3cb0d465ba4695331f4a9187?s=96&d=mm&r=g\",\"contentUrl\":\"https:\/\/secure.gravatar.com\/avatar\/7e1ee0ecc5e294b19ef32b9f6086e0afbb9da00c3cb0d465ba4695331f4a9187?s=96&d=mm&r=g\",\"caption\":\"WeLoveCycling\"},\"url\":\"https:\/\/www.welovecycling.com\/wide\/author\/lukascech\/\"}]}<\/script>\n<!-- \/ Yoast SEO Premium plugin. -->","yoast_head_json":{"title":"MTB Legends: Tara Llanes Craves to Walk Again - \u0160koda We Love Cycling","description":"Everybody remembers Californian Tara Janelle Llanes (39) as a beautiful, charming and fearless biker. She started with BMX racing in 1988 at the age of...","robots":{"index":"index","follow":"follow","max-snippet":"max-snippet:-1","max-image-preview":"max-image-preview:large","max-video-preview":"max-video-preview:-1"},"canonical":"https:\/\/www.welovecycling.com\/wide\/2016\/04\/14\/mtb-legends-tara-llanes-craves-to-walk-again\/","og_locale":"en_US","og_type":"article","og_title":"MTB Legends: Tara Llanes Craves to Walk Again","og_description":"Everybody remembers Californian Tara Janelle Llanes (39) as a beautiful, charming and fearless biker. She started with BMX racing in 1988 at the age of...","og_url":"https:\/\/www.welovecycling.com\/wide\/2016\/04\/14\/mtb-legends-tara-llanes-craves-to-walk-again\/","og_site_name":"\u0160koda We Love Cycling","article_published_time":"2016-04-14T11:46:56+00:00","article_modified_time":"2016-04-21T10:21:43+00:00","og_image":[{"width":525,"height":350,"url":"https:\/\/d2p6e6u75xmxt8.cloudfront.net\/2\/2016\/04\/242422442_242424.webp","type":"image\/webp"}],"author":"WeLoveCycling","twitter_card":"summary_large_image","twitter_misc":{"Written by":"Adam Marsal","Est. reading time":"3 minutes"},"schema":{"@context":"https:\/\/schema.org","@graph":[{"@type":"WebPage","@id":"https:\/\/www.welovecycling.com\/wide\/2016\/04\/14\/mtb-legends-tara-llanes-craves-to-walk-again\/","url":"https:\/\/www.welovecycling.com\/wide\/2016\/04\/14\/mtb-legends-tara-llanes-craves-to-walk-again\/","name":"MTB Legends: Tara Llanes Craves to Walk Again - \u0160koda We Love Cycling","isPartOf":{"@id":"https:\/\/www.welovecycling.com\/wide\/#website"},"primaryImageOfPage":{"@id":"https:\/\/www.welovecycling.com\/wide\/2016\/04\/14\/mtb-legends-tara-llanes-craves-to-walk-again\/#primaryimage"},"image":{"@id":"https:\/\/www.welovecycling.com\/wide\/2016\/04\/14\/mtb-legends-tara-llanes-craves-to-walk-again\/#primaryimage"},"thumbnailUrl":"https:\/\/d2p6e6u75xmxt8.cloudfront.net\/2\/2016\/04\/242422442_242424.webp","datePublished":"2016-04-14T11:46:56+00:00","dateModified":"2016-04-21T10:21:43+00:00","author":{"@id":"https:\/\/www.welovecycling.com\/wide\/#\/schema\/person\/e5187c9cac8dd619ebc7b41bd73c2fd9"},"description":"Everybody remembers Californian Tara Janelle Llanes (39) as a beautiful, charming and fearless biker. She started with BMX racing in 1988 at the age of...","breadcrumb":{"@id":"https:\/\/www.welovecycling.com\/wide\/2016\/04\/14\/mtb-legends-tara-llanes-craves-to-walk-again\/#breadcrumb"},"inLanguage":"en-US","potentialAction":[{"@type":"ReadAction","target":["https:\/\/www.welovecycling.com\/wide\/2016\/04\/14\/mtb-legends-tara-llanes-craves-to-walk-again\/"]}]},{"@type":"ImageObject","inLanguage":"en-US","@id":"https:\/\/www.welovecycling.com\/wide\/2016\/04\/14\/mtb-legends-tara-llanes-craves-to-walk-again\/#primaryimage","url":"https:\/\/d2p6e6u75xmxt8.cloudfront.net\/2\/2016\/04\/242422442_242424.webp","contentUrl":"https:\/\/d2p6e6u75xmxt8.cloudfront.net\/2\/2016\/04\/242422442_242424.webp","width":525,"height":350},{"@type":"BreadcrumbList","@id":"https:\/\/www.welovecycling.com\/wide\/2016\/04\/14\/mtb-legends-tara-llanes-craves-to-walk-again\/#breadcrumb","itemListElement":[{"@type":"ListItem","position":1,"name":"Home","item":"https:\/\/www.welovecycling.com\/wide\/"},{"@type":"ListItem","position":2,"name":"MTB Legends: Tara Llanes Craves to Walk Again"}]},{"@type":"WebSite","@id":"https:\/\/www.welovecycling.com\/wide\/#website","url":"https:\/\/www.welovecycling.com\/wide\/","name":"\u0160koda We Love Cycling","description":"\u0160koda We Love Cycling magazine","alternateName":"\u0160koda WLC","potentialAction":[{"@type":"SearchAction","target":{"@type":"EntryPoint","urlTemplate":"https:\/\/www.welovecycling.com\/wide\/?s={search_term_string}"},"query-input":{"@type":"PropertyValueSpecification","valueRequired":true,"valueName":"search_term_string"}}],"inLanguage":"en-US"},{"@type":"Person","@id":"https:\/\/www.welovecycling.com\/wide\/#\/schema\/person\/e5187c9cac8dd619ebc7b41bd73c2fd9","name":"WeLoveCycling","image":{"@type":"ImageObject","inLanguage":"en-US","@id":"https:\/\/www.welovecycling.com\/wide\/#\/schema\/person\/image\/","url":"https:\/\/secure.gravatar.com\/avatar\/7e1ee0ecc5e294b19ef32b9f6086e0afbb9da00c3cb0d465ba4695331f4a9187?s=96&d=mm&r=g","contentUrl":"https:\/\/secure.gravatar.com\/avatar\/7e1ee0ecc5e294b19ef32b9f6086e0afbb9da00c3cb0d465ba4695331f4a9187?s=96&d=mm&r=g","caption":"WeLoveCycling"},"url":"https:\/\/www.welovecycling.com\/wide\/author\/lukascech\/"}]}},"_links":{"self":[{"href":"https:\/\/www.welovecycling.com\/wide\/wp-json\/wp\/v2\/posts\/137363","targetHints":{"allow":["GET"]}}],"collection":[{"href":"https:\/\/www.welovecycling.com\/wide\/wp-json\/wp\/v2\/posts"}],"about":[{"href":"https:\/\/www.welovecycling.com\/wide\/wp-json\/wp\/v2\/types\/post"}],"author":[{"embeddable":true,"href":"https:\/\/www.welovecycling.com\/wide\/wp-json\/wp\/v2\/users\/1"}],"replies":[{"embeddable":true,"href":"https:\/\/www.welovecycling.com\/wide\/wp-json\/wp\/v2\/comments?post=137363"}],"version-history":[{"count":2,"href":"https:\/\/www.welovecycling.com\/wide\/wp-json\/wp\/v2\/posts\/137363\/revisions"}],"predecessor-version":[{"id":137374,"href":"https:\/\/www.welovecycling.com\/wide\/wp-json\/wp\/v2\/posts\/137363\/revisions\/137374"}],"wp:featuredmedia":[{"embeddable":true,"href":"https:\/\/www.welovecycling.com\/wide\/wp-json\/wp\/v2\/media\/137370"}],"wp:attachment":[{"href":"https:\/\/www.welovecycling.com\/wide\/wp-json\/wp\/v2\/media?parent=137363"}],"wp:term":[{"taxonomy":"category","embeddable":true,"href":"https:\/\/www.welovecycling.com\/wide\/wp-json\/wp\/v2\/categories?post=137363"},{"taxonomy":"post_tag","embeddable":true,"href":"https:\/\/www.welovecycling.com\/wide\/wp-json\/wp\/v2\/tags?post=137363"},{"taxonomy":"global-categories","embeddable":true,"href":"https:\/\/www.welovecycling.com\/wide\/wp-json\/wp\/v2\/global-categories?post=137363"}],"curies":[{"name":"wp","href":"https:\/\/api.w.org\/{rel}","templated":true}]}}