{"id":137325,"date":"2016-04-13T10:25:41","date_gmt":"2016-04-13T10:25:41","guid":{"rendered":"https:\/\/www.welovecycling.com\/?p=137325"},"modified":"2016-05-03T08:02:51","modified_gmt":"2016-05-03T08:02:51","slug":"belgian-exhibition-brings-cycling-to-the-future","status":"publish","type":"post","link":"https:\/\/www.welovecycling.com\/wide\/2016\/04\/13\/belgian-exhibition-brings-cycling-to-the-future\/","title":{"rendered":"Belgian Exhibition Brings Cycling into the Future!"},"content":{"rendered":"<p><strong>On until October 23<sup>rd<\/sup>, Design Museum Gent presents <em>Bike to the Future<\/em>, an exhibition offering a glimpse into the future of cycling. We\u2019re thrilled to have two of our videos featured in the exhibition, which, while honoring the history of the bike, looks eagerly towards what\u2019s next.<\/strong><br \/>\n<!--more--><\/p>\n<p><a href=\"https:\/\/d2p6e6u75xmxt8.cloudfront.net\/2\/2016\/04\/1.png\"><img loading=\"lazy\" decoding=\"async\" class=\"alignnone size-medium wp-image-137329\" src=\"https:\/\/d2p6e6u75xmxt8.cloudfront.net\/2\/2016\/04\/1-600x400.png\" alt=\"On until October 23rd, Design Museum Gent presents Bike to the Future, an exhibition offering a glimpse into the future of cycling.\" width=\"600\" height=\"400\" \/><\/a><\/p>\n<p>Highlighting innovations taking place in the design, craftsmanship and industry of bicycle manufacturing, this show looks at the ways designers continue to play around with form and technology, demonstrating the endless versatility of cycle design. As\u00a0a folding bike prototype by Gianluca Sada shows us, we might soon be able to carry around our bikes with the same ease as we carry an umbrella.<\/p>\n<p><a href=\"https:\/\/d2p6e6u75xmxt8.cloudfront.net\/2\/2016\/04\/2.png\"><img loading=\"lazy\" decoding=\"async\" class=\"alignnone size-medium wp-image-137330\" src=\"https:\/\/d2p6e6u75xmxt8.cloudfront.net\/2\/2016\/04\/2-600x400.png\" alt=\"We\u2019re thrilled to have two of our videos featured in the exhibition, which, while honoring the history of the bike, looks eagerly towards what\u2019s next.\" width=\"600\" height=\"400\" \/><\/a><\/p>\n<p>In addition to emphasizing innovations in models and accessories, <em>Bike to the Future<\/em> acknowledges and documents the profound impact biking is beginning to have on the planning of towns and cities. Redefining the way we relate to urban infrastructure, cyclists are starting to demand their needs be taken into consideration, and their interventions are having real results!<\/p>\n<p><a href=\"https:\/\/www.youtube.com\/watch?v=1tvYlUH9YRo\">https:\/\/www.youtube.com\/watch?v=1tvYlUH9YRo<\/a><\/p>\n<p>This phenomenon has been the focus of the We Love Cycling\u00a0series, Bike Friendly Cities. The Seville and Copenhagen installments are featured in <em>Bike to the Future<\/em> in large scale projection, amplifying the atmosphere of the show and providing a concrete illustration of how cycling is shaping the future. As the contrast between these two examples demonstrates, urban environments not typically associated with cycling (Seville) are getting their game together, and those that have a long tradition (Copenhagen) continue to modernize and expand what\u2019s possible.<\/p>\n<p><a href=\"https:\/\/www.youtube.com\/watch?v=NAr5sB6aivk\">https:\/\/www.youtube.com\/watch?v=NAr5sB6aivk<\/a><\/p>\n<p>We love this exhibition for bringing together a wide range of ideas and talent to illustrate how diverse and multidimensional the range of cycling invention has become. In acknowledging the socially engaged designers and committed citizens who are creating grass-roots initiatives to bring people together and generate solution to cycling barriers, <em>Bike to the Future<\/em> holds true to its name sake. Here at We Love Cycling, we\u2019re thrilled that now more than ever, urban planning is focused on developing practical, and eco-friendly solutions for moving people around the cities they live in. And what could be more practical than a bicycle? Ride on!<\/p>\n","protected":false},"excerpt":{"rendered":"<p>On until October 23rd, Design Museum Gent presents Bike to the Future, an exhibition offering a glimpse into the future [&hellip;]<\/p>\n","protected":false},"author":1,"featured_media":137328,"comment_status":"open","ping_status":"open","sticky":false,"template":"","format":"standard","meta":{"footnotes":""},"categories":[329,334,330],"tags":[],"global-categories":[],"class_list":["post-137325","post","type-post","status-publish","format-standard","has-post-thumbnail","hentry","category-road-cycling","category-socialising-and-culture","category-urban-cycling"],"yoast_head":"<!-- This site is optimized with the Yoast SEO Premium plugin v25.3 (Yoast SEO v25.9) - https:\/\/yoast.com\/wordpress\/plugins\/seo\/ -->\n<title>Belgian Exhibition Brings Cycling into the Future! - \u0160koda We Love Cycling<\/title>\n<meta name=\"description\" content=\"On until October 23rd, Design Museum Gent presents Bike to the Future, an exhibition offering a glimpse into the future of cycling...\" \/>\n<meta name=\"robots\" content=\"index, follow, max-snippet:-1, max-image-preview:large, max-video-preview:-1\" \/>\n<link rel=\"canonical\" href=\"https:\/\/www.welovecycling.com\/wide\/2016\/04\/13\/belgian-exhibition-brings-cycling-to-the-future\/\" \/>\n<meta property=\"og:locale\" content=\"en_US\" \/>\n<meta property=\"og:type\" content=\"article\" \/>\n<meta property=\"og:title\" content=\"Belgian Exhibition Brings Cycling into the Future!\" \/>\n<meta property=\"og:description\" content=\"On until October 23rd, Design Museum Gent presents Bike to the Future, an exhibition offering a glimpse into the future of cycling...\" \/>\n<meta property=\"og:url\" content=\"https:\/\/www.welovecycling.com\/wide\/2016\/04\/13\/belgian-exhibition-brings-cycling-to-the-future\/\" \/>\n<meta property=\"og:site_name\" content=\"\u0160koda We Love Cycling\" \/>\n<meta property=\"article:published_time\" content=\"2016-04-13T10:25:41+00:00\" \/>\n<meta property=\"article:modified_time\" content=\"2016-05-03T08:02:51+00:00\" \/>\n<meta property=\"og:image\" content=\"https:\/\/d2p6e6u75xmxt8.cloudfront.net\/2\/2016\/04\/950_350.webp\" \/>\n\t<meta property=\"og:image:width\" content=\"525\" \/>\n\t<meta property=\"og:image:height\" content=\"350\" \/>\n\t<meta property=\"og:image:type\" content=\"image\/webp\" \/>\n<meta name=\"author\" content=\"WeLoveCycling\" \/>\n<meta name=\"twitter:card\" content=\"summary_large_image\" \/>\n<meta name=\"twitter:label1\" content=\"Written by\" \/>\n\t<meta name=\"twitter:data1\" content=\"WeLoveCycling\" \/>\n\t<meta name=\"twitter:label2\" content=\"Est. reading time\" \/>\n\t<meta name=\"twitter:data2\" content=\"2 minutes\" \/>\n<script type=\"application\/ld+json\" class=\"yoast-schema-graph\">{\"@context\":\"https:\/\/schema.org\",\"@graph\":[{\"@type\":\"WebPage\",\"@id\":\"https:\/\/www.welovecycling.com\/wide\/2016\/04\/13\/belgian-exhibition-brings-cycling-to-the-future\/\",\"url\":\"https:\/\/www.welovecycling.com\/wide\/2016\/04\/13\/belgian-exhibition-brings-cycling-to-the-future\/\",\"name\":\"Belgian Exhibition Brings Cycling into the Future! - \u0160koda We Love Cycling\",\"isPartOf\":{\"@id\":\"https:\/\/www.welovecycling.com\/wide\/#website\"},\"primaryImageOfPage\":{\"@id\":\"https:\/\/www.welovecycling.com\/wide\/2016\/04\/13\/belgian-exhibition-brings-cycling-to-the-future\/#primaryimage\"},\"image\":{\"@id\":\"https:\/\/www.welovecycling.com\/wide\/2016\/04\/13\/belgian-exhibition-brings-cycling-to-the-future\/#primaryimage\"},\"thumbnailUrl\":\"https:\/\/d2p6e6u75xmxt8.cloudfront.net\/2\/2016\/04\/950_350.webp\",\"datePublished\":\"2016-04-13T10:25:41+00:00\",\"dateModified\":\"2016-05-03T08:02:51+00:00\",\"author\":{\"@id\":\"https:\/\/www.welovecycling.com\/wide\/#\/schema\/person\/e5187c9cac8dd619ebc7b41bd73c2fd9\"},\"description\":\"On until October 23rd, Design Museum Gent presents Bike to the Future, an exhibition offering a glimpse into the future of cycling...\",\"breadcrumb\":{\"@id\":\"https:\/\/www.welovecycling.com\/wide\/2016\/04\/13\/belgian-exhibition-brings-cycling-to-the-future\/#breadcrumb\"},\"inLanguage\":\"en-US\",\"potentialAction\":[{\"@type\":\"ReadAction\",\"target\":[\"https:\/\/www.welovecycling.com\/wide\/2016\/04\/13\/belgian-exhibition-brings-cycling-to-the-future\/\"]}]},{\"@type\":\"ImageObject\",\"inLanguage\":\"en-US\",\"@id\":\"https:\/\/www.welovecycling.com\/wide\/2016\/04\/13\/belgian-exhibition-brings-cycling-to-the-future\/#primaryimage\",\"url\":\"https:\/\/d2p6e6u75xmxt8.cloudfront.net\/2\/2016\/04\/950_350.webp\",\"contentUrl\":\"https:\/\/d2p6e6u75xmxt8.cloudfront.net\/2\/2016\/04\/950_350.webp\",\"width\":525,\"height\":350},{\"@type\":\"BreadcrumbList\",\"@id\":\"https:\/\/www.welovecycling.com\/wide\/2016\/04\/13\/belgian-exhibition-brings-cycling-to-the-future\/#breadcrumb\",\"itemListElement\":[{\"@type\":\"ListItem\",\"position\":1,\"name\":\"Home\",\"item\":\"https:\/\/www.welovecycling.com\/wide\/\"},{\"@type\":\"ListItem\",\"position\":2,\"name\":\"Belgian Exhibition Brings Cycling into the Future!\"}]},{\"@type\":\"WebSite\",\"@id\":\"https:\/\/www.welovecycling.com\/wide\/#website\",\"url\":\"https:\/\/www.welovecycling.com\/wide\/\",\"name\":\"\u0160koda We Love Cycling\",\"description\":\"\u0160koda We Love Cycling magazine\",\"alternateName\":\"\u0160koda WLC\",\"potentialAction\":[{\"@type\":\"SearchAction\",\"target\":{\"@type\":\"EntryPoint\",\"urlTemplate\":\"https:\/\/www.welovecycling.com\/wide\/?s={search_term_string}\"},\"query-input\":{\"@type\":\"PropertyValueSpecification\",\"valueRequired\":true,\"valueName\":\"search_term_string\"}}],\"inLanguage\":\"en-US\"},{\"@type\":\"Person\",\"@id\":\"https:\/\/www.welovecycling.com\/wide\/#\/schema\/person\/e5187c9cac8dd619ebc7b41bd73c2fd9\",\"name\":\"WeLoveCycling\",\"image\":{\"@type\":\"ImageObject\",\"inLanguage\":\"en-US\",\"@id\":\"https:\/\/www.welovecycling.com\/wide\/#\/schema\/person\/image\/\",\"url\":\"https:\/\/secure.gravatar.com\/avatar\/7e1ee0ecc5e294b19ef32b9f6086e0afbb9da00c3cb0d465ba4695331f4a9187?s=96&d=mm&r=g\",\"contentUrl\":\"https:\/\/secure.gravatar.com\/avatar\/7e1ee0ecc5e294b19ef32b9f6086e0afbb9da00c3cb0d465ba4695331f4a9187?s=96&d=mm&r=g\",\"caption\":\"WeLoveCycling\"},\"url\":\"https:\/\/www.welovecycling.com\/wide\/author\/lukascech\/\"}]}<\/script>\n<!-- \/ Yoast SEO Premium plugin. -->","yoast_head_json":{"title":"Belgian Exhibition Brings Cycling into the Future! - \u0160koda We Love Cycling","description":"On until October 23rd, Design Museum Gent presents Bike to the Future, an exhibition offering a glimpse into the future of cycling...","robots":{"index":"index","follow":"follow","max-snippet":"max-snippet:-1","max-image-preview":"max-image-preview:large","max-video-preview":"max-video-preview:-1"},"canonical":"https:\/\/www.welovecycling.com\/wide\/2016\/04\/13\/belgian-exhibition-brings-cycling-to-the-future\/","og_locale":"en_US","og_type":"article","og_title":"Belgian Exhibition Brings Cycling into the Future!","og_description":"On until October 23rd, Design Museum Gent presents Bike to the Future, an exhibition offering a glimpse into the future of cycling...","og_url":"https:\/\/www.welovecycling.com\/wide\/2016\/04\/13\/belgian-exhibition-brings-cycling-to-the-future\/","og_site_name":"\u0160koda We Love Cycling","article_published_time":"2016-04-13T10:25:41+00:00","article_modified_time":"2016-05-03T08:02:51+00:00","og_image":[{"width":525,"height":350,"url":"https:\/\/d2p6e6u75xmxt8.cloudfront.net\/2\/2016\/04\/950_350.webp","type":"image\/webp"}],"author":"WeLoveCycling","twitter_card":"summary_large_image","twitter_misc":{"Written by":"WeLoveCycling","Est. reading time":"2 minutes"},"schema":{"@context":"https:\/\/schema.org","@graph":[{"@type":"WebPage","@id":"https:\/\/www.welovecycling.com\/wide\/2016\/04\/13\/belgian-exhibition-brings-cycling-to-the-future\/","url":"https:\/\/www.welovecycling.com\/wide\/2016\/04\/13\/belgian-exhibition-brings-cycling-to-the-future\/","name":"Belgian Exhibition Brings Cycling into the Future! - \u0160koda We Love Cycling","isPartOf":{"@id":"https:\/\/www.welovecycling.com\/wide\/#website"},"primaryImageOfPage":{"@id":"https:\/\/www.welovecycling.com\/wide\/2016\/04\/13\/belgian-exhibition-brings-cycling-to-the-future\/#primaryimage"},"image":{"@id":"https:\/\/www.welovecycling.com\/wide\/2016\/04\/13\/belgian-exhibition-brings-cycling-to-the-future\/#primaryimage"},"thumbnailUrl":"https:\/\/d2p6e6u75xmxt8.cloudfront.net\/2\/2016\/04\/950_350.webp","datePublished":"2016-04-13T10:25:41+00:00","dateModified":"2016-05-03T08:02:51+00:00","author":{"@id":"https:\/\/www.welovecycling.com\/wide\/#\/schema\/person\/e5187c9cac8dd619ebc7b41bd73c2fd9"},"description":"On until October 23rd, Design Museum Gent presents Bike to the Future, an exhibition offering a glimpse into the future of cycling...","breadcrumb":{"@id":"https:\/\/www.welovecycling.com\/wide\/2016\/04\/13\/belgian-exhibition-brings-cycling-to-the-future\/#breadcrumb"},"inLanguage":"en-US","potentialAction":[{"@type":"ReadAction","target":["https:\/\/www.welovecycling.com\/wide\/2016\/04\/13\/belgian-exhibition-brings-cycling-to-the-future\/"]}]},{"@type":"ImageObject","inLanguage":"en-US","@id":"https:\/\/www.welovecycling.com\/wide\/2016\/04\/13\/belgian-exhibition-brings-cycling-to-the-future\/#primaryimage","url":"https:\/\/d2p6e6u75xmxt8.cloudfront.net\/2\/2016\/04\/950_350.webp","contentUrl":"https:\/\/d2p6e6u75xmxt8.cloudfront.net\/2\/2016\/04\/950_350.webp","width":525,"height":350},{"@type":"BreadcrumbList","@id":"https:\/\/www.welovecycling.com\/wide\/2016\/04\/13\/belgian-exhibition-brings-cycling-to-the-future\/#breadcrumb","itemListElement":[{"@type":"ListItem","position":1,"name":"Home","item":"https:\/\/www.welovecycling.com\/wide\/"},{"@type":"ListItem","position":2,"name":"Belgian Exhibition Brings Cycling into the Future!"}]},{"@type":"WebSite","@id":"https:\/\/www.welovecycling.com\/wide\/#website","url":"https:\/\/www.welovecycling.com\/wide\/","name":"\u0160koda We Love Cycling","description":"\u0160koda We Love Cycling magazine","alternateName":"\u0160koda WLC","potentialAction":[{"@type":"SearchAction","target":{"@type":"EntryPoint","urlTemplate":"https:\/\/www.welovecycling.com\/wide\/?s={search_term_string}"},"query-input":{"@type":"PropertyValueSpecification","valueRequired":true,"valueName":"search_term_string"}}],"inLanguage":"en-US"},{"@type":"Person","@id":"https:\/\/www.welovecycling.com\/wide\/#\/schema\/person\/e5187c9cac8dd619ebc7b41bd73c2fd9","name":"WeLoveCycling","image":{"@type":"ImageObject","inLanguage":"en-US","@id":"https:\/\/www.welovecycling.com\/wide\/#\/schema\/person\/image\/","url":"https:\/\/secure.gravatar.com\/avatar\/7e1ee0ecc5e294b19ef32b9f6086e0afbb9da00c3cb0d465ba4695331f4a9187?s=96&d=mm&r=g","contentUrl":"https:\/\/secure.gravatar.com\/avatar\/7e1ee0ecc5e294b19ef32b9f6086e0afbb9da00c3cb0d465ba4695331f4a9187?s=96&d=mm&r=g","caption":"WeLoveCycling"},"url":"https:\/\/www.welovecycling.com\/wide\/author\/lukascech\/"}]}},"_links":{"self":[{"href":"https:\/\/www.welovecycling.com\/wide\/wp-json\/wp\/v2\/posts\/137325","targetHints":{"allow":["GET"]}}],"collection":[{"href":"https:\/\/www.welovecycling.com\/wide\/wp-json\/wp\/v2\/posts"}],"about":[{"href":"https:\/\/www.welovecycling.com\/wide\/wp-json\/wp\/v2\/types\/post"}],"author":[{"embeddable":true,"href":"https:\/\/www.welovecycling.com\/wide\/wp-json\/wp\/v2\/users\/1"}],"replies":[{"embeddable":true,"href":"https:\/\/www.welovecycling.com\/wide\/wp-json\/wp\/v2\/comments?post=137325"}],"version-history":[{"count":2,"href":"https:\/\/www.welovecycling.com\/wide\/wp-json\/wp\/v2\/posts\/137325\/revisions"}],"predecessor-version":[{"id":137343,"href":"https:\/\/www.welovecycling.com\/wide\/wp-json\/wp\/v2\/posts\/137325\/revisions\/137343"}],"wp:featuredmedia":[{"embeddable":true,"href":"https:\/\/www.welovecycling.com\/wide\/wp-json\/wp\/v2\/media\/137328"}],"wp:attachment":[{"href":"https:\/\/www.welovecycling.com\/wide\/wp-json\/wp\/v2\/media?parent=137325"}],"wp:term":[{"taxonomy":"category","embeddable":true,"href":"https:\/\/www.welovecycling.com\/wide\/wp-json\/wp\/v2\/categories?post=137325"},{"taxonomy":"post_tag","embeddable":true,"href":"https:\/\/www.welovecycling.com\/wide\/wp-json\/wp\/v2\/tags?post=137325"},{"taxonomy":"global-categories","embeddable":true,"href":"https:\/\/www.welovecycling.com\/wide\/wp-json\/wp\/v2\/global-categories?post=137325"}],"curies":[{"name":"wp","href":"https:\/\/api.w.org\/{rel}","templated":true}]}}