{"id":137111,"date":"2016-03-31T11:02:55","date_gmt":"2016-03-31T09:02:55","guid":{"rendered":"https:\/\/www.welovecycling.com\/?p=137111"},"modified":"2016-04-21T09:55:11","modified_gmt":"2016-04-21T09:55:11","slug":"jurgen-beneke-the-german-who-stole-the-title-from-americans","status":"publish","type":"post","link":"https:\/\/www.welovecycling.com\/wide\/2016\/03\/31\/jurgen-beneke-the-german-who-stole-the-title-from-americans\/","title":{"rendered":"J\u00fcrgen Beneke: the German Who Stole the Title from Americans"},"content":{"rendered":"<p><strong>Welcome to our brand new\u00a0Legends of Mountain Biking series! We decided to start with a\u00a0big one &#8211; J\u00fcrgen Beneke.\u00a0Those of you that are new to mountain biking most probably never heard of J\u00fcrgen, the first man in the history of the nations who won the mountain biking downhill world cup.<\/strong><br \/>\n<!--more--><\/p>\n<p><strong>THE LEGEND:<\/strong>\u00a0It was back in 1993 when a full suspension bike was like a revelation for most of us. J\u00fcrgen came from Germany and defeated the entire mountain biking elite, mostly from North America. Downhill as an official discipline was totally new for everyone. It also looked much different than today.<\/p>\n<p>The bikes were mostly derived from ordinary cross-country models. The frame tubes were thin, the geometry rather climbing-friendly, the suspension had a fraction of a travel than we have now, the disc brakes were the story of the future and the UCI World Cup was supported by Grundig.<\/p>\n<p>In the nineties all the brands just took their first steps in engineering, which results we find self-evident today. Even if you don\u2019t understand German you can still enjoy the atmosphere of early downhill events, captured at the Cap D\u2019ail downhill race held in 1994. Many riders looked rather funny but J\u00fcrgen Beneke was here with a lot of power and skills.<\/p>\n<lite-youtube videoid=_Hidjgv0Mfo params=\"enablejsapi=1\" style=\"background-image: url('https:\/\/i.ytimg.com\/vi_webp\/_Hidjgv0Mfo\/maxresdefault.webp');\"><\/lite-youtube>\n<p>He began with cycling at the age of twelve, originally with road cycling and cycle-cross. In 1992, he discovered the magic of mountain biking and without hesitation took all the stages of Tour de Suisse. The following year, he decided to take his chances in the first edition of UCI World Downhill Cup while racing for Marin Bikes. He stole the title, which has remained his greatest international success so far.<\/p>\n<p>In the following years Beneke became three-times German champion and won a couple of World Cup races. In the overall standings of the World Downhill Cup he reached the second place twice. Additionally, he has also the gold medal from X-Games under his belt.<\/p>\n<p>In 1994, he even made it to the finals of the Reebok Eliminator in Mammoth Mountain, California. With the speeds attacking 100 km\/h it was considered the fastest downhill race in the world.<\/p>\n<p><a href=\"https:\/\/www.youtube.com\/watch?v=oBWgfEu_oVI\">https:\/\/www.youtube.com\/watch?v=oBWgfEu_oVI<\/a><\/p>\n<p><strong>TODAY:<\/strong>\u00a0In 2000, at the age of 28, J\u00fcrgen Beneke temporarily ended his career. He started again with no training with a World Cup race in Canada in 2007, where he finished seventeenth.<\/p>\n<p>J\u00fcrgen currently lives in the USA and is still cycling a lot, mostly on road or gravel. He has stayed in the business. Retired for over a decade now, he hasn\u2019t lost his love for bikes and is now selling his own invention. It\u2019s a simple-yet-effective bicycle-and-helmet storage shelf called Shelfie. Rather than trying to accommodate varying frame designs and sizes, the Shelfie supports the bike from the nose of its saddle. As you can see in the pictures, it\u2019s a very practical solution that could help storing bikes even in the smallest flats. You can check the product on <a href=\"http:\/\/dahanger.co\" target=\"_blank\">J\u00fcrgen\u2019s site<\/a>.<\/p>\n","protected":false},"excerpt":{"rendered":"<p>Welcome to our brand new\u00a0Legends of Mountain Biking series! We decided to start with a\u00a0big one &#8211; J\u00fcrgen Beneke.\u00a0Those of [&hellip;]<\/p>\n","protected":false},"author":1,"featured_media":137120,"comment_status":"open","ping_status":"open","sticky":false,"template":"","format":"standard","meta":{"footnotes":""},"categories":[328,334],"tags":[],"global-categories":[],"class_list":["post-137111","post","type-post","status-publish","format-standard","has-post-thumbnail","hentry","category-outdoor-mountain","category-socialising-and-culture"],"yoast_head":"<!-- This site is optimized with the Yoast SEO Premium plugin v25.3 (Yoast SEO v25.9) - https:\/\/yoast.com\/wordpress\/plugins\/seo\/ -->\n<title>J\u00fcrgen Beneke: the German Who Stole the Title from Americans - \u0160koda We Love Cycling<\/title>\n<meta name=\"description\" content=\"Those of you that are new to mountain biking most probably never heard of J\u00fcrgen, the first man in the history of the nations who won the mountain...\" \/>\n<meta name=\"robots\" content=\"index, follow, max-snippet:-1, max-image-preview:large, max-video-preview:-1\" \/>\n<link rel=\"canonical\" href=\"https:\/\/www.welovecycling.com\/wide\/2016\/03\/31\/jurgen-beneke-the-german-who-stole-the-title-from-americans\/\" \/>\n<meta property=\"og:locale\" content=\"en_US\" \/>\n<meta property=\"og:type\" content=\"article\" \/>\n<meta property=\"og:title\" content=\"J\u00fcrgen Beneke: the German Who Stole the Title from Americans\" \/>\n<meta property=\"og:description\" content=\"Those of you that are new to mountain biking most probably never heard of J\u00fcrgen, the first man in the history of the nations who won the mountain...\" \/>\n<meta property=\"og:url\" content=\"https:\/\/www.welovecycling.com\/wide\/2016\/03\/31\/jurgen-beneke-the-german-who-stole-the-title-from-americans\/\" \/>\n<meta property=\"og:site_name\" content=\"\u0160koda We Love Cycling\" \/>\n<meta property=\"article:published_time\" content=\"2016-03-31T09:02:55+00:00\" \/>\n<meta property=\"article:modified_time\" content=\"2016-04-21T09:55:11+00:00\" \/>\n<meta property=\"og:image\" content=\"https:\/\/d2p6e6u75xmxt8.cloudfront.net\/2\/2016\/03\/4355342_2452323.webp\" \/>\n\t<meta property=\"og:image:width\" content=\"525\" \/>\n\t<meta property=\"og:image:height\" content=\"350\" \/>\n\t<meta property=\"og:image:type\" content=\"image\/webp\" \/>\n<meta name=\"author\" content=\"WeLoveCycling\" \/>\n<meta name=\"twitter:card\" content=\"summary_large_image\" \/>\n<meta name=\"twitter:label1\" content=\"Written by\" \/>\n\t<meta name=\"twitter:data1\" content=\"Adam Marsal\" \/>\n\t<meta name=\"twitter:label2\" content=\"Est. reading time\" \/>\n\t<meta name=\"twitter:data2\" content=\"3 minutes\" \/>\n<script type=\"application\/ld+json\" class=\"yoast-schema-graph\">{\"@context\":\"https:\/\/schema.org\",\"@graph\":[{\"@type\":\"WebPage\",\"@id\":\"https:\/\/www.welovecycling.com\/wide\/2016\/03\/31\/jurgen-beneke-the-german-who-stole-the-title-from-americans\/\",\"url\":\"https:\/\/www.welovecycling.com\/wide\/2016\/03\/31\/jurgen-beneke-the-german-who-stole-the-title-from-americans\/\",\"name\":\"J\u00fcrgen Beneke: the German Who Stole the Title from Americans - \u0160koda We Love Cycling\",\"isPartOf\":{\"@id\":\"https:\/\/www.welovecycling.com\/wide\/#website\"},\"primaryImageOfPage\":{\"@id\":\"https:\/\/www.welovecycling.com\/wide\/2016\/03\/31\/jurgen-beneke-the-german-who-stole-the-title-from-americans\/#primaryimage\"},\"image\":{\"@id\":\"https:\/\/www.welovecycling.com\/wide\/2016\/03\/31\/jurgen-beneke-the-german-who-stole-the-title-from-americans\/#primaryimage\"},\"thumbnailUrl\":\"https:\/\/d2p6e6u75xmxt8.cloudfront.net\/2\/2016\/03\/4355342_2452323.webp\",\"datePublished\":\"2016-03-31T09:02:55+00:00\",\"dateModified\":\"2016-04-21T09:55:11+00:00\",\"author\":{\"@id\":\"https:\/\/www.welovecycling.com\/wide\/#\/schema\/person\/e5187c9cac8dd619ebc7b41bd73c2fd9\"},\"description\":\"Those of you that are new to mountain biking most probably never heard of J\u00fcrgen, the first man in the history of the nations who won the mountain...\",\"breadcrumb\":{\"@id\":\"https:\/\/www.welovecycling.com\/wide\/2016\/03\/31\/jurgen-beneke-the-german-who-stole-the-title-from-americans\/#breadcrumb\"},\"inLanguage\":\"en-US\",\"potentialAction\":[{\"@type\":\"ReadAction\",\"target\":[\"https:\/\/www.welovecycling.com\/wide\/2016\/03\/31\/jurgen-beneke-the-german-who-stole-the-title-from-americans\/\"]}]},{\"@type\":\"ImageObject\",\"inLanguage\":\"en-US\",\"@id\":\"https:\/\/www.welovecycling.com\/wide\/2016\/03\/31\/jurgen-beneke-the-german-who-stole-the-title-from-americans\/#primaryimage\",\"url\":\"https:\/\/d2p6e6u75xmxt8.cloudfront.net\/2\/2016\/03\/4355342_2452323.webp\",\"contentUrl\":\"https:\/\/d2p6e6u75xmxt8.cloudfront.net\/2\/2016\/03\/4355342_2452323.webp\",\"width\":525,\"height\":350},{\"@type\":\"BreadcrumbList\",\"@id\":\"https:\/\/www.welovecycling.com\/wide\/2016\/03\/31\/jurgen-beneke-the-german-who-stole-the-title-from-americans\/#breadcrumb\",\"itemListElement\":[{\"@type\":\"ListItem\",\"position\":1,\"name\":\"Home\",\"item\":\"https:\/\/www.welovecycling.com\/wide\/\"},{\"@type\":\"ListItem\",\"position\":2,\"name\":\"J\u00fcrgen Beneke: the German Who Stole the Title from Americans\"}]},{\"@type\":\"WebSite\",\"@id\":\"https:\/\/www.welovecycling.com\/wide\/#website\",\"url\":\"https:\/\/www.welovecycling.com\/wide\/\",\"name\":\"\u0160koda We Love Cycling\",\"description\":\"\u0160koda We Love Cycling magazine\",\"alternateName\":\"\u0160koda WLC\",\"potentialAction\":[{\"@type\":\"SearchAction\",\"target\":{\"@type\":\"EntryPoint\",\"urlTemplate\":\"https:\/\/www.welovecycling.com\/wide\/?s={search_term_string}\"},\"query-input\":{\"@type\":\"PropertyValueSpecification\",\"valueRequired\":true,\"valueName\":\"search_term_string\"}}],\"inLanguage\":\"en-US\"},{\"@type\":\"Person\",\"@id\":\"https:\/\/www.welovecycling.com\/wide\/#\/schema\/person\/e5187c9cac8dd619ebc7b41bd73c2fd9\",\"name\":\"WeLoveCycling\",\"image\":{\"@type\":\"ImageObject\",\"inLanguage\":\"en-US\",\"@id\":\"https:\/\/www.welovecycling.com\/wide\/#\/schema\/person\/image\/\",\"url\":\"https:\/\/secure.gravatar.com\/avatar\/7e1ee0ecc5e294b19ef32b9f6086e0afbb9da00c3cb0d465ba4695331f4a9187?s=96&d=mm&r=g\",\"contentUrl\":\"https:\/\/secure.gravatar.com\/avatar\/7e1ee0ecc5e294b19ef32b9f6086e0afbb9da00c3cb0d465ba4695331f4a9187?s=96&d=mm&r=g\",\"caption\":\"WeLoveCycling\"},\"url\":\"https:\/\/www.welovecycling.com\/wide\/author\/lukascech\/\"}]}<\/script>\n<!-- \/ Yoast SEO Premium plugin. -->","yoast_head_json":{"title":"J\u00fcrgen Beneke: the German Who Stole the Title from Americans - \u0160koda We Love Cycling","description":"Those of you that are new to mountain biking most probably never heard of J\u00fcrgen, the first man in the history of the nations who won the mountain...","robots":{"index":"index","follow":"follow","max-snippet":"max-snippet:-1","max-image-preview":"max-image-preview:large","max-video-preview":"max-video-preview:-1"},"canonical":"https:\/\/www.welovecycling.com\/wide\/2016\/03\/31\/jurgen-beneke-the-german-who-stole-the-title-from-americans\/","og_locale":"en_US","og_type":"article","og_title":"J\u00fcrgen Beneke: the German Who Stole the Title from Americans","og_description":"Those of you that are new to mountain biking most probably never heard of J\u00fcrgen, the first man in the history of the nations who won the mountain...","og_url":"https:\/\/www.welovecycling.com\/wide\/2016\/03\/31\/jurgen-beneke-the-german-who-stole-the-title-from-americans\/","og_site_name":"\u0160koda We Love Cycling","article_published_time":"2016-03-31T09:02:55+00:00","article_modified_time":"2016-04-21T09:55:11+00:00","og_image":[{"width":525,"height":350,"url":"https:\/\/d2p6e6u75xmxt8.cloudfront.net\/2\/2016\/03\/4355342_2452323.webp","type":"image\/webp"}],"author":"WeLoveCycling","twitter_card":"summary_large_image","twitter_misc":{"Written by":"Adam Marsal","Est. reading time":"3 minutes"},"schema":{"@context":"https:\/\/schema.org","@graph":[{"@type":"WebPage","@id":"https:\/\/www.welovecycling.com\/wide\/2016\/03\/31\/jurgen-beneke-the-german-who-stole-the-title-from-americans\/","url":"https:\/\/www.welovecycling.com\/wide\/2016\/03\/31\/jurgen-beneke-the-german-who-stole-the-title-from-americans\/","name":"J\u00fcrgen Beneke: the German Who Stole the Title from Americans - \u0160koda We Love Cycling","isPartOf":{"@id":"https:\/\/www.welovecycling.com\/wide\/#website"},"primaryImageOfPage":{"@id":"https:\/\/www.welovecycling.com\/wide\/2016\/03\/31\/jurgen-beneke-the-german-who-stole-the-title-from-americans\/#primaryimage"},"image":{"@id":"https:\/\/www.welovecycling.com\/wide\/2016\/03\/31\/jurgen-beneke-the-german-who-stole-the-title-from-americans\/#primaryimage"},"thumbnailUrl":"https:\/\/d2p6e6u75xmxt8.cloudfront.net\/2\/2016\/03\/4355342_2452323.webp","datePublished":"2016-03-31T09:02:55+00:00","dateModified":"2016-04-21T09:55:11+00:00","author":{"@id":"https:\/\/www.welovecycling.com\/wide\/#\/schema\/person\/e5187c9cac8dd619ebc7b41bd73c2fd9"},"description":"Those of you that are new to mountain biking most probably never heard of J\u00fcrgen, the first man in the history of the nations who won the mountain...","breadcrumb":{"@id":"https:\/\/www.welovecycling.com\/wide\/2016\/03\/31\/jurgen-beneke-the-german-who-stole-the-title-from-americans\/#breadcrumb"},"inLanguage":"en-US","potentialAction":[{"@type":"ReadAction","target":["https:\/\/www.welovecycling.com\/wide\/2016\/03\/31\/jurgen-beneke-the-german-who-stole-the-title-from-americans\/"]}]},{"@type":"ImageObject","inLanguage":"en-US","@id":"https:\/\/www.welovecycling.com\/wide\/2016\/03\/31\/jurgen-beneke-the-german-who-stole-the-title-from-americans\/#primaryimage","url":"https:\/\/d2p6e6u75xmxt8.cloudfront.net\/2\/2016\/03\/4355342_2452323.webp","contentUrl":"https:\/\/d2p6e6u75xmxt8.cloudfront.net\/2\/2016\/03\/4355342_2452323.webp","width":525,"height":350},{"@type":"BreadcrumbList","@id":"https:\/\/www.welovecycling.com\/wide\/2016\/03\/31\/jurgen-beneke-the-german-who-stole-the-title-from-americans\/#breadcrumb","itemListElement":[{"@type":"ListItem","position":1,"name":"Home","item":"https:\/\/www.welovecycling.com\/wide\/"},{"@type":"ListItem","position":2,"name":"J\u00fcrgen Beneke: the German Who Stole the Title from Americans"}]},{"@type":"WebSite","@id":"https:\/\/www.welovecycling.com\/wide\/#website","url":"https:\/\/www.welovecycling.com\/wide\/","name":"\u0160koda We Love Cycling","description":"\u0160koda We Love Cycling magazine","alternateName":"\u0160koda WLC","potentialAction":[{"@type":"SearchAction","target":{"@type":"EntryPoint","urlTemplate":"https:\/\/www.welovecycling.com\/wide\/?s={search_term_string}"},"query-input":{"@type":"PropertyValueSpecification","valueRequired":true,"valueName":"search_term_string"}}],"inLanguage":"en-US"},{"@type":"Person","@id":"https:\/\/www.welovecycling.com\/wide\/#\/schema\/person\/e5187c9cac8dd619ebc7b41bd73c2fd9","name":"WeLoveCycling","image":{"@type":"ImageObject","inLanguage":"en-US","@id":"https:\/\/www.welovecycling.com\/wide\/#\/schema\/person\/image\/","url":"https:\/\/secure.gravatar.com\/avatar\/7e1ee0ecc5e294b19ef32b9f6086e0afbb9da00c3cb0d465ba4695331f4a9187?s=96&d=mm&r=g","contentUrl":"https:\/\/secure.gravatar.com\/avatar\/7e1ee0ecc5e294b19ef32b9f6086e0afbb9da00c3cb0d465ba4695331f4a9187?s=96&d=mm&r=g","caption":"WeLoveCycling"},"url":"https:\/\/www.welovecycling.com\/wide\/author\/lukascech\/"}]}},"_links":{"self":[{"href":"https:\/\/www.welovecycling.com\/wide\/wp-json\/wp\/v2\/posts\/137111","targetHints":{"allow":["GET"]}}],"collection":[{"href":"https:\/\/www.welovecycling.com\/wide\/wp-json\/wp\/v2\/posts"}],"about":[{"href":"https:\/\/www.welovecycling.com\/wide\/wp-json\/wp\/v2\/types\/post"}],"author":[{"embeddable":true,"href":"https:\/\/www.welovecycling.com\/wide\/wp-json\/wp\/v2\/users\/1"}],"replies":[{"embeddable":true,"href":"https:\/\/www.welovecycling.com\/wide\/wp-json\/wp\/v2\/comments?post=137111"}],"version-history":[{"count":2,"href":"https:\/\/www.welovecycling.com\/wide\/wp-json\/wp\/v2\/posts\/137111\/revisions"}],"predecessor-version":[{"id":137117,"href":"https:\/\/www.welovecycling.com\/wide\/wp-json\/wp\/v2\/posts\/137111\/revisions\/137117"}],"wp:featuredmedia":[{"embeddable":true,"href":"https:\/\/www.welovecycling.com\/wide\/wp-json\/wp\/v2\/media\/137120"}],"wp:attachment":[{"href":"https:\/\/www.welovecycling.com\/wide\/wp-json\/wp\/v2\/media?parent=137111"}],"wp:term":[{"taxonomy":"category","embeddable":true,"href":"https:\/\/www.welovecycling.com\/wide\/wp-json\/wp\/v2\/categories?post=137111"},{"taxonomy":"post_tag","embeddable":true,"href":"https:\/\/www.welovecycling.com\/wide\/wp-json\/wp\/v2\/tags?post=137111"},{"taxonomy":"global-categories","embeddable":true,"href":"https:\/\/www.welovecycling.com\/wide\/wp-json\/wp\/v2\/global-categories?post=137111"}],"curies":[{"name":"wp","href":"https:\/\/api.w.org\/{rel}","templated":true}]}}