{"id":137091,"date":"2016-03-29T15:30:14","date_gmt":"2016-03-29T13:30:14","guid":{"rendered":"https:\/\/www.welovecycling.com\/?p=137091"},"modified":"2016-04-21T09:56:55","modified_gmt":"2016-04-21T09:56:55","slug":"tragic-week-for-the-cycling-community","status":"publish","type":"post","link":"https:\/\/www.welovecycling.com\/wide\/2016\/03\/29\/tragic-week-for-the-cycling-community\/","title":{"rendered":"Tragic Week for the Cycling Community"},"content":{"rendered":"<p><strong>Another young cycling talent, Daan Myngheer, has unfortunately left us. The 22-year-old suffered a heart attack during Saturday\u2019s Criterium International and was pronounced dead at 7 o\u2019clock yesterday evening. The tragedy shocked the cycling world, which has already been in mourning about Antoine Demoiti\u00e9, who passed on Sunday after a collision with a motorcycle.<\/strong><br \/>\n<!--more--><\/p>\n<p>Daan Myngheer reportedly lost contact with the peloton during the 90km sprint stage and then suffered a heart attack in an ambulance taking him to a hospital. He later died surrounded by his family at Ajaccio Hospital.<\/p>\n<p>\u201cIt is with great emotion, that we will make you part of the death of Daan. He lost his last race after having fought like a grand champion. Daan is going to donate his organs to help other people, it was his will. All our thoughts go to the parents, to Fleur, his sister, to Emely as well as to the whole family. Rest in peace champion,\u201d said the official Roubaix Lille Metropole team statement.<\/p>\n<div class=\"embed-controller-wrapper\">\n<blockquote class=\"twitter-tweet\" data-width=\"500\" data-dnt=\"true\">\n<p lang=\"en\" dir=\"ltr\">Such a terribly sad few days in the professional cycling world. Another tragic loss. RIP Daan Myngheer. My thoughts are with your loved ones<\/p>\n<p>&mdash; Mark Cavendish (@MarkCavendish) <a href=\"https:\/\/twitter.com\/MarkCavendish\/status\/714690924278898688?ref_src=twsrc%5Etfw\">March 29, 2016<\/a><\/p><\/blockquote>\n<p><script async data-src=\"https:\/\/platform.twitter.com\/widgets.js\" charset=\"utf-8\"><\/script><\/div>\n<p>The tragedy followed another passing in the cycling community. 25-year-old Antoine Demoiti\u00e9 was hit by a motorcycle after falling from his bike during the Belgium\u2019s classic Ghent-Wevelgem. Demoiti\u00e9\u2019s team\u2019s sports director, Hilaire Van Der Schueren, was on the scene and with tears in his eyes, managed to describe the incident.<\/p>\n<p>\u201cAntoine had just called for a few bottles. Those were his last words. I went to the front and the accident happened. I saw the accident \u2013 it wasn\u2019t that bad \u2013 and that\u2019s when the moto hit him. A mechanic immediately jumped out of the car to help him, but he came back and told me that I had to look myself. You see him lying on the ground, you know it\u2019s terrible, but you always keep up hope. The ambulance was there, he went in the helicopter, and you think, he\u2019s in good hands. But when we got a call for the personal details of his wife and family, then you know it\u2019s terrible.\u201d<\/p>\n<p><a href=\"https:\/\/d2p6e6u75xmxt8.cloudfront.net\/2\/2016\/03\/profimedia-0279535723.jpg\"><img loading=\"lazy\" decoding=\"async\" class=\"alignnone size-medium wp-image-137095\" src=\"https:\/\/d2p6e6u75xmxt8.cloudfront.net\/2\/2016\/03\/profimedia-0279535723-600x399.jpg\" alt=\"\u201cAntoine had just called for a few bottles. Those were his last words. I went to the front and the accident happened. I saw the accident \u2013 it wasn\u2019t that bad \u2013 and that\u2019s when the moto hit him. A mechanic immediately jumped out of the car to help him, but he came back and told me that I had to look myself. You see him lying on the ground, you know it\u2019s terrible, but you always keep hope. The ambulance was there, he went in the helicopter, and you think, he\u2019s in good hands. But when we got a call for the personal details of his wife and family, then you know it\u2019s terrible.\u201d\" width=\"600\" height=\"399\" \/><\/a><\/p>\n<p>Wanty-Groupe Gobert, was supposed to race in the Three Days of De Panne,\u00a0which started\u00a0yesterday, but chose not to race.<\/p>\n<p>\u201cWe decided not to race. We don\u2019t have the spirit to fight in the group for position. We need a little bit more time, maybe even to think about what happened. If we race again, we want to do so 100 per cent and get that victory for Antoine,\u201d said Roy Jans during the sad press conference.<\/p>\n<div class=\"embed-controller-wrapper\">\n<blockquote class=\"twitter-tweet\" data-width=\"500\" data-dnt=\"true\">\n<p lang=\"en\" dir=\"ltr\">A very sad weekend for the cyclingworld after <a href=\"https:\/\/twitter.com\/hashtag\/Demoitie?src=hash&amp;ref_src=twsrc%5Etfw\">#Demoitie<\/a>  just got now the news about&#8230; RIP <a href=\"https:\/\/twitter.com\/hashtag\/MyngheerDann?src=hash&amp;ref_src=twsrc%5Etfw\">#MyngheerDann<\/a> <a href=\"https:\/\/t.co\/2LzWFyaumi\">pic.twitter.com\/2LzWFyaumi<\/a><\/p>\n<p>&mdash; Fabian Cancellara (@f_cancellara) <a href=\"https:\/\/twitter.com\/f_cancellara\/status\/714716953202540545?ref_src=twsrc%5Etfw\">March 29, 2016<\/a><\/p><\/blockquote>\n<p><script async data-src=\"https:\/\/platform.twitter.com\/widgets.js\" charset=\"utf-8\"><\/script><\/div>\n","protected":false},"excerpt":{"rendered":"<p>Another young cycling talent, Daan Myngheer, has unfortunately left us. The 22-year-old suffered a heart attack during Saturday\u2019s Criterium International [&hellip;]<\/p>\n","protected":false},"author":1,"featured_media":137096,"comment_status":"open","ping_status":"open","sticky":false,"template":"","format":"standard","meta":{"footnotes":""},"categories":[333,328,334],"tags":[],"global-categories":[],"class_list":["post-137091","post","type-post","status-publish","format-standard","has-post-thumbnail","hentry","category-family","category-outdoor-mountain","category-socialising-and-culture"],"yoast_head":"<!-- This site is optimized with the Yoast SEO Premium plugin v25.3 (Yoast SEO v25.9) - https:\/\/yoast.com\/wordpress\/plugins\/seo\/ -->\n<title>Tragic Week for the Cycling Community - \u0160koda We Love Cycling<\/title>\n<meta name=\"description\" content=\"Another young cycling talent, Daan Myngheer, has unfortunately left us. The 22-year-old suffered a heart attack during Saturday\u2019s Criterium International...\" \/>\n<meta name=\"robots\" content=\"index, follow, max-snippet:-1, max-image-preview:large, max-video-preview:-1\" \/>\n<link rel=\"canonical\" href=\"https:\/\/www.welovecycling.com\/wide\/2016\/03\/29\/tragic-week-for-the-cycling-community\/\" \/>\n<meta property=\"og:locale\" content=\"en_US\" \/>\n<meta property=\"og:type\" content=\"article\" \/>\n<meta property=\"og:title\" content=\"Tragic Week for the Cycling Community\" \/>\n<meta property=\"og:description\" content=\"Another young cycling talent, Daan Myngheer, has unfortunately left us. The 22-year-old suffered a heart attack during Saturday\u2019s Criterium International...\" \/>\n<meta property=\"og:url\" content=\"https:\/\/www.welovecycling.com\/wide\/2016\/03\/29\/tragic-week-for-the-cycling-community\/\" \/>\n<meta property=\"og:site_name\" content=\"\u0160koda We Love Cycling\" \/>\n<meta property=\"article:published_time\" content=\"2016-03-29T13:30:14+00:00\" \/>\n<meta property=\"article:modified_time\" content=\"2016-04-21T09:56:55+00:00\" \/>\n<meta property=\"og:image\" content=\"https:\/\/d2p6e6u75xmxt8.cloudfront.net\/2\/2016\/03\/4242323_1313212.webp\" \/>\n\t<meta property=\"og:image:width\" content=\"525\" \/>\n\t<meta property=\"og:image:height\" content=\"350\" \/>\n\t<meta property=\"og:image:type\" content=\"image\/webp\" \/>\n<meta name=\"author\" content=\"WeLoveCycling\" \/>\n<meta name=\"twitter:card\" content=\"summary_large_image\" \/>\n<meta name=\"twitter:label1\" content=\"Written by\" \/>\n\t<meta name=\"twitter:data1\" content=\"Martin Mrazek\" \/>\n\t<meta name=\"twitter:label2\" content=\"Est. reading time\" \/>\n\t<meta name=\"twitter:data2\" content=\"2 minutes\" \/>\n<script type=\"application\/ld+json\" class=\"yoast-schema-graph\">{\"@context\":\"https:\/\/schema.org\",\"@graph\":[{\"@type\":\"WebPage\",\"@id\":\"https:\/\/www.welovecycling.com\/wide\/2016\/03\/29\/tragic-week-for-the-cycling-community\/\",\"url\":\"https:\/\/www.welovecycling.com\/wide\/2016\/03\/29\/tragic-week-for-the-cycling-community\/\",\"name\":\"Tragic Week for the Cycling Community - \u0160koda We Love Cycling\",\"isPartOf\":{\"@id\":\"https:\/\/www.welovecycling.com\/wide\/#website\"},\"primaryImageOfPage\":{\"@id\":\"https:\/\/www.welovecycling.com\/wide\/2016\/03\/29\/tragic-week-for-the-cycling-community\/#primaryimage\"},\"image\":{\"@id\":\"https:\/\/www.welovecycling.com\/wide\/2016\/03\/29\/tragic-week-for-the-cycling-community\/#primaryimage\"},\"thumbnailUrl\":\"https:\/\/d2p6e6u75xmxt8.cloudfront.net\/2\/2016\/03\/4242323_1313212.webp\",\"datePublished\":\"2016-03-29T13:30:14+00:00\",\"dateModified\":\"2016-04-21T09:56:55+00:00\",\"author\":{\"@id\":\"https:\/\/www.welovecycling.com\/wide\/#\/schema\/person\/e5187c9cac8dd619ebc7b41bd73c2fd9\"},\"description\":\"Another young cycling talent, Daan Myngheer, has unfortunately left us. The 22-year-old suffered a heart attack during Saturday\u2019s Criterium International...\",\"breadcrumb\":{\"@id\":\"https:\/\/www.welovecycling.com\/wide\/2016\/03\/29\/tragic-week-for-the-cycling-community\/#breadcrumb\"},\"inLanguage\":\"en-US\",\"potentialAction\":[{\"@type\":\"ReadAction\",\"target\":[\"https:\/\/www.welovecycling.com\/wide\/2016\/03\/29\/tragic-week-for-the-cycling-community\/\"]}]},{\"@type\":\"ImageObject\",\"inLanguage\":\"en-US\",\"@id\":\"https:\/\/www.welovecycling.com\/wide\/2016\/03\/29\/tragic-week-for-the-cycling-community\/#primaryimage\",\"url\":\"https:\/\/d2p6e6u75xmxt8.cloudfront.net\/2\/2016\/03\/4242323_1313212.webp\",\"contentUrl\":\"https:\/\/d2p6e6u75xmxt8.cloudfront.net\/2\/2016\/03\/4242323_1313212.webp\",\"width\":525,\"height\":350},{\"@type\":\"BreadcrumbList\",\"@id\":\"https:\/\/www.welovecycling.com\/wide\/2016\/03\/29\/tragic-week-for-the-cycling-community\/#breadcrumb\",\"itemListElement\":[{\"@type\":\"ListItem\",\"position\":1,\"name\":\"Home\",\"item\":\"https:\/\/www.welovecycling.com\/wide\/\"},{\"@type\":\"ListItem\",\"position\":2,\"name\":\"Tragic Week for the Cycling Community\"}]},{\"@type\":\"WebSite\",\"@id\":\"https:\/\/www.welovecycling.com\/wide\/#website\",\"url\":\"https:\/\/www.welovecycling.com\/wide\/\",\"name\":\"\u0160koda We Love Cycling\",\"description\":\"\u0160koda We Love Cycling magazine\",\"alternateName\":\"\u0160koda WLC\",\"potentialAction\":[{\"@type\":\"SearchAction\",\"target\":{\"@type\":\"EntryPoint\",\"urlTemplate\":\"https:\/\/www.welovecycling.com\/wide\/?s={search_term_string}\"},\"query-input\":{\"@type\":\"PropertyValueSpecification\",\"valueRequired\":true,\"valueName\":\"search_term_string\"}}],\"inLanguage\":\"en-US\"},{\"@type\":\"Person\",\"@id\":\"https:\/\/www.welovecycling.com\/wide\/#\/schema\/person\/e5187c9cac8dd619ebc7b41bd73c2fd9\",\"name\":\"WeLoveCycling\",\"image\":{\"@type\":\"ImageObject\",\"inLanguage\":\"en-US\",\"@id\":\"https:\/\/www.welovecycling.com\/wide\/#\/schema\/person\/image\/\",\"url\":\"https:\/\/secure.gravatar.com\/avatar\/7e1ee0ecc5e294b19ef32b9f6086e0afbb9da00c3cb0d465ba4695331f4a9187?s=96&d=mm&r=g\",\"contentUrl\":\"https:\/\/secure.gravatar.com\/avatar\/7e1ee0ecc5e294b19ef32b9f6086e0afbb9da00c3cb0d465ba4695331f4a9187?s=96&d=mm&r=g\",\"caption\":\"WeLoveCycling\"},\"url\":\"https:\/\/www.welovecycling.com\/wide\/author\/lukascech\/\"}]}<\/script>\n<!-- \/ Yoast SEO Premium plugin. -->","yoast_head_json":{"title":"Tragic Week for the Cycling Community - \u0160koda We Love Cycling","description":"Another young cycling talent, Daan Myngheer, has unfortunately left us. The 22-year-old suffered a heart attack during Saturday\u2019s Criterium International...","robots":{"index":"index","follow":"follow","max-snippet":"max-snippet:-1","max-image-preview":"max-image-preview:large","max-video-preview":"max-video-preview:-1"},"canonical":"https:\/\/www.welovecycling.com\/wide\/2016\/03\/29\/tragic-week-for-the-cycling-community\/","og_locale":"en_US","og_type":"article","og_title":"Tragic Week for the Cycling Community","og_description":"Another young cycling talent, Daan Myngheer, has unfortunately left us. The 22-year-old suffered a heart attack during Saturday\u2019s Criterium International...","og_url":"https:\/\/www.welovecycling.com\/wide\/2016\/03\/29\/tragic-week-for-the-cycling-community\/","og_site_name":"\u0160koda We Love Cycling","article_published_time":"2016-03-29T13:30:14+00:00","article_modified_time":"2016-04-21T09:56:55+00:00","og_image":[{"width":525,"height":350,"url":"https:\/\/d2p6e6u75xmxt8.cloudfront.net\/2\/2016\/03\/4242323_1313212.webp","type":"image\/webp"}],"author":"WeLoveCycling","twitter_card":"summary_large_image","twitter_misc":{"Written by":"Martin Mrazek","Est. reading time":"2 minutes"},"schema":{"@context":"https:\/\/schema.org","@graph":[{"@type":"WebPage","@id":"https:\/\/www.welovecycling.com\/wide\/2016\/03\/29\/tragic-week-for-the-cycling-community\/","url":"https:\/\/www.welovecycling.com\/wide\/2016\/03\/29\/tragic-week-for-the-cycling-community\/","name":"Tragic Week for the Cycling Community - \u0160koda We Love Cycling","isPartOf":{"@id":"https:\/\/www.welovecycling.com\/wide\/#website"},"primaryImageOfPage":{"@id":"https:\/\/www.welovecycling.com\/wide\/2016\/03\/29\/tragic-week-for-the-cycling-community\/#primaryimage"},"image":{"@id":"https:\/\/www.welovecycling.com\/wide\/2016\/03\/29\/tragic-week-for-the-cycling-community\/#primaryimage"},"thumbnailUrl":"https:\/\/d2p6e6u75xmxt8.cloudfront.net\/2\/2016\/03\/4242323_1313212.webp","datePublished":"2016-03-29T13:30:14+00:00","dateModified":"2016-04-21T09:56:55+00:00","author":{"@id":"https:\/\/www.welovecycling.com\/wide\/#\/schema\/person\/e5187c9cac8dd619ebc7b41bd73c2fd9"},"description":"Another young cycling talent, Daan Myngheer, has unfortunately left us. The 22-year-old suffered a heart attack during Saturday\u2019s Criterium International...","breadcrumb":{"@id":"https:\/\/www.welovecycling.com\/wide\/2016\/03\/29\/tragic-week-for-the-cycling-community\/#breadcrumb"},"inLanguage":"en-US","potentialAction":[{"@type":"ReadAction","target":["https:\/\/www.welovecycling.com\/wide\/2016\/03\/29\/tragic-week-for-the-cycling-community\/"]}]},{"@type":"ImageObject","inLanguage":"en-US","@id":"https:\/\/www.welovecycling.com\/wide\/2016\/03\/29\/tragic-week-for-the-cycling-community\/#primaryimage","url":"https:\/\/d2p6e6u75xmxt8.cloudfront.net\/2\/2016\/03\/4242323_1313212.webp","contentUrl":"https:\/\/d2p6e6u75xmxt8.cloudfront.net\/2\/2016\/03\/4242323_1313212.webp","width":525,"height":350},{"@type":"BreadcrumbList","@id":"https:\/\/www.welovecycling.com\/wide\/2016\/03\/29\/tragic-week-for-the-cycling-community\/#breadcrumb","itemListElement":[{"@type":"ListItem","position":1,"name":"Home","item":"https:\/\/www.welovecycling.com\/wide\/"},{"@type":"ListItem","position":2,"name":"Tragic Week for the Cycling Community"}]},{"@type":"WebSite","@id":"https:\/\/www.welovecycling.com\/wide\/#website","url":"https:\/\/www.welovecycling.com\/wide\/","name":"\u0160koda We Love Cycling","description":"\u0160koda We Love Cycling magazine","alternateName":"\u0160koda WLC","potentialAction":[{"@type":"SearchAction","target":{"@type":"EntryPoint","urlTemplate":"https:\/\/www.welovecycling.com\/wide\/?s={search_term_string}"},"query-input":{"@type":"PropertyValueSpecification","valueRequired":true,"valueName":"search_term_string"}}],"inLanguage":"en-US"},{"@type":"Person","@id":"https:\/\/www.welovecycling.com\/wide\/#\/schema\/person\/e5187c9cac8dd619ebc7b41bd73c2fd9","name":"WeLoveCycling","image":{"@type":"ImageObject","inLanguage":"en-US","@id":"https:\/\/www.welovecycling.com\/wide\/#\/schema\/person\/image\/","url":"https:\/\/secure.gravatar.com\/avatar\/7e1ee0ecc5e294b19ef32b9f6086e0afbb9da00c3cb0d465ba4695331f4a9187?s=96&d=mm&r=g","contentUrl":"https:\/\/secure.gravatar.com\/avatar\/7e1ee0ecc5e294b19ef32b9f6086e0afbb9da00c3cb0d465ba4695331f4a9187?s=96&d=mm&r=g","caption":"WeLoveCycling"},"url":"https:\/\/www.welovecycling.com\/wide\/author\/lukascech\/"}]}},"_links":{"self":[{"href":"https:\/\/www.welovecycling.com\/wide\/wp-json\/wp\/v2\/posts\/137091","targetHints":{"allow":["GET"]}}],"collection":[{"href":"https:\/\/www.welovecycling.com\/wide\/wp-json\/wp\/v2\/posts"}],"about":[{"href":"https:\/\/www.welovecycling.com\/wide\/wp-json\/wp\/v2\/types\/post"}],"author":[{"embeddable":true,"href":"https:\/\/www.welovecycling.com\/wide\/wp-json\/wp\/v2\/users\/1"}],"replies":[{"embeddable":true,"href":"https:\/\/www.welovecycling.com\/wide\/wp-json\/wp\/v2\/comments?post=137091"}],"version-history":[{"count":2,"href":"https:\/\/www.welovecycling.com\/wide\/wp-json\/wp\/v2\/posts\/137091\/revisions"}],"predecessor-version":[{"id":137098,"href":"https:\/\/www.welovecycling.com\/wide\/wp-json\/wp\/v2\/posts\/137091\/revisions\/137098"}],"wp:featuredmedia":[{"embeddable":true,"href":"https:\/\/www.welovecycling.com\/wide\/wp-json\/wp\/v2\/media\/137096"}],"wp:attachment":[{"href":"https:\/\/www.welovecycling.com\/wide\/wp-json\/wp\/v2\/media?parent=137091"}],"wp:term":[{"taxonomy":"category","embeddable":true,"href":"https:\/\/www.welovecycling.com\/wide\/wp-json\/wp\/v2\/categories?post=137091"},{"taxonomy":"post_tag","embeddable":true,"href":"https:\/\/www.welovecycling.com\/wide\/wp-json\/wp\/v2\/tags?post=137091"},{"taxonomy":"global-categories","embeddable":true,"href":"https:\/\/www.welovecycling.com\/wide\/wp-json\/wp\/v2\/global-categories?post=137091"}],"curies":[{"name":"wp","href":"https:\/\/api.w.org\/{rel}","templated":true}]}}