{"id":136630,"date":"2016-02-29T19:16:39","date_gmt":"2016-02-29T19:16:39","guid":{"rendered":"https:\/\/www.welovecycling.com\/?p=136630"},"modified":"2016-05-03T08:06:56","modified_gmt":"2016-05-03T08:06:56","slug":"coolest-news-from-the-wo-of-cycling-7","status":"publish","type":"post","link":"https:\/\/www.welovecycling.com\/wide\/2016\/02\/29\/coolest-news-from-the-wo-of-cycling-7\/","title":{"rendered":"Coolest News from the World of Cycling"},"content":{"rendered":"<p><b>Another Monday is here and our news from the world of cycling with it! So what did you miss in the last couple of days? Read on to find out.<\/b><br \/>\n<!--more--><\/p>\n<h2><b>Heartbreaking <\/b><b>S<\/b><b>earch for a <\/b><b>S<\/b><b>tolen <\/b><b>B<\/b><b>ike<\/b><\/h2>\n<p><a href=\"https:\/\/d2p6e6u75xmxt8.cloudfront.net\/2\/2016\/02\/sefesfd.jpg\"><img loading=\"lazy\" decoding=\"async\" class=\"alignnone size-full wp-image-136631\" src=\"https:\/\/d2p6e6u75xmxt8.cloudfront.net\/2\/2016\/02\/sefesfd.jpg\" alt=\"River Majster lost his bike.\" width=\"525\" height=\"700\" srcset=\"https:\/\/d2p6e6u75xmxt8.cloudfront.net\/2\/2016\/02\/sefesfd.jpg 525w, https:\/\/d2p6e6u75xmxt8.cloudfront.net\/2\/2016\/02\/sefesfd-225x300.jpg 225w\" sizes=\"auto, (max-width: 525px) 100vw, 525px\" \/><\/a><\/p>\n<p><span style=\"font-weight: 400\">An unusual search for a stolen bike went viral last week<\/span><span style=\"font-weight: 400\">, <\/span><span style=\"font-weight: 400\">and the whole cycling community is trying to help. Are you wondering why? Well, it\u2019s because the victim is five-year-old River Majster and the bike was <\/span><span style=\"font-weight: 400\">his <\/span><span style=\"font-weight: 400\">beloved Christmas gift, that was stolen on the very first occasion he got to ride it. <\/span><\/p>\n<p><span style=\"font-weight: 400\">\u201cHe was obviously crushed. He was very, very disappointed that the bike was gone. He just got the bike for Christmas too. We said \u2018don\u2019t worry we\u2019ll get you another bike.\u2019 Really it isn\u2019t about the bicycle itself, because he can have another bike. It\u2019s really about showing respect for other peoples\u2019 property. I thought nobody is going to take a kid\u2019s bike,\u201d said Greg, River\u2019s father.<\/span><\/p>\n<p><span style=\"font-weight: 400\">The boy didn\u2019t want a new bike<\/span><span style=\"font-weight: 400\">,<\/span><span style=\"font-weight: 400\"> though. He wanted the one he got for Christmas and so he started his own search for it, drawing pictures of it to post around the neighbourhood.<\/span><\/p>\n<p><span style=\"font-weight: 400\">\u201cI don\u2019t want to shame anybody. I don\u2019t know what their situation is. I\u2019m even willing to give a $20 reward for bringing it back, no questions asked. Just for doing the right thing,\u201d said Greg to the CityNews.<\/span><\/p>\n<h2><b>Pardon my French<\/b><\/h2>\n<div class=\"embed-controller-wrapper\">\n<blockquote class=\"twitter-tweet\" data-width=\"500\" data-dnt=\"true\">\n<p lang=\"fr\" dir=\"ltr\">Faites chauffer la colle!!!<a href=\"https:\/\/twitter.com\/hashtag\/%C3%A7anepassepassousleportique?src=hash&amp;ref_src=twsrc%5Etfw\">#\u00e7anepassepassousleportique<\/a> <a href=\"https:\/\/twitter.com\/hashtag\/boom?src=hash&amp;ref_src=twsrc%5Etfw\">#boom<\/a> <a href=\"https:\/\/twitter.com\/hashtag\/velocrash?src=hash&amp;ref_src=twsrc%5Etfw\">#velocrash<\/a> <a href=\"https:\/\/twitter.com\/hashtag\/fautpasenrirecanarrivepasquauxautres?src=hash&amp;ref_src=twsrc%5Etfw\">#fautpasenrirecanarrivepasquauxautres<\/a> <a href=\"https:\/\/t.co\/6tV3bWBSGO\">pic.twitter.com\/6tV3bWBSGO<\/a><\/p>\n<p>&mdash; Philippe Mauduit (@phmauduit) <a href=\"https:\/\/twitter.com\/phmauduit\/status\/702885325362896898?ref_src=twsrc%5Etfw\">February 25, 2016<\/a><\/p><\/blockquote>\n<p><script async data-src=\"https:\/\/platform.twitter.com\/widgets.js\" charset=\"utf-8\"><\/script><\/div>\n<p><span style=\"font-weight: 400\">We\u2019re pretty sure the Lampre-Merida rider isn\u2019t singing any praises here.<\/span><\/p>\n<h2><b>Mt. Washington Ascent<\/b><\/h2>\n<lite-youtube videoid=xYwZ5Egjlc0 params=\"enablejsapi=1\" style=\"background-image: url('https:\/\/i.ytimg.com\/vi_webp\/xYwZ5Egjlc0\/maxresdefault.webp');\"><\/lite-youtube>\n<p><span style=\"font-weight: 400\">Tim Johnson became the first person to ever bike up Mt. Washington Auto Road in <\/span><span style=\"font-weight: 400\">w<\/span><span style=\"font-weight: 400\">inter. The mountain is known for the world\u2019s worst weather. The highest wind <\/span><span style=\"font-weight: 400\">speed<\/span><span style=\"font-weight: 400\"> ever recorded was 231 mph. Tim ascended 1,306 meters in 49mph wind and in -28 degrees Celsius. Well done, sir!<\/span><\/p>\n<h2><b>Yummy<\/b><\/h2>\n<p><span style=\"font-weight: 400\">Being a pro looks like a hell lot of fun in this picture, doesn\u2019t it\u2026<\/span><\/p>\n<p><a href=\"https:\/\/twitter.com\/alex_howes\/status\/701507782399365120?ref_src=twsrc%5Etfw\">https:\/\/twitter.com\/alex_howes\/status\/701507782399365120?ref_src=twsrc%5Etfw<\/a><\/p>\n<h2><b>Riding in Taiwan<\/b><\/h2>\n<p><a href=\"https:\/\/www.instagram.com\/p\/BCVhkMpClk7\/?taken-by=wlcmagazine\">https:\/\/www.instagram.com\/p\/BCVhkMpClk7\/?taken-by=wlcmagazine<\/a><\/p>\n<p><span style=\"font-weight: 400\">Would you dare? Our ambassador Gaspi certainly did. See more photos from his expedition <a href=\"https:\/\/www.welovecycling.com\/blog\/136605\/riding-in-taiwan-the-cyclings-promised-land\/\" target=\"_blank\">HERE<\/a>.<\/span><\/p>\n","protected":false},"excerpt":{"rendered":"<p>Another Monday is here and our news from the world of cycling with it! So what did you miss in [&hellip;]<\/p>\n","protected":false},"author":30,"featured_media":136634,"comment_status":"open","ping_status":"open","sticky":false,"template":"","format":"standard","meta":{"footnotes":""},"categories":[328],"tags":[],"global-categories":[],"class_list":["post-136630","post","type-post","status-publish","format-standard","has-post-thumbnail","hentry","category-outdoor-mountain"],"yoast_head":"<!-- This site is optimized with the Yoast SEO Premium plugin v25.3 (Yoast SEO v25.9) - https:\/\/yoast.com\/wordpress\/plugins\/seo\/ -->\n<title>Coolest News from the World of Cycling - \u0160koda We Love Cycling<\/title>\n<meta name=\"description\" content=\"Another Monday is here and our news from the world of cycling with it! So what did you miss in the last couple of days? Read on to find out.\" \/>\n<meta name=\"robots\" content=\"index, follow, max-snippet:-1, max-image-preview:large, max-video-preview:-1\" \/>\n<link rel=\"canonical\" href=\"https:\/\/www.welovecycling.com\/wide\/2016\/02\/29\/coolest-news-from-the-wo-of-cycling-7\/\" \/>\n<meta property=\"og:locale\" content=\"en_US\" \/>\n<meta property=\"og:type\" content=\"article\" \/>\n<meta property=\"og:title\" content=\"Coolest News from the World of Cycling\" \/>\n<meta property=\"og:description\" content=\"Another Monday is here and our news from the world of cycling with it! So what did you miss in the last couple of days? Read on to find out.\" \/>\n<meta property=\"og:url\" content=\"https:\/\/www.welovecycling.com\/wide\/2016\/02\/29\/coolest-news-from-the-wo-of-cycling-7\/\" \/>\n<meta property=\"og:site_name\" content=\"\u0160koda We Love Cycling\" \/>\n<meta property=\"article:published_time\" content=\"2016-02-29T19:16:39+00:00\" \/>\n<meta property=\"article:modified_time\" content=\"2016-05-03T08:06:56+00:00\" \/>\n<meta property=\"og:image\" content=\"https:\/\/d2p6e6u75xmxt8.cloudfront.net\/2\/2016\/02\/profi131\u0161\u010d\u01593.webp\" \/>\n\t<meta property=\"og:image:width\" content=\"525\" \/>\n\t<meta property=\"og:image:height\" content=\"350\" \/>\n\t<meta property=\"og:image:type\" content=\"image\/webp\" \/>\n<meta name=\"twitter:card\" content=\"summary_large_image\" \/>\n<meta name=\"twitter:label1\" content=\"Written by\" \/>\n\t<meta name=\"twitter:data1\" content=\"Martin Mrazek\" \/>\n\t<meta name=\"twitter:label2\" content=\"Est. reading time\" \/>\n\t<meta name=\"twitter:data2\" content=\"2 minutes\" \/>\n<script type=\"application\/ld+json\" class=\"yoast-schema-graph\">{\"@context\":\"https:\/\/schema.org\",\"@graph\":[{\"@type\":\"WebPage\",\"@id\":\"https:\/\/www.welovecycling.com\/wide\/2016\/02\/29\/coolest-news-from-the-wo-of-cycling-7\/\",\"url\":\"https:\/\/www.welovecycling.com\/wide\/2016\/02\/29\/coolest-news-from-the-wo-of-cycling-7\/\",\"name\":\"Coolest News from the World of Cycling - \u0160koda We Love Cycling\",\"isPartOf\":{\"@id\":\"https:\/\/www.welovecycling.com\/wide\/#website\"},\"primaryImageOfPage\":{\"@id\":\"https:\/\/www.welovecycling.com\/wide\/2016\/02\/29\/coolest-news-from-the-wo-of-cycling-7\/#primaryimage\"},\"image\":{\"@id\":\"https:\/\/www.welovecycling.com\/wide\/2016\/02\/29\/coolest-news-from-the-wo-of-cycling-7\/#primaryimage\"},\"thumbnailUrl\":\"https:\/\/d2p6e6u75xmxt8.cloudfront.net\/2\/2016\/02\/profi131\u0161\u010d\u01593.webp\",\"datePublished\":\"2016-02-29T19:16:39+00:00\",\"dateModified\":\"2016-05-03T08:06:56+00:00\",\"author\":{\"@id\":\"\"},\"description\":\"Another Monday is here and our news from the world of cycling with it! So what did you miss in the last couple of days? Read on to find out.\",\"breadcrumb\":{\"@id\":\"https:\/\/www.welovecycling.com\/wide\/2016\/02\/29\/coolest-news-from-the-wo-of-cycling-7\/#breadcrumb\"},\"inLanguage\":\"en-US\",\"potentialAction\":[{\"@type\":\"ReadAction\",\"target\":[\"https:\/\/www.welovecycling.com\/wide\/2016\/02\/29\/coolest-news-from-the-wo-of-cycling-7\/\"]}]},{\"@type\":\"ImageObject\",\"inLanguage\":\"en-US\",\"@id\":\"https:\/\/www.welovecycling.com\/wide\/2016\/02\/29\/coolest-news-from-the-wo-of-cycling-7\/#primaryimage\",\"url\":\"https:\/\/d2p6e6u75xmxt8.cloudfront.net\/2\/2016\/02\/profi131\u0161\u010d\u01593.webp\",\"contentUrl\":\"https:\/\/d2p6e6u75xmxt8.cloudfront.net\/2\/2016\/02\/profi131\u0161\u010d\u01593.webp\",\"width\":525,\"height\":350},{\"@type\":\"BreadcrumbList\",\"@id\":\"https:\/\/www.welovecycling.com\/wide\/2016\/02\/29\/coolest-news-from-the-wo-of-cycling-7\/#breadcrumb\",\"itemListElement\":[{\"@type\":\"ListItem\",\"position\":1,\"name\":\"Home\",\"item\":\"https:\/\/www.welovecycling.com\/wide\/\"},{\"@type\":\"ListItem\",\"position\":2,\"name\":\"Coolest News from the World of Cycling\"}]},{\"@type\":\"WebSite\",\"@id\":\"https:\/\/www.welovecycling.com\/wide\/#website\",\"url\":\"https:\/\/www.welovecycling.com\/wide\/\",\"name\":\"\u0160koda We Love Cycling\",\"description\":\"\u0160koda We Love Cycling magazine\",\"alternateName\":\"\u0160koda WLC\",\"potentialAction\":[{\"@type\":\"SearchAction\",\"target\":{\"@type\":\"EntryPoint\",\"urlTemplate\":\"https:\/\/www.welovecycling.com\/wide\/?s={search_term_string}\"},\"query-input\":{\"@type\":\"PropertyValueSpecification\",\"valueRequired\":true,\"valueName\":\"search_term_string\"}}],\"inLanguage\":\"en-US\"},{\"@type\":\"Person\",\"@id\":\"\",\"url\":\"https:\/\/www.welovecycling.com\/wide\/author\/\"}]}<\/script>\n<!-- \/ Yoast SEO Premium plugin. -->","yoast_head_json":{"title":"Coolest News from the World of Cycling - \u0160koda We Love Cycling","description":"Another Monday is here and our news from the world of cycling with it! So what did you miss in the last couple of days? Read on to find out.","robots":{"index":"index","follow":"follow","max-snippet":"max-snippet:-1","max-image-preview":"max-image-preview:large","max-video-preview":"max-video-preview:-1"},"canonical":"https:\/\/www.welovecycling.com\/wide\/2016\/02\/29\/coolest-news-from-the-wo-of-cycling-7\/","og_locale":"en_US","og_type":"article","og_title":"Coolest News from the World of Cycling","og_description":"Another Monday is here and our news from the world of cycling with it! So what did you miss in the last couple of days? Read on to find out.","og_url":"https:\/\/www.welovecycling.com\/wide\/2016\/02\/29\/coolest-news-from-the-wo-of-cycling-7\/","og_site_name":"\u0160koda We Love Cycling","article_published_time":"2016-02-29T19:16:39+00:00","article_modified_time":"2016-05-03T08:06:56+00:00","og_image":[{"width":525,"height":350,"url":"https:\/\/d2p6e6u75xmxt8.cloudfront.net\/2\/2016\/02\/profi131\u0161\u010d\u01593.webp","type":"image\/webp"}],"twitter_card":"summary_large_image","twitter_misc":{"Written by":"Martin Mrazek","Est. reading time":"2 minutes"},"schema":{"@context":"https:\/\/schema.org","@graph":[{"@type":"WebPage","@id":"https:\/\/www.welovecycling.com\/wide\/2016\/02\/29\/coolest-news-from-the-wo-of-cycling-7\/","url":"https:\/\/www.welovecycling.com\/wide\/2016\/02\/29\/coolest-news-from-the-wo-of-cycling-7\/","name":"Coolest News from the World of Cycling - \u0160koda We Love Cycling","isPartOf":{"@id":"https:\/\/www.welovecycling.com\/wide\/#website"},"primaryImageOfPage":{"@id":"https:\/\/www.welovecycling.com\/wide\/2016\/02\/29\/coolest-news-from-the-wo-of-cycling-7\/#primaryimage"},"image":{"@id":"https:\/\/www.welovecycling.com\/wide\/2016\/02\/29\/coolest-news-from-the-wo-of-cycling-7\/#primaryimage"},"thumbnailUrl":"https:\/\/d2p6e6u75xmxt8.cloudfront.net\/2\/2016\/02\/profi131\u0161\u010d\u01593.webp","datePublished":"2016-02-29T19:16:39+00:00","dateModified":"2016-05-03T08:06:56+00:00","author":{"@id":""},"description":"Another Monday is here and our news from the world of cycling with it! So what did you miss in the last couple of days? Read on to find out.","breadcrumb":{"@id":"https:\/\/www.welovecycling.com\/wide\/2016\/02\/29\/coolest-news-from-the-wo-of-cycling-7\/#breadcrumb"},"inLanguage":"en-US","potentialAction":[{"@type":"ReadAction","target":["https:\/\/www.welovecycling.com\/wide\/2016\/02\/29\/coolest-news-from-the-wo-of-cycling-7\/"]}]},{"@type":"ImageObject","inLanguage":"en-US","@id":"https:\/\/www.welovecycling.com\/wide\/2016\/02\/29\/coolest-news-from-the-wo-of-cycling-7\/#primaryimage","url":"https:\/\/d2p6e6u75xmxt8.cloudfront.net\/2\/2016\/02\/profi131\u0161\u010d\u01593.webp","contentUrl":"https:\/\/d2p6e6u75xmxt8.cloudfront.net\/2\/2016\/02\/profi131\u0161\u010d\u01593.webp","width":525,"height":350},{"@type":"BreadcrumbList","@id":"https:\/\/www.welovecycling.com\/wide\/2016\/02\/29\/coolest-news-from-the-wo-of-cycling-7\/#breadcrumb","itemListElement":[{"@type":"ListItem","position":1,"name":"Home","item":"https:\/\/www.welovecycling.com\/wide\/"},{"@type":"ListItem","position":2,"name":"Coolest News from the World of Cycling"}]},{"@type":"WebSite","@id":"https:\/\/www.welovecycling.com\/wide\/#website","url":"https:\/\/www.welovecycling.com\/wide\/","name":"\u0160koda We Love Cycling","description":"\u0160koda We Love Cycling magazine","alternateName":"\u0160koda WLC","potentialAction":[{"@type":"SearchAction","target":{"@type":"EntryPoint","urlTemplate":"https:\/\/www.welovecycling.com\/wide\/?s={search_term_string}"},"query-input":{"@type":"PropertyValueSpecification","valueRequired":true,"valueName":"search_term_string"}}],"inLanguage":"en-US"},{"@type":"Person","@id":"","url":"https:\/\/www.welovecycling.com\/wide\/author\/"}]}},"_links":{"self":[{"href":"https:\/\/www.welovecycling.com\/wide\/wp-json\/wp\/v2\/posts\/136630","targetHints":{"allow":["GET"]}}],"collection":[{"href":"https:\/\/www.welovecycling.com\/wide\/wp-json\/wp\/v2\/posts"}],"about":[{"href":"https:\/\/www.welovecycling.com\/wide\/wp-json\/wp\/v2\/types\/post"}],"author":[{"embeddable":true,"href":"https:\/\/www.welovecycling.com\/wide\/wp-json\/wp\/v2\/users\/30"}],"replies":[{"embeddable":true,"href":"https:\/\/www.welovecycling.com\/wide\/wp-json\/wp\/v2\/comments?post=136630"}],"version-history":[{"count":2,"href":"https:\/\/www.welovecycling.com\/wide\/wp-json\/wp\/v2\/posts\/136630\/revisions"}],"predecessor-version":[{"id":136635,"href":"https:\/\/www.welovecycling.com\/wide\/wp-json\/wp\/v2\/posts\/136630\/revisions\/136635"}],"wp:featuredmedia":[{"embeddable":true,"href":"https:\/\/www.welovecycling.com\/wide\/wp-json\/wp\/v2\/media\/136634"}],"wp:attachment":[{"href":"https:\/\/www.welovecycling.com\/wide\/wp-json\/wp\/v2\/media?parent=136630"}],"wp:term":[{"taxonomy":"category","embeddable":true,"href":"https:\/\/www.welovecycling.com\/wide\/wp-json\/wp\/v2\/categories?post=136630"},{"taxonomy":"post_tag","embeddable":true,"href":"https:\/\/www.welovecycling.com\/wide\/wp-json\/wp\/v2\/tags?post=136630"},{"taxonomy":"global-categories","embeddable":true,"href":"https:\/\/www.welovecycling.com\/wide\/wp-json\/wp\/v2\/global-categories?post=136630"}],"curies":[{"name":"wp","href":"https:\/\/api.w.org\/{rel}","templated":true}]}}