{"id":136591,"date":"2016-02-26T11:05:10","date_gmt":"2016-02-26T09:05:10","guid":{"rendered":"https:\/\/www.welovecycling.com\/?p=136591"},"modified":"2016-02-26T11:05:10","modified_gmt":"2016-02-26T09:05:10","slug":"sagan-expects-a-sharp-confrontation-in-belgium","status":"publish","type":"post","link":"https:\/\/www.welovecycling.com\/wide\/2016\/02\/26\/sagan-expects-a-sharp-confrontation-in-belgium\/","title":{"rendered":"Sagan Expects a Sharp Confrontation in Belgium"},"content":{"rendered":"<p><strong>The world champ Peter Sagan is going to start his European season this weekend with Omloop Het Nieuwsblad and Kuurne-Brussel-Kuurne as a Tinkoff leader and is really looking forward to it.<\/strong><br \/>\n<!--more--><\/p>\n<p><span style=\"font-weight: 400\">\u00a0<\/span>&#8220;These races in Belgium are set to kick off the final phases of my preparation for the spring monuments, which, yet again, will be a great challenge to me. Both races are quite long and difficult and they nearly always indicate who will succeed in the spring part of the season. It will be the first test and I expect a sharp confrontation with the best riders,&#8221; concluded Sagan.<\/p>\n<p><span style=\"font-weight: 400\">The Slovakian rider\u2019s last race happened a month ago in Argentina, so his current form is a mystery. Peter is pretty positive though: \u201cI prepared diligently, I spent a lot of time at the training camp in Sierra Nevada and I know I&#8217;m doing well. I am interested in seeing how strong my opponents are.&#8221;<\/span><\/p>\n<p><a href=\"https:\/\/d2p6e6u75xmxt8.cloudfront.net\/2\/2016\/02\/profimedia-0254023697.jpg\"><img loading=\"lazy\" decoding=\"async\" class=\"alignnone size-medium wp-image-136594\" src=\"https:\/\/d2p6e6u75xmxt8.cloudfront.net\/2\/2016\/02\/profimedia-0254023697-600x400.jpg\" alt=\" \u201cI prepared diligently, I spent a lot of time at the training camp in Sierra Nevada and I know I'm doing well. I am interested in seeing how strong my opponents are.&quot;\" width=\"600\" height=\"400\" \/><\/a><\/p>\n<p><span style=\"font-weight: 400\">\u00a0<\/span><span style=\"font-weight: 400\">Sagan could be the first rider to win one of the cycling\u2019s Monuments as a world champion since Paolo Bettini\u2019s triumph in Il Lombardia <\/span><span style=\"font-weight: 400\">2006<\/span><span style=\"font-weight: 400\">.<\/span><\/p>\n<p><span style=\"font-weight: 400\">It will definitely not be easy though. All the Belgian riders will want to prove themselves on <\/span><span style=\"font-weight: 400\">their home turf<\/span><span style=\"font-weight: 400\">, so a lot of early breakaways can be expected.<\/span><\/p>\n<p><span style=\"font-weight: 400\">\u00a0<\/span>Do you think Peter has got what it takes?<\/p>\n","protected":false},"excerpt":{"rendered":"<p>The world champ Peter Sagan is going to start his European season this weekend with Omloop Het Nieuwsblad and Kuurne-Brussel-Kuurne [&hellip;]<\/p>\n","protected":false},"author":30,"featured_media":136593,"comment_status":"open","ping_status":"open","sticky":false,"template":"","format":"standard","meta":{"footnotes":""},"categories":[329,334,330],"tags":[],"global-categories":[],"class_list":["post-136591","post","type-post","status-publish","format-standard","has-post-thumbnail","hentry","category-road-cycling","category-socialising-and-culture","category-urban-cycling"],"yoast_head":"<!-- This site is optimized with the Yoast SEO Premium plugin v25.3 (Yoast SEO v25.9) - https:\/\/yoast.com\/wordpress\/plugins\/seo\/ -->\n<title>Sagan Expects a Sharp Confrontation in Belgium - \u0160koda We Love Cycling<\/title>\n<meta name=\"description\" content=\"The world champ Peter Sagan is going to start his European season this weekend with Omloop Het Nieuwsblad and Kuurne-Brussel-Kuurne as a Tinkoff leader...\" \/>\n<meta name=\"robots\" content=\"index, follow, max-snippet:-1, max-image-preview:large, max-video-preview:-1\" \/>\n<link rel=\"canonical\" href=\"https:\/\/www.welovecycling.com\/wide\/2016\/02\/26\/sagan-expects-a-sharp-confrontation-in-belgium\/\" \/>\n<meta property=\"og:locale\" content=\"en_US\" \/>\n<meta property=\"og:type\" content=\"article\" \/>\n<meta property=\"og:title\" content=\"Sagan Expects a Sharp Confrontation in Belgium\" \/>\n<meta property=\"og:description\" content=\"The world champ Peter Sagan is going to start his European season this weekend with Omloop Het Nieuwsblad and Kuurne-Brussel-Kuurne as a Tinkoff leader...\" \/>\n<meta property=\"og:url\" content=\"https:\/\/www.welovecycling.com\/wide\/2016\/02\/26\/sagan-expects-a-sharp-confrontation-in-belgium\/\" \/>\n<meta property=\"og:site_name\" content=\"\u0160koda We Love Cycling\" \/>\n<meta property=\"article:published_time\" content=\"2016-02-26T09:05:10+00:00\" \/>\n<meta property=\"og:image\" content=\"https:\/\/d2p6e6u75xmxt8.cloudfront.net\/2\/2016\/02\/profi2412.webp\" \/>\n\t<meta property=\"og:image:width\" content=\"525\" \/>\n\t<meta property=\"og:image:height\" content=\"350\" \/>\n\t<meta property=\"og:image:type\" content=\"image\/webp\" \/>\n<meta name=\"twitter:card\" content=\"summary_large_image\" \/>\n<meta name=\"twitter:label1\" content=\"Written by\" \/>\n\t<meta name=\"twitter:data1\" content=\"Monica Buck\" \/>\n\t<meta name=\"twitter:label2\" content=\"Est. reading time\" \/>\n\t<meta name=\"twitter:data2\" content=\"1 minute\" \/>\n<script type=\"application\/ld+json\" class=\"yoast-schema-graph\">{\"@context\":\"https:\/\/schema.org\",\"@graph\":[{\"@type\":\"WebPage\",\"@id\":\"https:\/\/www.welovecycling.com\/wide\/2016\/02\/26\/sagan-expects-a-sharp-confrontation-in-belgium\/\",\"url\":\"https:\/\/www.welovecycling.com\/wide\/2016\/02\/26\/sagan-expects-a-sharp-confrontation-in-belgium\/\",\"name\":\"Sagan Expects a Sharp Confrontation in Belgium - \u0160koda We Love Cycling\",\"isPartOf\":{\"@id\":\"https:\/\/www.welovecycling.com\/wide\/#website\"},\"primaryImageOfPage\":{\"@id\":\"https:\/\/www.welovecycling.com\/wide\/2016\/02\/26\/sagan-expects-a-sharp-confrontation-in-belgium\/#primaryimage\"},\"image\":{\"@id\":\"https:\/\/www.welovecycling.com\/wide\/2016\/02\/26\/sagan-expects-a-sharp-confrontation-in-belgium\/#primaryimage\"},\"thumbnailUrl\":\"https:\/\/d2p6e6u75xmxt8.cloudfront.net\/2\/2016\/02\/profi2412.webp\",\"datePublished\":\"2016-02-26T09:05:10+00:00\",\"author\":{\"@id\":\"\"},\"description\":\"The world champ Peter Sagan is going to start his European season this weekend with Omloop Het Nieuwsblad and Kuurne-Brussel-Kuurne as a Tinkoff leader...\",\"breadcrumb\":{\"@id\":\"https:\/\/www.welovecycling.com\/wide\/2016\/02\/26\/sagan-expects-a-sharp-confrontation-in-belgium\/#breadcrumb\"},\"inLanguage\":\"en-US\",\"potentialAction\":[{\"@type\":\"ReadAction\",\"target\":[\"https:\/\/www.welovecycling.com\/wide\/2016\/02\/26\/sagan-expects-a-sharp-confrontation-in-belgium\/\"]}]},{\"@type\":\"ImageObject\",\"inLanguage\":\"en-US\",\"@id\":\"https:\/\/www.welovecycling.com\/wide\/2016\/02\/26\/sagan-expects-a-sharp-confrontation-in-belgium\/#primaryimage\",\"url\":\"https:\/\/d2p6e6u75xmxt8.cloudfront.net\/2\/2016\/02\/profi2412.webp\",\"contentUrl\":\"https:\/\/d2p6e6u75xmxt8.cloudfront.net\/2\/2016\/02\/profi2412.webp\",\"width\":525,\"height\":350},{\"@type\":\"BreadcrumbList\",\"@id\":\"https:\/\/www.welovecycling.com\/wide\/2016\/02\/26\/sagan-expects-a-sharp-confrontation-in-belgium\/#breadcrumb\",\"itemListElement\":[{\"@type\":\"ListItem\",\"position\":1,\"name\":\"Home\",\"item\":\"https:\/\/www.welovecycling.com\/wide\/\"},{\"@type\":\"ListItem\",\"position\":2,\"name\":\"Sagan Expects a Sharp Confrontation in Belgium\"}]},{\"@type\":\"WebSite\",\"@id\":\"https:\/\/www.welovecycling.com\/wide\/#website\",\"url\":\"https:\/\/www.welovecycling.com\/wide\/\",\"name\":\"\u0160koda We Love Cycling\",\"description\":\"\u0160koda We Love Cycling magazine\",\"alternateName\":\"\u0160koda WLC\",\"potentialAction\":[{\"@type\":\"SearchAction\",\"target\":{\"@type\":\"EntryPoint\",\"urlTemplate\":\"https:\/\/www.welovecycling.com\/wide\/?s={search_term_string}\"},\"query-input\":{\"@type\":\"PropertyValueSpecification\",\"valueRequired\":true,\"valueName\":\"search_term_string\"}}],\"inLanguage\":\"en-US\"},{\"@type\":\"Person\",\"@id\":\"\",\"url\":\"https:\/\/www.welovecycling.com\/wide\/author\/\"}]}<\/script>\n<!-- \/ Yoast SEO Premium plugin. -->","yoast_head_json":{"title":"Sagan Expects a Sharp Confrontation in Belgium - \u0160koda We Love Cycling","description":"The world champ Peter Sagan is going to start his European season this weekend with Omloop Het Nieuwsblad and Kuurne-Brussel-Kuurne as a Tinkoff leader...","robots":{"index":"index","follow":"follow","max-snippet":"max-snippet:-1","max-image-preview":"max-image-preview:large","max-video-preview":"max-video-preview:-1"},"canonical":"https:\/\/www.welovecycling.com\/wide\/2016\/02\/26\/sagan-expects-a-sharp-confrontation-in-belgium\/","og_locale":"en_US","og_type":"article","og_title":"Sagan Expects a Sharp Confrontation in Belgium","og_description":"The world champ Peter Sagan is going to start his European season this weekend with Omloop Het Nieuwsblad and Kuurne-Brussel-Kuurne as a Tinkoff leader...","og_url":"https:\/\/www.welovecycling.com\/wide\/2016\/02\/26\/sagan-expects-a-sharp-confrontation-in-belgium\/","og_site_name":"\u0160koda We Love Cycling","article_published_time":"2016-02-26T09:05:10+00:00","og_image":[{"width":525,"height":350,"url":"https:\/\/d2p6e6u75xmxt8.cloudfront.net\/2\/2016\/02\/profi2412.webp","type":"image\/webp"}],"twitter_card":"summary_large_image","twitter_misc":{"Written by":"Monica Buck","Est. reading time":"1 minute"},"schema":{"@context":"https:\/\/schema.org","@graph":[{"@type":"WebPage","@id":"https:\/\/www.welovecycling.com\/wide\/2016\/02\/26\/sagan-expects-a-sharp-confrontation-in-belgium\/","url":"https:\/\/www.welovecycling.com\/wide\/2016\/02\/26\/sagan-expects-a-sharp-confrontation-in-belgium\/","name":"Sagan Expects a Sharp Confrontation in Belgium - \u0160koda We Love Cycling","isPartOf":{"@id":"https:\/\/www.welovecycling.com\/wide\/#website"},"primaryImageOfPage":{"@id":"https:\/\/www.welovecycling.com\/wide\/2016\/02\/26\/sagan-expects-a-sharp-confrontation-in-belgium\/#primaryimage"},"image":{"@id":"https:\/\/www.welovecycling.com\/wide\/2016\/02\/26\/sagan-expects-a-sharp-confrontation-in-belgium\/#primaryimage"},"thumbnailUrl":"https:\/\/d2p6e6u75xmxt8.cloudfront.net\/2\/2016\/02\/profi2412.webp","datePublished":"2016-02-26T09:05:10+00:00","author":{"@id":""},"description":"The world champ Peter Sagan is going to start his European season this weekend with Omloop Het Nieuwsblad and Kuurne-Brussel-Kuurne as a Tinkoff leader...","breadcrumb":{"@id":"https:\/\/www.welovecycling.com\/wide\/2016\/02\/26\/sagan-expects-a-sharp-confrontation-in-belgium\/#breadcrumb"},"inLanguage":"en-US","potentialAction":[{"@type":"ReadAction","target":["https:\/\/www.welovecycling.com\/wide\/2016\/02\/26\/sagan-expects-a-sharp-confrontation-in-belgium\/"]}]},{"@type":"ImageObject","inLanguage":"en-US","@id":"https:\/\/www.welovecycling.com\/wide\/2016\/02\/26\/sagan-expects-a-sharp-confrontation-in-belgium\/#primaryimage","url":"https:\/\/d2p6e6u75xmxt8.cloudfront.net\/2\/2016\/02\/profi2412.webp","contentUrl":"https:\/\/d2p6e6u75xmxt8.cloudfront.net\/2\/2016\/02\/profi2412.webp","width":525,"height":350},{"@type":"BreadcrumbList","@id":"https:\/\/www.welovecycling.com\/wide\/2016\/02\/26\/sagan-expects-a-sharp-confrontation-in-belgium\/#breadcrumb","itemListElement":[{"@type":"ListItem","position":1,"name":"Home","item":"https:\/\/www.welovecycling.com\/wide\/"},{"@type":"ListItem","position":2,"name":"Sagan Expects a Sharp Confrontation in Belgium"}]},{"@type":"WebSite","@id":"https:\/\/www.welovecycling.com\/wide\/#website","url":"https:\/\/www.welovecycling.com\/wide\/","name":"\u0160koda We Love Cycling","description":"\u0160koda We Love Cycling magazine","alternateName":"\u0160koda WLC","potentialAction":[{"@type":"SearchAction","target":{"@type":"EntryPoint","urlTemplate":"https:\/\/www.welovecycling.com\/wide\/?s={search_term_string}"},"query-input":{"@type":"PropertyValueSpecification","valueRequired":true,"valueName":"search_term_string"}}],"inLanguage":"en-US"},{"@type":"Person","@id":"","url":"https:\/\/www.welovecycling.com\/wide\/author\/"}]}},"_links":{"self":[{"href":"https:\/\/www.welovecycling.com\/wide\/wp-json\/wp\/v2\/posts\/136591","targetHints":{"allow":["GET"]}}],"collection":[{"href":"https:\/\/www.welovecycling.com\/wide\/wp-json\/wp\/v2\/posts"}],"about":[{"href":"https:\/\/www.welovecycling.com\/wide\/wp-json\/wp\/v2\/types\/post"}],"author":[{"embeddable":true,"href":"https:\/\/www.welovecycling.com\/wide\/wp-json\/wp\/v2\/users\/30"}],"replies":[{"embeddable":true,"href":"https:\/\/www.welovecycling.com\/wide\/wp-json\/wp\/v2\/comments?post=136591"}],"version-history":[{"count":2,"href":"https:\/\/www.welovecycling.com\/wide\/wp-json\/wp\/v2\/posts\/136591\/revisions"}],"predecessor-version":[{"id":136596,"href":"https:\/\/www.welovecycling.com\/wide\/wp-json\/wp\/v2\/posts\/136591\/revisions\/136596"}],"wp:featuredmedia":[{"embeddable":true,"href":"https:\/\/www.welovecycling.com\/wide\/wp-json\/wp\/v2\/media\/136593"}],"wp:attachment":[{"href":"https:\/\/www.welovecycling.com\/wide\/wp-json\/wp\/v2\/media?parent=136591"}],"wp:term":[{"taxonomy":"category","embeddable":true,"href":"https:\/\/www.welovecycling.com\/wide\/wp-json\/wp\/v2\/categories?post=136591"},{"taxonomy":"post_tag","embeddable":true,"href":"https:\/\/www.welovecycling.com\/wide\/wp-json\/wp\/v2\/tags?post=136591"},{"taxonomy":"global-categories","embeddable":true,"href":"https:\/\/www.welovecycling.com\/wide\/wp-json\/wp\/v2\/global-categories?post=136591"}],"curies":[{"name":"wp","href":"https:\/\/api.w.org\/{rel}","templated":true}]}}