{"id":133621,"date":"2016-02-17T11:04:11","date_gmt":"2016-02-17T09:04:11","guid":{"rendered":"https:\/\/www.welovecycling.com\/?p=133621"},"modified":"2016-02-17T11:04:11","modified_gmt":"2016-02-17T09:04:11","slug":"cyclist-is-being-targeted-by-bike-thieves-gang","status":"publish","type":"post","link":"https:\/\/www.welovecycling.com\/wide\/2016\/02\/17\/cyclist-is-being-targeted-by-bike-thieves-gang\/","title":{"rendered":"Cyclist Is Being Targeted By Bike Thieves Gang"},"content":{"rendered":"<p><strong>Jose Velazquez, a cycling enthusiast from Bristol who races to raise money for Bristol Children\u2019s Hospital, believes he is being targeted by bicycle thieves. The 46-year-old has been a victim of six burglaries in total and two of those have happened in the last four months.<\/strong><br \/>\n<!--more--><\/p>\n<p>Every single time, despite being secured with a D-lock and locked in a garage, his bicycle went missing. Both his daughter\u2019s and his wife\u2019s bikes were left behind though. Jose estimated the total loss at \u00a310,000.<\/p>\n<p>&#8220;I have always locked my bike up. But the police said with the right tools people will be able to get in. My bike is insured and it looks as though they have seen it has been replaced and then come to steal the newest version,&#8221; said Velazquez for the Bristol Post.<\/p>\n<p><a href=\"https:\/\/d2p6e6u75xmxt8.cloudfront.net\/2\/2016\/02\/profimedia-0117575498-2.jpg\"><img loading=\"lazy\" decoding=\"async\" class=\"alignnone size-medium wp-image-133626\" src=\"https:\/\/d2p6e6u75xmxt8.cloudfront.net\/2\/2016\/02\/profimedia-0117575498-2-600x447.jpg\" alt=\"Jose Velazquez, a cycling enthusiast from Bristol who races to raise money for Bristol Children\u2019s Hospital, believes he is being targeted by bicycle thieves.\" width=\"600\" height=\"447\" \/><\/a><\/p>\n<p>If you think his story sounds crazy, you should read the statement of the Somerset Police, confirming the existence of gangs targeting cyclists with high-value bikes:<\/p>\n<p>&#8220;There has been an increase in the number of burglaries and shed breaks, where high-value bicycles are being stolen. It is thought that a group of individuals is targeting victims whilst owners are out and about on their bikes at places like Leigh Woods and Ashton Court, before following them home.\u201d<\/p>\n<p><a href=\"https:\/\/d2p6e6u75xmxt8.cloudfront.net\/2\/2016\/02\/anotherbikethief3.jpg\"><img loading=\"lazy\" decoding=\"async\" class=\"alignnone size-medium wp-image-133625\" src=\"https:\/\/d2p6e6u75xmxt8.cloudfront.net\/2\/2016\/02\/anotherbikethief3-600x339.jpg\" alt=\"The 46-year-old has been a victim of six burglaries in total and two of those have happened in the last four months.\" width=\"600\" height=\"339\" \/><\/a><\/p>\n<p>Jose Velasquez believes that cycling apps are also playing a part in this growing trend.<\/p>\n<p>&#8220;I have been speaking to fellow cyclists and they said they have known it to happen,\u201d points the 46-year-old cyclist to Strava and other apps.<\/p>\n<p>Do you check your privacy settings?<\/p>\n","protected":false},"excerpt":{"rendered":"<p>Jose Velazquez, a cycling enthusiast from Bristol who races to raise money for Bristol Children\u2019s Hospital, believes he is being [&hellip;]<\/p>\n","protected":false},"author":30,"featured_media":133622,"comment_status":"open","ping_status":"open","sticky":false,"template":"","format":"standard","meta":{"footnotes":""},"categories":[334],"tags":[],"global-categories":[],"class_list":["post-133621","post","type-post","status-publish","format-standard","has-post-thumbnail","hentry","category-socialising-and-culture"],"yoast_head":"<!-- This site is optimized with the Yoast SEO Premium plugin v25.3 (Yoast SEO v25.9) - https:\/\/yoast.com\/wordpress\/plugins\/seo\/ -->\n<title>Cyclist Is Being Targeted By Bike Thieves Gang - \u0160koda We Love Cycling<\/title>\n<meta name=\"description\" content=\"Jose Velazquez, a cycling enthusiast from Bristol who races to raise money for Bristol Children\u2019s Hospital, believes he is being targeted by bicycle thieves\" \/>\n<meta name=\"robots\" content=\"index, follow, max-snippet:-1, max-image-preview:large, max-video-preview:-1\" \/>\n<link rel=\"canonical\" href=\"https:\/\/www.welovecycling.com\/wide\/2016\/02\/17\/cyclist-is-being-targeted-by-bike-thieves-gang\/\" \/>\n<meta property=\"og:locale\" content=\"en_US\" \/>\n<meta property=\"og:type\" content=\"article\" \/>\n<meta property=\"og:title\" content=\"Cyclist Is Being Targeted By Bike Thieves Gang\" \/>\n<meta property=\"og:description\" content=\"Jose Velazquez, a cycling enthusiast from Bristol who races to raise money for Bristol Children\u2019s Hospital, believes he is being targeted by bicycle thieves\" \/>\n<meta property=\"og:url\" content=\"https:\/\/www.welovecycling.com\/wide\/2016\/02\/17\/cyclist-is-being-targeted-by-bike-thieves-gang\/\" \/>\n<meta property=\"og:site_name\" content=\"\u0160koda We Love Cycling\" \/>\n<meta property=\"article:published_time\" content=\"2016-02-17T09:04:11+00:00\" \/>\n<meta property=\"og:image\" content=\"https:\/\/d2p6e6u75xmxt8.cloudfront.net\/2\/2016\/02\/profi24424241.webp\" \/>\n\t<meta property=\"og:image:width\" content=\"525\" \/>\n\t<meta property=\"og:image:height\" content=\"350\" \/>\n\t<meta property=\"og:image:type\" content=\"image\/webp\" \/>\n<meta name=\"twitter:card\" content=\"summary_large_image\" \/>\n<meta name=\"twitter:label1\" content=\"Written by\" \/>\n\t<meta name=\"twitter:data1\" content=\"Monica Buck\" \/>\n\t<meta name=\"twitter:label2\" content=\"Est. reading time\" \/>\n\t<meta name=\"twitter:data2\" content=\"1 minute\" \/>\n<script type=\"application\/ld+json\" class=\"yoast-schema-graph\">{\"@context\":\"https:\/\/schema.org\",\"@graph\":[{\"@type\":\"WebPage\",\"@id\":\"https:\/\/www.welovecycling.com\/wide\/2016\/02\/17\/cyclist-is-being-targeted-by-bike-thieves-gang\/\",\"url\":\"https:\/\/www.welovecycling.com\/wide\/2016\/02\/17\/cyclist-is-being-targeted-by-bike-thieves-gang\/\",\"name\":\"Cyclist Is Being Targeted By Bike Thieves Gang - \u0160koda We Love Cycling\",\"isPartOf\":{\"@id\":\"https:\/\/www.welovecycling.com\/wide\/#website\"},\"primaryImageOfPage\":{\"@id\":\"https:\/\/www.welovecycling.com\/wide\/2016\/02\/17\/cyclist-is-being-targeted-by-bike-thieves-gang\/#primaryimage\"},\"image\":{\"@id\":\"https:\/\/www.welovecycling.com\/wide\/2016\/02\/17\/cyclist-is-being-targeted-by-bike-thieves-gang\/#primaryimage\"},\"thumbnailUrl\":\"https:\/\/d2p6e6u75xmxt8.cloudfront.net\/2\/2016\/02\/profi24424241.webp\",\"datePublished\":\"2016-02-17T09:04:11+00:00\",\"author\":{\"@id\":\"\"},\"description\":\"Jose Velazquez, a cycling enthusiast from Bristol who races to raise money for Bristol Children\u2019s Hospital, believes he is being targeted by bicycle thieves\",\"breadcrumb\":{\"@id\":\"https:\/\/www.welovecycling.com\/wide\/2016\/02\/17\/cyclist-is-being-targeted-by-bike-thieves-gang\/#breadcrumb\"},\"inLanguage\":\"en-US\",\"potentialAction\":[{\"@type\":\"ReadAction\",\"target\":[\"https:\/\/www.welovecycling.com\/wide\/2016\/02\/17\/cyclist-is-being-targeted-by-bike-thieves-gang\/\"]}]},{\"@type\":\"ImageObject\",\"inLanguage\":\"en-US\",\"@id\":\"https:\/\/www.welovecycling.com\/wide\/2016\/02\/17\/cyclist-is-being-targeted-by-bike-thieves-gang\/#primaryimage\",\"url\":\"https:\/\/d2p6e6u75xmxt8.cloudfront.net\/2\/2016\/02\/profi24424241.webp\",\"contentUrl\":\"https:\/\/d2p6e6u75xmxt8.cloudfront.net\/2\/2016\/02\/profi24424241.webp\",\"width\":525,\"height\":350},{\"@type\":\"BreadcrumbList\",\"@id\":\"https:\/\/www.welovecycling.com\/wide\/2016\/02\/17\/cyclist-is-being-targeted-by-bike-thieves-gang\/#breadcrumb\",\"itemListElement\":[{\"@type\":\"ListItem\",\"position\":1,\"name\":\"Home\",\"item\":\"https:\/\/www.welovecycling.com\/wide\/\"},{\"@type\":\"ListItem\",\"position\":2,\"name\":\"Cyclist Is Being Targeted By Bike Thieves Gang\"}]},{\"@type\":\"WebSite\",\"@id\":\"https:\/\/www.welovecycling.com\/wide\/#website\",\"url\":\"https:\/\/www.welovecycling.com\/wide\/\",\"name\":\"\u0160koda We Love Cycling\",\"description\":\"\u0160koda We Love Cycling magazine\",\"alternateName\":\"\u0160koda WLC\",\"potentialAction\":[{\"@type\":\"SearchAction\",\"target\":{\"@type\":\"EntryPoint\",\"urlTemplate\":\"https:\/\/www.welovecycling.com\/wide\/?s={search_term_string}\"},\"query-input\":{\"@type\":\"PropertyValueSpecification\",\"valueRequired\":true,\"valueName\":\"search_term_string\"}}],\"inLanguage\":\"en-US\"},{\"@type\":\"Person\",\"@id\":\"\",\"url\":\"https:\/\/www.welovecycling.com\/wide\/author\/\"}]}<\/script>\n<!-- \/ Yoast SEO Premium plugin. -->","yoast_head_json":{"title":"Cyclist Is Being Targeted By Bike Thieves Gang - \u0160koda We Love Cycling","description":"Jose Velazquez, a cycling enthusiast from Bristol who races to raise money for Bristol Children\u2019s Hospital, believes he is being targeted by bicycle thieves","robots":{"index":"index","follow":"follow","max-snippet":"max-snippet:-1","max-image-preview":"max-image-preview:large","max-video-preview":"max-video-preview:-1"},"canonical":"https:\/\/www.welovecycling.com\/wide\/2016\/02\/17\/cyclist-is-being-targeted-by-bike-thieves-gang\/","og_locale":"en_US","og_type":"article","og_title":"Cyclist Is Being Targeted By Bike Thieves Gang","og_description":"Jose Velazquez, a cycling enthusiast from Bristol who races to raise money for Bristol Children\u2019s Hospital, believes he is being targeted by bicycle thieves","og_url":"https:\/\/www.welovecycling.com\/wide\/2016\/02\/17\/cyclist-is-being-targeted-by-bike-thieves-gang\/","og_site_name":"\u0160koda We Love Cycling","article_published_time":"2016-02-17T09:04:11+00:00","og_image":[{"width":525,"height":350,"url":"https:\/\/d2p6e6u75xmxt8.cloudfront.net\/2\/2016\/02\/profi24424241.webp","type":"image\/webp"}],"twitter_card":"summary_large_image","twitter_misc":{"Written by":"Monica Buck","Est. reading time":"1 minute"},"schema":{"@context":"https:\/\/schema.org","@graph":[{"@type":"WebPage","@id":"https:\/\/www.welovecycling.com\/wide\/2016\/02\/17\/cyclist-is-being-targeted-by-bike-thieves-gang\/","url":"https:\/\/www.welovecycling.com\/wide\/2016\/02\/17\/cyclist-is-being-targeted-by-bike-thieves-gang\/","name":"Cyclist Is Being Targeted By Bike Thieves Gang - \u0160koda We Love Cycling","isPartOf":{"@id":"https:\/\/www.welovecycling.com\/wide\/#website"},"primaryImageOfPage":{"@id":"https:\/\/www.welovecycling.com\/wide\/2016\/02\/17\/cyclist-is-being-targeted-by-bike-thieves-gang\/#primaryimage"},"image":{"@id":"https:\/\/www.welovecycling.com\/wide\/2016\/02\/17\/cyclist-is-being-targeted-by-bike-thieves-gang\/#primaryimage"},"thumbnailUrl":"https:\/\/d2p6e6u75xmxt8.cloudfront.net\/2\/2016\/02\/profi24424241.webp","datePublished":"2016-02-17T09:04:11+00:00","author":{"@id":""},"description":"Jose Velazquez, a cycling enthusiast from Bristol who races to raise money for Bristol Children\u2019s Hospital, believes he is being targeted by bicycle thieves","breadcrumb":{"@id":"https:\/\/www.welovecycling.com\/wide\/2016\/02\/17\/cyclist-is-being-targeted-by-bike-thieves-gang\/#breadcrumb"},"inLanguage":"en-US","potentialAction":[{"@type":"ReadAction","target":["https:\/\/www.welovecycling.com\/wide\/2016\/02\/17\/cyclist-is-being-targeted-by-bike-thieves-gang\/"]}]},{"@type":"ImageObject","inLanguage":"en-US","@id":"https:\/\/www.welovecycling.com\/wide\/2016\/02\/17\/cyclist-is-being-targeted-by-bike-thieves-gang\/#primaryimage","url":"https:\/\/d2p6e6u75xmxt8.cloudfront.net\/2\/2016\/02\/profi24424241.webp","contentUrl":"https:\/\/d2p6e6u75xmxt8.cloudfront.net\/2\/2016\/02\/profi24424241.webp","width":525,"height":350},{"@type":"BreadcrumbList","@id":"https:\/\/www.welovecycling.com\/wide\/2016\/02\/17\/cyclist-is-being-targeted-by-bike-thieves-gang\/#breadcrumb","itemListElement":[{"@type":"ListItem","position":1,"name":"Home","item":"https:\/\/www.welovecycling.com\/wide\/"},{"@type":"ListItem","position":2,"name":"Cyclist Is Being Targeted By Bike Thieves Gang"}]},{"@type":"WebSite","@id":"https:\/\/www.welovecycling.com\/wide\/#website","url":"https:\/\/www.welovecycling.com\/wide\/","name":"\u0160koda We Love Cycling","description":"\u0160koda We Love Cycling magazine","alternateName":"\u0160koda WLC","potentialAction":[{"@type":"SearchAction","target":{"@type":"EntryPoint","urlTemplate":"https:\/\/www.welovecycling.com\/wide\/?s={search_term_string}"},"query-input":{"@type":"PropertyValueSpecification","valueRequired":true,"valueName":"search_term_string"}}],"inLanguage":"en-US"},{"@type":"Person","@id":"","url":"https:\/\/www.welovecycling.com\/wide\/author\/"}]}},"_links":{"self":[{"href":"https:\/\/www.welovecycling.com\/wide\/wp-json\/wp\/v2\/posts\/133621","targetHints":{"allow":["GET"]}}],"collection":[{"href":"https:\/\/www.welovecycling.com\/wide\/wp-json\/wp\/v2\/posts"}],"about":[{"href":"https:\/\/www.welovecycling.com\/wide\/wp-json\/wp\/v2\/types\/post"}],"author":[{"embeddable":true,"href":"https:\/\/www.welovecycling.com\/wide\/wp-json\/wp\/v2\/users\/30"}],"replies":[{"embeddable":true,"href":"https:\/\/www.welovecycling.com\/wide\/wp-json\/wp\/v2\/comments?post=133621"}],"version-history":[{"count":2,"href":"https:\/\/www.welovecycling.com\/wide\/wp-json\/wp\/v2\/posts\/133621\/revisions"}],"predecessor-version":[{"id":133627,"href":"https:\/\/www.welovecycling.com\/wide\/wp-json\/wp\/v2\/posts\/133621\/revisions\/133627"}],"wp:featuredmedia":[{"embeddable":true,"href":"https:\/\/www.welovecycling.com\/wide\/wp-json\/wp\/v2\/media\/133622"}],"wp:attachment":[{"href":"https:\/\/www.welovecycling.com\/wide\/wp-json\/wp\/v2\/media?parent=133621"}],"wp:term":[{"taxonomy":"category","embeddable":true,"href":"https:\/\/www.welovecycling.com\/wide\/wp-json\/wp\/v2\/categories?post=133621"},{"taxonomy":"post_tag","embeddable":true,"href":"https:\/\/www.welovecycling.com\/wide\/wp-json\/wp\/v2\/tags?post=133621"},{"taxonomy":"global-categories","embeddable":true,"href":"https:\/\/www.welovecycling.com\/wide\/wp-json\/wp\/v2\/global-categories?post=133621"}],"curies":[{"name":"wp","href":"https:\/\/api.w.org\/{rel}","templated":true}]}}