{"id":133326,"date":"2016-02-01T17:31:40","date_gmt":"2016-02-01T17:31:40","guid":{"rendered":"https:\/\/www.welovecycling.com\/?p=133326"},"modified":"2016-05-03T08:01:57","modified_gmt":"2016-05-03T08:01:57","slug":"getting-back-on-track-the-story-of-martyn-ashton","status":"publish","type":"post","link":"https:\/\/www.welovecycling.com\/wide\/2016\/02\/01\/getting-back-on-track-the-story-of-martyn-ashton\/","title":{"rendered":"Getting back on track: The Story of Martyn Ashton"},"content":{"rendered":"<p><strong>In 2013, stunt cyclist Martyn Ashton\u2019s career took a dramatic twist when a bad fall at a Moto GP event at Silverstone left him paralyzed from the waist down.\u00a0<\/strong>\u00a0<!--more--><\/p>\n<p>Gravity-defying stunts that had once been part of Ashton\u2019s repertoire, over a trial bike career spanning 20 years and making him a YouTube sensation in the process, were suddenly out of reach; or at least they would have been to anyone else in the same situation.<\/p>\n<p>Ashton claims the moment he had the accident he knew that the impact was both serious and permanent.\u00a0 Anyhow, his positivity and ambition doesn\u2019t appear to have wavered for a moment, however, as he told the BBC: \u201cI spent about an hour telling myself it would be ok\u2026 then I had a really great moment once I got into the MRI scan, and in there that&#8217;s where I believed myself.\u201d<\/p>\n<p><a href=\"https:\/\/d2p6e6u75xmxt8.cloudfront.net\/2\/2016\/02\/11889587_899005030180348_7104148435361759800_n.jpg\"><img loading=\"lazy\" decoding=\"async\" class=\"alignnone size-medium wp-image-133329\" src=\"https:\/\/d2p6e6u75xmxt8.cloudfront.net\/2\/2016\/02\/11889587_899005030180348_7104148435361759800_n-600x600.jpg\" alt=\"Now 41, Ashton\u2019s career started as a motorcycle trials rider, later taking up mountain bike trials. \" width=\"600\" height=\"600\" \/><\/a><\/p>\n<p>Now 41, Ashton\u2019s career started as a motorcycle trials rider, later taking up mountain bike trials. Front man of The Bike Tour since 2002, he is a four-time British Biketrail champion, former World Expert Biketrial champion and the High Jump World Record holder.\u00a0 He cemented his legendary status in cycling as a stunt rider, World Champion and team manager, as well as a proactive supporter of young riders.<\/p>\n<p>The accident in September 2013 was not his first; he had previously broken his back in 2003 during another fall compounded by a misjudged landing, but this time it was different.\u00a0 It was career altering and life altering, but apparently the things that had not changed were Ashton\u2019s own drive, determination and positivity.<\/p>\n<p>From his hospital bed and with the help of friends and contemporaries Ashton edited and released his second film showcasing footage of his own stunts before the accident, bringing together films from others who came to his aid.\u00a0 Five months after the accident he returned home, faced with the challenges of adapting to a new environment without nurses and assistance, and adapting the house to his needs.<\/p>\n<p><a href=\"https:\/\/d2p6e6u75xmxt8.cloudfront.net\/2\/2016\/02\/11710035_872544369493081_7694804313212960497_o.jpg\"><img loading=\"lazy\" decoding=\"async\" class=\"alignnone size-medium wp-image-133330\" src=\"https:\/\/d2p6e6u75xmxt8.cloudfront.net\/2\/2016\/02\/11710035_872544369493081_7694804313212960497_o-600x400.jpg\" alt=\"Front man of The Bike Tour since 2002, he is a four-time British Biketrail champion, former World Expert Biketrial champion and the High Jump World Record holder.\" width=\"600\" height=\"400\" \/><\/a><\/p>\n<p>Dealing with the physical and psychological barriers of sitting up and bending made him \u2018feel physically sick\u2019 to start with, as he documents on Animal.co.uk, but with stretches, physio, time and the body\u2019s own remarkable ability to heal the nausea subsided and little by little he had grown to understand his \u2018new\u2019 body.<\/p>\n<p>Inspired by the \u2018superhumans\u2019 of the 2012 Paralympics, Ashton then started to research the exercises and sports he could try with the working parts of his body.\u00a0 He hatched a plan (and a blog) #TryBeforeJuly \u2013 to try as many disability sports as possible that June.\u00a0 Lo and behold, motorcycling and then cycling once again became a possibility.<\/p>\n<p>He then phoned everyone he knew in disabled sports and found a passion for handcycling, which lead him to train in Newport\u2019s Velodrome (an experience which proved that his need for speed and adrenaline is not dampened by his experience).<\/p>\n<p><a href=\"https:\/\/d2p6e6u75xmxt8.cloudfront.net\/2\/2016\/02\/11539589_873079792772872_1500138778743668635_n.jpg\"><img loading=\"lazy\" decoding=\"async\" class=\"alignnone size-medium wp-image-133332\" src=\"https:\/\/d2p6e6u75xmxt8.cloudfront.net\/2\/2016\/02\/11539589_873079792772872_1500138778743668635_n-600x600.jpg\" alt=\"Front man of The Bike Tour since 2002, he is a four-time British Biketrail champion, former World Expert Biketrial champion and the High Jump World Record holder.\" width=\"600\" height=\"600\" \/><\/a><\/p>\n<p>Two years after that life changing accident in July 2015, Ashton released a third cycling film that has proven to be even more impressive than the catalogue of stunts he\u2019s famous for.\u00a0 <em>Back on Track<\/em> sees Ashton ride a modified bike down the Antur Stiniog mountain trail in North Wales, and the joy and excitement is palpable.<\/p>\n<p>The bike has a sit-ski seat &#8211; a piece of kit designed for use in paralympic snowsports, and with a helping push Ashton sets off with the support of pro riders Danny MacAskill, Chris Akrigg and Blake Samson behind him.<\/p>\n<p>Now supporting spinal-cord research foundation Wings for Life and aiming to help other disabled people to enjoy cycling it seems Ashton\u2019s ambition and enthusiasm knows no bounds.\u00a0 Could this be Britain\u2019s next cycling paralympian?\u00a0 Who knows?\u00a0 For now he\u2019s inspiring cyclists the world over, and as he told the UK\u2019s Telegraph newspaper, ultimately: &#8220;Mountain biking is just about being out, having a laugh with your mates.&#8221;<\/p>\n","protected":false},"excerpt":{"rendered":"<p>In 2013, stunt cyclist Martyn Ashton\u2019s career took a dramatic twist when a bad fall at a Moto GP event [&hellip;]<\/p>\n","protected":false},"author":30,"featured_media":133328,"comment_status":"open","ping_status":"open","sticky":false,"template":"","format":"standard","meta":{"footnotes":""},"categories":[328,335],"tags":[],"global-categories":[],"class_list":["post-133326","post","type-post","status-publish","format-standard","has-post-thumbnail","hentry","category-outdoor-mountain","category-safety"],"yoast_head":"<!-- This site is optimized with the Yoast SEO Premium plugin v25.3 (Yoast SEO v25.9) - https:\/\/yoast.com\/wordpress\/plugins\/seo\/ -->\n<title>Getting back on track: The Story of Martyn Ashton - \u0160koda We Love Cycling<\/title>\n<meta name=\"description\" content=\"In 2013, stunt cyclist Martyn Ashton\u2019s career took a dramatic twist when a bad fall at a Moto GP event at Silverstone left him paralyzed from the waist down\" \/>\n<meta name=\"robots\" content=\"index, follow, max-snippet:-1, max-image-preview:large, max-video-preview:-1\" \/>\n<link rel=\"canonical\" href=\"https:\/\/www.welovecycling.com\/wide\/2016\/02\/01\/getting-back-on-track-the-story-of-martyn-ashton\/\" \/>\n<meta property=\"og:locale\" content=\"en_US\" \/>\n<meta property=\"og:type\" content=\"article\" \/>\n<meta property=\"og:title\" content=\"Getting back on track: The Story of Martyn Ashton\" \/>\n<meta property=\"og:description\" content=\"In 2013, stunt cyclist Martyn Ashton\u2019s career took a dramatic twist when a bad fall at a Moto GP event at Silverstone left him paralyzed from the waist down\" \/>\n<meta property=\"og:url\" content=\"https:\/\/www.welovecycling.com\/wide\/2016\/02\/01\/getting-back-on-track-the-story-of-martyn-ashton\/\" \/>\n<meta property=\"og:site_name\" content=\"\u0160koda We Love Cycling\" \/>\n<meta property=\"article:published_time\" content=\"2016-02-01T17:31:40+00:00\" \/>\n<meta property=\"article:modified_time\" content=\"2016-05-03T08:01:57+00:00\" \/>\n<meta property=\"og:image\" content=\"https:\/\/d2p6e6u75xmxt8.cloudfront.net\/2\/2016\/02\/face242421.webp\" \/>\n\t<meta property=\"og:image:width\" content=\"525\" \/>\n\t<meta property=\"og:image:height\" content=\"350\" \/>\n\t<meta property=\"og:image:type\" content=\"image\/webp\" \/>\n<meta name=\"twitter:card\" content=\"summary_large_image\" \/>\n<meta name=\"twitter:label1\" content=\"Written by\" \/>\n\t<meta name=\"twitter:data1\" content=\"Bonnie Friend\" \/>\n\t<meta name=\"twitter:label2\" content=\"Est. reading time\" \/>\n\t<meta name=\"twitter:data2\" content=\"3 minutes\" \/>\n<script type=\"application\/ld+json\" class=\"yoast-schema-graph\">{\"@context\":\"https:\/\/schema.org\",\"@graph\":[{\"@type\":\"WebPage\",\"@id\":\"https:\/\/www.welovecycling.com\/wide\/2016\/02\/01\/getting-back-on-track-the-story-of-martyn-ashton\/\",\"url\":\"https:\/\/www.welovecycling.com\/wide\/2016\/02\/01\/getting-back-on-track-the-story-of-martyn-ashton\/\",\"name\":\"Getting back on track: The Story of Martyn Ashton - \u0160koda We Love Cycling\",\"isPartOf\":{\"@id\":\"https:\/\/www.welovecycling.com\/wide\/#website\"},\"primaryImageOfPage\":{\"@id\":\"https:\/\/www.welovecycling.com\/wide\/2016\/02\/01\/getting-back-on-track-the-story-of-martyn-ashton\/#primaryimage\"},\"image\":{\"@id\":\"https:\/\/www.welovecycling.com\/wide\/2016\/02\/01\/getting-back-on-track-the-story-of-martyn-ashton\/#primaryimage\"},\"thumbnailUrl\":\"https:\/\/d2p6e6u75xmxt8.cloudfront.net\/2\/2016\/02\/face242421.webp\",\"datePublished\":\"2016-02-01T17:31:40+00:00\",\"dateModified\":\"2016-05-03T08:01:57+00:00\",\"author\":{\"@id\":\"\"},\"description\":\"In 2013, stunt cyclist Martyn Ashton\u2019s career took a dramatic twist when a bad fall at a Moto GP event at Silverstone left him paralyzed from the waist down\",\"breadcrumb\":{\"@id\":\"https:\/\/www.welovecycling.com\/wide\/2016\/02\/01\/getting-back-on-track-the-story-of-martyn-ashton\/#breadcrumb\"},\"inLanguage\":\"en-US\",\"potentialAction\":[{\"@type\":\"ReadAction\",\"target\":[\"https:\/\/www.welovecycling.com\/wide\/2016\/02\/01\/getting-back-on-track-the-story-of-martyn-ashton\/\"]}]},{\"@type\":\"ImageObject\",\"inLanguage\":\"en-US\",\"@id\":\"https:\/\/www.welovecycling.com\/wide\/2016\/02\/01\/getting-back-on-track-the-story-of-martyn-ashton\/#primaryimage\",\"url\":\"https:\/\/d2p6e6u75xmxt8.cloudfront.net\/2\/2016\/02\/face242421.webp\",\"contentUrl\":\"https:\/\/d2p6e6u75xmxt8.cloudfront.net\/2\/2016\/02\/face242421.webp\",\"width\":525,\"height\":350},{\"@type\":\"BreadcrumbList\",\"@id\":\"https:\/\/www.welovecycling.com\/wide\/2016\/02\/01\/getting-back-on-track-the-story-of-martyn-ashton\/#breadcrumb\",\"itemListElement\":[{\"@type\":\"ListItem\",\"position\":1,\"name\":\"Home\",\"item\":\"https:\/\/www.welovecycling.com\/wide\/\"},{\"@type\":\"ListItem\",\"position\":2,\"name\":\"Getting back on track: The Story of Martyn Ashton\"}]},{\"@type\":\"WebSite\",\"@id\":\"https:\/\/www.welovecycling.com\/wide\/#website\",\"url\":\"https:\/\/www.welovecycling.com\/wide\/\",\"name\":\"\u0160koda We Love Cycling\",\"description\":\"\u0160koda We Love Cycling magazine\",\"alternateName\":\"\u0160koda WLC\",\"potentialAction\":[{\"@type\":\"SearchAction\",\"target\":{\"@type\":\"EntryPoint\",\"urlTemplate\":\"https:\/\/www.welovecycling.com\/wide\/?s={search_term_string}\"},\"query-input\":{\"@type\":\"PropertyValueSpecification\",\"valueRequired\":true,\"valueName\":\"search_term_string\"}}],\"inLanguage\":\"en-US\"},{\"@type\":\"Person\",\"@id\":\"\",\"url\":\"https:\/\/www.welovecycling.com\/wide\/author\/\"}]}<\/script>\n<!-- \/ Yoast SEO Premium plugin. -->","yoast_head_json":{"title":"Getting back on track: The Story of Martyn Ashton - \u0160koda We Love Cycling","description":"In 2013, stunt cyclist Martyn Ashton\u2019s career took a dramatic twist when a bad fall at a Moto GP event at Silverstone left him paralyzed from the waist down","robots":{"index":"index","follow":"follow","max-snippet":"max-snippet:-1","max-image-preview":"max-image-preview:large","max-video-preview":"max-video-preview:-1"},"canonical":"https:\/\/www.welovecycling.com\/wide\/2016\/02\/01\/getting-back-on-track-the-story-of-martyn-ashton\/","og_locale":"en_US","og_type":"article","og_title":"Getting back on track: The Story of Martyn Ashton","og_description":"In 2013, stunt cyclist Martyn Ashton\u2019s career took a dramatic twist when a bad fall at a Moto GP event at Silverstone left him paralyzed from the waist down","og_url":"https:\/\/www.welovecycling.com\/wide\/2016\/02\/01\/getting-back-on-track-the-story-of-martyn-ashton\/","og_site_name":"\u0160koda We Love Cycling","article_published_time":"2016-02-01T17:31:40+00:00","article_modified_time":"2016-05-03T08:01:57+00:00","og_image":[{"width":525,"height":350,"url":"https:\/\/d2p6e6u75xmxt8.cloudfront.net\/2\/2016\/02\/face242421.webp","type":"image\/webp"}],"twitter_card":"summary_large_image","twitter_misc":{"Written by":"Bonnie Friend","Est. reading time":"3 minutes"},"schema":{"@context":"https:\/\/schema.org","@graph":[{"@type":"WebPage","@id":"https:\/\/www.welovecycling.com\/wide\/2016\/02\/01\/getting-back-on-track-the-story-of-martyn-ashton\/","url":"https:\/\/www.welovecycling.com\/wide\/2016\/02\/01\/getting-back-on-track-the-story-of-martyn-ashton\/","name":"Getting back on track: The Story of Martyn Ashton - \u0160koda We Love Cycling","isPartOf":{"@id":"https:\/\/www.welovecycling.com\/wide\/#website"},"primaryImageOfPage":{"@id":"https:\/\/www.welovecycling.com\/wide\/2016\/02\/01\/getting-back-on-track-the-story-of-martyn-ashton\/#primaryimage"},"image":{"@id":"https:\/\/www.welovecycling.com\/wide\/2016\/02\/01\/getting-back-on-track-the-story-of-martyn-ashton\/#primaryimage"},"thumbnailUrl":"https:\/\/d2p6e6u75xmxt8.cloudfront.net\/2\/2016\/02\/face242421.webp","datePublished":"2016-02-01T17:31:40+00:00","dateModified":"2016-05-03T08:01:57+00:00","author":{"@id":""},"description":"In 2013, stunt cyclist Martyn Ashton\u2019s career took a dramatic twist when a bad fall at a Moto GP event at Silverstone left him paralyzed from the waist down","breadcrumb":{"@id":"https:\/\/www.welovecycling.com\/wide\/2016\/02\/01\/getting-back-on-track-the-story-of-martyn-ashton\/#breadcrumb"},"inLanguage":"en-US","potentialAction":[{"@type":"ReadAction","target":["https:\/\/www.welovecycling.com\/wide\/2016\/02\/01\/getting-back-on-track-the-story-of-martyn-ashton\/"]}]},{"@type":"ImageObject","inLanguage":"en-US","@id":"https:\/\/www.welovecycling.com\/wide\/2016\/02\/01\/getting-back-on-track-the-story-of-martyn-ashton\/#primaryimage","url":"https:\/\/d2p6e6u75xmxt8.cloudfront.net\/2\/2016\/02\/face242421.webp","contentUrl":"https:\/\/d2p6e6u75xmxt8.cloudfront.net\/2\/2016\/02\/face242421.webp","width":525,"height":350},{"@type":"BreadcrumbList","@id":"https:\/\/www.welovecycling.com\/wide\/2016\/02\/01\/getting-back-on-track-the-story-of-martyn-ashton\/#breadcrumb","itemListElement":[{"@type":"ListItem","position":1,"name":"Home","item":"https:\/\/www.welovecycling.com\/wide\/"},{"@type":"ListItem","position":2,"name":"Getting back on track: The Story of Martyn Ashton"}]},{"@type":"WebSite","@id":"https:\/\/www.welovecycling.com\/wide\/#website","url":"https:\/\/www.welovecycling.com\/wide\/","name":"\u0160koda We Love Cycling","description":"\u0160koda We Love Cycling magazine","alternateName":"\u0160koda WLC","potentialAction":[{"@type":"SearchAction","target":{"@type":"EntryPoint","urlTemplate":"https:\/\/www.welovecycling.com\/wide\/?s={search_term_string}"},"query-input":{"@type":"PropertyValueSpecification","valueRequired":true,"valueName":"search_term_string"}}],"inLanguage":"en-US"},{"@type":"Person","@id":"","url":"https:\/\/www.welovecycling.com\/wide\/author\/"}]}},"_links":{"self":[{"href":"https:\/\/www.welovecycling.com\/wide\/wp-json\/wp\/v2\/posts\/133326","targetHints":{"allow":["GET"]}}],"collection":[{"href":"https:\/\/www.welovecycling.com\/wide\/wp-json\/wp\/v2\/posts"}],"about":[{"href":"https:\/\/www.welovecycling.com\/wide\/wp-json\/wp\/v2\/types\/post"}],"author":[{"embeddable":true,"href":"https:\/\/www.welovecycling.com\/wide\/wp-json\/wp\/v2\/users\/30"}],"replies":[{"embeddable":true,"href":"https:\/\/www.welovecycling.com\/wide\/wp-json\/wp\/v2\/comments?post=133326"}],"version-history":[{"count":2,"href":"https:\/\/www.welovecycling.com\/wide\/wp-json\/wp\/v2\/posts\/133326\/revisions"}],"predecessor-version":[{"id":133334,"href":"https:\/\/www.welovecycling.com\/wide\/wp-json\/wp\/v2\/posts\/133326\/revisions\/133334"}],"wp:featuredmedia":[{"embeddable":true,"href":"https:\/\/www.welovecycling.com\/wide\/wp-json\/wp\/v2\/media\/133328"}],"wp:attachment":[{"href":"https:\/\/www.welovecycling.com\/wide\/wp-json\/wp\/v2\/media?parent=133326"}],"wp:term":[{"taxonomy":"category","embeddable":true,"href":"https:\/\/www.welovecycling.com\/wide\/wp-json\/wp\/v2\/categories?post=133326"},{"taxonomy":"post_tag","embeddable":true,"href":"https:\/\/www.welovecycling.com\/wide\/wp-json\/wp\/v2\/tags?post=133326"},{"taxonomy":"global-categories","embeddable":true,"href":"https:\/\/www.welovecycling.com\/wide\/wp-json\/wp\/v2\/global-categories?post=133326"}],"curies":[{"name":"wp","href":"https:\/\/api.w.org\/{rel}","templated":true}]}}